{"id":11862,"date":"2021-04-26T14:59:38","date_gmt":"2021-04-26T14:59:38","guid":{"rendered":"https:\/\/laprensacristiana.com\/?p=11862"},"modified":"2021-04-26T14:59:39","modified_gmt":"2021-04-26T14:59:39","slug":"la-gracia-regalo-de-dios","status":"publish","type":"post","link":"https:\/\/laprensacristiana.com\/?p=11862","title":{"rendered":"La gracia, regalo de Dios"},"content":{"rendered":"\n<p>Se cuenta la historia de un ladr\u00f3n que entr\u00f3 a la casa de un hombre rico y bondadoso y se rob\u00f3 varios art\u00edculos de plata. La polic\u00eda lo encontr\u00f3 en una calle de la ciudad y lo sorprendi\u00f3 con los objetos robados. Le dijeron: \u00bfEn donde robaste esas cosas de plata? El ladr\u00f3n respondi\u00f3: Un caballero me los regal\u00f3. Claramente era una mentira. La polic\u00eda no le crey\u00f3 y fueron con el ladr\u00f3n a la casa del potentado. Cuando el hombre sali\u00f3 a la puerta y le preguntaron si era cierto que \u00e9l le hab\u00eda regalado esos objetos car\u00edsimos, respondi\u00f3: S\u00ed, yo se los regal\u00e9, y a prop\u00f3sito, se le olvid\u00f3 este otro regalo.<\/p>\n\n\n\n<p>Eso es gracia. Bondad hecha realidad. La gracia es el antagonista del ego\u00edsmo. Es darle a alguien algo que no merece. Es entregarse de coraz\u00f3n a hacer el bien sin esperar nada a cambio. La gracia, como tal, es la esencia de Dios para nuestras vidas. Es por su Gracia que hoy amanecimos vivos y sanos. Es por su Gracia que estoy escribiendo esto.<\/p>\n\n\n\n<p>\u00bfComo no alabarlo entonces? Hoy en la madrugada que abr\u00ed la ventana de nuestra habitaci\u00f3n, la que da al oriente, lo primero que escuch\u00e9 fueron los cantos de los p\u00e1jaros. Y naci\u00f3 en mi interior un deseo profundo de imitarlos. Porque ellos, cuando amanecen muy de madrugada, lo primero que hacen es elevar sus trinos al Dios que les da de comer. Que los viste. Que los cuida. Y, si Dios alimenta a los pajarillos y los viste de hermosura, cu\u00e1nto m\u00e1s a nosotros que valemos mucho m\u00e1s que ellos. Es por eso que en cuanto abr\u00ed la ventana y escuch\u00e9 sus gorjeos, levant\u00e9 mis ojos al firmamento y como ellos, levant\u00e9 mis brazos en alabanza al Dios del firmamento. Porque por su Gracia tengo movilidad en mi cuerpo.<\/p>\n\n\n\n<p>Creo que la mejor herencia que puedo dejarles a mis hijos es Gracia. Es ense\u00f1arles a perdonar al que los ofende. Es que le den de comer al que les muerde la mano. Es que amen al que les rechaza. Es que le sonr\u00edan al que les molesta. Eso es gracia. Porque la gracia es como un r\u00edo, se seca o se precipita, pero no retrocede. La gracia es el olvido de s\u00ed mismo, el sacrificio, la inmolaci\u00f3n voluntaria del yo, o no es nada. La gracia es inmortal, porque vive fuera de nuestros cuerpos mortales, vive en lo que en nosotros hay de eterno y de divino. Es la manifestaci\u00f3n de Dios a trav\u00e9s de nosotros.<\/p>\n\n\n\n<p>\u00bfQuieren un ejemplo de lo que es Gracia? Es cuando alguien nos dice: \u201c\u00c1mame cuando no lo merezco porque es cuando m\u00e1s lo necesito\u201d. Esta frase resume nuestro clamor a Jesus. Y \u00e9l no nos niega ese favor. Eso es Gracia.<\/p>\n\n\n\n<p>Am\u00e9n.<\/p>\n","protected":false},"excerpt":{"rendered":"<p>Se cuenta la historia de un ladr\u00f3n que entr\u00f3 a la casa de un hombre rico y bondadoso y se rob\u00f3 varios art\u00edculos de plata. La polic\u00eda lo encontr\u00f3 en una calle de la ciudad y lo sorprendi\u00f3 con los objetos robados. Le dijeron: \u00bfEn donde robaste esas cosas de plata? El ladr\u00f3n respondi\u00f3: Un [&hellip;]<\/p>\n","protected":false},"author":3,"featured_media":11327,"comment_status":"open","ping_status":"open","sticky":false,"template":"","format":"standard","meta":[],"categories":[36],"tags":[],"yoast_head":"<!-- This site is optimized with the Yoast SEO plugin v20.8 - https:\/\/yoast.com\/wordpress\/plugins\/seo\/ -->\n<title>La gracia, regalo de Dios - La Prensa Cristiana<\/title>\n<meta name=\"robots\" content=\"index, follow, max-snippet:-1, max-image-preview:large, max-video-preview:-1\" \/>\n<link rel=\"canonical\" href=\"https:\/\/laprensacristiana.com\/?p=11862\" \/>\n<meta property=\"og:locale\" content=\"es_ES\" \/>\n<meta property=\"og:type\" content=\"article\" \/>\n<meta property=\"og:title\" content=\"La gracia, regalo de Dios - La Prensa Cristiana\" \/>\n<meta property=\"og:description\" content=\"Se cuenta la historia de un ladr\u00f3n que entr\u00f3 a la casa de un hombre rico y bondadoso y se rob\u00f3 varios art\u00edculos de plata. La polic\u00eda lo encontr\u00f3 en una calle de la ciudad y lo sorprendi\u00f3 con los objetos robados. Le dijeron: \u00bfEn donde robaste esas cosas de plata? El ladr\u00f3n respondi\u00f3: Un [&hellip;]\" \/>\n<meta property=\"og:url\" content=\"https:\/\/laprensacristiana.com\/?p=11862\" \/>\n<meta property=\"og:site_name\" content=\"La Prensa Cristiana\" \/>\n<meta property=\"article:published_time\" content=\"2021-04-26T14:59:38+00:00\" \/>\n<meta property=\"article:modified_time\" content=\"2021-04-26T14:59:39+00:00\" \/>\n<meta property=\"og:image\" content=\"https:\/\/laprensacristiana.com\/wp-content\/uploads\/2021\/02\/IMG_20210215_163352_769.jpg\" \/>\n\t<meta property=\"og:image:width\" content=\"1280\" \/>\n\t<meta property=\"og:image:height\" content=\"714\" \/>\n\t<meta property=\"og:image:type\" content=\"image\/jpeg\" \/>\n<meta name=\"author\" content=\"EDITOR\" \/>\n<meta name=\"twitter:card\" content=\"summary_large_image\" \/>\n<meta name=\"twitter:label1\" content=\"Escrito por\" \/>\n\t<meta name=\"twitter:data1\" content=\"EDITOR\" \/>\n\t<meta name=\"twitter:label2\" content=\"Tiempo de lectura\" \/>\n\t<meta name=\"twitter:data2\" content=\"2 minutos\" \/>\n<script type=\"application\/ld+json\" class=\"yoast-schema-graph\">{\"@context\":\"https:\/\/schema.org\",\"@graph\":[{\"@type\":\"WebPage\",\"@id\":\"https:\/\/laprensacristiana.com\/?p=11862\",\"url\":\"https:\/\/laprensacristiana.com\/?p=11862\",\"name\":\"La gracia, regalo de Dios - La Prensa Cristiana\",\"isPartOf\":{\"@id\":\"https:\/\/laprensacristiana.com\/#website\"},\"datePublished\":\"2021-04-26T14:59:38+00:00\",\"dateModified\":\"2021-04-26T14:59:39+00:00\",\"author\":{\"@id\":\"https:\/\/laprensacristiana.com\/#\/schema\/person\/3e7d82c6bfd6b1fa67010f8f7cd5256e\"},\"breadcrumb\":{\"@id\":\"https:\/\/laprensacristiana.com\/?p=11862#breadcrumb\"},\"inLanguage\":\"es\",\"potentialAction\":[{\"@type\":\"ReadAction\",\"target\":[\"https:\/\/laprensacristiana.com\/?p=11862\"]}]},{\"@type\":\"BreadcrumbList\",\"@id\":\"https:\/\/laprensacristiana.com\/?p=11862#breadcrumb\",\"itemListElement\":[{\"@type\":\"ListItem\",\"position\":1,\"name\":\"Portada\",\"item\":\"https:\/\/laprensacristiana.com\/\"},{\"@type\":\"ListItem\",\"position\":2,\"name\":\"La gracia, regalo de Dios\"}]},{\"@type\":\"WebSite\",\"@id\":\"https:\/\/laprensacristiana.com\/#website\",\"url\":\"https:\/\/laprensacristiana.com\/\",\"name\":\"La Prensa Cristiana\",\"description\":\"Anunciando Las Buenas Nuevas\",\"potentialAction\":[{\"@type\":\"SearchAction\",\"target\":{\"@type\":\"EntryPoint\",\"urlTemplate\":\"https:\/\/laprensacristiana.com\/?s={search_term_string}\"},\"query-input\":\"required name=search_term_string\"}],\"inLanguage\":\"es\"},{\"@type\":\"Person\",\"@id\":\"https:\/\/laprensacristiana.com\/#\/schema\/person\/3e7d82c6bfd6b1fa67010f8f7cd5256e\",\"name\":\"EDITOR\",\"image\":{\"@type\":\"ImageObject\",\"inLanguage\":\"es\",\"@id\":\"https:\/\/laprensacristiana.com\/#\/schema\/person\/image\/\",\"url\":\"https:\/\/secure.gravatar.com\/avatar\/72069dfb6c13772d9e8381e3638666d2?s=96&d=mm&r=g\",\"contentUrl\":\"https:\/\/secure.gravatar.com\/avatar\/72069dfb6c13772d9e8381e3638666d2?s=96&d=mm&r=g\",\"caption\":\"EDITOR\"},\"url\":\"https:\/\/laprensacristiana.com\/?author=3\"}]}<\/script>\n<!-- \/ Yoast SEO plugin. -->","yoast_head_json":{"title":"La gracia, regalo de Dios - La Prensa Cristiana","robots":{"index":"index","follow":"follow","max-snippet":"max-snippet:-1","max-image-preview":"max-image-preview:large","max-video-preview":"max-video-preview:-1"},"canonical":"https:\/\/laprensacristiana.com\/?p=11862","og_locale":"es_ES","og_type":"article","og_title":"La gracia, regalo de Dios - La Prensa Cristiana","og_description":"Se cuenta la historia de un ladr\u00f3n que entr\u00f3 a la casa de un hombre rico y bondadoso y se rob\u00f3 varios art\u00edculos de plata. La polic\u00eda lo encontr\u00f3 en una calle de la ciudad y lo sorprendi\u00f3 con los objetos robados. Le dijeron: \u00bfEn donde robaste esas cosas de plata? El ladr\u00f3n respondi\u00f3: Un [&hellip;]","og_url":"https:\/\/laprensacristiana.com\/?p=11862","og_site_name":"La Prensa Cristiana","article_published_time":"2021-04-26T14:59:38+00:00","article_modified_time":"2021-04-26T14:59:39+00:00","og_image":[{"width":1280,"height":714,"url":"https:\/\/laprensacristiana.com\/wp-content\/uploads\/2021\/02\/IMG_20210215_163352_769.jpg","type":"image\/jpeg"}],"author":"EDITOR","twitter_card":"summary_large_image","twitter_misc":{"Escrito por":"EDITOR","Tiempo de lectura":"2 minutos"},"schema":{"@context":"https:\/\/schema.org","@graph":[{"@type":"WebPage","@id":"https:\/\/laprensacristiana.com\/?p=11862","url":"https:\/\/laprensacristiana.com\/?p=11862","name":"La gracia, regalo de Dios - La Prensa Cristiana","isPartOf":{"@id":"https:\/\/laprensacristiana.com\/#website"},"datePublished":"2021-04-26T14:59:38+00:00","dateModified":"2021-04-26T14:59:39+00:00","author":{"@id":"https:\/\/laprensacristiana.com\/#\/schema\/person\/3e7d82c6bfd6b1fa67010f8f7cd5256e"},"breadcrumb":{"@id":"https:\/\/laprensacristiana.com\/?p=11862#breadcrumb"},"inLanguage":"es","potentialAction":[{"@type":"ReadAction","target":["https:\/\/laprensacristiana.com\/?p=11862"]}]},{"@type":"BreadcrumbList","@id":"https:\/\/laprensacristiana.com\/?p=11862#breadcrumb","itemListElement":[{"@type":"ListItem","position":1,"name":"Portada","item":"https:\/\/laprensacristiana.com\/"},{"@type":"ListItem","position":2,"name":"La gracia, regalo de Dios"}]},{"@type":"WebSite","@id":"https:\/\/laprensacristiana.com\/#website","url":"https:\/\/laprensacristiana.com\/","name":"La Prensa Cristiana","description":"Anunciando Las Buenas Nuevas","potentialAction":[{"@type":"SearchAction","target":{"@type":"EntryPoint","urlTemplate":"https:\/\/laprensacristiana.com\/?s={search_term_string}"},"query-input":"required name=search_term_string"}],"inLanguage":"es"},{"@type":"Person","@id":"https:\/\/laprensacristiana.com\/#\/schema\/person\/3e7d82c6bfd6b1fa67010f8f7cd5256e","name":"EDITOR","image":{"@type":"ImageObject","inLanguage":"es","@id":"https:\/\/laprensacristiana.com\/#\/schema\/person\/image\/","url":"https:\/\/secure.gravatar.com\/avatar\/72069dfb6c13772d9e8381e3638666d2?s=96&d=mm&r=g","contentUrl":"https:\/\/secure.gravatar.com\/avatar\/72069dfb6c13772d9e8381e3638666d2?s=96&d=mm&r=g","caption":"EDITOR"},"url":"https:\/\/laprensacristiana.com\/?author=3"}]}},"_links":{"self":[{"href":"https:\/\/laprensacristiana.com\/index.php?rest_route=\/wp\/v2\/posts\/11862"}],"collection":[{"href":"https:\/\/laprensacristiana.com\/index.php?rest_route=\/wp\/v2\/posts"}],"about":[{"href":"https:\/\/laprensacristiana.com\/index.php?rest_route=\/wp\/v2\/types\/post"}],"author":[{"embeddable":true,"href":"https:\/\/laprensacristiana.com\/index.php?rest_route=\/wp\/v2\/users\/3"}],"replies":[{"embeddable":true,"href":"https:\/\/laprensacristiana.com\/index.php?rest_route=%2Fwp%2Fv2%2Fcomments&post=11862"}],"version-history":[{"count":1,"href":"https:\/\/laprensacristiana.com\/index.php?rest_route=\/wp\/v2\/posts\/11862\/revisions"}],"predecessor-version":[{"id":11863,"href":"https:\/\/laprensacristiana.com\/index.php?rest_route=\/wp\/v2\/posts\/11862\/revisions\/11863"}],"wp:featuredmedia":[{"embeddable":true,"href":"https:\/\/laprensacristiana.com\/index.php?rest_route=\/wp\/v2\/media\/11327"}],"wp:attachment":[{"href":"https:\/\/laprensacristiana.com\/index.php?rest_route=%2Fwp%2Fv2%2Fmedia&parent=11862"}],"wp:term":[{"taxonomy":"category","embeddable":true,"href":"https:\/\/laprensacristiana.com\/index.php?rest_route=%2Fwp%2Fv2%2Fcategories&post=11862"},{"taxonomy":"post_tag","embeddable":true,"href":"https:\/\/laprensacristiana.com\/index.php?rest_route=%2Fwp%2Fv2%2Ftags&post=11862"}],"curies":[{"name":"wp","href":"https:\/\/api.w.org\/{rel}","templated":true}]}}