{"id":11874,"date":"2021-04-28T08:00:45","date_gmt":"2021-04-28T08:00:45","guid":{"rendered":"https:\/\/laprensacristiana.com\/?p=11874"},"modified":"2021-04-28T08:00:47","modified_gmt":"2021-04-28T08:00:47","slug":"tu-saldras-primero","status":"publish","type":"post","link":"https:\/\/laprensacristiana.com\/?p=11874","title":{"rendered":"T\u00fa saldr\u00e1s primero"},"content":{"rendered":"\n<p>1 Reyes, 20:14 \u201cY dijo Acab: \u00bfQui\u00e9n comenzar\u00e1 la batalla? Y \u00e9l respondi\u00f3: T\u00fa.\u201d<\/p>\n\n\n\n<p>Cuando Susan Boyle se present\u00f3 al escenario para competir con su talento, todos se rieron de ella. Desali\u00f1ada, mal peinada, con un vestido que no le favorec\u00eda, con sus 47 a\u00f1os a cuestas, anodina, ama de casa y oriunda de una aldea del interior del Reino Unido les dijo algo que los puso a re\u00edr. Su mas grande sue\u00f1o era cantar un d\u00eda con Elaine Paige quien ya era una connotada cantante de m\u00fasica cl\u00e1sica muy famosa. Bueno, dijeron todos con escepticismo y fatalidad. Y la siguieron viendo con burlas.<\/p>\n\n\n\n<p>No hab\u00eda soltado su vibrante voz ni dos segundos cuando el jurado y el p\u00fablico en general prorrumpieron en aplausos y gritos de emoci\u00f3n. Las notas del tema de Los Miserables de Victor Hugo, \u201cSo\u00f1\u00e9 un sue\u00f1o\u201d llenaron el teatro. Poco tiempo despu\u00e9s el mundo la observ\u00f3 maquillada, arreglada y mejor vestida, al lado de su estrella favorita, la se\u00f1ora Paige haciendo un dueto.<\/p>\n\n\n\n<p>Logr\u00f3 su meta. A los 48 a\u00f1os despu\u00e9s de haber aprendido a moverse en el escenario. Hoy, todos tratan de cantar ese tema tan dif\u00edcil de lograr. Susan Boyle lo puso en los primeros lugares del Top musical ingles. No solo cant\u00f3 el \u201cSue\u00f1o\u201d sino hizo realidad \u201csu sue\u00f1o\u201d.<\/p>\n\n\n\n<p>El rey Acab est\u00e1 siendo amenaza por sus enemigos sirios. El Se\u00f1or le ordena ir a la batalla con su ej\u00e9rcito. Y cuando le pregunta al profeta quien dice Dios que ir\u00e1 primero, la respuesta es: T\u00fa. T\u00fa ir\u00e1s primero. T\u00fa eres el rey de Israel y tienes que dar el ejemplo. Si quieres ver el Poder de Dios en tu vida, tienes que ir a pelear tus batallas. Primero t\u00fa.<\/p>\n\n\n\n<p>Estamos empezando un nuevo d\u00eda. Hay batallas que pelear el d\u00eda de hoy. Batallas contra el pecado, contra las miradas lujuriosas, contra pensamientos pecaminosos, contra sonrisas burlonas, contra gestos que ignoran a otros, contra silencios ominosos, contra personas que no piensan como usted, contra personas que le atropellan y le hacen sentir ira y enojo.<\/p>\n\n\n\n<p>Salga como Susan Boyle y que no le intimiden las burlas del jurado de la vida y cante su canci\u00f3n. Cante con toda el alma los salmos de David, cante la Palabra de Jesus, cante la canci\u00f3n de sus sue\u00f1os, que la m\u00fasica del cielo le envuelva los sentidos y le haga olvidar los vientos contrarios a sus anhelos y victorias y alcance sus metas. Hoy, lo mismo que le dijeron al rey Acab, se nos dice a nosotros. \u00bfQui\u00e9n saldr\u00e1 primero a la batalla de este d\u00eda? La respuesta sigue siendo la misma: T\u00fa. No olvide que un cristiano sin fe es como un tigre sin garras. No lo olvide.<\/p>\n","protected":false},"excerpt":{"rendered":"<p>1 Reyes, 20:14 \u201cY dijo Acab: \u00bfQui\u00e9n comenzar\u00e1 la batalla? Y \u00e9l respondi\u00f3: T\u00fa.\u201d Cuando Susan Boyle se present\u00f3 al escenario para competir con su talento, todos se rieron de ella. Desali\u00f1ada, mal peinada, con un vestido que no le favorec\u00eda, con sus 47 a\u00f1os a cuestas, anodina, ama de casa y oriunda de una [&hellip;]<\/p>\n","protected":false},"author":3,"featured_media":11327,"comment_status":"open","ping_status":"open","sticky":false,"template":"","format":"standard","meta":[],"categories":[36],"tags":[],"yoast_head":"<!-- This site is optimized with the Yoast SEO plugin v20.8 - https:\/\/yoast.com\/wordpress\/plugins\/seo\/ -->\n<title>T\u00fa saldr\u00e1s primero - La Prensa Cristiana<\/title>\n<meta name=\"robots\" content=\"index, follow, max-snippet:-1, max-image-preview:large, max-video-preview:-1\" \/>\n<link rel=\"canonical\" href=\"https:\/\/laprensacristiana.com\/?p=11874\" \/>\n<meta property=\"og:locale\" content=\"es_ES\" \/>\n<meta property=\"og:type\" content=\"article\" \/>\n<meta property=\"og:title\" content=\"T\u00fa saldr\u00e1s primero - La Prensa Cristiana\" \/>\n<meta property=\"og:description\" content=\"1 Reyes, 20:14 \u201cY dijo Acab: \u00bfQui\u00e9n comenzar\u00e1 la batalla? Y \u00e9l respondi\u00f3: T\u00fa.\u201d Cuando Susan Boyle se present\u00f3 al escenario para competir con su talento, todos se rieron de ella. Desali\u00f1ada, mal peinada, con un vestido que no le favorec\u00eda, con sus 47 a\u00f1os a cuestas, anodina, ama de casa y oriunda de una [&hellip;]\" \/>\n<meta property=\"og:url\" content=\"https:\/\/laprensacristiana.com\/?p=11874\" \/>\n<meta property=\"og:site_name\" content=\"La Prensa Cristiana\" \/>\n<meta property=\"article:published_time\" content=\"2021-04-28T08:00:45+00:00\" \/>\n<meta property=\"article:modified_time\" content=\"2021-04-28T08:00:47+00:00\" \/>\n<meta property=\"og:image\" content=\"https:\/\/laprensacristiana.com\/wp-content\/uploads\/2021\/02\/IMG_20210215_163352_769.jpg\" \/>\n\t<meta property=\"og:image:width\" content=\"1280\" \/>\n\t<meta property=\"og:image:height\" content=\"714\" \/>\n\t<meta property=\"og:image:type\" content=\"image\/jpeg\" \/>\n<meta name=\"author\" content=\"EDITOR\" \/>\n<meta name=\"twitter:card\" content=\"summary_large_image\" \/>\n<meta name=\"twitter:label1\" content=\"Escrito por\" \/>\n\t<meta name=\"twitter:data1\" content=\"EDITOR\" \/>\n\t<meta name=\"twitter:label2\" content=\"Tiempo de lectura\" \/>\n\t<meta name=\"twitter:data2\" content=\"2 minutos\" \/>\n<script type=\"application\/ld+json\" class=\"yoast-schema-graph\">{\"@context\":\"https:\/\/schema.org\",\"@graph\":[{\"@type\":\"WebPage\",\"@id\":\"https:\/\/laprensacristiana.com\/?p=11874\",\"url\":\"https:\/\/laprensacristiana.com\/?p=11874\",\"name\":\"T\u00fa saldr\u00e1s primero - La Prensa Cristiana\",\"isPartOf\":{\"@id\":\"https:\/\/laprensacristiana.com\/#website\"},\"datePublished\":\"2021-04-28T08:00:45+00:00\",\"dateModified\":\"2021-04-28T08:00:47+00:00\",\"author\":{\"@id\":\"https:\/\/laprensacristiana.com\/#\/schema\/person\/3e7d82c6bfd6b1fa67010f8f7cd5256e\"},\"breadcrumb\":{\"@id\":\"https:\/\/laprensacristiana.com\/?p=11874#breadcrumb\"},\"inLanguage\":\"es\",\"potentialAction\":[{\"@type\":\"ReadAction\",\"target\":[\"https:\/\/laprensacristiana.com\/?p=11874\"]}]},{\"@type\":\"BreadcrumbList\",\"@id\":\"https:\/\/laprensacristiana.com\/?p=11874#breadcrumb\",\"itemListElement\":[{\"@type\":\"ListItem\",\"position\":1,\"name\":\"Portada\",\"item\":\"https:\/\/laprensacristiana.com\/\"},{\"@type\":\"ListItem\",\"position\":2,\"name\":\"T\u00fa saldr\u00e1s primero\"}]},{\"@type\":\"WebSite\",\"@id\":\"https:\/\/laprensacristiana.com\/#website\",\"url\":\"https:\/\/laprensacristiana.com\/\",\"name\":\"La Prensa Cristiana\",\"description\":\"Anunciando Las Buenas Nuevas\",\"potentialAction\":[{\"@type\":\"SearchAction\",\"target\":{\"@type\":\"EntryPoint\",\"urlTemplate\":\"https:\/\/laprensacristiana.com\/?s={search_term_string}\"},\"query-input\":\"required name=search_term_string\"}],\"inLanguage\":\"es\"},{\"@type\":\"Person\",\"@id\":\"https:\/\/laprensacristiana.com\/#\/schema\/person\/3e7d82c6bfd6b1fa67010f8f7cd5256e\",\"name\":\"EDITOR\",\"image\":{\"@type\":\"ImageObject\",\"inLanguage\":\"es\",\"@id\":\"https:\/\/laprensacristiana.com\/#\/schema\/person\/image\/\",\"url\":\"https:\/\/secure.gravatar.com\/avatar\/72069dfb6c13772d9e8381e3638666d2?s=96&d=mm&r=g\",\"contentUrl\":\"https:\/\/secure.gravatar.com\/avatar\/72069dfb6c13772d9e8381e3638666d2?s=96&d=mm&r=g\",\"caption\":\"EDITOR\"},\"url\":\"https:\/\/laprensacristiana.com\/?author=3\"}]}<\/script>\n<!-- \/ Yoast SEO plugin. -->","yoast_head_json":{"title":"T\u00fa saldr\u00e1s primero - La Prensa Cristiana","robots":{"index":"index","follow":"follow","max-snippet":"max-snippet:-1","max-image-preview":"max-image-preview:large","max-video-preview":"max-video-preview:-1"},"canonical":"https:\/\/laprensacristiana.com\/?p=11874","og_locale":"es_ES","og_type":"article","og_title":"T\u00fa saldr\u00e1s primero - La Prensa Cristiana","og_description":"1 Reyes, 20:14 \u201cY dijo Acab: \u00bfQui\u00e9n comenzar\u00e1 la batalla? Y \u00e9l respondi\u00f3: T\u00fa.\u201d Cuando Susan Boyle se present\u00f3 al escenario para competir con su talento, todos se rieron de ella. Desali\u00f1ada, mal peinada, con un vestido que no le favorec\u00eda, con sus 47 a\u00f1os a cuestas, anodina, ama de casa y oriunda de una [&hellip;]","og_url":"https:\/\/laprensacristiana.com\/?p=11874","og_site_name":"La Prensa Cristiana","article_published_time":"2021-04-28T08:00:45+00:00","article_modified_time":"2021-04-28T08:00:47+00:00","og_image":[{"width":1280,"height":714,"url":"https:\/\/laprensacristiana.com\/wp-content\/uploads\/2021\/02\/IMG_20210215_163352_769.jpg","type":"image\/jpeg"}],"author":"EDITOR","twitter_card":"summary_large_image","twitter_misc":{"Escrito por":"EDITOR","Tiempo de lectura":"2 minutos"},"schema":{"@context":"https:\/\/schema.org","@graph":[{"@type":"WebPage","@id":"https:\/\/laprensacristiana.com\/?p=11874","url":"https:\/\/laprensacristiana.com\/?p=11874","name":"T\u00fa saldr\u00e1s primero - La Prensa Cristiana","isPartOf":{"@id":"https:\/\/laprensacristiana.com\/#website"},"datePublished":"2021-04-28T08:00:45+00:00","dateModified":"2021-04-28T08:00:47+00:00","author":{"@id":"https:\/\/laprensacristiana.com\/#\/schema\/person\/3e7d82c6bfd6b1fa67010f8f7cd5256e"},"breadcrumb":{"@id":"https:\/\/laprensacristiana.com\/?p=11874#breadcrumb"},"inLanguage":"es","potentialAction":[{"@type":"ReadAction","target":["https:\/\/laprensacristiana.com\/?p=11874"]}]},{"@type":"BreadcrumbList","@id":"https:\/\/laprensacristiana.com\/?p=11874#breadcrumb","itemListElement":[{"@type":"ListItem","position":1,"name":"Portada","item":"https:\/\/laprensacristiana.com\/"},{"@type":"ListItem","position":2,"name":"T\u00fa saldr\u00e1s primero"}]},{"@type":"WebSite","@id":"https:\/\/laprensacristiana.com\/#website","url":"https:\/\/laprensacristiana.com\/","name":"La Prensa Cristiana","description":"Anunciando Las Buenas Nuevas","potentialAction":[{"@type":"SearchAction","target":{"@type":"EntryPoint","urlTemplate":"https:\/\/laprensacristiana.com\/?s={search_term_string}"},"query-input":"required name=search_term_string"}],"inLanguage":"es"},{"@type":"Person","@id":"https:\/\/laprensacristiana.com\/#\/schema\/person\/3e7d82c6bfd6b1fa67010f8f7cd5256e","name":"EDITOR","image":{"@type":"ImageObject","inLanguage":"es","@id":"https:\/\/laprensacristiana.com\/#\/schema\/person\/image\/","url":"https:\/\/secure.gravatar.com\/avatar\/72069dfb6c13772d9e8381e3638666d2?s=96&d=mm&r=g","contentUrl":"https:\/\/secure.gravatar.com\/avatar\/72069dfb6c13772d9e8381e3638666d2?s=96&d=mm&r=g","caption":"EDITOR"},"url":"https:\/\/laprensacristiana.com\/?author=3"}]}},"_links":{"self":[{"href":"https:\/\/laprensacristiana.com\/index.php?rest_route=\/wp\/v2\/posts\/11874"}],"collection":[{"href":"https:\/\/laprensacristiana.com\/index.php?rest_route=\/wp\/v2\/posts"}],"about":[{"href":"https:\/\/laprensacristiana.com\/index.php?rest_route=\/wp\/v2\/types\/post"}],"author":[{"embeddable":true,"href":"https:\/\/laprensacristiana.com\/index.php?rest_route=\/wp\/v2\/users\/3"}],"replies":[{"embeddable":true,"href":"https:\/\/laprensacristiana.com\/index.php?rest_route=%2Fwp%2Fv2%2Fcomments&post=11874"}],"version-history":[{"count":1,"href":"https:\/\/laprensacristiana.com\/index.php?rest_route=\/wp\/v2\/posts\/11874\/revisions"}],"predecessor-version":[{"id":11875,"href":"https:\/\/laprensacristiana.com\/index.php?rest_route=\/wp\/v2\/posts\/11874\/revisions\/11875"}],"wp:featuredmedia":[{"embeddable":true,"href":"https:\/\/laprensacristiana.com\/index.php?rest_route=\/wp\/v2\/media\/11327"}],"wp:attachment":[{"href":"https:\/\/laprensacristiana.com\/index.php?rest_route=%2Fwp%2Fv2%2Fmedia&parent=11874"}],"wp:term":[{"taxonomy":"category","embeddable":true,"href":"https:\/\/laprensacristiana.com\/index.php?rest_route=%2Fwp%2Fv2%2Fcategories&post=11874"},{"taxonomy":"post_tag","embeddable":true,"href":"https:\/\/laprensacristiana.com\/index.php?rest_route=%2Fwp%2Fv2%2Ftags&post=11874"}],"curies":[{"name":"wp","href":"https:\/\/api.w.org\/{rel}","templated":true}]}}