{"id":11901,"date":"2021-05-03T16:26:34","date_gmt":"2021-05-03T16:26:34","guid":{"rendered":"https:\/\/laprensacristiana.com\/?p=11901"},"modified":"2021-05-03T16:26:35","modified_gmt":"2021-05-03T16:26:35","slug":"cuando-dios-dice-no-2","status":"publish","type":"post","link":"https:\/\/laprensacristiana.com\/?p=11901","title":{"rendered":"Cuando Dios dice No"},"content":{"rendered":"\n<p><br>Por David Segovia<\/p>\n\n\n\n<p>Hace algunos meses una amiga y compa\u00f1era de ministerio fue ingresada junto a su hermana gemela y sus padres al hospital contagiados por COVID, muchas personas estuvimos orando incesamente por su familia. El Se\u00f1or en su soberan\u00eda le permiti\u00f3 a ella recuperarse pero su madre y hermana fallecieron, tuvo ambas p\u00e9rdidas en menos de 10 dias.<\/p>\n\n\n\n<p>Recientemente un hermano de mi congregaci\u00f3n enfermo de COVID, por su diabetes e hipertensi\u00f3n fue ingresado en estado cr\u00edtico en el hospital de El Salvador, la agon\u00eda para su familia comenz\u00f3, les apoyamos en cadena de oraci\u00f3n, como su pastor me aferr\u00e9 a la idea de que el Se\u00f1or lo sanar\u00eda del COVID como lo hizo conmigo meses atras.<br>Pero el Se\u00f1or en su gracia y meisericordia dijo No y lo mand\u00f3 a llamar y 5 d\u00edas despu\u00e9s de ser ingresado falleci\u00f3 y fue llevado a la casa de su padre al Cielo.<\/p>\n\n\n\n<p>Cuando Dios dice No a nuestra petici\u00f3n, nuestro coraz\u00f3n desfallece porque cre\u00edmos que el Se\u00f1or nos dir\u00eda que si, en medio de nuestro dolor, no podemos ver con claridad la respuesta de Dios, pero lo que si podemos es:<\/p>\n\n\n\n<p>CONFIAR que el tiene el control y que su voluntad es buena (aunque nos nos guste) que es agradable (aunque nos duela) y que es perfecta (aunque no la comprendamos)<br>Ruth perdi\u00f3 a su esposo y a\u00fan as\u00ed sigui\u00f3 as\u00ed suegra Noemy confiando que su Dios ten\u00eda un plan y un prop\u00f3sito para su vida.<\/p>\n\n\n\n<p>AGRADECER a Dios en tiempos dif\u00edciles, recordando que el nos ha dado la victoria (aunque estemos adoloridos) por medio de nuestro Se\u00f1or Jesucristo, el gan\u00f3 nuestra batalla y aunque lo hoy estes viviendo sea doloroso recuerda el t\u00e9 ha hecho victorioso.<br>El Rey David despu\u00e9s de haber orado por la sanidad de su hijo con Betsabe, cuando est\u00e9 murio el se levant\u00f3 de su ayuno y le dio gracias a Dios y tiempo despu\u00e9s el Se\u00f1or lo restituy\u00f3 con su hijo Salom\u00f3n.<\/p>\n\n\n\n<p>SUPERAR tu dolor, que tus ganas de cumplir el plan de Dios en tu vida sean mas grandes que las dif\u00edciles pruebas que est\u00e1s atravesando para llegar a la meta, recuerda su promesa que nunca estar\u00e1s solo ya que el estar\u00e1 contigo todos los d\u00edas de tu vida hasta el fin del mundo.<br>El ap\u00f3stol Pablo les advirti\u00f3 a los filipenses la importancia de olvidar lo que queda atr\u00e1s (todo nuestro sufrimiento) y extendernos a lo que est\u00e1 adelante (todo nuestro gozo).<\/p>\n\n\n\n<p>\u00c1nimo, Dios te ama!!<\/p>\n","protected":false},"excerpt":{"rendered":"<p>Por David Segovia Hace algunos meses una amiga y compa\u00f1era de ministerio fue ingresada junto a su hermana gemela y sus padres al hospital contagiados por COVID, muchas personas estuvimos orando incesamente por su familia. El Se\u00f1or en su soberan\u00eda le permiti\u00f3 a ella recuperarse pero su madre y hermana fallecieron, tuvo ambas p\u00e9rdidas en [&hellip;]<\/p>\n","protected":false},"author":3,"featured_media":11412,"comment_status":"open","ping_status":"open","sticky":false,"template":"","format":"standard","meta":[],"categories":[79],"tags":[],"yoast_head":"<!-- This site is optimized with the Yoast SEO plugin v20.8 - https:\/\/yoast.com\/wordpress\/plugins\/seo\/ -->\n<title>Cuando Dios dice No - La Prensa Cristiana<\/title>\n<meta name=\"robots\" content=\"index, follow, max-snippet:-1, max-image-preview:large, max-video-preview:-1\" \/>\n<link rel=\"canonical\" href=\"https:\/\/laprensacristiana.com\/?p=11901\" \/>\n<meta property=\"og:locale\" content=\"es_ES\" \/>\n<meta property=\"og:type\" content=\"article\" \/>\n<meta property=\"og:title\" content=\"Cuando Dios dice No - La Prensa Cristiana\" \/>\n<meta property=\"og:description\" content=\"Por David Segovia Hace algunos meses una amiga y compa\u00f1era de ministerio fue ingresada junto a su hermana gemela y sus padres al hospital contagiados por COVID, muchas personas estuvimos orando incesamente por su familia. El Se\u00f1or en su soberan\u00eda le permiti\u00f3 a ella recuperarse pero su madre y hermana fallecieron, tuvo ambas p\u00e9rdidas en [&hellip;]\" \/>\n<meta property=\"og:url\" content=\"https:\/\/laprensacristiana.com\/?p=11901\" \/>\n<meta property=\"og:site_name\" content=\"La Prensa Cristiana\" \/>\n<meta property=\"article:published_time\" content=\"2021-05-03T16:26:34+00:00\" \/>\n<meta property=\"article:modified_time\" content=\"2021-05-03T16:26:35+00:00\" \/>\n<meta property=\"og:image\" content=\"https:\/\/laprensacristiana.com\/wp-content\/uploads\/2021\/03\/IMG-20210302-WA0064.jpg\" \/>\n\t<meta property=\"og:image:width\" content=\"776\" \/>\n\t<meta property=\"og:image:height\" content=\"393\" \/>\n\t<meta property=\"og:image:type\" content=\"image\/jpeg\" \/>\n<meta name=\"author\" content=\"EDITOR\" \/>\n<meta name=\"twitter:card\" content=\"summary_large_image\" \/>\n<meta name=\"twitter:label1\" content=\"Escrito por\" \/>\n\t<meta name=\"twitter:data1\" content=\"EDITOR\" \/>\n\t<meta name=\"twitter:label2\" content=\"Tiempo de lectura\" \/>\n\t<meta name=\"twitter:data2\" content=\"2 minutos\" \/>\n<script type=\"application\/ld+json\" class=\"yoast-schema-graph\">{\"@context\":\"https:\/\/schema.org\",\"@graph\":[{\"@type\":\"WebPage\",\"@id\":\"https:\/\/laprensacristiana.com\/?p=11901\",\"url\":\"https:\/\/laprensacristiana.com\/?p=11901\",\"name\":\"Cuando Dios dice No - La Prensa Cristiana\",\"isPartOf\":{\"@id\":\"https:\/\/laprensacristiana.com\/#website\"},\"datePublished\":\"2021-05-03T16:26:34+00:00\",\"dateModified\":\"2021-05-03T16:26:35+00:00\",\"author\":{\"@id\":\"https:\/\/laprensacristiana.com\/#\/schema\/person\/3e7d82c6bfd6b1fa67010f8f7cd5256e\"},\"breadcrumb\":{\"@id\":\"https:\/\/laprensacristiana.com\/?p=11901#breadcrumb\"},\"inLanguage\":\"es\",\"potentialAction\":[{\"@type\":\"ReadAction\",\"target\":[\"https:\/\/laprensacristiana.com\/?p=11901\"]}]},{\"@type\":\"BreadcrumbList\",\"@id\":\"https:\/\/laprensacristiana.com\/?p=11901#breadcrumb\",\"itemListElement\":[{\"@type\":\"ListItem\",\"position\":1,\"name\":\"Portada\",\"item\":\"https:\/\/laprensacristiana.com\/\"},{\"@type\":\"ListItem\",\"position\":2,\"name\":\"Cuando Dios dice No\"}]},{\"@type\":\"WebSite\",\"@id\":\"https:\/\/laprensacristiana.com\/#website\",\"url\":\"https:\/\/laprensacristiana.com\/\",\"name\":\"La Prensa Cristiana\",\"description\":\"Anunciando Las Buenas Nuevas\",\"potentialAction\":[{\"@type\":\"SearchAction\",\"target\":{\"@type\":\"EntryPoint\",\"urlTemplate\":\"https:\/\/laprensacristiana.com\/?s={search_term_string}\"},\"query-input\":\"required name=search_term_string\"}],\"inLanguage\":\"es\"},{\"@type\":\"Person\",\"@id\":\"https:\/\/laprensacristiana.com\/#\/schema\/person\/3e7d82c6bfd6b1fa67010f8f7cd5256e\",\"name\":\"EDITOR\",\"image\":{\"@type\":\"ImageObject\",\"inLanguage\":\"es\",\"@id\":\"https:\/\/laprensacristiana.com\/#\/schema\/person\/image\/\",\"url\":\"https:\/\/secure.gravatar.com\/avatar\/72069dfb6c13772d9e8381e3638666d2?s=96&d=mm&r=g\",\"contentUrl\":\"https:\/\/secure.gravatar.com\/avatar\/72069dfb6c13772d9e8381e3638666d2?s=96&d=mm&r=g\",\"caption\":\"EDITOR\"},\"url\":\"https:\/\/laprensacristiana.com\/?author=3\"}]}<\/script>\n<!-- \/ Yoast SEO plugin. -->","yoast_head_json":{"title":"Cuando Dios dice No - La Prensa Cristiana","robots":{"index":"index","follow":"follow","max-snippet":"max-snippet:-1","max-image-preview":"max-image-preview:large","max-video-preview":"max-video-preview:-1"},"canonical":"https:\/\/laprensacristiana.com\/?p=11901","og_locale":"es_ES","og_type":"article","og_title":"Cuando Dios dice No - La Prensa Cristiana","og_description":"Por David Segovia Hace algunos meses una amiga y compa\u00f1era de ministerio fue ingresada junto a su hermana gemela y sus padres al hospital contagiados por COVID, muchas personas estuvimos orando incesamente por su familia. El Se\u00f1or en su soberan\u00eda le permiti\u00f3 a ella recuperarse pero su madre y hermana fallecieron, tuvo ambas p\u00e9rdidas en [&hellip;]","og_url":"https:\/\/laprensacristiana.com\/?p=11901","og_site_name":"La Prensa Cristiana","article_published_time":"2021-05-03T16:26:34+00:00","article_modified_time":"2021-05-03T16:26:35+00:00","og_image":[{"width":776,"height":393,"url":"https:\/\/laprensacristiana.com\/wp-content\/uploads\/2021\/03\/IMG-20210302-WA0064.jpg","type":"image\/jpeg"}],"author":"EDITOR","twitter_card":"summary_large_image","twitter_misc":{"Escrito por":"EDITOR","Tiempo de lectura":"2 minutos"},"schema":{"@context":"https:\/\/schema.org","@graph":[{"@type":"WebPage","@id":"https:\/\/laprensacristiana.com\/?p=11901","url":"https:\/\/laprensacristiana.com\/?p=11901","name":"Cuando Dios dice No - La Prensa Cristiana","isPartOf":{"@id":"https:\/\/laprensacristiana.com\/#website"},"datePublished":"2021-05-03T16:26:34+00:00","dateModified":"2021-05-03T16:26:35+00:00","author":{"@id":"https:\/\/laprensacristiana.com\/#\/schema\/person\/3e7d82c6bfd6b1fa67010f8f7cd5256e"},"breadcrumb":{"@id":"https:\/\/laprensacristiana.com\/?p=11901#breadcrumb"},"inLanguage":"es","potentialAction":[{"@type":"ReadAction","target":["https:\/\/laprensacristiana.com\/?p=11901"]}]},{"@type":"BreadcrumbList","@id":"https:\/\/laprensacristiana.com\/?p=11901#breadcrumb","itemListElement":[{"@type":"ListItem","position":1,"name":"Portada","item":"https:\/\/laprensacristiana.com\/"},{"@type":"ListItem","position":2,"name":"Cuando Dios dice No"}]},{"@type":"WebSite","@id":"https:\/\/laprensacristiana.com\/#website","url":"https:\/\/laprensacristiana.com\/","name":"La Prensa Cristiana","description":"Anunciando Las Buenas Nuevas","potentialAction":[{"@type":"SearchAction","target":{"@type":"EntryPoint","urlTemplate":"https:\/\/laprensacristiana.com\/?s={search_term_string}"},"query-input":"required name=search_term_string"}],"inLanguage":"es"},{"@type":"Person","@id":"https:\/\/laprensacristiana.com\/#\/schema\/person\/3e7d82c6bfd6b1fa67010f8f7cd5256e","name":"EDITOR","image":{"@type":"ImageObject","inLanguage":"es","@id":"https:\/\/laprensacristiana.com\/#\/schema\/person\/image\/","url":"https:\/\/secure.gravatar.com\/avatar\/72069dfb6c13772d9e8381e3638666d2?s=96&d=mm&r=g","contentUrl":"https:\/\/secure.gravatar.com\/avatar\/72069dfb6c13772d9e8381e3638666d2?s=96&d=mm&r=g","caption":"EDITOR"},"url":"https:\/\/laprensacristiana.com\/?author=3"}]}},"_links":{"self":[{"href":"https:\/\/laprensacristiana.com\/index.php?rest_route=\/wp\/v2\/posts\/11901"}],"collection":[{"href":"https:\/\/laprensacristiana.com\/index.php?rest_route=\/wp\/v2\/posts"}],"about":[{"href":"https:\/\/laprensacristiana.com\/index.php?rest_route=\/wp\/v2\/types\/post"}],"author":[{"embeddable":true,"href":"https:\/\/laprensacristiana.com\/index.php?rest_route=\/wp\/v2\/users\/3"}],"replies":[{"embeddable":true,"href":"https:\/\/laprensacristiana.com\/index.php?rest_route=%2Fwp%2Fv2%2Fcomments&post=11901"}],"version-history":[{"count":1,"href":"https:\/\/laprensacristiana.com\/index.php?rest_route=\/wp\/v2\/posts\/11901\/revisions"}],"predecessor-version":[{"id":11902,"href":"https:\/\/laprensacristiana.com\/index.php?rest_route=\/wp\/v2\/posts\/11901\/revisions\/11902"}],"wp:featuredmedia":[{"embeddable":true,"href":"https:\/\/laprensacristiana.com\/index.php?rest_route=\/wp\/v2\/media\/11412"}],"wp:attachment":[{"href":"https:\/\/laprensacristiana.com\/index.php?rest_route=%2Fwp%2Fv2%2Fmedia&parent=11901"}],"wp:term":[{"taxonomy":"category","embeddable":true,"href":"https:\/\/laprensacristiana.com\/index.php?rest_route=%2Fwp%2Fv2%2Fcategories&post=11901"},{"taxonomy":"post_tag","embeddable":true,"href":"https:\/\/laprensacristiana.com\/index.php?rest_route=%2Fwp%2Fv2%2Ftags&post=11901"}],"curies":[{"name":"wp","href":"https:\/\/api.w.org\/{rel}","templated":true}]}}