{"id":11912,"date":"2021-05-05T14:23:42","date_gmt":"2021-05-05T14:23:42","guid":{"rendered":"https:\/\/laprensacristiana.com\/?p=11912"},"modified":"2021-05-05T14:23:43","modified_gmt":"2021-05-05T14:23:43","slug":"una-cancion-de-amor","status":"publish","type":"post","link":"https:\/\/laprensacristiana.com\/?p=11912","title":{"rendered":"Una canci\u00f3n de amor"},"content":{"rendered":"\n<p>Ya no me llamen Noem\u00ed, ll\u00e1menme Mara, dijo la anciana que regresaba de la tragedia de su vida. Porque la amargura me ha visitado. Una mala decisi\u00f3n en su familia hab\u00eda provocado la p\u00e9rdida de todos sus amores. Su esposo, el compa\u00f1ero fiel de sus a\u00f1os de juventud. Sus hijos, el fruto de sus amores pasionales. Su futuro que se presagiaba amargo, lleno de soledad e infortunio.<\/p>\n\n\n\n<p>Lo \u00fanico que le quedaba de su pasado era la compa\u00f1\u00eda de una joven extranjera. Una joven que no conoc\u00eda su idioma, sus costumbres ni su Dios. Pero all\u00ed estaba, a su lado, como una sombra que le daba el cobijo que su alma solitaria necesitaba en esas horas horribles de abandono y dolor. Porque eso es lo que necesitamos todos en alg\u00fan momento. Alguien que nos cubra con su compa\u00f1\u00eda, que nos tienda la mano cuando caemos en el abismo de la apat\u00eda y la amargura del alma herida como pajarito que queda a la vera del camino con sus alas rotas.<\/p>\n\n\n\n<p>Y la Divinidad que nunca nos abandona, inspir\u00f3 en la anciana el consejo para lograr enmendar el error del pasado. Habl\u00f3 con la jovencita cara a cara. Le expuso las leyes de su tierra. Le ret\u00f3 y desafi\u00f3 a romper con los paradigmas que quiz\u00e1 pondr\u00edan en entredicho su honor pero que si el Dios de su tierra as\u00ed lo confirmaba, lograr\u00edan alcanzar la liberaci\u00f3n de esa c\u00e1rcel de soledad y pobreza.<\/p>\n\n\n\n<p>Y, en la vaguedad solemne de la hora, en ese horizonte di\u00e1fano, de palideces tiern\u00edsimas, bajo aquel cielo cambiante, de malaquita y malva, sobre la inmovilidad de la llanura dormida, la silueta fina y blanca de la joven se destacaba en una opacidad rabiosa en uno como nimbo ideal, como envuelta en un manto de nubes en derrota, coronada por todas las rosas de oro del crep\u00fasculo, como si comprendiera que en la oscura fatalidad de su destino, no hab\u00eda otro camino que exponerse a los pies del hombre que hab\u00eda de redimirla.<\/p>\n\n\n\n<p>Era Ruth. Ruth la moabita. La viuda que ahora era empujada por una Mano Invisible que est\u00e1 entretejiendo los hilos de su destino. En la trama de su tejido, el Dios Maravilloso no las ha dejado solas. \u00c9l est\u00e1 atento a sus oraciones, a sus necesidades de mujeres atacadas por la tragedia. Y Booz, el elegido para la redenci\u00f3n, entreg\u00f3 su vida, sus bienes y su coraz\u00f3n a la moabita para injertarla en su linaje. Y la convirti\u00f3 en madre de reyes.<\/p>\n\n\n\n<p>A\u00f1os despu\u00e9s, otro Hombre hizo lo mismo con usted y conmigo. Permiti\u00f3 que nos postremos a sus Pies y nos redimi\u00f3 de nuestro pasado, nos hizo hijos del Alt\u00edsimo y nos ha hecho con \u00e9l, reyes y sacerdotes. Es Jesus, el Hijo de Dios.<\/p>\n","protected":false},"excerpt":{"rendered":"<p>Ya no me llamen Noem\u00ed, ll\u00e1menme Mara, dijo la anciana que regresaba de la tragedia de su vida. Porque la amargura me ha visitado. Una mala decisi\u00f3n en su familia hab\u00eda provocado la p\u00e9rdida de todos sus amores. Su esposo, el compa\u00f1ero fiel de sus a\u00f1os de juventud. Sus hijos, el fruto de sus amores [&hellip;]<\/p>\n","protected":false},"author":3,"featured_media":11165,"comment_status":"open","ping_status":"open","sticky":false,"template":"","format":"standard","meta":[],"categories":[36],"tags":[],"yoast_head":"<!-- This site is optimized with the Yoast SEO plugin v20.8 - https:\/\/yoast.com\/wordpress\/plugins\/seo\/ -->\n<title>Una canci\u00f3n de amor - La Prensa Cristiana<\/title>\n<meta name=\"robots\" content=\"index, follow, max-snippet:-1, max-image-preview:large, max-video-preview:-1\" \/>\n<link rel=\"canonical\" href=\"https:\/\/laprensacristiana.com\/?p=11912\" \/>\n<meta property=\"og:locale\" content=\"es_ES\" \/>\n<meta property=\"og:type\" content=\"article\" \/>\n<meta property=\"og:title\" content=\"Una canci\u00f3n de amor - La Prensa Cristiana\" \/>\n<meta property=\"og:description\" content=\"Ya no me llamen Noem\u00ed, ll\u00e1menme Mara, dijo la anciana que regresaba de la tragedia de su vida. Porque la amargura me ha visitado. Una mala decisi\u00f3n en su familia hab\u00eda provocado la p\u00e9rdida de todos sus amores. Su esposo, el compa\u00f1ero fiel de sus a\u00f1os de juventud. Sus hijos, el fruto de sus amores [&hellip;]\" \/>\n<meta property=\"og:url\" content=\"https:\/\/laprensacristiana.com\/?p=11912\" \/>\n<meta property=\"og:site_name\" content=\"La Prensa Cristiana\" \/>\n<meta property=\"article:published_time\" content=\"2021-05-05T14:23:42+00:00\" \/>\n<meta property=\"article:modified_time\" content=\"2021-05-05T14:23:43+00:00\" \/>\n<meta property=\"og:image\" content=\"https:\/\/laprensacristiana.com\/wp-content\/uploads\/2021\/01\/IMG_20210127_095317_167.jpg\" \/>\n\t<meta property=\"og:image:width\" content=\"1280\" \/>\n\t<meta property=\"og:image:height\" content=\"714\" \/>\n\t<meta property=\"og:image:type\" content=\"image\/jpeg\" \/>\n<meta name=\"author\" content=\"EDITOR\" \/>\n<meta name=\"twitter:card\" content=\"summary_large_image\" \/>\n<meta name=\"twitter:label1\" content=\"Escrito por\" \/>\n\t<meta name=\"twitter:data1\" content=\"EDITOR\" \/>\n\t<meta name=\"twitter:label2\" content=\"Tiempo de lectura\" \/>\n\t<meta name=\"twitter:data2\" content=\"2 minutos\" \/>\n<script type=\"application\/ld+json\" class=\"yoast-schema-graph\">{\"@context\":\"https:\/\/schema.org\",\"@graph\":[{\"@type\":\"WebPage\",\"@id\":\"https:\/\/laprensacristiana.com\/?p=11912\",\"url\":\"https:\/\/laprensacristiana.com\/?p=11912\",\"name\":\"Una canci\u00f3n de amor - La Prensa Cristiana\",\"isPartOf\":{\"@id\":\"https:\/\/laprensacristiana.com\/#website\"},\"datePublished\":\"2021-05-05T14:23:42+00:00\",\"dateModified\":\"2021-05-05T14:23:43+00:00\",\"author\":{\"@id\":\"https:\/\/laprensacristiana.com\/#\/schema\/person\/3e7d82c6bfd6b1fa67010f8f7cd5256e\"},\"breadcrumb\":{\"@id\":\"https:\/\/laprensacristiana.com\/?p=11912#breadcrumb\"},\"inLanguage\":\"es\",\"potentialAction\":[{\"@type\":\"ReadAction\",\"target\":[\"https:\/\/laprensacristiana.com\/?p=11912\"]}]},{\"@type\":\"BreadcrumbList\",\"@id\":\"https:\/\/laprensacristiana.com\/?p=11912#breadcrumb\",\"itemListElement\":[{\"@type\":\"ListItem\",\"position\":1,\"name\":\"Portada\",\"item\":\"https:\/\/laprensacristiana.com\/\"},{\"@type\":\"ListItem\",\"position\":2,\"name\":\"Una canci\u00f3n de amor\"}]},{\"@type\":\"WebSite\",\"@id\":\"https:\/\/laprensacristiana.com\/#website\",\"url\":\"https:\/\/laprensacristiana.com\/\",\"name\":\"La Prensa Cristiana\",\"description\":\"Anunciando Las Buenas Nuevas\",\"potentialAction\":[{\"@type\":\"SearchAction\",\"target\":{\"@type\":\"EntryPoint\",\"urlTemplate\":\"https:\/\/laprensacristiana.com\/?s={search_term_string}\"},\"query-input\":\"required name=search_term_string\"}],\"inLanguage\":\"es\"},{\"@type\":\"Person\",\"@id\":\"https:\/\/laprensacristiana.com\/#\/schema\/person\/3e7d82c6bfd6b1fa67010f8f7cd5256e\",\"name\":\"EDITOR\",\"image\":{\"@type\":\"ImageObject\",\"inLanguage\":\"es\",\"@id\":\"https:\/\/laprensacristiana.com\/#\/schema\/person\/image\/\",\"url\":\"https:\/\/secure.gravatar.com\/avatar\/72069dfb6c13772d9e8381e3638666d2?s=96&d=mm&r=g\",\"contentUrl\":\"https:\/\/secure.gravatar.com\/avatar\/72069dfb6c13772d9e8381e3638666d2?s=96&d=mm&r=g\",\"caption\":\"EDITOR\"},\"url\":\"https:\/\/laprensacristiana.com\/?author=3\"}]}<\/script>\n<!-- \/ Yoast SEO plugin. -->","yoast_head_json":{"title":"Una canci\u00f3n de amor - La Prensa Cristiana","robots":{"index":"index","follow":"follow","max-snippet":"max-snippet:-1","max-image-preview":"max-image-preview:large","max-video-preview":"max-video-preview:-1"},"canonical":"https:\/\/laprensacristiana.com\/?p=11912","og_locale":"es_ES","og_type":"article","og_title":"Una canci\u00f3n de amor - La Prensa Cristiana","og_description":"Ya no me llamen Noem\u00ed, ll\u00e1menme Mara, dijo la anciana que regresaba de la tragedia de su vida. Porque la amargura me ha visitado. Una mala decisi\u00f3n en su familia hab\u00eda provocado la p\u00e9rdida de todos sus amores. Su esposo, el compa\u00f1ero fiel de sus a\u00f1os de juventud. Sus hijos, el fruto de sus amores [&hellip;]","og_url":"https:\/\/laprensacristiana.com\/?p=11912","og_site_name":"La Prensa Cristiana","article_published_time":"2021-05-05T14:23:42+00:00","article_modified_time":"2021-05-05T14:23:43+00:00","og_image":[{"width":1280,"height":714,"url":"https:\/\/laprensacristiana.com\/wp-content\/uploads\/2021\/01\/IMG_20210127_095317_167.jpg","type":"image\/jpeg"}],"author":"EDITOR","twitter_card":"summary_large_image","twitter_misc":{"Escrito por":"EDITOR","Tiempo de lectura":"2 minutos"},"schema":{"@context":"https:\/\/schema.org","@graph":[{"@type":"WebPage","@id":"https:\/\/laprensacristiana.com\/?p=11912","url":"https:\/\/laprensacristiana.com\/?p=11912","name":"Una canci\u00f3n de amor - La Prensa Cristiana","isPartOf":{"@id":"https:\/\/laprensacristiana.com\/#website"},"datePublished":"2021-05-05T14:23:42+00:00","dateModified":"2021-05-05T14:23:43+00:00","author":{"@id":"https:\/\/laprensacristiana.com\/#\/schema\/person\/3e7d82c6bfd6b1fa67010f8f7cd5256e"},"breadcrumb":{"@id":"https:\/\/laprensacristiana.com\/?p=11912#breadcrumb"},"inLanguage":"es","potentialAction":[{"@type":"ReadAction","target":["https:\/\/laprensacristiana.com\/?p=11912"]}]},{"@type":"BreadcrumbList","@id":"https:\/\/laprensacristiana.com\/?p=11912#breadcrumb","itemListElement":[{"@type":"ListItem","position":1,"name":"Portada","item":"https:\/\/laprensacristiana.com\/"},{"@type":"ListItem","position":2,"name":"Una canci\u00f3n de amor"}]},{"@type":"WebSite","@id":"https:\/\/laprensacristiana.com\/#website","url":"https:\/\/laprensacristiana.com\/","name":"La Prensa Cristiana","description":"Anunciando Las Buenas Nuevas","potentialAction":[{"@type":"SearchAction","target":{"@type":"EntryPoint","urlTemplate":"https:\/\/laprensacristiana.com\/?s={search_term_string}"},"query-input":"required name=search_term_string"}],"inLanguage":"es"},{"@type":"Person","@id":"https:\/\/laprensacristiana.com\/#\/schema\/person\/3e7d82c6bfd6b1fa67010f8f7cd5256e","name":"EDITOR","image":{"@type":"ImageObject","inLanguage":"es","@id":"https:\/\/laprensacristiana.com\/#\/schema\/person\/image\/","url":"https:\/\/secure.gravatar.com\/avatar\/72069dfb6c13772d9e8381e3638666d2?s=96&d=mm&r=g","contentUrl":"https:\/\/secure.gravatar.com\/avatar\/72069dfb6c13772d9e8381e3638666d2?s=96&d=mm&r=g","caption":"EDITOR"},"url":"https:\/\/laprensacristiana.com\/?author=3"}]}},"_links":{"self":[{"href":"https:\/\/laprensacristiana.com\/index.php?rest_route=\/wp\/v2\/posts\/11912"}],"collection":[{"href":"https:\/\/laprensacristiana.com\/index.php?rest_route=\/wp\/v2\/posts"}],"about":[{"href":"https:\/\/laprensacristiana.com\/index.php?rest_route=\/wp\/v2\/types\/post"}],"author":[{"embeddable":true,"href":"https:\/\/laprensacristiana.com\/index.php?rest_route=\/wp\/v2\/users\/3"}],"replies":[{"embeddable":true,"href":"https:\/\/laprensacristiana.com\/index.php?rest_route=%2Fwp%2Fv2%2Fcomments&post=11912"}],"version-history":[{"count":1,"href":"https:\/\/laprensacristiana.com\/index.php?rest_route=\/wp\/v2\/posts\/11912\/revisions"}],"predecessor-version":[{"id":11913,"href":"https:\/\/laprensacristiana.com\/index.php?rest_route=\/wp\/v2\/posts\/11912\/revisions\/11913"}],"wp:featuredmedia":[{"embeddable":true,"href":"https:\/\/laprensacristiana.com\/index.php?rest_route=\/wp\/v2\/media\/11165"}],"wp:attachment":[{"href":"https:\/\/laprensacristiana.com\/index.php?rest_route=%2Fwp%2Fv2%2Fmedia&parent=11912"}],"wp:term":[{"taxonomy":"category","embeddable":true,"href":"https:\/\/laprensacristiana.com\/index.php?rest_route=%2Fwp%2Fv2%2Fcategories&post=11912"},{"taxonomy":"post_tag","embeddable":true,"href":"https:\/\/laprensacristiana.com\/index.php?rest_route=%2Fwp%2Fv2%2Ftags&post=11912"}],"curies":[{"name":"wp","href":"https:\/\/api.w.org\/{rel}","templated":true}]}}