{"id":11987,"date":"2021-05-19T18:06:10","date_gmt":"2021-05-19T18:06:10","guid":{"rendered":"https:\/\/laprensacristiana.com\/?p=11987"},"modified":"2021-05-19T18:06:11","modified_gmt":"2021-05-19T18:06:11","slug":"presentan-nocion-para-declarar-dia-nacional-de-la-oracion-en-costa-rica-este-31-de-mayo","status":"publish","type":"post","link":"https:\/\/laprensacristiana.com\/?p=11987","title":{"rendered":"Presentan noci\u00f3n para declarar \u201cD\u00eda Nacional de La Oraci\u00f3n\u201d en Costa Rica este 31 de Mayo"},"content":{"rendered":"\n<p>Medios costarircenses informaron que los diputados de Nueva Rep\u00fablica presentaron una moci\u00f3n para ser aprobada en el congreso, la que propone que sin importar el credo religioso los habitantes de Costa Rica puedan unirse en oraci\u00f3n este pr\u00f3ximo 31 de Mayo, para pedir por todas las personas que est\u00e1n atravesando por el Covid 19.<\/p>\n\n\n\n<p>Esperan que sea aprobada como un acto de solidaridad para las personas que atraviesan esta enfermedad, al igual que todos los que se encuentran en primera linea y los que perdieron a sus familiares a acusa de esta pandemia.<\/p>\n\n\n\n<p>Se espera que este jueves los congresistas lleven a votaci\u00f3n esta noci\u00f3n.<\/p>\n\n\n\n<p><\/p>\n","protected":false},"excerpt":{"rendered":"<p>Medios costarircenses informaron que los diputados de Nueva Rep\u00fablica presentaron una moci\u00f3n para ser aprobada en el congreso, la que propone que sin importar el credo religioso los habitantes de Costa Rica puedan unirse en oraci\u00f3n este pr\u00f3ximo 31 de Mayo, para pedir por todas las personas que est\u00e1n atravesando por el Covid 19. Esperan [&hellip;]<\/p>\n","protected":false},"author":3,"featured_media":11988,"comment_status":"open","ping_status":"open","sticky":false,"template":"","format":"standard","meta":[],"categories":[56],"tags":[],"yoast_head":"<!-- This site is optimized with the Yoast SEO plugin v20.8 - https:\/\/yoast.com\/wordpress\/plugins\/seo\/ -->\n<title>Presentan noci\u00f3n para declarar \u201cD\u00eda Nacional de La Oraci\u00f3n\u201d en Costa Rica este 31 de Mayo - La Prensa Cristiana<\/title>\n<meta name=\"robots\" content=\"index, follow, max-snippet:-1, max-image-preview:large, max-video-preview:-1\" \/>\n<link rel=\"canonical\" href=\"https:\/\/laprensacristiana.com\/?p=11987\" \/>\n<meta property=\"og:locale\" content=\"es_ES\" \/>\n<meta property=\"og:type\" content=\"article\" \/>\n<meta property=\"og:title\" content=\"Presentan noci\u00f3n para declarar \u201cD\u00eda Nacional de La Oraci\u00f3n\u201d en Costa Rica este 31 de Mayo - La Prensa Cristiana\" \/>\n<meta property=\"og:description\" content=\"Medios costarircenses informaron que los diputados de Nueva Rep\u00fablica presentaron una moci\u00f3n para ser aprobada en el congreso, la que propone que sin importar el credo religioso los habitantes de Costa Rica puedan unirse en oraci\u00f3n este pr\u00f3ximo 31 de Mayo, para pedir por todas las personas que est\u00e1n atravesando por el Covid 19. Esperan [&hellip;]\" \/>\n<meta property=\"og:url\" content=\"https:\/\/laprensacristiana.com\/?p=11987\" \/>\n<meta property=\"og:site_name\" content=\"La Prensa Cristiana\" \/>\n<meta property=\"article:published_time\" content=\"2021-05-19T18:06:10+00:00\" \/>\n<meta property=\"article:modified_time\" content=\"2021-05-19T18:06:11+00:00\" \/>\n<meta property=\"og:image\" content=\"https:\/\/laprensacristiana.com\/wp-content\/uploads\/2021\/05\/187447283_1768491730021139_4149071219286399932_n.jpg\" \/>\n\t<meta property=\"og:image:width\" content=\"748\" \/>\n\t<meta property=\"og:image:height\" content=\"960\" \/>\n\t<meta property=\"og:image:type\" content=\"image\/jpeg\" \/>\n<meta name=\"author\" content=\"EDITOR\" \/>\n<meta name=\"twitter:card\" content=\"summary_large_image\" \/>\n<meta name=\"twitter:label1\" content=\"Escrito por\" \/>\n\t<meta name=\"twitter:data1\" content=\"EDITOR\" \/>\n\t<meta name=\"twitter:label2\" content=\"Tiempo de lectura\" \/>\n\t<meta name=\"twitter:data2\" content=\"1 minuto\" \/>\n<script type=\"application\/ld+json\" class=\"yoast-schema-graph\">{\"@context\":\"https:\/\/schema.org\",\"@graph\":[{\"@type\":\"WebPage\",\"@id\":\"https:\/\/laprensacristiana.com\/?p=11987\",\"url\":\"https:\/\/laprensacristiana.com\/?p=11987\",\"name\":\"Presentan noci\u00f3n para declarar \u201cD\u00eda Nacional de La Oraci\u00f3n\u201d en Costa Rica este 31 de Mayo - La Prensa Cristiana\",\"isPartOf\":{\"@id\":\"https:\/\/laprensacristiana.com\/#website\"},\"datePublished\":\"2021-05-19T18:06:10+00:00\",\"dateModified\":\"2021-05-19T18:06:11+00:00\",\"author\":{\"@id\":\"https:\/\/laprensacristiana.com\/#\/schema\/person\/3e7d82c6bfd6b1fa67010f8f7cd5256e\"},\"breadcrumb\":{\"@id\":\"https:\/\/laprensacristiana.com\/?p=11987#breadcrumb\"},\"inLanguage\":\"es\",\"potentialAction\":[{\"@type\":\"ReadAction\",\"target\":[\"https:\/\/laprensacristiana.com\/?p=11987\"]}]},{\"@type\":\"BreadcrumbList\",\"@id\":\"https:\/\/laprensacristiana.com\/?p=11987#breadcrumb\",\"itemListElement\":[{\"@type\":\"ListItem\",\"position\":1,\"name\":\"Portada\",\"item\":\"https:\/\/laprensacristiana.com\/\"},{\"@type\":\"ListItem\",\"position\":2,\"name\":\"Presentan noci\u00f3n para declarar \u201cD\u00eda Nacional de La Oraci\u00f3n\u201d en Costa Rica este 31 de Mayo\"}]},{\"@type\":\"WebSite\",\"@id\":\"https:\/\/laprensacristiana.com\/#website\",\"url\":\"https:\/\/laprensacristiana.com\/\",\"name\":\"La Prensa Cristiana\",\"description\":\"Anunciando Las Buenas Nuevas\",\"potentialAction\":[{\"@type\":\"SearchAction\",\"target\":{\"@type\":\"EntryPoint\",\"urlTemplate\":\"https:\/\/laprensacristiana.com\/?s={search_term_string}\"},\"query-input\":\"required name=search_term_string\"}],\"inLanguage\":\"es\"},{\"@type\":\"Person\",\"@id\":\"https:\/\/laprensacristiana.com\/#\/schema\/person\/3e7d82c6bfd6b1fa67010f8f7cd5256e\",\"name\":\"EDITOR\",\"image\":{\"@type\":\"ImageObject\",\"inLanguage\":\"es\",\"@id\":\"https:\/\/laprensacristiana.com\/#\/schema\/person\/image\/\",\"url\":\"https:\/\/secure.gravatar.com\/avatar\/72069dfb6c13772d9e8381e3638666d2?s=96&d=mm&r=g\",\"contentUrl\":\"https:\/\/secure.gravatar.com\/avatar\/72069dfb6c13772d9e8381e3638666d2?s=96&d=mm&r=g\",\"caption\":\"EDITOR\"},\"url\":\"https:\/\/laprensacristiana.com\/?author=3\"}]}<\/script>\n<!-- \/ Yoast SEO plugin. -->","yoast_head_json":{"title":"Presentan noci\u00f3n para declarar \u201cD\u00eda Nacional de La Oraci\u00f3n\u201d en Costa Rica este 31 de Mayo - La Prensa Cristiana","robots":{"index":"index","follow":"follow","max-snippet":"max-snippet:-1","max-image-preview":"max-image-preview:large","max-video-preview":"max-video-preview:-1"},"canonical":"https:\/\/laprensacristiana.com\/?p=11987","og_locale":"es_ES","og_type":"article","og_title":"Presentan noci\u00f3n para declarar \u201cD\u00eda Nacional de La Oraci\u00f3n\u201d en Costa Rica este 31 de Mayo - La Prensa Cristiana","og_description":"Medios costarircenses informaron que los diputados de Nueva Rep\u00fablica presentaron una moci\u00f3n para ser aprobada en el congreso, la que propone que sin importar el credo religioso los habitantes de Costa Rica puedan unirse en oraci\u00f3n este pr\u00f3ximo 31 de Mayo, para pedir por todas las personas que est\u00e1n atravesando por el Covid 19. Esperan [&hellip;]","og_url":"https:\/\/laprensacristiana.com\/?p=11987","og_site_name":"La Prensa Cristiana","article_published_time":"2021-05-19T18:06:10+00:00","article_modified_time":"2021-05-19T18:06:11+00:00","og_image":[{"width":748,"height":960,"url":"https:\/\/laprensacristiana.com\/wp-content\/uploads\/2021\/05\/187447283_1768491730021139_4149071219286399932_n.jpg","type":"image\/jpeg"}],"author":"EDITOR","twitter_card":"summary_large_image","twitter_misc":{"Escrito por":"EDITOR","Tiempo de lectura":"1 minuto"},"schema":{"@context":"https:\/\/schema.org","@graph":[{"@type":"WebPage","@id":"https:\/\/laprensacristiana.com\/?p=11987","url":"https:\/\/laprensacristiana.com\/?p=11987","name":"Presentan noci\u00f3n para declarar \u201cD\u00eda Nacional de La Oraci\u00f3n\u201d en Costa Rica este 31 de Mayo - La Prensa Cristiana","isPartOf":{"@id":"https:\/\/laprensacristiana.com\/#website"},"datePublished":"2021-05-19T18:06:10+00:00","dateModified":"2021-05-19T18:06:11+00:00","author":{"@id":"https:\/\/laprensacristiana.com\/#\/schema\/person\/3e7d82c6bfd6b1fa67010f8f7cd5256e"},"breadcrumb":{"@id":"https:\/\/laprensacristiana.com\/?p=11987#breadcrumb"},"inLanguage":"es","potentialAction":[{"@type":"ReadAction","target":["https:\/\/laprensacristiana.com\/?p=11987"]}]},{"@type":"BreadcrumbList","@id":"https:\/\/laprensacristiana.com\/?p=11987#breadcrumb","itemListElement":[{"@type":"ListItem","position":1,"name":"Portada","item":"https:\/\/laprensacristiana.com\/"},{"@type":"ListItem","position":2,"name":"Presentan noci\u00f3n para declarar \u201cD\u00eda Nacional de La Oraci\u00f3n\u201d en Costa Rica este 31 de Mayo"}]},{"@type":"WebSite","@id":"https:\/\/laprensacristiana.com\/#website","url":"https:\/\/laprensacristiana.com\/","name":"La Prensa Cristiana","description":"Anunciando Las Buenas Nuevas","potentialAction":[{"@type":"SearchAction","target":{"@type":"EntryPoint","urlTemplate":"https:\/\/laprensacristiana.com\/?s={search_term_string}"},"query-input":"required name=search_term_string"}],"inLanguage":"es"},{"@type":"Person","@id":"https:\/\/laprensacristiana.com\/#\/schema\/person\/3e7d82c6bfd6b1fa67010f8f7cd5256e","name":"EDITOR","image":{"@type":"ImageObject","inLanguage":"es","@id":"https:\/\/laprensacristiana.com\/#\/schema\/person\/image\/","url":"https:\/\/secure.gravatar.com\/avatar\/72069dfb6c13772d9e8381e3638666d2?s=96&d=mm&r=g","contentUrl":"https:\/\/secure.gravatar.com\/avatar\/72069dfb6c13772d9e8381e3638666d2?s=96&d=mm&r=g","caption":"EDITOR"},"url":"https:\/\/laprensacristiana.com\/?author=3"}]}},"_links":{"self":[{"href":"https:\/\/laprensacristiana.com\/index.php?rest_route=\/wp\/v2\/posts\/11987"}],"collection":[{"href":"https:\/\/laprensacristiana.com\/index.php?rest_route=\/wp\/v2\/posts"}],"about":[{"href":"https:\/\/laprensacristiana.com\/index.php?rest_route=\/wp\/v2\/types\/post"}],"author":[{"embeddable":true,"href":"https:\/\/laprensacristiana.com\/index.php?rest_route=\/wp\/v2\/users\/3"}],"replies":[{"embeddable":true,"href":"https:\/\/laprensacristiana.com\/index.php?rest_route=%2Fwp%2Fv2%2Fcomments&post=11987"}],"version-history":[{"count":1,"href":"https:\/\/laprensacristiana.com\/index.php?rest_route=\/wp\/v2\/posts\/11987\/revisions"}],"predecessor-version":[{"id":11989,"href":"https:\/\/laprensacristiana.com\/index.php?rest_route=\/wp\/v2\/posts\/11987\/revisions\/11989"}],"wp:featuredmedia":[{"embeddable":true,"href":"https:\/\/laprensacristiana.com\/index.php?rest_route=\/wp\/v2\/media\/11988"}],"wp:attachment":[{"href":"https:\/\/laprensacristiana.com\/index.php?rest_route=%2Fwp%2Fv2%2Fmedia&parent=11987"}],"wp:term":[{"taxonomy":"category","embeddable":true,"href":"https:\/\/laprensacristiana.com\/index.php?rest_route=%2Fwp%2Fv2%2Fcategories&post=11987"},{"taxonomy":"post_tag","embeddable":true,"href":"https:\/\/laprensacristiana.com\/index.php?rest_route=%2Fwp%2Fv2%2Ftags&post=11987"}],"curies":[{"name":"wp","href":"https:\/\/api.w.org\/{rel}","templated":true}]}}