{"id":11993,"date":"2021-05-19T22:06:27","date_gmt":"2021-05-19T22:06:27","guid":{"rendered":"https:\/\/laprensacristiana.com\/?p=11993"},"modified":"2021-05-19T22:06:28","modified_gmt":"2021-05-19T22:06:28","slug":"franklin-graham-anima-a-los-cristianos-a-vacunarse-contra-el-covid-19","status":"publish","type":"post","link":"https:\/\/laprensacristiana.com\/?p=11993","title":{"rendered":"Franklin Graham anima a los cristianos a\u00a0 vacunarse contra el Covid 19"},"content":{"rendered":"\n<p>\u201cTomar la vacuna contra el covid-19 es una elecci\u00f3n personal\u201d expres\u00f3 el evangelista en una entrevista realizada por New Day en CNN EEUU el d\u00eda de ayer.<\/p>\n\n\n\n<p>El evangelista Franklin Graham hizo conciencia a las personas que el virus puede matar a las personas, y que la vacuna es una buena opci\u00f3n para salvar la vida.<\/p>\n\n\n\n<p>Seg\u00fan una encuesta de Pew Research Center el 45% de los evang\u00e9licos blancos en Estados Unidos definitivamente o probablemente no se vacunaran contra el Covid-19 presentando un numero mayor al de otros grupos religiosos.<\/p>\n\n\n\n<p>\u201cJesucristo us\u00f3 su poder como el hijo de Dios para traer sanidad a los cuerpos de las personas. Nosotros, como cristianos, queremos seguir su ejemplo y usar la medicina moderna para curar a las personas; una vacuna puede ayudarte a prevenir\u201d expres\u00f3 Franklin Graham en su cuente de Twitter<\/p>\n\n\n\n<p>Tambi\u00e9n habl\u00f3 sobre su padre Billy Graham quien cre\u00eda en la medicina \u201cHabr\u00eda sido un partidario de la vacuna, sin duda\u201d.<\/p>\n\n\n\n<p>El pastor y evangelista fue duramente criticado por una parte de evang\u00e9licos cuando anunci\u00f3 que se hab\u00eda vacunado contra el covid-19, Graham es el presidente del ministerio Samaritan\u00b4s Purse quienes han patrocinado hospitales m\u00f3viles para tratar a los enfermos de covid-19 no solo en Estados Unidos sino en diferentes partes del mundo.<\/p>\n\n\n\n<p>La periodista le pregunt\u00f3 si vacunarse era una tema de provida, a lo que el afirm\u00f3 \u201cLa medicina est\u00e1 a favor de la vida\u201d.<\/p>\n","protected":false},"excerpt":{"rendered":"<p>\u201cTomar la vacuna contra el covid-19 es una elecci\u00f3n personal\u201d expres\u00f3 el evangelista en una entrevista realizada por New Day en CNN EEUU el d\u00eda de ayer. El evangelista Franklin Graham hizo conciencia a las personas que el virus puede matar a las personas, y que la vacuna es una buena opci\u00f3n para salvar la [&hellip;]<\/p>\n","protected":false},"author":3,"featured_media":11994,"comment_status":"open","ping_status":"open","sticky":false,"template":"","format":"standard","meta":[],"categories":[56],"tags":[],"yoast_head":"<!-- This site is optimized with the Yoast SEO plugin v20.8 - https:\/\/yoast.com\/wordpress\/plugins\/seo\/ -->\n<title>Franklin Graham anima a los cristianos a\u00a0 vacunarse contra el Covid 19 - La Prensa Cristiana<\/title>\n<meta name=\"robots\" content=\"index, follow, max-snippet:-1, max-image-preview:large, max-video-preview:-1\" \/>\n<link rel=\"canonical\" href=\"https:\/\/laprensacristiana.com\/?p=11993\" \/>\n<meta property=\"og:locale\" content=\"es_ES\" \/>\n<meta property=\"og:type\" content=\"article\" \/>\n<meta property=\"og:title\" content=\"Franklin Graham anima a los cristianos a\u00a0 vacunarse contra el Covid 19 - La Prensa Cristiana\" \/>\n<meta property=\"og:description\" content=\"\u201cTomar la vacuna contra el covid-19 es una elecci\u00f3n personal\u201d expres\u00f3 el evangelista en una entrevista realizada por New Day en CNN EEUU el d\u00eda de ayer. El evangelista Franklin Graham hizo conciencia a las personas que el virus puede matar a las personas, y que la vacuna es una buena opci\u00f3n para salvar la [&hellip;]\" \/>\n<meta property=\"og:url\" content=\"https:\/\/laprensacristiana.com\/?p=11993\" \/>\n<meta property=\"og:site_name\" content=\"La Prensa Cristiana\" \/>\n<meta property=\"article:published_time\" content=\"2021-05-19T22:06:27+00:00\" \/>\n<meta property=\"article:modified_time\" content=\"2021-05-19T22:06:28+00:00\" \/>\n<meta property=\"og:image\" content=\"https:\/\/laprensacristiana.com\/wp-content\/uploads\/2021\/05\/WhatsApp-Image-2021-05-19-at-4.05.46-PM.jpeg\" \/>\n\t<meta property=\"og:image:width\" content=\"720\" \/>\n\t<meta property=\"og:image:height\" content=\"720\" \/>\n\t<meta property=\"og:image:type\" content=\"image\/jpeg\" \/>\n<meta name=\"author\" content=\"EDITOR\" \/>\n<meta name=\"twitter:card\" content=\"summary_large_image\" \/>\n<meta name=\"twitter:label1\" content=\"Escrito por\" \/>\n\t<meta name=\"twitter:data1\" content=\"EDITOR\" \/>\n\t<meta name=\"twitter:label2\" content=\"Tiempo de lectura\" \/>\n\t<meta name=\"twitter:data2\" content=\"1 minuto\" \/>\n<script type=\"application\/ld+json\" class=\"yoast-schema-graph\">{\"@context\":\"https:\/\/schema.org\",\"@graph\":[{\"@type\":\"WebPage\",\"@id\":\"https:\/\/laprensacristiana.com\/?p=11993\",\"url\":\"https:\/\/laprensacristiana.com\/?p=11993\",\"name\":\"Franklin Graham anima a los cristianos a\u00a0 vacunarse contra el Covid 19 - La Prensa Cristiana\",\"isPartOf\":{\"@id\":\"https:\/\/laprensacristiana.com\/#website\"},\"datePublished\":\"2021-05-19T22:06:27+00:00\",\"dateModified\":\"2021-05-19T22:06:28+00:00\",\"author\":{\"@id\":\"https:\/\/laprensacristiana.com\/#\/schema\/person\/3e7d82c6bfd6b1fa67010f8f7cd5256e\"},\"breadcrumb\":{\"@id\":\"https:\/\/laprensacristiana.com\/?p=11993#breadcrumb\"},\"inLanguage\":\"es\",\"potentialAction\":[{\"@type\":\"ReadAction\",\"target\":[\"https:\/\/laprensacristiana.com\/?p=11993\"]}]},{\"@type\":\"BreadcrumbList\",\"@id\":\"https:\/\/laprensacristiana.com\/?p=11993#breadcrumb\",\"itemListElement\":[{\"@type\":\"ListItem\",\"position\":1,\"name\":\"Portada\",\"item\":\"https:\/\/laprensacristiana.com\/\"},{\"@type\":\"ListItem\",\"position\":2,\"name\":\"Franklin Graham anima a los cristianos a\u00a0 vacunarse contra el Covid 19\"}]},{\"@type\":\"WebSite\",\"@id\":\"https:\/\/laprensacristiana.com\/#website\",\"url\":\"https:\/\/laprensacristiana.com\/\",\"name\":\"La Prensa Cristiana\",\"description\":\"Anunciando Las Buenas Nuevas\",\"potentialAction\":[{\"@type\":\"SearchAction\",\"target\":{\"@type\":\"EntryPoint\",\"urlTemplate\":\"https:\/\/laprensacristiana.com\/?s={search_term_string}\"},\"query-input\":\"required name=search_term_string\"}],\"inLanguage\":\"es\"},{\"@type\":\"Person\",\"@id\":\"https:\/\/laprensacristiana.com\/#\/schema\/person\/3e7d82c6bfd6b1fa67010f8f7cd5256e\",\"name\":\"EDITOR\",\"image\":{\"@type\":\"ImageObject\",\"inLanguage\":\"es\",\"@id\":\"https:\/\/laprensacristiana.com\/#\/schema\/person\/image\/\",\"url\":\"https:\/\/secure.gravatar.com\/avatar\/72069dfb6c13772d9e8381e3638666d2?s=96&d=mm&r=g\",\"contentUrl\":\"https:\/\/secure.gravatar.com\/avatar\/72069dfb6c13772d9e8381e3638666d2?s=96&d=mm&r=g\",\"caption\":\"EDITOR\"},\"url\":\"https:\/\/laprensacristiana.com\/?author=3\"}]}<\/script>\n<!-- \/ Yoast SEO plugin. -->","yoast_head_json":{"title":"Franklin Graham anima a los cristianos a\u00a0 vacunarse contra el Covid 19 - La Prensa Cristiana","robots":{"index":"index","follow":"follow","max-snippet":"max-snippet:-1","max-image-preview":"max-image-preview:large","max-video-preview":"max-video-preview:-1"},"canonical":"https:\/\/laprensacristiana.com\/?p=11993","og_locale":"es_ES","og_type":"article","og_title":"Franklin Graham anima a los cristianos a\u00a0 vacunarse contra el Covid 19 - La Prensa Cristiana","og_description":"\u201cTomar la vacuna contra el covid-19 es una elecci\u00f3n personal\u201d expres\u00f3 el evangelista en una entrevista realizada por New Day en CNN EEUU el d\u00eda de ayer. El evangelista Franklin Graham hizo conciencia a las personas que el virus puede matar a las personas, y que la vacuna es una buena opci\u00f3n para salvar la [&hellip;]","og_url":"https:\/\/laprensacristiana.com\/?p=11993","og_site_name":"La Prensa Cristiana","article_published_time":"2021-05-19T22:06:27+00:00","article_modified_time":"2021-05-19T22:06:28+00:00","og_image":[{"width":720,"height":720,"url":"https:\/\/laprensacristiana.com\/wp-content\/uploads\/2021\/05\/WhatsApp-Image-2021-05-19-at-4.05.46-PM.jpeg","type":"image\/jpeg"}],"author":"EDITOR","twitter_card":"summary_large_image","twitter_misc":{"Escrito por":"EDITOR","Tiempo de lectura":"1 minuto"},"schema":{"@context":"https:\/\/schema.org","@graph":[{"@type":"WebPage","@id":"https:\/\/laprensacristiana.com\/?p=11993","url":"https:\/\/laprensacristiana.com\/?p=11993","name":"Franklin Graham anima a los cristianos a\u00a0 vacunarse contra el Covid 19 - La Prensa Cristiana","isPartOf":{"@id":"https:\/\/laprensacristiana.com\/#website"},"datePublished":"2021-05-19T22:06:27+00:00","dateModified":"2021-05-19T22:06:28+00:00","author":{"@id":"https:\/\/laprensacristiana.com\/#\/schema\/person\/3e7d82c6bfd6b1fa67010f8f7cd5256e"},"breadcrumb":{"@id":"https:\/\/laprensacristiana.com\/?p=11993#breadcrumb"},"inLanguage":"es","potentialAction":[{"@type":"ReadAction","target":["https:\/\/laprensacristiana.com\/?p=11993"]}]},{"@type":"BreadcrumbList","@id":"https:\/\/laprensacristiana.com\/?p=11993#breadcrumb","itemListElement":[{"@type":"ListItem","position":1,"name":"Portada","item":"https:\/\/laprensacristiana.com\/"},{"@type":"ListItem","position":2,"name":"Franklin Graham anima a los cristianos a\u00a0 vacunarse contra el Covid 19"}]},{"@type":"WebSite","@id":"https:\/\/laprensacristiana.com\/#website","url":"https:\/\/laprensacristiana.com\/","name":"La Prensa Cristiana","description":"Anunciando Las Buenas Nuevas","potentialAction":[{"@type":"SearchAction","target":{"@type":"EntryPoint","urlTemplate":"https:\/\/laprensacristiana.com\/?s={search_term_string}"},"query-input":"required name=search_term_string"}],"inLanguage":"es"},{"@type":"Person","@id":"https:\/\/laprensacristiana.com\/#\/schema\/person\/3e7d82c6bfd6b1fa67010f8f7cd5256e","name":"EDITOR","image":{"@type":"ImageObject","inLanguage":"es","@id":"https:\/\/laprensacristiana.com\/#\/schema\/person\/image\/","url":"https:\/\/secure.gravatar.com\/avatar\/72069dfb6c13772d9e8381e3638666d2?s=96&d=mm&r=g","contentUrl":"https:\/\/secure.gravatar.com\/avatar\/72069dfb6c13772d9e8381e3638666d2?s=96&d=mm&r=g","caption":"EDITOR"},"url":"https:\/\/laprensacristiana.com\/?author=3"}]}},"_links":{"self":[{"href":"https:\/\/laprensacristiana.com\/index.php?rest_route=\/wp\/v2\/posts\/11993"}],"collection":[{"href":"https:\/\/laprensacristiana.com\/index.php?rest_route=\/wp\/v2\/posts"}],"about":[{"href":"https:\/\/laprensacristiana.com\/index.php?rest_route=\/wp\/v2\/types\/post"}],"author":[{"embeddable":true,"href":"https:\/\/laprensacristiana.com\/index.php?rest_route=\/wp\/v2\/users\/3"}],"replies":[{"embeddable":true,"href":"https:\/\/laprensacristiana.com\/index.php?rest_route=%2Fwp%2Fv2%2Fcomments&post=11993"}],"version-history":[{"count":1,"href":"https:\/\/laprensacristiana.com\/index.php?rest_route=\/wp\/v2\/posts\/11993\/revisions"}],"predecessor-version":[{"id":11995,"href":"https:\/\/laprensacristiana.com\/index.php?rest_route=\/wp\/v2\/posts\/11993\/revisions\/11995"}],"wp:featuredmedia":[{"embeddable":true,"href":"https:\/\/laprensacristiana.com\/index.php?rest_route=\/wp\/v2\/media\/11994"}],"wp:attachment":[{"href":"https:\/\/laprensacristiana.com\/index.php?rest_route=%2Fwp%2Fv2%2Fmedia&parent=11993"}],"wp:term":[{"taxonomy":"category","embeddable":true,"href":"https:\/\/laprensacristiana.com\/index.php?rest_route=%2Fwp%2Fv2%2Fcategories&post=11993"},{"taxonomy":"post_tag","embeddable":true,"href":"https:\/\/laprensacristiana.com\/index.php?rest_route=%2Fwp%2Fv2%2Ftags&post=11993"}],"curies":[{"name":"wp","href":"https:\/\/api.w.org\/{rel}","templated":true}]}}