{"id":12050,"date":"2021-05-28T14:40:45","date_gmt":"2021-05-28T14:40:45","guid":{"rendered":"https:\/\/laprensacristiana.com\/?p=12050"},"modified":"2021-05-28T14:40:46","modified_gmt":"2021-05-28T14:40:46","slug":"conviccion","status":"publish","type":"post","link":"https:\/\/laprensacristiana.com\/?p=12050","title":{"rendered":"Convicci\u00f3n"},"content":{"rendered":"\n<p><\/p>\n\n\n\n<p>Job 9:26&nbsp;\u201cOlvidar\u00e9&nbsp;mi queja,&nbsp;dejar\u00e9&nbsp;mi triste semblante, y me esforzar\u00e9\u2026\u201d<\/p>\n\n\n\n<p>Mantener nuestras convicciones no es nada f\u00e1cil. &nbsp;La vida siempre nos presentar\u00e1&nbsp;retos y desaf\u00edos para que nos olvidemos de nuestros principios aprendidos durante la ni\u00f1ez, especialmente si fueron principios que honran a Dios.<\/p>\n\n\n\n<p>Debo aclarar que no es solo para evang\u00e9licos. &nbsp;A veces creemos que ser evang\u00e9lico es convertirse en un paradigma para otras personas, cuando la realidad niega este concepto. Muchos evang\u00e9licos han ca\u00eddo en situaciones deshonestas que averg\u00fcenzan no solo el Evangelio de Cristo, sino tambi\u00e9n niegan su efectividad.&nbsp;<\/p>\n\n\n\n<p>Los principios y convicciones aprendidas en la ni\u00f1ez no tiene nada que ver con religi\u00f3n. Nuestros padres seguramente nunca cursaron estudios universitarios, no visitaron los grandes templos de la educaci\u00f3n ni se aprendieron de memoria los coritos de los himnarios de la iglesia evang\u00e9lica, pero sin ninguna duda que nos ense\u00f1aron que si un gallo entraba a nuestro patio y no era nuestro, hab\u00eda que averiguar de quien era y devolverlo a su due\u00f1o. El mandamiento&nbsp;\u201cno robar\u00e1s\u201d&nbsp;no era un mandamiento b\u00edblico porque no conoc\u00edamos la Biblia como hoy, era un mandamiento de moral, de&nbsp;\u00e9tica, de principios que nuestros padres nos legaron.<\/p>\n\n\n\n<p>As\u00ed&nbsp;sucedi\u00f3&nbsp;con los diez mandamientos. No era cuesti\u00f3n de escuelita dominical, era cuesti\u00f3n de honradez, de aprendizaje diariamente dentro del hogar.<\/p>\n\n\n\n<p>\u00bfA que viene esto? Leyendo el libro de Daniel, encontr\u00e9&nbsp;un detalle muy interesante: Sus principios aprendidos desde su ni\u00f1ez lo llevaron a tomar grandes decisiones m\u00e1s adelante. Daniel no empez\u00f3&nbsp;por arriba con su moralidad, empez\u00f3&nbsp;de cero, de negarse a comer la comida del Rey Nabucodonosor y desafiar al cocinero principal para que hiciera una prueba con&nbsp;\u00e9l y sus amigos. &nbsp;Daniel no comenz\u00f3&nbsp;a desafiar al foso de los leones, no, empez\u00f3&nbsp;desde el principio: decir no a lo que no era su convicci\u00f3n. Diez d\u00edas fueron suficientes para demostrarle al cocinero que no era necesario comer las hamburguesas reales para estar en forma. Bastaba su propia fe en su Dios para que su aspecto fuera mejor que el de los otros j\u00f3venes. &nbsp;Y lo demostr\u00f3&nbsp;con creces. Dios no lo abandon\u00f3&nbsp;y Daniel nos dej\u00f3&nbsp;una clara ense\u00f1anza de lo que son las convicciones personales.<\/p>\n\n\n\n<p>Yo soy fruto de la generaci\u00f3n Baby Boom. Crec\u00ed&nbsp;sin celular. Sin televisi\u00f3n en color. No exist\u00edan las redes sociales como hoy. Internet ni se so\u00f1aba. Mucho menos computadora. Y entonces, ahora tengo un peque\u00f1o problema: siempre se me olvida tomar mi celular cuando salimos de casa. Mi esposa constantemente me tiene que recordar que debo devolver llamadas, responder mensajes y atender a quienes me hacen el favor de tenerme en sus agendas. Y es que el celular no es parte de mis h\u00e1bitos. Quiz\u00e1&nbsp;peco de mal educado con los dem\u00e1s, pero me cuesta habituarme a ese aparatito que para muchos se ha convertido en una extensi\u00f3n de su mismo cuerpo. Es decir, mis principios no incluyen las redes sociales ni siquiera el WhatsApp que se ha vuelto tan necesario en nuestra vida.<\/p>\n\n\n\n<p>Mis convicciones me han causado uno que otro problema con los dem\u00e1s, ya que a veces la vida exige negociar lo que creemos. La vida nos reta a rebajar nuestro nivel de honestidad y volvernos como los dem\u00e1s. Pero siempre habr\u00e1&nbsp;una oportunidad para no negociar nuestras convicciones. Siempre Dios estar\u00e1&nbsp;con nosotros para ayudarnos a veces y que &nbsp;como Daniel, vayamos de gloria en gloria demostrando que lo que nuestros padres nos ense\u00f1aron a\u00fan sigue vivo dentro de nosotros.<\/p>\n","protected":false},"excerpt":{"rendered":"<p>Job 9:26&nbsp;\u201cOlvidar\u00e9&nbsp;mi queja,&nbsp;dejar\u00e9&nbsp;mi triste semblante, y me esforzar\u00e9\u2026\u201d Mantener nuestras convicciones no es nada f\u00e1cil. &nbsp;La vida siempre nos presentar\u00e1&nbsp;retos y desaf\u00edos para que nos olvidemos de nuestros principios aprendidos durante la ni\u00f1ez, especialmente si fueron principios que honran a Dios. Debo aclarar que no es solo para evang\u00e9licos. &nbsp;A veces creemos que ser evang\u00e9lico [&hellip;]<\/p>\n","protected":false},"author":3,"featured_media":11327,"comment_status":"open","ping_status":"open","sticky":false,"template":"","format":"standard","meta":[],"categories":[36],"tags":[],"yoast_head":"<!-- This site is optimized with the Yoast SEO plugin v20.8 - https:\/\/yoast.com\/wordpress\/plugins\/seo\/ -->\n<title>Convicci\u00f3n - La Prensa Cristiana<\/title>\n<meta name=\"robots\" content=\"index, follow, max-snippet:-1, max-image-preview:large, max-video-preview:-1\" \/>\n<link rel=\"canonical\" href=\"https:\/\/laprensacristiana.com\/?p=12050\" \/>\n<meta property=\"og:locale\" content=\"es_ES\" \/>\n<meta property=\"og:type\" content=\"article\" \/>\n<meta property=\"og:title\" content=\"Convicci\u00f3n - La Prensa Cristiana\" \/>\n<meta property=\"og:description\" content=\"Job 9:26&nbsp;\u201cOlvidar\u00e9&nbsp;mi queja,&nbsp;dejar\u00e9&nbsp;mi triste semblante, y me esforzar\u00e9\u2026\u201d Mantener nuestras convicciones no es nada f\u00e1cil. &nbsp;La vida siempre nos presentar\u00e1&nbsp;retos y desaf\u00edos para que nos olvidemos de nuestros principios aprendidos durante la ni\u00f1ez, especialmente si fueron principios que honran a Dios. Debo aclarar que no es solo para evang\u00e9licos. &nbsp;A veces creemos que ser evang\u00e9lico [&hellip;]\" \/>\n<meta property=\"og:url\" content=\"https:\/\/laprensacristiana.com\/?p=12050\" \/>\n<meta property=\"og:site_name\" content=\"La Prensa Cristiana\" \/>\n<meta property=\"article:published_time\" content=\"2021-05-28T14:40:45+00:00\" \/>\n<meta property=\"article:modified_time\" content=\"2021-05-28T14:40:46+00:00\" \/>\n<meta property=\"og:image\" content=\"https:\/\/laprensacristiana.com\/wp-content\/uploads\/2021\/02\/IMG_20210215_163352_769.jpg\" \/>\n\t<meta property=\"og:image:width\" content=\"1280\" \/>\n\t<meta property=\"og:image:height\" content=\"714\" \/>\n\t<meta property=\"og:image:type\" content=\"image\/jpeg\" \/>\n<meta name=\"author\" content=\"EDITOR\" \/>\n<meta name=\"twitter:card\" content=\"summary_large_image\" \/>\n<meta name=\"twitter:label1\" content=\"Escrito por\" \/>\n\t<meta name=\"twitter:data1\" content=\"EDITOR\" \/>\n\t<meta name=\"twitter:label2\" content=\"Tiempo de lectura\" \/>\n\t<meta name=\"twitter:data2\" content=\"3 minutos\" \/>\n<script type=\"application\/ld+json\" class=\"yoast-schema-graph\">{\"@context\":\"https:\/\/schema.org\",\"@graph\":[{\"@type\":\"WebPage\",\"@id\":\"https:\/\/laprensacristiana.com\/?p=12050\",\"url\":\"https:\/\/laprensacristiana.com\/?p=12050\",\"name\":\"Convicci\u00f3n - La Prensa Cristiana\",\"isPartOf\":{\"@id\":\"https:\/\/laprensacristiana.com\/#website\"},\"datePublished\":\"2021-05-28T14:40:45+00:00\",\"dateModified\":\"2021-05-28T14:40:46+00:00\",\"author\":{\"@id\":\"https:\/\/laprensacristiana.com\/#\/schema\/person\/3e7d82c6bfd6b1fa67010f8f7cd5256e\"},\"breadcrumb\":{\"@id\":\"https:\/\/laprensacristiana.com\/?p=12050#breadcrumb\"},\"inLanguage\":\"es\",\"potentialAction\":[{\"@type\":\"ReadAction\",\"target\":[\"https:\/\/laprensacristiana.com\/?p=12050\"]}]},{\"@type\":\"BreadcrumbList\",\"@id\":\"https:\/\/laprensacristiana.com\/?p=12050#breadcrumb\",\"itemListElement\":[{\"@type\":\"ListItem\",\"position\":1,\"name\":\"Portada\",\"item\":\"https:\/\/laprensacristiana.com\/\"},{\"@type\":\"ListItem\",\"position\":2,\"name\":\"Convicci\u00f3n\"}]},{\"@type\":\"WebSite\",\"@id\":\"https:\/\/laprensacristiana.com\/#website\",\"url\":\"https:\/\/laprensacristiana.com\/\",\"name\":\"La Prensa Cristiana\",\"description\":\"Anunciando Las Buenas Nuevas\",\"potentialAction\":[{\"@type\":\"SearchAction\",\"target\":{\"@type\":\"EntryPoint\",\"urlTemplate\":\"https:\/\/laprensacristiana.com\/?s={search_term_string}\"},\"query-input\":\"required name=search_term_string\"}],\"inLanguage\":\"es\"},{\"@type\":\"Person\",\"@id\":\"https:\/\/laprensacristiana.com\/#\/schema\/person\/3e7d82c6bfd6b1fa67010f8f7cd5256e\",\"name\":\"EDITOR\",\"image\":{\"@type\":\"ImageObject\",\"inLanguage\":\"es\",\"@id\":\"https:\/\/laprensacristiana.com\/#\/schema\/person\/image\/\",\"url\":\"https:\/\/secure.gravatar.com\/avatar\/72069dfb6c13772d9e8381e3638666d2?s=96&d=mm&r=g\",\"contentUrl\":\"https:\/\/secure.gravatar.com\/avatar\/72069dfb6c13772d9e8381e3638666d2?s=96&d=mm&r=g\",\"caption\":\"EDITOR\"},\"url\":\"https:\/\/laprensacristiana.com\/?author=3\"}]}<\/script>\n<!-- \/ Yoast SEO plugin. -->","yoast_head_json":{"title":"Convicci\u00f3n - La Prensa Cristiana","robots":{"index":"index","follow":"follow","max-snippet":"max-snippet:-1","max-image-preview":"max-image-preview:large","max-video-preview":"max-video-preview:-1"},"canonical":"https:\/\/laprensacristiana.com\/?p=12050","og_locale":"es_ES","og_type":"article","og_title":"Convicci\u00f3n - La Prensa Cristiana","og_description":"Job 9:26&nbsp;\u201cOlvidar\u00e9&nbsp;mi queja,&nbsp;dejar\u00e9&nbsp;mi triste semblante, y me esforzar\u00e9\u2026\u201d Mantener nuestras convicciones no es nada f\u00e1cil. &nbsp;La vida siempre nos presentar\u00e1&nbsp;retos y desaf\u00edos para que nos olvidemos de nuestros principios aprendidos durante la ni\u00f1ez, especialmente si fueron principios que honran a Dios. Debo aclarar que no es solo para evang\u00e9licos. &nbsp;A veces creemos que ser evang\u00e9lico [&hellip;]","og_url":"https:\/\/laprensacristiana.com\/?p=12050","og_site_name":"La Prensa Cristiana","article_published_time":"2021-05-28T14:40:45+00:00","article_modified_time":"2021-05-28T14:40:46+00:00","og_image":[{"width":1280,"height":714,"url":"https:\/\/laprensacristiana.com\/wp-content\/uploads\/2021\/02\/IMG_20210215_163352_769.jpg","type":"image\/jpeg"}],"author":"EDITOR","twitter_card":"summary_large_image","twitter_misc":{"Escrito por":"EDITOR","Tiempo de lectura":"3 minutos"},"schema":{"@context":"https:\/\/schema.org","@graph":[{"@type":"WebPage","@id":"https:\/\/laprensacristiana.com\/?p=12050","url":"https:\/\/laprensacristiana.com\/?p=12050","name":"Convicci\u00f3n - La Prensa Cristiana","isPartOf":{"@id":"https:\/\/laprensacristiana.com\/#website"},"datePublished":"2021-05-28T14:40:45+00:00","dateModified":"2021-05-28T14:40:46+00:00","author":{"@id":"https:\/\/laprensacristiana.com\/#\/schema\/person\/3e7d82c6bfd6b1fa67010f8f7cd5256e"},"breadcrumb":{"@id":"https:\/\/laprensacristiana.com\/?p=12050#breadcrumb"},"inLanguage":"es","potentialAction":[{"@type":"ReadAction","target":["https:\/\/laprensacristiana.com\/?p=12050"]}]},{"@type":"BreadcrumbList","@id":"https:\/\/laprensacristiana.com\/?p=12050#breadcrumb","itemListElement":[{"@type":"ListItem","position":1,"name":"Portada","item":"https:\/\/laprensacristiana.com\/"},{"@type":"ListItem","position":2,"name":"Convicci\u00f3n"}]},{"@type":"WebSite","@id":"https:\/\/laprensacristiana.com\/#website","url":"https:\/\/laprensacristiana.com\/","name":"La Prensa Cristiana","description":"Anunciando Las Buenas Nuevas","potentialAction":[{"@type":"SearchAction","target":{"@type":"EntryPoint","urlTemplate":"https:\/\/laprensacristiana.com\/?s={search_term_string}"},"query-input":"required name=search_term_string"}],"inLanguage":"es"},{"@type":"Person","@id":"https:\/\/laprensacristiana.com\/#\/schema\/person\/3e7d82c6bfd6b1fa67010f8f7cd5256e","name":"EDITOR","image":{"@type":"ImageObject","inLanguage":"es","@id":"https:\/\/laprensacristiana.com\/#\/schema\/person\/image\/","url":"https:\/\/secure.gravatar.com\/avatar\/72069dfb6c13772d9e8381e3638666d2?s=96&d=mm&r=g","contentUrl":"https:\/\/secure.gravatar.com\/avatar\/72069dfb6c13772d9e8381e3638666d2?s=96&d=mm&r=g","caption":"EDITOR"},"url":"https:\/\/laprensacristiana.com\/?author=3"}]}},"_links":{"self":[{"href":"https:\/\/laprensacristiana.com\/index.php?rest_route=\/wp\/v2\/posts\/12050"}],"collection":[{"href":"https:\/\/laprensacristiana.com\/index.php?rest_route=\/wp\/v2\/posts"}],"about":[{"href":"https:\/\/laprensacristiana.com\/index.php?rest_route=\/wp\/v2\/types\/post"}],"author":[{"embeddable":true,"href":"https:\/\/laprensacristiana.com\/index.php?rest_route=\/wp\/v2\/users\/3"}],"replies":[{"embeddable":true,"href":"https:\/\/laprensacristiana.com\/index.php?rest_route=%2Fwp%2Fv2%2Fcomments&post=12050"}],"version-history":[{"count":1,"href":"https:\/\/laprensacristiana.com\/index.php?rest_route=\/wp\/v2\/posts\/12050\/revisions"}],"predecessor-version":[{"id":12051,"href":"https:\/\/laprensacristiana.com\/index.php?rest_route=\/wp\/v2\/posts\/12050\/revisions\/12051"}],"wp:featuredmedia":[{"embeddable":true,"href":"https:\/\/laprensacristiana.com\/index.php?rest_route=\/wp\/v2\/media\/11327"}],"wp:attachment":[{"href":"https:\/\/laprensacristiana.com\/index.php?rest_route=%2Fwp%2Fv2%2Fmedia&parent=12050"}],"wp:term":[{"taxonomy":"category","embeddable":true,"href":"https:\/\/laprensacristiana.com\/index.php?rest_route=%2Fwp%2Fv2%2Fcategories&post=12050"},{"taxonomy":"post_tag","embeddable":true,"href":"https:\/\/laprensacristiana.com\/index.php?rest_route=%2Fwp%2Fv2%2Ftags&post=12050"}],"curies":[{"name":"wp","href":"https:\/\/api.w.org\/{rel}","templated":true}]}}