{"id":12080,"date":"2021-06-02T14:03:51","date_gmt":"2021-06-02T14:03:51","guid":{"rendered":"https:\/\/laprensacristiana.com\/?p=12080"},"modified":"2021-06-02T14:03:52","modified_gmt":"2021-06-02T14:03:52","slug":"la-pandemia","status":"publish","type":"post","link":"https:\/\/laprensacristiana.com\/?p=12080","title":{"rendered":"La pandemia"},"content":{"rendered":"\n<p><br>Bueno, se ha hablado mucho de la famosa pandemia. Incluso se est\u00e1&nbsp;empezando a utilizar el t\u00e9rmino pos-pandemia, antes de la pandemia y otros para indicarnos que la famosa pandemia hizo estragos en nuestras vidas, nuestras agendas y nuestras familias.<\/p>\n\n\n\n<p>Yo no quiero tocar el tema desde el punto de vista ni cient\u00edfico -porque no lo soy-, tampoco desde la&nbsp;\u00f3ptica de lo econ\u00f3mico porque tampoco soy economista.<\/p>\n\n\n\n<p>Me dedico a la familia.<\/p>\n\n\n\n<p>Y, como estudioso del tema, mi inter\u00e9s en estudiar el per\u00edodo de la pandemia y sus consecuencias es hacer algunas preguntas al respecto:<\/p>\n\n\n\n<p>\u00bfQue lecciones nos dej\u00f3&nbsp;la pandemia?&nbsp;\u00bfQue aprendimos de nosotros mismos?&nbsp;\u00bfCu\u00e1nto logramos conocer a nuestra familia, empezando por nuestra esposa y nuestros hijos? Porque no es un secreto que todo lo cambi\u00f3. Puso nuestro mundo de cabeza. &nbsp;Aquellos ejecutivos que viajaban cinco d\u00edas a la semana por cuestiones de trabajo, se tuvieron que quedar en casa y viajar digitalmente. La pandemia nos ense\u00f1\u00f3&nbsp;a usar Zoom, a reunirnos con nuestros familiares por ese medio ya que no se pod\u00eda salir de casa.<\/p>\n\n\n\n<p>La pandemia nos tuvo que haber ense\u00f1ado a ser mejores padres porque fue un a\u00f1o encerrados en casa, aprendiendo a compartir el tiempo con los ni\u00f1os, a inventar juegos para quitarles el estr\u00e9s, a dedicarles todo el tiempo del d\u00eda porque ahora ya no hab\u00eda pretexto para no hacerlo.<\/p>\n\n\n\n<p>La pandemia nos tuvo que haber ense\u00f1ado a ser cari\u00f1osos y respetuosos con nuestra pareja. A las mujeres les tuvo que ense\u00f1ar a ser amas de casa, a ser verdaderas madres, esposas y amigas porque ahora el tiempo les pertenec\u00eda por completo. &nbsp;La pandemia les tuvo que haber ense\u00f1ado a ser maestras cuando las clases se tornaron en l\u00ednea y se necesitaba una mujer que guiara y ense\u00f1ara a sus hijos a comprender sus materias.&nbsp;<\/p>\n\n\n\n<p>Tristemente tambi\u00e9n, la pandemia rompi\u00f3&nbsp;lo que ya estaba roto. Muchos matrimonios se separaron. Buscaron la salida m\u00e1s f\u00e1cil del divorcio porque nunca se hab\u00edan conocido excepto en la cama. Y ahora hab\u00eda que sentarse a desayunar en silencio porque no hab\u00eda nada de que hablar. Pasar el d\u00eda dando vueltas y vueltas por la casa, fingiendo que todo estaba bien cuando en realidad las aguas pantanosas de la realidad estaba hundi\u00e9ndolos a ambos.&nbsp;<\/p>\n\n\n\n<p>La pandemia nos ense\u00f1\u00f3&nbsp;a los hombres a valorar el tiempo del trabajo. Que tener una oficina de lujo con vistas al infinito no era tan importante como tener una computadora, un lugar aislado de la casa, una buena silla en el comedor de la casa y dedicarse a cumplir su horario sin distracciones de ninguna clase. &nbsp;Nos ense\u00f1\u00f3&nbsp;a los hombres que el trabajo es sagrado y hay que cuidarlo porque la pandemia tambi\u00e9n dej\u00f3&nbsp;a muchos en el desempleo y tuvieron que aprender a reinventarse algunos y otros se dieron por vencidos.<\/p>\n\n\n\n<p>La pandemia ense\u00f1\u00f3&nbsp;a los comerciantes a cuidar a sus empleados, a buscar nuevas formas de ventas, a confiar en el motorista que hac\u00eda las entregas para perder el miedo a que le robaran. La pandemia le ense\u00f1\u00f3&nbsp;a un actor italiano muy solicitado que ahora que no hab\u00eda estudios de grabaci\u00f3n ni guiones que filmar, pudo llevar a cabo el sue\u00f1o de su vida: ser panadero y crear el baguette como lo hac\u00eda su padre.<\/p>\n\n\n\n<p>La pandemia nos ense\u00f1\u00f3&nbsp;a ser agradecidos.&nbsp;\u00bfQui\u00e9n no recuerda los aplausos a las siete de la noche y las cacerolas sonando en gesto de agradecimiento a los trabajadores de primera l\u00ednea?&nbsp;\u00bfQui\u00e9n no recuerda cuando tuvimos que compartir los alimentos con los que no pod\u00edan salir de casa al s\u00faper?&nbsp;\u00bfQui\u00e9n no recuerda que nos volvimos m\u00e1s humanos, m\u00e1s amables con los vecinos y m\u00e1s cordiales con los desconocidos?&nbsp;<\/p>\n\n\n\n<p>Los pastores tuvimos que aprender a manejar los aparatos que antes ni nos interesaban, crear nuestras propias redes de comunicaci\u00f3n para no dejar de predicar la Palabra de Dios y confiar plenamente en la provisi\u00f3n de Dios para que no faltara el pan en nuestras mesas.&nbsp;<\/p>\n\n\n\n<p>Las iglesias cerraron y muchos se quedaron hasta la fecha en casa. Ya no volvieron. La pandemia prob\u00f3&nbsp;la fe y la constancia de muchos. Algunos deseaban volver para servir, limpiar el templo y buscar en qu\u00e9&nbsp;ser&nbsp;\u00fatiles, mientras otros solamente para platicar y cambiar impresiones sobre la experiencia vivida. Muchos pastores ya no volvieron a abrir los templos, tuvieron que claudicar y entregar las casas donde se reun\u00edan.<\/p>\n\n\n\n<p>La pandemia. &nbsp;La pandemia ha sido la maestra m\u00e1s cruel y m\u00e1s dura que hemos pasado quienes tuvimos la dicha de mantenernos en la fe y la confianza en Aquel que prometi\u00f3&nbsp;estar con nosotros todos los d\u00edas hasta el fin del mundo.<\/p>\n\n\n\n<p>\u00bfQue aprendi\u00f3&nbsp;usted entonces?<\/p>\n","protected":false},"excerpt":{"rendered":"<p>Bueno, se ha hablado mucho de la famosa pandemia. Incluso se est\u00e1&nbsp;empezando a utilizar el t\u00e9rmino pos-pandemia, antes de la pandemia y otros para indicarnos que la famosa pandemia hizo estragos en nuestras vidas, nuestras agendas y nuestras familias. Yo no quiero tocar el tema desde el punto de vista ni cient\u00edfico -porque no lo [&hellip;]<\/p>\n","protected":false},"author":3,"featured_media":11327,"comment_status":"open","ping_status":"open","sticky":false,"template":"","format":"standard","meta":[],"categories":[36],"tags":[],"yoast_head":"<!-- This site is optimized with the Yoast SEO plugin v20.8 - https:\/\/yoast.com\/wordpress\/plugins\/seo\/ -->\n<title>La pandemia - La Prensa Cristiana<\/title>\n<meta name=\"robots\" content=\"index, follow, max-snippet:-1, max-image-preview:large, max-video-preview:-1\" \/>\n<link rel=\"canonical\" href=\"https:\/\/laprensacristiana.com\/?p=12080\" \/>\n<meta property=\"og:locale\" content=\"es_ES\" \/>\n<meta property=\"og:type\" content=\"article\" \/>\n<meta property=\"og:title\" content=\"La pandemia - La Prensa Cristiana\" \/>\n<meta property=\"og:description\" content=\"Bueno, se ha hablado mucho de la famosa pandemia. Incluso se est\u00e1&nbsp;empezando a utilizar el t\u00e9rmino pos-pandemia, antes de la pandemia y otros para indicarnos que la famosa pandemia hizo estragos en nuestras vidas, nuestras agendas y nuestras familias. Yo no quiero tocar el tema desde el punto de vista ni cient\u00edfico -porque no lo [&hellip;]\" \/>\n<meta property=\"og:url\" content=\"https:\/\/laprensacristiana.com\/?p=12080\" \/>\n<meta property=\"og:site_name\" content=\"La Prensa Cristiana\" \/>\n<meta property=\"article:published_time\" content=\"2021-06-02T14:03:51+00:00\" \/>\n<meta property=\"article:modified_time\" content=\"2021-06-02T14:03:52+00:00\" \/>\n<meta property=\"og:image\" content=\"https:\/\/laprensacristiana.com\/wp-content\/uploads\/2021\/02\/IMG_20210215_163352_769.jpg\" \/>\n\t<meta property=\"og:image:width\" content=\"1280\" \/>\n\t<meta property=\"og:image:height\" content=\"714\" \/>\n\t<meta property=\"og:image:type\" content=\"image\/jpeg\" \/>\n<meta name=\"author\" content=\"EDITOR\" \/>\n<meta name=\"twitter:card\" content=\"summary_large_image\" \/>\n<meta name=\"twitter:label1\" content=\"Escrito por\" \/>\n\t<meta name=\"twitter:data1\" content=\"EDITOR\" \/>\n\t<meta name=\"twitter:label2\" content=\"Tiempo de lectura\" \/>\n\t<meta name=\"twitter:data2\" content=\"4 minutos\" \/>\n<script type=\"application\/ld+json\" class=\"yoast-schema-graph\">{\"@context\":\"https:\/\/schema.org\",\"@graph\":[{\"@type\":\"WebPage\",\"@id\":\"https:\/\/laprensacristiana.com\/?p=12080\",\"url\":\"https:\/\/laprensacristiana.com\/?p=12080\",\"name\":\"La pandemia - La Prensa Cristiana\",\"isPartOf\":{\"@id\":\"https:\/\/laprensacristiana.com\/#website\"},\"datePublished\":\"2021-06-02T14:03:51+00:00\",\"dateModified\":\"2021-06-02T14:03:52+00:00\",\"author\":{\"@id\":\"https:\/\/laprensacristiana.com\/#\/schema\/person\/3e7d82c6bfd6b1fa67010f8f7cd5256e\"},\"breadcrumb\":{\"@id\":\"https:\/\/laprensacristiana.com\/?p=12080#breadcrumb\"},\"inLanguage\":\"es\",\"potentialAction\":[{\"@type\":\"ReadAction\",\"target\":[\"https:\/\/laprensacristiana.com\/?p=12080\"]}]},{\"@type\":\"BreadcrumbList\",\"@id\":\"https:\/\/laprensacristiana.com\/?p=12080#breadcrumb\",\"itemListElement\":[{\"@type\":\"ListItem\",\"position\":1,\"name\":\"Portada\",\"item\":\"https:\/\/laprensacristiana.com\/\"},{\"@type\":\"ListItem\",\"position\":2,\"name\":\"La pandemia\"}]},{\"@type\":\"WebSite\",\"@id\":\"https:\/\/laprensacristiana.com\/#website\",\"url\":\"https:\/\/laprensacristiana.com\/\",\"name\":\"La Prensa Cristiana\",\"description\":\"Anunciando Las Buenas Nuevas\",\"potentialAction\":[{\"@type\":\"SearchAction\",\"target\":{\"@type\":\"EntryPoint\",\"urlTemplate\":\"https:\/\/laprensacristiana.com\/?s={search_term_string}\"},\"query-input\":\"required name=search_term_string\"}],\"inLanguage\":\"es\"},{\"@type\":\"Person\",\"@id\":\"https:\/\/laprensacristiana.com\/#\/schema\/person\/3e7d82c6bfd6b1fa67010f8f7cd5256e\",\"name\":\"EDITOR\",\"image\":{\"@type\":\"ImageObject\",\"inLanguage\":\"es\",\"@id\":\"https:\/\/laprensacristiana.com\/#\/schema\/person\/image\/\",\"url\":\"https:\/\/secure.gravatar.com\/avatar\/72069dfb6c13772d9e8381e3638666d2?s=96&d=mm&r=g\",\"contentUrl\":\"https:\/\/secure.gravatar.com\/avatar\/72069dfb6c13772d9e8381e3638666d2?s=96&d=mm&r=g\",\"caption\":\"EDITOR\"},\"url\":\"https:\/\/laprensacristiana.com\/?author=3\"}]}<\/script>\n<!-- \/ Yoast SEO plugin. -->","yoast_head_json":{"title":"La pandemia - La Prensa Cristiana","robots":{"index":"index","follow":"follow","max-snippet":"max-snippet:-1","max-image-preview":"max-image-preview:large","max-video-preview":"max-video-preview:-1"},"canonical":"https:\/\/laprensacristiana.com\/?p=12080","og_locale":"es_ES","og_type":"article","og_title":"La pandemia - La Prensa Cristiana","og_description":"Bueno, se ha hablado mucho de la famosa pandemia. Incluso se est\u00e1&nbsp;empezando a utilizar el t\u00e9rmino pos-pandemia, antes de la pandemia y otros para indicarnos que la famosa pandemia hizo estragos en nuestras vidas, nuestras agendas y nuestras familias. Yo no quiero tocar el tema desde el punto de vista ni cient\u00edfico -porque no lo [&hellip;]","og_url":"https:\/\/laprensacristiana.com\/?p=12080","og_site_name":"La Prensa Cristiana","article_published_time":"2021-06-02T14:03:51+00:00","article_modified_time":"2021-06-02T14:03:52+00:00","og_image":[{"width":1280,"height":714,"url":"https:\/\/laprensacristiana.com\/wp-content\/uploads\/2021\/02\/IMG_20210215_163352_769.jpg","type":"image\/jpeg"}],"author":"EDITOR","twitter_card":"summary_large_image","twitter_misc":{"Escrito por":"EDITOR","Tiempo de lectura":"4 minutos"},"schema":{"@context":"https:\/\/schema.org","@graph":[{"@type":"WebPage","@id":"https:\/\/laprensacristiana.com\/?p=12080","url":"https:\/\/laprensacristiana.com\/?p=12080","name":"La pandemia - La Prensa Cristiana","isPartOf":{"@id":"https:\/\/laprensacristiana.com\/#website"},"datePublished":"2021-06-02T14:03:51+00:00","dateModified":"2021-06-02T14:03:52+00:00","author":{"@id":"https:\/\/laprensacristiana.com\/#\/schema\/person\/3e7d82c6bfd6b1fa67010f8f7cd5256e"},"breadcrumb":{"@id":"https:\/\/laprensacristiana.com\/?p=12080#breadcrumb"},"inLanguage":"es","potentialAction":[{"@type":"ReadAction","target":["https:\/\/laprensacristiana.com\/?p=12080"]}]},{"@type":"BreadcrumbList","@id":"https:\/\/laprensacristiana.com\/?p=12080#breadcrumb","itemListElement":[{"@type":"ListItem","position":1,"name":"Portada","item":"https:\/\/laprensacristiana.com\/"},{"@type":"ListItem","position":2,"name":"La pandemia"}]},{"@type":"WebSite","@id":"https:\/\/laprensacristiana.com\/#website","url":"https:\/\/laprensacristiana.com\/","name":"La Prensa Cristiana","description":"Anunciando Las Buenas Nuevas","potentialAction":[{"@type":"SearchAction","target":{"@type":"EntryPoint","urlTemplate":"https:\/\/laprensacristiana.com\/?s={search_term_string}"},"query-input":"required name=search_term_string"}],"inLanguage":"es"},{"@type":"Person","@id":"https:\/\/laprensacristiana.com\/#\/schema\/person\/3e7d82c6bfd6b1fa67010f8f7cd5256e","name":"EDITOR","image":{"@type":"ImageObject","inLanguage":"es","@id":"https:\/\/laprensacristiana.com\/#\/schema\/person\/image\/","url":"https:\/\/secure.gravatar.com\/avatar\/72069dfb6c13772d9e8381e3638666d2?s=96&d=mm&r=g","contentUrl":"https:\/\/secure.gravatar.com\/avatar\/72069dfb6c13772d9e8381e3638666d2?s=96&d=mm&r=g","caption":"EDITOR"},"url":"https:\/\/laprensacristiana.com\/?author=3"}]}},"_links":{"self":[{"href":"https:\/\/laprensacristiana.com\/index.php?rest_route=\/wp\/v2\/posts\/12080"}],"collection":[{"href":"https:\/\/laprensacristiana.com\/index.php?rest_route=\/wp\/v2\/posts"}],"about":[{"href":"https:\/\/laprensacristiana.com\/index.php?rest_route=\/wp\/v2\/types\/post"}],"author":[{"embeddable":true,"href":"https:\/\/laprensacristiana.com\/index.php?rest_route=\/wp\/v2\/users\/3"}],"replies":[{"embeddable":true,"href":"https:\/\/laprensacristiana.com\/index.php?rest_route=%2Fwp%2Fv2%2Fcomments&post=12080"}],"version-history":[{"count":1,"href":"https:\/\/laprensacristiana.com\/index.php?rest_route=\/wp\/v2\/posts\/12080\/revisions"}],"predecessor-version":[{"id":12081,"href":"https:\/\/laprensacristiana.com\/index.php?rest_route=\/wp\/v2\/posts\/12080\/revisions\/12081"}],"wp:featuredmedia":[{"embeddable":true,"href":"https:\/\/laprensacristiana.com\/index.php?rest_route=\/wp\/v2\/media\/11327"}],"wp:attachment":[{"href":"https:\/\/laprensacristiana.com\/index.php?rest_route=%2Fwp%2Fv2%2Fmedia&parent=12080"}],"wp:term":[{"taxonomy":"category","embeddable":true,"href":"https:\/\/laprensacristiana.com\/index.php?rest_route=%2Fwp%2Fv2%2Fcategories&post=12080"},{"taxonomy":"post_tag","embeddable":true,"href":"https:\/\/laprensacristiana.com\/index.php?rest_route=%2Fwp%2Fv2%2Ftags&post=12080"}],"curies":[{"name":"wp","href":"https:\/\/api.w.org\/{rel}","templated":true}]}}