{"id":12113,"date":"2021-06-14T04:30:52","date_gmt":"2021-06-14T04:30:52","guid":{"rendered":"https:\/\/laprensacristiana.com\/?p=12113"},"modified":"2021-06-14T04:30:53","modified_gmt":"2021-06-14T04:30:53","slug":"fallece-padre-de-dante-gebel","status":"publish","type":"post","link":"https:\/\/laprensacristiana.com\/?p=12113","title":{"rendered":"Fallece Padre de Dante Gebel"},"content":{"rendered":"\n<p>Esta noche el pastor Dante Gebel acaba de dar la noticia del fallecimiento de su padre Federico Gebel a los 95 a\u00f1os de edad, a trav\u00e9s de las redes&nbsp; sociales Dante dedic\u00f3 una emotiva despedida:<\/p>\n\n\n\n<p>\u00abADIOS, MI VIEJO<\/p>\n\n\n\n<p>Hoy se me fue el hombre que me llev\u00f3 a su carpinter\u00eda y yo me quedaba viendo sus dedos agarrotados, llenos de callos y golpes hecho a martillazos y form\u00f3n.<\/p>\n\n\n\n<p>Hoy se me fue el hombre que me ense\u00f1\u00f3 a afeitarme; pon\u00eda un espejo en la pared que daba al galp\u00f3n y dec\u00eda que hab\u00eda que hacerlo con navaja, espuma y bajo la luz natural del d\u00eda. Que eso era afeitarse de verdad, a lo macho.<\/p>\n\n\n\n<p>Hoy se me fue el hombre que cuando met\u00ed la pata, me abraz\u00f3 en silencio y susurr\u00f3: \u201cNo es la muerte de nadie, ya vas a salir adelante\u201d. Consejo sencillo, austero, pero de esos que te duran para toda la vida.<\/p>\n\n\n\n<p>Hoy se me fue el hombre que ve\u00eda \u201cGrandes valores del tango\u201d, y no se perd\u00eda un solo cap\u00edtulo de Bonanza y El Gran Chaparral.<\/p>\n\n\n\n<p>Hoy se me fue el hombre que en mi adolescencia, cuando le pregunt\u00e9 c\u00f3mo se hac\u00edan los chicos, se puso colorado y me dijo que esas cosas no se preguntaban; que \u201c\u00bfpara qu\u00e9 quer\u00eda saber?\u201d, que ya lo iba a apender solo. Y nunca mas le pregunt\u00e9.<\/p>\n\n\n\n<p>Hoy se me fue el hombre que cuando me echaron de la escuela secundaria, fue solito a hablar con los directivos del colegio Alem\u00e1n.&nbsp;<\/p>\n\n\n\n<p>Y cuando le dijeron que su hijo no quer\u00eda ser t\u00e9cnico electr\u00f3nico, se sonri\u00f3 y les dijo: \u201cY bu\u00e9; \u00bfque le vamos a hacer?; a lo mejor es bueno para otra cosa\u201d; y volvi\u00f3 a casa sin decirme una sola palabra, pero apenas lleg\u00f3, me hizo un sandwich y me dijo que a partir de ese momento, trabajar\u00eda en la carpinter\u00eda con el.<\/p>\n\n\n\n<p>Hoy se me fue el hombre que me ense\u00f1\u00f3 a manejar y lo hizo con su preciado Fiat 1500 (al Renault Gordini, su primer auto, jam\u00e1s lo toqu\u00e9) y me dec\u00eda: \u201cSi manejan tantos cabezas de termo, \u00bfc\u00f3mo no vas a poder vos?\u201d; y ese r\u00fastico consejo, me dio la audacia que necesitaba para no tener que ir a aprender a una autoescuela. As\u00ed que aprend\u00ed en medio de sus gritos: \u201c\u00a1Apret\u00e1 el ambrague, que me vas a romper la caja de cambios!\u201d. A\u00fan as\u00ed, me fascinaba que el me viera manejar.<\/p>\n\n\n\n<p>Hoy se me fue el hombre que le agarr\u00f3 la mano ortop\u00e9dica a Daniel Scioli (\u00a1esa es una an\u00e9codta \u00fanica!) y sin soltarla le dijo: \u201cGobernador, \u00bfUsted sab\u00eda que Dante es mi hijo?\u201d Y el pobre Daniel, no sab\u00eda que decirle, ni que hacer. Mi viejo se hinchaba de orgullo cuando me mencionaba.&nbsp;<\/p>\n\n\n\n<p>Hoy se me fue el hombre que a sus 95 a\u00f1os vest\u00eda elegante, perfumado, con el peine en el bolsillo y jam\u00e1s sal\u00eda de su habitaci\u00f3n si no le combinaba el cintur\u00f3n con los zapatos. Un gal\u00e1n a tiempo completo.<\/p>\n\n\n\n<p>Hoy se me fue el hombre que apenas sab\u00eda firmar y solo ten\u00eda cuarto grado de la escuela primaria, pero que trabaj\u00f3 como un animal, desde que tuvo uso de raz\u00f3n.&nbsp;<\/p>\n\n\n\n<p>Hace unas semanas me confes\u00f3 que se quer\u00eda ir, que estaba cansado; y yo le dije que estaba bien, que ya se acercaba la hora de viajar.<\/p>\n\n\n\n<p>Y finalmente hace unos minutos, en una hora silenciosa, quieta, de marea baja, tom\u00f3 el \u00faltimo tren a casa.<\/p>\n\n\n\n<p>Hace poco le di un abrazo, le agradec\u00ed lo que ten\u00eda que agradecerle y le hice saber que, por mi parte, no hab\u00eda cuentas pendientes entre nosotros. Ninguna. Lo cuid\u00e9, lo sostuve y lo proteg\u00ed hasta el \u00faltimo d\u00eda, tal como el lo hizo conmigo cuando yo era chiquito.&nbsp;<\/p>\n\n\n\n<p>Se lo deb\u00eda como hijo, como hombre de Dios y persona de bien.<\/p>\n\n\n\n<p>Hoy se me fue el hombre que ya se quer\u00eda ir hace rato, desde que en el 2013 se le adelant\u00f3 el amor de su vida.<\/p>\n\n\n\n<p>Se fue como un se\u00f1or alem\u00e1n. Sin degradarse, sin deterioro, sin corromperse, como una persona consciente. Un viejo hermoso y sereno.&nbsp;<\/p>\n\n\n\n<p>As\u00ed me despidi\u00f3. Solt\u00e1ndose. Levantando el pulgar.<\/p>\n\n\n\n<p>Hoy se me fue el \u00faltimo ser amado de mi familia.<\/p>\n\n\n\n<p>Ya no me quedan ra\u00edces en Argentina, ni un hogar de la infancia para visitar; pero me hace saber que para esta hora, ya volvi\u00f3 a bailar una milonga con la vieja. No sin antes que ella le reproche: \u201c\u00a1Qu\u00e9 manera de tardar, che! \u00a1Y levant\u00e1te ese pantal\u00f3n que pareces un tano que reci\u00e9n baj\u00f3 del barco!\u201d (as\u00ed sol\u00eda decirle cuando lo usaba un poquito debajo de la panza).<\/p>\n\n\n\n<p>Y el viejo se dejar\u00e1 retar, se subir\u00e1 el pantal\u00f3n y ser\u00e1 feliz otra vez.&nbsp;<\/p>\n\n\n\n<p>Hasta pronto, Federico; mi amigo el carpintero. Sal\u00fadame a la viejita. Ya te extra\u00f1o; pero fue un placer ser tu hijo\u00bb concluy\u00f3 Gebel.<\/p>\n","protected":false},"excerpt":{"rendered":"<p>Esta noche el pastor Dante Gebel acaba de dar la noticia del fallecimiento de su padre Federico Gebel a los 95 a\u00f1os de edad, a trav\u00e9s de las redes&nbsp; sociales Dante dedic\u00f3 una emotiva despedida: \u00abADIOS, MI VIEJO Hoy se me fue el hombre que me llev\u00f3 a su carpinter\u00eda y yo me quedaba viendo [&hellip;]<\/p>\n","protected":false},"author":3,"featured_media":12114,"comment_status":"open","ping_status":"open","sticky":false,"template":"","format":"standard","meta":[],"categories":[56],"tags":[],"yoast_head":"<!-- This site is optimized with the Yoast SEO plugin v20.8 - https:\/\/yoast.com\/wordpress\/plugins\/seo\/ -->\n<title>Fallece Padre de Dante Gebel - La Prensa Cristiana<\/title>\n<meta name=\"robots\" content=\"index, follow, max-snippet:-1, max-image-preview:large, max-video-preview:-1\" \/>\n<link rel=\"canonical\" href=\"https:\/\/laprensacristiana.com\/?p=12113\" \/>\n<meta property=\"og:locale\" content=\"es_ES\" \/>\n<meta property=\"og:type\" content=\"article\" \/>\n<meta property=\"og:title\" content=\"Fallece Padre de Dante Gebel - La Prensa Cristiana\" \/>\n<meta property=\"og:description\" content=\"Esta noche el pastor Dante Gebel acaba de dar la noticia del fallecimiento de su padre Federico Gebel a los 95 a\u00f1os de edad, a trav\u00e9s de las redes&nbsp; sociales Dante dedic\u00f3 una emotiva despedida: \u00abADIOS, MI VIEJO Hoy se me fue el hombre que me llev\u00f3 a su carpinter\u00eda y yo me quedaba viendo [&hellip;]\" \/>\n<meta property=\"og:url\" content=\"https:\/\/laprensacristiana.com\/?p=12113\" \/>\n<meta property=\"og:site_name\" content=\"La Prensa Cristiana\" \/>\n<meta property=\"article:published_time\" content=\"2021-06-14T04:30:52+00:00\" \/>\n<meta property=\"article:modified_time\" content=\"2021-06-14T04:30:53+00:00\" \/>\n<meta property=\"og:image\" content=\"https:\/\/laprensacristiana.com\/wp-content\/uploads\/2021\/06\/IMG-20210613-WA0009.jpg\" \/>\n\t<meta property=\"og:image:width\" content=\"1151\" \/>\n\t<meta property=\"og:image:height\" content=\"1139\" \/>\n\t<meta property=\"og:image:type\" content=\"image\/jpeg\" \/>\n<meta name=\"author\" content=\"EDITOR\" \/>\n<meta name=\"twitter:card\" content=\"summary_large_image\" \/>\n<meta name=\"twitter:label1\" content=\"Escrito por\" \/>\n\t<meta name=\"twitter:data1\" content=\"EDITOR\" \/>\n\t<meta name=\"twitter:label2\" content=\"Tiempo de lectura\" \/>\n\t<meta name=\"twitter:data2\" content=\"4 minutos\" \/>\n<script type=\"application\/ld+json\" class=\"yoast-schema-graph\">{\"@context\":\"https:\/\/schema.org\",\"@graph\":[{\"@type\":\"WebPage\",\"@id\":\"https:\/\/laprensacristiana.com\/?p=12113\",\"url\":\"https:\/\/laprensacristiana.com\/?p=12113\",\"name\":\"Fallece Padre de Dante Gebel - La Prensa Cristiana\",\"isPartOf\":{\"@id\":\"https:\/\/laprensacristiana.com\/#website\"},\"datePublished\":\"2021-06-14T04:30:52+00:00\",\"dateModified\":\"2021-06-14T04:30:53+00:00\",\"author\":{\"@id\":\"https:\/\/laprensacristiana.com\/#\/schema\/person\/3e7d82c6bfd6b1fa67010f8f7cd5256e\"},\"breadcrumb\":{\"@id\":\"https:\/\/laprensacristiana.com\/?p=12113#breadcrumb\"},\"inLanguage\":\"es\",\"potentialAction\":[{\"@type\":\"ReadAction\",\"target\":[\"https:\/\/laprensacristiana.com\/?p=12113\"]}]},{\"@type\":\"BreadcrumbList\",\"@id\":\"https:\/\/laprensacristiana.com\/?p=12113#breadcrumb\",\"itemListElement\":[{\"@type\":\"ListItem\",\"position\":1,\"name\":\"Portada\",\"item\":\"https:\/\/laprensacristiana.com\/\"},{\"@type\":\"ListItem\",\"position\":2,\"name\":\"Fallece Padre de Dante Gebel\"}]},{\"@type\":\"WebSite\",\"@id\":\"https:\/\/laprensacristiana.com\/#website\",\"url\":\"https:\/\/laprensacristiana.com\/\",\"name\":\"La Prensa Cristiana\",\"description\":\"Anunciando Las Buenas Nuevas\",\"potentialAction\":[{\"@type\":\"SearchAction\",\"target\":{\"@type\":\"EntryPoint\",\"urlTemplate\":\"https:\/\/laprensacristiana.com\/?s={search_term_string}\"},\"query-input\":\"required name=search_term_string\"}],\"inLanguage\":\"es\"},{\"@type\":\"Person\",\"@id\":\"https:\/\/laprensacristiana.com\/#\/schema\/person\/3e7d82c6bfd6b1fa67010f8f7cd5256e\",\"name\":\"EDITOR\",\"image\":{\"@type\":\"ImageObject\",\"inLanguage\":\"es\",\"@id\":\"https:\/\/laprensacristiana.com\/#\/schema\/person\/image\/\",\"url\":\"https:\/\/secure.gravatar.com\/avatar\/72069dfb6c13772d9e8381e3638666d2?s=96&d=mm&r=g\",\"contentUrl\":\"https:\/\/secure.gravatar.com\/avatar\/72069dfb6c13772d9e8381e3638666d2?s=96&d=mm&r=g\",\"caption\":\"EDITOR\"},\"url\":\"https:\/\/laprensacristiana.com\/?author=3\"}]}<\/script>\n<!-- \/ Yoast SEO plugin. -->","yoast_head_json":{"title":"Fallece Padre de Dante Gebel - La Prensa Cristiana","robots":{"index":"index","follow":"follow","max-snippet":"max-snippet:-1","max-image-preview":"max-image-preview:large","max-video-preview":"max-video-preview:-1"},"canonical":"https:\/\/laprensacristiana.com\/?p=12113","og_locale":"es_ES","og_type":"article","og_title":"Fallece Padre de Dante Gebel - La Prensa Cristiana","og_description":"Esta noche el pastor Dante Gebel acaba de dar la noticia del fallecimiento de su padre Federico Gebel a los 95 a\u00f1os de edad, a trav\u00e9s de las redes&nbsp; sociales Dante dedic\u00f3 una emotiva despedida: \u00abADIOS, MI VIEJO Hoy se me fue el hombre que me llev\u00f3 a su carpinter\u00eda y yo me quedaba viendo [&hellip;]","og_url":"https:\/\/laprensacristiana.com\/?p=12113","og_site_name":"La Prensa Cristiana","article_published_time":"2021-06-14T04:30:52+00:00","article_modified_time":"2021-06-14T04:30:53+00:00","og_image":[{"width":1151,"height":1139,"url":"https:\/\/laprensacristiana.com\/wp-content\/uploads\/2021\/06\/IMG-20210613-WA0009.jpg","type":"image\/jpeg"}],"author":"EDITOR","twitter_card":"summary_large_image","twitter_misc":{"Escrito por":"EDITOR","Tiempo de lectura":"4 minutos"},"schema":{"@context":"https:\/\/schema.org","@graph":[{"@type":"WebPage","@id":"https:\/\/laprensacristiana.com\/?p=12113","url":"https:\/\/laprensacristiana.com\/?p=12113","name":"Fallece Padre de Dante Gebel - La Prensa Cristiana","isPartOf":{"@id":"https:\/\/laprensacristiana.com\/#website"},"datePublished":"2021-06-14T04:30:52+00:00","dateModified":"2021-06-14T04:30:53+00:00","author":{"@id":"https:\/\/laprensacristiana.com\/#\/schema\/person\/3e7d82c6bfd6b1fa67010f8f7cd5256e"},"breadcrumb":{"@id":"https:\/\/laprensacristiana.com\/?p=12113#breadcrumb"},"inLanguage":"es","potentialAction":[{"@type":"ReadAction","target":["https:\/\/laprensacristiana.com\/?p=12113"]}]},{"@type":"BreadcrumbList","@id":"https:\/\/laprensacristiana.com\/?p=12113#breadcrumb","itemListElement":[{"@type":"ListItem","position":1,"name":"Portada","item":"https:\/\/laprensacristiana.com\/"},{"@type":"ListItem","position":2,"name":"Fallece Padre de Dante Gebel"}]},{"@type":"WebSite","@id":"https:\/\/laprensacristiana.com\/#website","url":"https:\/\/laprensacristiana.com\/","name":"La Prensa Cristiana","description":"Anunciando Las Buenas Nuevas","potentialAction":[{"@type":"SearchAction","target":{"@type":"EntryPoint","urlTemplate":"https:\/\/laprensacristiana.com\/?s={search_term_string}"},"query-input":"required name=search_term_string"}],"inLanguage":"es"},{"@type":"Person","@id":"https:\/\/laprensacristiana.com\/#\/schema\/person\/3e7d82c6bfd6b1fa67010f8f7cd5256e","name":"EDITOR","image":{"@type":"ImageObject","inLanguage":"es","@id":"https:\/\/laprensacristiana.com\/#\/schema\/person\/image\/","url":"https:\/\/secure.gravatar.com\/avatar\/72069dfb6c13772d9e8381e3638666d2?s=96&d=mm&r=g","contentUrl":"https:\/\/secure.gravatar.com\/avatar\/72069dfb6c13772d9e8381e3638666d2?s=96&d=mm&r=g","caption":"EDITOR"},"url":"https:\/\/laprensacristiana.com\/?author=3"}]}},"_links":{"self":[{"href":"https:\/\/laprensacristiana.com\/index.php?rest_route=\/wp\/v2\/posts\/12113"}],"collection":[{"href":"https:\/\/laprensacristiana.com\/index.php?rest_route=\/wp\/v2\/posts"}],"about":[{"href":"https:\/\/laprensacristiana.com\/index.php?rest_route=\/wp\/v2\/types\/post"}],"author":[{"embeddable":true,"href":"https:\/\/laprensacristiana.com\/index.php?rest_route=\/wp\/v2\/users\/3"}],"replies":[{"embeddable":true,"href":"https:\/\/laprensacristiana.com\/index.php?rest_route=%2Fwp%2Fv2%2Fcomments&post=12113"}],"version-history":[{"count":1,"href":"https:\/\/laprensacristiana.com\/index.php?rest_route=\/wp\/v2\/posts\/12113\/revisions"}],"predecessor-version":[{"id":12115,"href":"https:\/\/laprensacristiana.com\/index.php?rest_route=\/wp\/v2\/posts\/12113\/revisions\/12115"}],"wp:featuredmedia":[{"embeddable":true,"href":"https:\/\/laprensacristiana.com\/index.php?rest_route=\/wp\/v2\/media\/12114"}],"wp:attachment":[{"href":"https:\/\/laprensacristiana.com\/index.php?rest_route=%2Fwp%2Fv2%2Fmedia&parent=12113"}],"wp:term":[{"taxonomy":"category","embeddable":true,"href":"https:\/\/laprensacristiana.com\/index.php?rest_route=%2Fwp%2Fv2%2Fcategories&post=12113"},{"taxonomy":"post_tag","embeddable":true,"href":"https:\/\/laprensacristiana.com\/index.php?rest_route=%2Fwp%2Fv2%2Ftags&post=12113"}],"curies":[{"name":"wp","href":"https:\/\/api.w.org\/{rel}","templated":true}]}}