{"id":12133,"date":"2021-06-18T14:57:33","date_gmt":"2021-06-18T14:57:33","guid":{"rendered":"https:\/\/laprensacristiana.com\/?p=12133"},"modified":"2021-06-18T14:57:34","modified_gmt":"2021-06-18T14:57:34","slug":"dia-del-padre-o-papa","status":"publish","type":"post","link":"https:\/\/laprensacristiana.com\/?p=12133","title":{"rendered":"\u00bfD\u00eda del padre o pap\u00e1?"},"content":{"rendered":"\n<p><\/p>\n\n\n\n<p>Amigos lectores: no quiero ser aguafiestas en este d\u00eda que se celebra el&nbsp;\u201cD\u00eda del padre\u201d. &nbsp;Pero s\u00ed&nbsp;quiero invitarles a hacer una catarsis interna si en realidad hemos sido padres para nuestros hijos. Porque si empezamos por el principio, nos daremos cuenta que muchos fuimos buenos esposos, buenos pap\u00e1s para suplir todas las necesidades de nuestra casa, trabajamos duro para lograr llevar el pan a nuestras mesas para que a nuestra familia no le faltara nada. Esa es la funci\u00f3n de todo pap\u00e1.<\/p>\n\n\n\n<p>Pero ser padre es otra cosa. Ser padre no es solo llenar est\u00f3magos. Es saber llenar corazones. Es sentarse a la orilla de la cama de la hija adolescente que est\u00e1&nbsp;llorando porque el primer novio al que ella am\u00f3&nbsp;tremendamente se fue con su mejor amiga y ahora no quiere saber nada de la vida. Pero si su pap\u00e1&nbsp;est\u00e1&nbsp;a su lado, poniendo con ternura su mano en su cabeza, consol\u00e1ndola, palmeando la espalda lastimada por el dolor de su peque\u00f1a, eso no lo olvidar\u00e1&nbsp;jam\u00e1s y cuando todo pase la sonrisa de su ni\u00f1a volver\u00e1&nbsp;a brillar con m\u00e1s intensidad. &nbsp;Como dice una doctora que sirve en alg\u00fan pa\u00eds del sur,&nbsp;\u201ces mi pap\u00e1\u201d.<\/p>\n\n\n\n<p>Ser padre, mis amigos, no es salir todos los d\u00edas a trabajar y regresar cada noche esperando que todos le sirvan. Ser padre es servir a su familia. Resolver conflictos, amar por sobre todas las situaciones adversas a nuestra familia que es el nido donde encontramos el calor que necesitamos como hombres y como padres.<\/p>\n\n\n\n<p>Tristemente hay &nbsp;padres que no merecen la honra de sus hijos. Eso est\u00e1&nbsp;en las Escrituras. No todos los padres fueron honrados por sus hijos. Fueron tan ingratos, tan indignos de ser respetados y reconocidos como tales que pasaron a la historia como seres anodinos e ignorados por su familia. &nbsp;Pero Dios es Bueno en gran manera y nos ense\u00f1a que para transitar por la vida debemos primero cumplir nuestro rol de padres.<\/p>\n\n\n\n<p>Este d\u00eda abundan las tarjetas con dibujos, leyendas, frases que celebran el&nbsp;\u201cd\u00eda del padre\u201d&nbsp;cuando en realidad ser padre no es asunto de un d\u00eda. Ser pap\u00e1&nbsp;una vez, para siempre pap\u00e1. Si usted tiene el privilegio de tener aunque sea un solo hijo, usted ya es pap\u00e1&nbsp;para toda la vida. A usted correr\u00e1&nbsp;su hijo cuando tenga problemas con el amor. A usted correr\u00e1&nbsp;su hija cuando tenga problemas financieros. Cuando se case, ella esperar\u00e1&nbsp;que sea usted quien la entregue en el altar. Su hijo lo buscar\u00e1&nbsp;cuando tenga dudas sobre algo en la vida. Su hija lo buscar\u00e1&nbsp;para pedirle un consejo y su hijo lo buscar\u00e1&nbsp;para pedirle dinero para la gasolina llegado el momento.&nbsp;\u00bfPor qu\u00e9? Solo porque usted es su pap\u00e1.&nbsp;<\/p>\n\n\n\n<p>Por supuesto, si hemos sabido ganarnos el t\u00edtulo. Si hemos trabajado duro en nuestra casa para mostrarle a nuestros hijos que pueden acercarse con confianza a nuestro regazo donde pueden encontrar el calor de padre que necesitar\u00e1n.<\/p>\n\n\n\n<p>\u00bfAcaso no es eso lo que hace el Padre Eterno con nosotros?&nbsp;\u00bfAcaso no nos dice que podemos acercarnos confiadamente al Trono de la Gracia? Si somos imitadores de Cristo, esta es una oportunidad para imitarlo en eso. En ser padres que siempre tendremos los brazos abiertos para nuestros hijos y nuestra familia.<\/p>\n\n\n\n<p>Un abuelo no es padre. El abuelo es eso, un abuelo que tolera, soporta y a veces ama en otro nivel. Pero el nieto no es su hijo. El nieto es hijo de su hijo, por lo tanto, no tiene derechos de padre sobre&nbsp;\u00e9l. &nbsp;Es por eso que si no supimos ser padres de nuestros hijos ya no hay vuelta atr\u00e1s. &nbsp;No nos confiemos en que cuando sea abuelo arreglo la plana. Eso no existe. Muchos hijos no quieren que sus hijos conozcan al abuelo porque sencillamente no supo ser padre en su tiempo.&nbsp;<\/p>\n\n\n\n<p>Pero como hoy se celebra el&nbsp;\u201cd\u00eda del padre\u201d, tambi\u00e9n quiero unirme a la tradici\u00f3n y desearles a todos los que me leen un buen d\u00eda\u2026\u201ddel padre\u201d.<\/p>\n\n\n\n<p>Entonces:&nbsp;\u00bfes usted un padre o un pap\u00e1?<\/p>\n\n\n\n<p>?<\/p>\n\n\n\n<p>Amigos lectores: no quiero ser aguafiestas en este d\u00eda que se celebra el&nbsp;\u201cD\u00eda del padre\u201d. &nbsp;Pero s\u00ed&nbsp;quiero invitarles a hacer una catarsis interna si en realidad hemos sido padres para nuestros hijos. Porque si empezamos por el principio, nos daremos cuenta que muchos fuimos buenos esposos, buenos pap\u00e1s para suplir todas las necesidades de nuestra casa, trabajamos duro para lograr llevar el pan a nuestras mesas para que a nuestra familia no le faltara nada. Esa es la funci\u00f3n de todo pap\u00e1.<\/p>\n\n\n\n<p>Pero ser padre es otra cosa. Ser padre no es solo llenar est\u00f3magos. Es saber llenar corazones. Es sentarse a la orilla de la cama de la hija adolescente que est\u00e1&nbsp;llorando porque el primer novio al que ella am\u00f3&nbsp;tremendamente se fue con su mejor amiga y ahora no quiere saber nada de la vida. Pero si su pap\u00e1&nbsp;est\u00e1&nbsp;a su lado, poniendo con ternura su mano en su cabeza, consol\u00e1ndola, palmeando la espalda lastimada por el dolor de su peque\u00f1a, eso no lo olvidar\u00e1&nbsp;jam\u00e1s y cuando todo pase la sonrisa de su ni\u00f1a volver\u00e1&nbsp;a brillar con m\u00e1s intensidad. &nbsp;Como dice una doctora que sirve en alg\u00fan pa\u00eds del sur,&nbsp;\u201ces mi pap\u00e1\u201d.<\/p>\n\n\n\n<p>Ser padre, mis amigos, no es salir todos los d\u00edas a trabajar y regresar cada noche esperando que todos le sirvan. Ser padre es servir a su familia. Resolver conflictos, amar por sobre todas las situaciones adversas a nuestra familia que es el nido donde encontramos el calor que necesitamos como hombres y como padres.<\/p>\n\n\n\n<p>Tristemente hay &nbsp;padres que no merecen la honra de sus hijos. Eso est\u00e1&nbsp;en las Escrituras. No todos los padres fueron honrados por sus hijos. Fueron tan ingratos, tan indignos de ser respetados y reconocidos como tales que pasaron a la historia como seres anodinos e ignorados por su familia. &nbsp;Pero Dios es Bueno en gran manera y nos ense\u00f1a que para transitar por la vida debemos primero cumplir nuestro rol de padres.<\/p>\n\n\n\n<p>Este d\u00eda abundan las tarjetas con dibujos, leyendas, frases que celebran el&nbsp;\u201cd\u00eda del padre\u201d&nbsp;cuando en realidad ser padre no es asunto de un d\u00eda. Ser pap\u00e1&nbsp;una vez, para siempre pap\u00e1. Si usted tiene el privilegio de tener aunque sea un solo hijo, usted ya es pap\u00e1&nbsp;para toda la vida. A usted correr\u00e1&nbsp;su hijo cuando tenga problemas con el amor. A usted correr\u00e1&nbsp;su hija cuando tenga problemas financieros. Cuando se case, ella esperar\u00e1&nbsp;que sea usted quien la entregue en el altar. Su hijo lo buscar\u00e1&nbsp;cuando tenga dudas sobre algo en la vida. Su hija lo buscar\u00e1&nbsp;para pedirle un consejo y su hijo lo buscar\u00e1&nbsp;para pedirle dinero para la gasolina llegado el momento.&nbsp;\u00bfPor qu\u00e9? Solo porque usted es su pap\u00e1.&nbsp;<\/p>\n\n\n\n<p>Por supuesto, si hemos sabido ganarnos el t\u00edtulo. Si hemos trabajado duro en nuestra casa para mostrarle a nuestros hijos que pueden acercarse con confianza a nuestro regazo donde pueden encontrar el calor de padre que necesitar\u00e1n.<\/p>\n\n\n\n<p>\u00bfAcaso no es eso lo que hace el Padre Eterno con nosotros?&nbsp;\u00bfAcaso no nos dice que podemos acercarnos confiadamente al Trono de la Gracia? Si somos imitadores de Cristo, esta es una oportunidad para imitarlo en eso. En ser padres que siempre tendremos los brazos abiertos para nuestros hijos y nuestra familia.<\/p>\n\n\n\n<p>Un abuelo no es padre. El abuelo es eso, un abuelo que tolera, soporta y a veces ama en otro nivel. Pero el nieto no es su hijo. El nieto es hijo de su hijo, por lo tanto, no tiene derechos de padre sobre&nbsp;\u00e9l. &nbsp;Es por eso que si no supimos ser padres de nuestros hijos ya no hay vuelta atr\u00e1s. &nbsp;No nos confiemos en que cuando sea abuelo arreglo la plana. Eso no existe. Muchos hijos no quieren que sus hijos conozcan al abuelo porque sencillamente no supo ser padre en su tiempo.&nbsp;<\/p>\n\n\n\n<p>Pero como hoy se celebra el&nbsp;\u201cd\u00eda del padre\u201d, tambi\u00e9n quiero unirme a la tradici\u00f3n y desearles a todos los que me leen un buen d\u00eda\u2026\u201ddel padre\u201d.<\/p>\n\n\n\n<p>Entonces:&nbsp;\u00bfes usted un padre o un pap\u00e1?<\/p>\n","protected":false},"excerpt":{"rendered":"<p>Amigos lectores: no quiero ser aguafiestas en este d\u00eda que se celebra el&nbsp;\u201cD\u00eda del padre\u201d. &nbsp;Pero s\u00ed&nbsp;quiero invitarles a hacer una catarsis interna si en realidad hemos sido padres para nuestros hijos. Porque si empezamos por el principio, nos daremos cuenta que muchos fuimos buenos esposos, buenos pap\u00e1s para suplir todas las necesidades de nuestra [&hellip;]<\/p>\n","protected":false},"author":3,"featured_media":11327,"comment_status":"open","ping_status":"open","sticky":false,"template":"","format":"standard","meta":[],"categories":[36],"tags":[],"yoast_head":"<!-- This site is optimized with the Yoast SEO plugin v20.8 - https:\/\/yoast.com\/wordpress\/plugins\/seo\/ -->\n<title>\u00bfD\u00eda del padre o pap\u00e1? - La Prensa Cristiana<\/title>\n<meta name=\"robots\" content=\"index, follow, max-snippet:-1, max-image-preview:large, max-video-preview:-1\" \/>\n<link rel=\"canonical\" href=\"https:\/\/laprensacristiana.com\/?p=12133\" \/>\n<meta property=\"og:locale\" content=\"es_ES\" \/>\n<meta property=\"og:type\" content=\"article\" \/>\n<meta property=\"og:title\" content=\"\u00bfD\u00eda del padre o pap\u00e1? - La Prensa Cristiana\" \/>\n<meta property=\"og:description\" content=\"Amigos lectores: no quiero ser aguafiestas en este d\u00eda que se celebra el&nbsp;\u201cD\u00eda del padre\u201d. &nbsp;Pero s\u00ed&nbsp;quiero invitarles a hacer una catarsis interna si en realidad hemos sido padres para nuestros hijos. Porque si empezamos por el principio, nos daremos cuenta que muchos fuimos buenos esposos, buenos pap\u00e1s para suplir todas las necesidades de nuestra [&hellip;]\" \/>\n<meta property=\"og:url\" content=\"https:\/\/laprensacristiana.com\/?p=12133\" \/>\n<meta property=\"og:site_name\" content=\"La Prensa Cristiana\" \/>\n<meta property=\"article:published_time\" content=\"2021-06-18T14:57:33+00:00\" \/>\n<meta property=\"article:modified_time\" content=\"2021-06-18T14:57:34+00:00\" \/>\n<meta property=\"og:image\" content=\"https:\/\/laprensacristiana.com\/wp-content\/uploads\/2021\/02\/IMG_20210215_163352_769.jpg\" \/>\n\t<meta property=\"og:image:width\" content=\"1280\" \/>\n\t<meta property=\"og:image:height\" content=\"714\" \/>\n\t<meta property=\"og:image:type\" content=\"image\/jpeg\" \/>\n<meta name=\"author\" content=\"EDITOR\" \/>\n<meta name=\"twitter:card\" content=\"summary_large_image\" \/>\n<meta name=\"twitter:label1\" content=\"Escrito por\" \/>\n\t<meta name=\"twitter:data1\" content=\"EDITOR\" \/>\n\t<meta name=\"twitter:label2\" content=\"Tiempo de lectura\" \/>\n\t<meta name=\"twitter:data2\" content=\"7 minutos\" \/>\n<script type=\"application\/ld+json\" class=\"yoast-schema-graph\">{\"@context\":\"https:\/\/schema.org\",\"@graph\":[{\"@type\":\"WebPage\",\"@id\":\"https:\/\/laprensacristiana.com\/?p=12133\",\"url\":\"https:\/\/laprensacristiana.com\/?p=12133\",\"name\":\"\u00bfD\u00eda del padre o pap\u00e1? - La Prensa Cristiana\",\"isPartOf\":{\"@id\":\"https:\/\/laprensacristiana.com\/#website\"},\"datePublished\":\"2021-06-18T14:57:33+00:00\",\"dateModified\":\"2021-06-18T14:57:34+00:00\",\"author\":{\"@id\":\"https:\/\/laprensacristiana.com\/#\/schema\/person\/3e7d82c6bfd6b1fa67010f8f7cd5256e\"},\"breadcrumb\":{\"@id\":\"https:\/\/laprensacristiana.com\/?p=12133#breadcrumb\"},\"inLanguage\":\"es\",\"potentialAction\":[{\"@type\":\"ReadAction\",\"target\":[\"https:\/\/laprensacristiana.com\/?p=12133\"]}]},{\"@type\":\"BreadcrumbList\",\"@id\":\"https:\/\/laprensacristiana.com\/?p=12133#breadcrumb\",\"itemListElement\":[{\"@type\":\"ListItem\",\"position\":1,\"name\":\"Portada\",\"item\":\"https:\/\/laprensacristiana.com\/\"},{\"@type\":\"ListItem\",\"position\":2,\"name\":\"\u00bfD\u00eda del padre o pap\u00e1?\"}]},{\"@type\":\"WebSite\",\"@id\":\"https:\/\/laprensacristiana.com\/#website\",\"url\":\"https:\/\/laprensacristiana.com\/\",\"name\":\"La Prensa Cristiana\",\"description\":\"Anunciando Las Buenas Nuevas\",\"potentialAction\":[{\"@type\":\"SearchAction\",\"target\":{\"@type\":\"EntryPoint\",\"urlTemplate\":\"https:\/\/laprensacristiana.com\/?s={search_term_string}\"},\"query-input\":\"required name=search_term_string\"}],\"inLanguage\":\"es\"},{\"@type\":\"Person\",\"@id\":\"https:\/\/laprensacristiana.com\/#\/schema\/person\/3e7d82c6bfd6b1fa67010f8f7cd5256e\",\"name\":\"EDITOR\",\"image\":{\"@type\":\"ImageObject\",\"inLanguage\":\"es\",\"@id\":\"https:\/\/laprensacristiana.com\/#\/schema\/person\/image\/\",\"url\":\"https:\/\/secure.gravatar.com\/avatar\/72069dfb6c13772d9e8381e3638666d2?s=96&d=mm&r=g\",\"contentUrl\":\"https:\/\/secure.gravatar.com\/avatar\/72069dfb6c13772d9e8381e3638666d2?s=96&d=mm&r=g\",\"caption\":\"EDITOR\"},\"url\":\"https:\/\/laprensacristiana.com\/?author=3\"}]}<\/script>\n<!-- \/ Yoast SEO plugin. -->","yoast_head_json":{"title":"\u00bfD\u00eda del padre o pap\u00e1? - La Prensa Cristiana","robots":{"index":"index","follow":"follow","max-snippet":"max-snippet:-1","max-image-preview":"max-image-preview:large","max-video-preview":"max-video-preview:-1"},"canonical":"https:\/\/laprensacristiana.com\/?p=12133","og_locale":"es_ES","og_type":"article","og_title":"\u00bfD\u00eda del padre o pap\u00e1? - La Prensa Cristiana","og_description":"Amigos lectores: no quiero ser aguafiestas en este d\u00eda que se celebra el&nbsp;\u201cD\u00eda del padre\u201d. &nbsp;Pero s\u00ed&nbsp;quiero invitarles a hacer una catarsis interna si en realidad hemos sido padres para nuestros hijos. Porque si empezamos por el principio, nos daremos cuenta que muchos fuimos buenos esposos, buenos pap\u00e1s para suplir todas las necesidades de nuestra [&hellip;]","og_url":"https:\/\/laprensacristiana.com\/?p=12133","og_site_name":"La Prensa Cristiana","article_published_time":"2021-06-18T14:57:33+00:00","article_modified_time":"2021-06-18T14:57:34+00:00","og_image":[{"width":1280,"height":714,"url":"https:\/\/laprensacristiana.com\/wp-content\/uploads\/2021\/02\/IMG_20210215_163352_769.jpg","type":"image\/jpeg"}],"author":"EDITOR","twitter_card":"summary_large_image","twitter_misc":{"Escrito por":"EDITOR","Tiempo de lectura":"7 minutos"},"schema":{"@context":"https:\/\/schema.org","@graph":[{"@type":"WebPage","@id":"https:\/\/laprensacristiana.com\/?p=12133","url":"https:\/\/laprensacristiana.com\/?p=12133","name":"\u00bfD\u00eda del padre o pap\u00e1? - La Prensa Cristiana","isPartOf":{"@id":"https:\/\/laprensacristiana.com\/#website"},"datePublished":"2021-06-18T14:57:33+00:00","dateModified":"2021-06-18T14:57:34+00:00","author":{"@id":"https:\/\/laprensacristiana.com\/#\/schema\/person\/3e7d82c6bfd6b1fa67010f8f7cd5256e"},"breadcrumb":{"@id":"https:\/\/laprensacristiana.com\/?p=12133#breadcrumb"},"inLanguage":"es","potentialAction":[{"@type":"ReadAction","target":["https:\/\/laprensacristiana.com\/?p=12133"]}]},{"@type":"BreadcrumbList","@id":"https:\/\/laprensacristiana.com\/?p=12133#breadcrumb","itemListElement":[{"@type":"ListItem","position":1,"name":"Portada","item":"https:\/\/laprensacristiana.com\/"},{"@type":"ListItem","position":2,"name":"\u00bfD\u00eda del padre o pap\u00e1?"}]},{"@type":"WebSite","@id":"https:\/\/laprensacristiana.com\/#website","url":"https:\/\/laprensacristiana.com\/","name":"La Prensa Cristiana","description":"Anunciando Las Buenas Nuevas","potentialAction":[{"@type":"SearchAction","target":{"@type":"EntryPoint","urlTemplate":"https:\/\/laprensacristiana.com\/?s={search_term_string}"},"query-input":"required name=search_term_string"}],"inLanguage":"es"},{"@type":"Person","@id":"https:\/\/laprensacristiana.com\/#\/schema\/person\/3e7d82c6bfd6b1fa67010f8f7cd5256e","name":"EDITOR","image":{"@type":"ImageObject","inLanguage":"es","@id":"https:\/\/laprensacristiana.com\/#\/schema\/person\/image\/","url":"https:\/\/secure.gravatar.com\/avatar\/72069dfb6c13772d9e8381e3638666d2?s=96&d=mm&r=g","contentUrl":"https:\/\/secure.gravatar.com\/avatar\/72069dfb6c13772d9e8381e3638666d2?s=96&d=mm&r=g","caption":"EDITOR"},"url":"https:\/\/laprensacristiana.com\/?author=3"}]}},"_links":{"self":[{"href":"https:\/\/laprensacristiana.com\/index.php?rest_route=\/wp\/v2\/posts\/12133"}],"collection":[{"href":"https:\/\/laprensacristiana.com\/index.php?rest_route=\/wp\/v2\/posts"}],"about":[{"href":"https:\/\/laprensacristiana.com\/index.php?rest_route=\/wp\/v2\/types\/post"}],"author":[{"embeddable":true,"href":"https:\/\/laprensacristiana.com\/index.php?rest_route=\/wp\/v2\/users\/3"}],"replies":[{"embeddable":true,"href":"https:\/\/laprensacristiana.com\/index.php?rest_route=%2Fwp%2Fv2%2Fcomments&post=12133"}],"version-history":[{"count":1,"href":"https:\/\/laprensacristiana.com\/index.php?rest_route=\/wp\/v2\/posts\/12133\/revisions"}],"predecessor-version":[{"id":12134,"href":"https:\/\/laprensacristiana.com\/index.php?rest_route=\/wp\/v2\/posts\/12133\/revisions\/12134"}],"wp:featuredmedia":[{"embeddable":true,"href":"https:\/\/laprensacristiana.com\/index.php?rest_route=\/wp\/v2\/media\/11327"}],"wp:attachment":[{"href":"https:\/\/laprensacristiana.com\/index.php?rest_route=%2Fwp%2Fv2%2Fmedia&parent=12133"}],"wp:term":[{"taxonomy":"category","embeddable":true,"href":"https:\/\/laprensacristiana.com\/index.php?rest_route=%2Fwp%2Fv2%2Fcategories&post=12133"},{"taxonomy":"post_tag","embeddable":true,"href":"https:\/\/laprensacristiana.com\/index.php?rest_route=%2Fwp%2Fv2%2Ftags&post=12133"}],"curies":[{"name":"wp","href":"https:\/\/api.w.org\/{rel}","templated":true}]}}