{"id":12135,"date":"2021-06-21T15:59:55","date_gmt":"2021-06-21T15:59:55","guid":{"rendered":"https:\/\/laprensacristiana.com\/?p=12135"},"modified":"2021-06-21T15:59:56","modified_gmt":"2021-06-21T15:59:56","slug":"somos-tres-en-uno","status":"publish","type":"post","link":"https:\/\/laprensacristiana.com\/?p=12135","title":{"rendered":"Somos tres en uno"},"content":{"rendered":"\n<p>S\u00ed, pero no les voy a hablar desde el punto espiritual: Alma, Cuerpo y esp\u00edritu. No. Quiero compartir estos pensamientos de nuestra trilog\u00eda personal.&nbsp;\u00cdntima. Privada y muy pocas veces p\u00fablica.<\/p>\n\n\n\n<p>Veamos:<\/p>\n\n\n\n<p>En cada uno de nosotros hay tres personas: La que ven los dem\u00e1s. La que vemos nosotros y la que ve Dios. &nbsp;\u00bfA cual de las tres le vamos a dar m\u00e9ritos? &nbsp;<\/p>\n\n\n\n<p>Porque no es un secreto que aprendemos a fingir lo que no somos desde que&nbsp;\u00e9ramos peque\u00f1os. En nuestra casa. Cuando nuestros padres le dec\u00edan a la t\u00eda que llegaba a visitarnos y ella opinaba que&nbsp;\u00e9ramos los ni\u00f1os m\u00e1s hermosos y bien portados del universo. &nbsp;Nuestra mam\u00e1&nbsp;dec\u00eda obligadamente:&nbsp;\u201ct\u00fa&nbsp;dices eso porque no lo conoces\u201d. Y es que cuando llegaban visitas aprendimos a fingir lo que no&nbsp;\u00e9ramos.&nbsp;<\/p>\n\n\n\n<p>Y eso nos llev\u00f3&nbsp;a crear el h\u00e1bito que delante de los dem\u00e1s ten\u00edamos que portarnos como angelitos. &nbsp;Luego llegamos a la vida adulta y seguimos fingiendo. Lo hacemos en la Iglesia, en la oficina y en nuestro lugar de trabajo o estudios.<\/p>\n\n\n\n<p>Es la persona que queremos que otros vean. Aparentamos ser lo que no somos para caer bien, para parecer emp\u00e1ticos y simp\u00e1ticos. Algo que en realidad no somos. Pero es importante fingir todo eso para que la chica o&nbsp;\u00e9l se enamoren de nosotros.&nbsp;\u00bfNo es cierto? Aprendimos a presentar una imagen que no es la realidad. Es la persona que queremos que otros vean.<\/p>\n\n\n\n<p>Luego est\u00e1&nbsp;la que vemos nosotros. Es la que vemos al espejo cada d\u00eda que nos levantamos. Es la persona real. La que no nos gusta. La que queremos esconder de todos, incluyendo a Dios. Como Adan y Eva, no quer\u00edan que Dios los viera en toda su desnudez. Por eso se hicieron vestidos espurios. Lo que no sab\u00edan y no sabemos nosotros, es que Dios ve lo que es realmente. Nos ve desnudos y miserables.<\/p>\n\n\n\n<p>La persona que vemos nosotros no es agradable. Los ojos hinchados, la boca manchada por la saliva que expulsamos mientras dormimos, la barba que nos creci\u00f3&nbsp;durante la noche y que nos hacer perder el cach\u00e9. Vemos a la mujer o al hombre despeinados y con el cabello alborotado. Vemos el vientre lleno de grasa horrible, los brazos bofos, las piernas sin m\u00fasculos y en fin, toda una serie de imperfecciones que tenemos que esconder a fuerza de que los que nos vean en el trabajo o la universidad no se den cuenta.<\/p>\n\n\n\n<p>Y viene la ficci\u00f3n. Viene el maquillaje. Los hombres nos rasuramos, nos echamos nuestras cremas para esconder arrugas e imperfecciones, las mujeres esconden sus grasas abdominales con sus fajas que casi no las dejan respirar pero todo sea para bien de la figura.&nbsp;<\/p>\n\n\n\n<p>Y, lo m\u00e1s importante, pero a lo que no le damos la importancia capital que merece, es la persona que ve Dios. All\u00ed, mis amigos, no hay vuelta de hoja. Delante del Se\u00f1or no hay fajas que disimulen, cremas que oculten, rasuradas que finjan, sonrisas o dientes bien colocados con Corega para que parezcan originales, blanqueadores de dientes para esconder lo amarillento a causa de tanto fumar, cinturas de Barbies ni nada de lo que venden en Amazon para el cuerpo perfecto.<\/p>\n\n\n\n<p>A Dios nadie lo enga\u00f1a. Lo peor de todo es que a ese detalle no le damos el valor que debe tener. &nbsp;No nos presentamos ante el Se\u00f1or tal y como somos. A\u00fan a&nbsp;\u00c9l lo queremos impresionar con la persona que no somos ni de lejos.&nbsp;\u00bfComo lo hacemos? Ah, nuestras oraciones. Nuestra forma de orar. Nuestra forma de pedirle cosas y de nombrarlo.&nbsp;\u201cDiosito Bueno, Salvador de mi vida, mi Eterno Proveedor\u201d&nbsp;son algunos de los t\u00edtulos que le decimos para tratar de impresionarlo. Si no me cree, vea y escuche a algunos predicadores que en el p\u00falpito dejan media garganta con los gritos y aspavientos que hacen cuando oran frente a su congregaci\u00f3n. Se desga\u00f1itan en p\u00fablico porque en privado no hablan con el Se\u00f1or. No se desnudan delante de su Santidad. Nos presentamos con una de las dos personalidades que como Dorian Gray hemos aprendido a cultivar sin darnos cuenta que ante su Sabidur\u00eda nada se esconde.&nbsp;<\/p>\n\n\n\n<p>\u00bfHemos ca\u00eddo en estas faltas? Es tiempo de sincerarnos delante del Se\u00f1or y ya no continuar disfraz\u00e1ndonos de actores de Hollywood maquillando nuestro verdadero yo. Mejor rindamos al Se\u00f1or nuestras debilidades para que&nbsp;\u00c9l pueda sacar de dentro de nosotros las fortalezas que&nbsp;\u00c9l desea que mostremos.<\/p>\n","protected":false},"excerpt":{"rendered":"<p>S\u00ed, pero no les voy a hablar desde el punto espiritual: Alma, Cuerpo y esp\u00edritu. No. Quiero compartir estos pensamientos de nuestra trilog\u00eda personal.&nbsp;\u00cdntima. Privada y muy pocas veces p\u00fablica. Veamos: En cada uno de nosotros hay tres personas: La que ven los dem\u00e1s. La que vemos nosotros y la que ve Dios. &nbsp;\u00bfA cual [&hellip;]<\/p>\n","protected":false},"author":3,"featured_media":11327,"comment_status":"open","ping_status":"open","sticky":false,"template":"","format":"standard","meta":[],"categories":[36],"tags":[],"yoast_head":"<!-- This site is optimized with the Yoast SEO plugin v20.8 - https:\/\/yoast.com\/wordpress\/plugins\/seo\/ -->\n<title>Somos tres en uno - La Prensa Cristiana<\/title>\n<meta name=\"robots\" content=\"index, follow, max-snippet:-1, max-image-preview:large, max-video-preview:-1\" \/>\n<link rel=\"canonical\" href=\"https:\/\/laprensacristiana.com\/?p=12135\" \/>\n<meta property=\"og:locale\" content=\"es_ES\" \/>\n<meta property=\"og:type\" content=\"article\" \/>\n<meta property=\"og:title\" content=\"Somos tres en uno - La Prensa Cristiana\" \/>\n<meta property=\"og:description\" content=\"S\u00ed, pero no les voy a hablar desde el punto espiritual: Alma, Cuerpo y esp\u00edritu. No. Quiero compartir estos pensamientos de nuestra trilog\u00eda personal.&nbsp;\u00cdntima. Privada y muy pocas veces p\u00fablica. Veamos: En cada uno de nosotros hay tres personas: La que ven los dem\u00e1s. La que vemos nosotros y la que ve Dios. &nbsp;\u00bfA cual [&hellip;]\" \/>\n<meta property=\"og:url\" content=\"https:\/\/laprensacristiana.com\/?p=12135\" \/>\n<meta property=\"og:site_name\" content=\"La Prensa Cristiana\" \/>\n<meta property=\"article:published_time\" content=\"2021-06-21T15:59:55+00:00\" \/>\n<meta property=\"article:modified_time\" content=\"2021-06-21T15:59:56+00:00\" \/>\n<meta property=\"og:image\" content=\"https:\/\/laprensacristiana.com\/wp-content\/uploads\/2021\/02\/IMG_20210215_163352_769.jpg\" \/>\n\t<meta property=\"og:image:width\" content=\"1280\" \/>\n\t<meta property=\"og:image:height\" content=\"714\" \/>\n\t<meta property=\"og:image:type\" content=\"image\/jpeg\" \/>\n<meta name=\"author\" content=\"EDITOR\" \/>\n<meta name=\"twitter:card\" content=\"summary_large_image\" \/>\n<meta name=\"twitter:label1\" content=\"Escrito por\" \/>\n\t<meta name=\"twitter:data1\" content=\"EDITOR\" \/>\n\t<meta name=\"twitter:label2\" content=\"Tiempo de lectura\" \/>\n\t<meta name=\"twitter:data2\" content=\"4 minutos\" \/>\n<script type=\"application\/ld+json\" class=\"yoast-schema-graph\">{\"@context\":\"https:\/\/schema.org\",\"@graph\":[{\"@type\":\"WebPage\",\"@id\":\"https:\/\/laprensacristiana.com\/?p=12135\",\"url\":\"https:\/\/laprensacristiana.com\/?p=12135\",\"name\":\"Somos tres en uno - La Prensa Cristiana\",\"isPartOf\":{\"@id\":\"https:\/\/laprensacristiana.com\/#website\"},\"datePublished\":\"2021-06-21T15:59:55+00:00\",\"dateModified\":\"2021-06-21T15:59:56+00:00\",\"author\":{\"@id\":\"https:\/\/laprensacristiana.com\/#\/schema\/person\/3e7d82c6bfd6b1fa67010f8f7cd5256e\"},\"breadcrumb\":{\"@id\":\"https:\/\/laprensacristiana.com\/?p=12135#breadcrumb\"},\"inLanguage\":\"es\",\"potentialAction\":[{\"@type\":\"ReadAction\",\"target\":[\"https:\/\/laprensacristiana.com\/?p=12135\"]}]},{\"@type\":\"BreadcrumbList\",\"@id\":\"https:\/\/laprensacristiana.com\/?p=12135#breadcrumb\",\"itemListElement\":[{\"@type\":\"ListItem\",\"position\":1,\"name\":\"Portada\",\"item\":\"https:\/\/laprensacristiana.com\/\"},{\"@type\":\"ListItem\",\"position\":2,\"name\":\"Somos tres en uno\"}]},{\"@type\":\"WebSite\",\"@id\":\"https:\/\/laprensacristiana.com\/#website\",\"url\":\"https:\/\/laprensacristiana.com\/\",\"name\":\"La Prensa Cristiana\",\"description\":\"Anunciando Las Buenas Nuevas\",\"potentialAction\":[{\"@type\":\"SearchAction\",\"target\":{\"@type\":\"EntryPoint\",\"urlTemplate\":\"https:\/\/laprensacristiana.com\/?s={search_term_string}\"},\"query-input\":\"required name=search_term_string\"}],\"inLanguage\":\"es\"},{\"@type\":\"Person\",\"@id\":\"https:\/\/laprensacristiana.com\/#\/schema\/person\/3e7d82c6bfd6b1fa67010f8f7cd5256e\",\"name\":\"EDITOR\",\"image\":{\"@type\":\"ImageObject\",\"inLanguage\":\"es\",\"@id\":\"https:\/\/laprensacristiana.com\/#\/schema\/person\/image\/\",\"url\":\"https:\/\/secure.gravatar.com\/avatar\/72069dfb6c13772d9e8381e3638666d2?s=96&d=mm&r=g\",\"contentUrl\":\"https:\/\/secure.gravatar.com\/avatar\/72069dfb6c13772d9e8381e3638666d2?s=96&d=mm&r=g\",\"caption\":\"EDITOR\"},\"url\":\"https:\/\/laprensacristiana.com\/?author=3\"}]}<\/script>\n<!-- \/ Yoast SEO plugin. -->","yoast_head_json":{"title":"Somos tres en uno - La Prensa Cristiana","robots":{"index":"index","follow":"follow","max-snippet":"max-snippet:-1","max-image-preview":"max-image-preview:large","max-video-preview":"max-video-preview:-1"},"canonical":"https:\/\/laprensacristiana.com\/?p=12135","og_locale":"es_ES","og_type":"article","og_title":"Somos tres en uno - La Prensa Cristiana","og_description":"S\u00ed, pero no les voy a hablar desde el punto espiritual: Alma, Cuerpo y esp\u00edritu. No. Quiero compartir estos pensamientos de nuestra trilog\u00eda personal.&nbsp;\u00cdntima. Privada y muy pocas veces p\u00fablica. Veamos: En cada uno de nosotros hay tres personas: La que ven los dem\u00e1s. La que vemos nosotros y la que ve Dios. &nbsp;\u00bfA cual [&hellip;]","og_url":"https:\/\/laprensacristiana.com\/?p=12135","og_site_name":"La Prensa Cristiana","article_published_time":"2021-06-21T15:59:55+00:00","article_modified_time":"2021-06-21T15:59:56+00:00","og_image":[{"width":1280,"height":714,"url":"https:\/\/laprensacristiana.com\/wp-content\/uploads\/2021\/02\/IMG_20210215_163352_769.jpg","type":"image\/jpeg"}],"author":"EDITOR","twitter_card":"summary_large_image","twitter_misc":{"Escrito por":"EDITOR","Tiempo de lectura":"4 minutos"},"schema":{"@context":"https:\/\/schema.org","@graph":[{"@type":"WebPage","@id":"https:\/\/laprensacristiana.com\/?p=12135","url":"https:\/\/laprensacristiana.com\/?p=12135","name":"Somos tres en uno - La Prensa Cristiana","isPartOf":{"@id":"https:\/\/laprensacristiana.com\/#website"},"datePublished":"2021-06-21T15:59:55+00:00","dateModified":"2021-06-21T15:59:56+00:00","author":{"@id":"https:\/\/laprensacristiana.com\/#\/schema\/person\/3e7d82c6bfd6b1fa67010f8f7cd5256e"},"breadcrumb":{"@id":"https:\/\/laprensacristiana.com\/?p=12135#breadcrumb"},"inLanguage":"es","potentialAction":[{"@type":"ReadAction","target":["https:\/\/laprensacristiana.com\/?p=12135"]}]},{"@type":"BreadcrumbList","@id":"https:\/\/laprensacristiana.com\/?p=12135#breadcrumb","itemListElement":[{"@type":"ListItem","position":1,"name":"Portada","item":"https:\/\/laprensacristiana.com\/"},{"@type":"ListItem","position":2,"name":"Somos tres en uno"}]},{"@type":"WebSite","@id":"https:\/\/laprensacristiana.com\/#website","url":"https:\/\/laprensacristiana.com\/","name":"La Prensa Cristiana","description":"Anunciando Las Buenas Nuevas","potentialAction":[{"@type":"SearchAction","target":{"@type":"EntryPoint","urlTemplate":"https:\/\/laprensacristiana.com\/?s={search_term_string}"},"query-input":"required name=search_term_string"}],"inLanguage":"es"},{"@type":"Person","@id":"https:\/\/laprensacristiana.com\/#\/schema\/person\/3e7d82c6bfd6b1fa67010f8f7cd5256e","name":"EDITOR","image":{"@type":"ImageObject","inLanguage":"es","@id":"https:\/\/laprensacristiana.com\/#\/schema\/person\/image\/","url":"https:\/\/secure.gravatar.com\/avatar\/72069dfb6c13772d9e8381e3638666d2?s=96&d=mm&r=g","contentUrl":"https:\/\/secure.gravatar.com\/avatar\/72069dfb6c13772d9e8381e3638666d2?s=96&d=mm&r=g","caption":"EDITOR"},"url":"https:\/\/laprensacristiana.com\/?author=3"}]}},"_links":{"self":[{"href":"https:\/\/laprensacristiana.com\/index.php?rest_route=\/wp\/v2\/posts\/12135"}],"collection":[{"href":"https:\/\/laprensacristiana.com\/index.php?rest_route=\/wp\/v2\/posts"}],"about":[{"href":"https:\/\/laprensacristiana.com\/index.php?rest_route=\/wp\/v2\/types\/post"}],"author":[{"embeddable":true,"href":"https:\/\/laprensacristiana.com\/index.php?rest_route=\/wp\/v2\/users\/3"}],"replies":[{"embeddable":true,"href":"https:\/\/laprensacristiana.com\/index.php?rest_route=%2Fwp%2Fv2%2Fcomments&post=12135"}],"version-history":[{"count":1,"href":"https:\/\/laprensacristiana.com\/index.php?rest_route=\/wp\/v2\/posts\/12135\/revisions"}],"predecessor-version":[{"id":12136,"href":"https:\/\/laprensacristiana.com\/index.php?rest_route=\/wp\/v2\/posts\/12135\/revisions\/12136"}],"wp:featuredmedia":[{"embeddable":true,"href":"https:\/\/laprensacristiana.com\/index.php?rest_route=\/wp\/v2\/media\/11327"}],"wp:attachment":[{"href":"https:\/\/laprensacristiana.com\/index.php?rest_route=%2Fwp%2Fv2%2Fmedia&parent=12135"}],"wp:term":[{"taxonomy":"category","embeddable":true,"href":"https:\/\/laprensacristiana.com\/index.php?rest_route=%2Fwp%2Fv2%2Fcategories&post=12135"},{"taxonomy":"post_tag","embeddable":true,"href":"https:\/\/laprensacristiana.com\/index.php?rest_route=%2Fwp%2Fv2%2Ftags&post=12135"}],"curies":[{"name":"wp","href":"https:\/\/api.w.org\/{rel}","templated":true}]}}