{"id":12150,"date":"2021-06-23T16:03:53","date_gmt":"2021-06-23T16:03:53","guid":{"rendered":"https:\/\/laprensacristiana.com\/?p=12150"},"modified":"2021-06-23T16:03:54","modified_gmt":"2021-06-23T16:03:54","slug":"el-ser-humano-y-las-mascotas","status":"publish","type":"post","link":"https:\/\/laprensacristiana.com\/?p=12150","title":{"rendered":"El ser humano y las mascotas"},"content":{"rendered":"\n<p><\/p>\n\n\n\n<p>Curioso el t\u00edtulo,&nbsp;\u00bfverdad? Perm\u00edtame explicarme:<\/p>\n\n\n\n<p>El hombre no se ama. Lo podemos ver en muchos estadios de la vida cotidiana. Cada ma\u00f1ana Juan se levanta temprano, se prepara para otro d\u00eda de trabajo y se arregla para salir a buscar el bus que lo llevar\u00e1&nbsp;a su cuadra en donde est\u00e1&nbsp;la empresa para la que trabaja.<\/p>\n\n\n\n<p>En unos minutos, la parada del bus empieza a llenarse de otras personas con el mismo pensamiento. Todos esperan el bus para que puedan llegar a tiempo o temprano a sus labores. &nbsp;De pronto, a la vuelta de la esquina, aparece el tan anhelado bus. Todos se apretujan para ser los primeros en entrar y lograr un buen asiento.<\/p>\n\n\n\n<p>Codazos, empujones, insultos, golpes y otras cosas se empiezan a ver en aquel grupo homog\u00e9neo que hasta hace unos minutos quiz\u00e1&nbsp;platicaban amistosamente, sonre\u00edan y estaban calmados.<\/p>\n\n\n\n<p>\u00bfQue pas\u00f3? Cada quien mira por su inter\u00e9s en subir al bus y los dem\u00e1s que vean como se las arreglan. Se acab\u00f3&nbsp;la cortes\u00eda, la amistad, las sonrisas y lo aparentemente bueno que hab\u00eda hace unos minutos se evapora al momento de lograr un asiento en la camioneta.<\/p>\n\n\n\n<p>Por eso no podemos confiar en el amor humano. Es cambiante. Voluble y d\u00e9bil. El hombre o la mujer dan amor cuando les conviene o cuando pueden, o cuando quieren. Por lo dem\u00e1s, siempre aflora el ego\u00edsmo, el egocentrismo y todo lo feo del ser humano.<\/p>\n\n\n\n<p>\u00bfEn donde est\u00e1&nbsp;el problema? El ser humano no se ama a s\u00ed&nbsp;mismo. Y parad\u00f3jicamente es el segundo mandamiento en la Ley de Dios. No podemos amar al pr\u00f3jimo si no nos amamos a nosotros mismos. &nbsp;Alguien dir\u00e1: Yo si me amo, pastor.&nbsp;\u00a1Aj\u00e1! ve\u00e1moslo con lupa:<\/p>\n\n\n\n<p>Juan tiene una mascota. Puede ser un loro, un perrito o cualquier otro animal. Desde el momento que lo adopta como su mascota, empieza a amarlo. Se encari\u00f1a r\u00e1pidamente con&nbsp;\u00e9l, empieza a cuidarlo. Le compra su alimento. Le pone agua fresca todos los d\u00edas. Lo lleva al veterinario para que le ponga sus vacunas debidas. Lo mima, juega con&nbsp;\u00e9l, lo saca a pasear por la cuadra para que haga ejercicio y&nbsp;\u00a1hay! de aquel que quiera hacerle da\u00f1o.<\/p>\n\n\n\n<p>Si lo lastiman, Juan sufre. Si se enferma deja todo para ayudarlo. Si tiene garrapatas o pulgas gasta lo necesario para que no sufra con esas plagas. &nbsp;Le aplica sus medicamentos religiosamente a sus horas y d\u00edas ordenadas por su veterinario. &nbsp;Es un peque\u00f1o bosquejo de lo que hacemos con nuestra mascota. Es un animal, pero tiene m\u00e1s valor que nosotros mismos.<\/p>\n\n\n\n<p>\u00bfNosotros mismos?&nbsp;\u00bfComo as\u00ed? Veamos otra vez con lupa las cosas:<\/p>\n\n\n\n<p>Juan tiene diabetes. &nbsp;Y es hipertenso. &nbsp;Debiera evitar la obesidad, el consumo de az\u00facar y las emociones fuertes. Pero no hace eso. Se enoja. Consume demasiada az\u00facar. No hace ejercicios y su peso sobrepasa los l\u00edmites permitidos. En una mesa est\u00e1n sus medicamentos que el m\u00e9dico le receta pero no se los toma. En un caj\u00f3n est\u00e1n las recetas de sus medicinas que nunca compr\u00f3. &nbsp;No sale a caminar para bajar su peso. No cuida sus emociones. Es sedentario y no le importa nada dejar a su familia si llegara a morir.<\/p>\n\n\n\n<p>\u00a1Ah! Pero est\u00e1&nbsp;afiliado a una asociaci\u00f3n para cuidar el medio ambiente. Los mares hay que mantenerlos libres de pl\u00e1sticos. Hay que proteger a las tortugas y los&nbsp;\u00e1rboles. Cuidado qui\u00e9n lastime a un delf\u00edn. Hay que abrir lugares especiales para cuidar y sanar p\u00e1jaros heridos.<\/p>\n\n\n\n<p>Entonces concluimos que Juan no se ama. Y si no se ama a s\u00ed&nbsp;mismo no puede amar a su esposa, su familia, su cuadra, sus vecinos y a todos los que se mueven en su entorno. Dice que ama a los animales pero de ellos se encarga Dios, en cambio de nosotros nos encargamos nosotros mismos.<\/p>\n\n\n\n<p>Jesus dijo: D\u00e9nles ustedes de comer pero lo dijo a los hermanos. Y Pablo dijo que primero a la familia de la fe. No dijo que le di\u00e9ramos de comer primero a los perros o las gaviotas.&nbsp;<\/p>\n\n\n\n<p>El ser humano no ama. Lo m\u00e1s triste es que esto tambi\u00e9n se nota en la Iglesia que es donde se debe mostrar el amor de Cristo por los dem\u00e1s. Curioso,&nbsp;\u00bfverdad?<\/p>\n","protected":false},"excerpt":{"rendered":"<p>Curioso el t\u00edtulo,&nbsp;\u00bfverdad? Perm\u00edtame explicarme: El hombre no se ama. Lo podemos ver en muchos estadios de la vida cotidiana. Cada ma\u00f1ana Juan se levanta temprano, se prepara para otro d\u00eda de trabajo y se arregla para salir a buscar el bus que lo llevar\u00e1&nbsp;a su cuadra en donde est\u00e1&nbsp;la empresa para la que trabaja. [&hellip;]<\/p>\n","protected":false},"author":3,"featured_media":11327,"comment_status":"open","ping_status":"open","sticky":false,"template":"","format":"standard","meta":[],"categories":[36],"tags":[],"yoast_head":"<!-- This site is optimized with the Yoast SEO plugin v20.8 - https:\/\/yoast.com\/wordpress\/plugins\/seo\/ -->\n<title>El ser humano y las mascotas - La Prensa Cristiana<\/title>\n<meta name=\"robots\" content=\"index, follow, max-snippet:-1, max-image-preview:large, max-video-preview:-1\" \/>\n<link rel=\"canonical\" href=\"https:\/\/laprensacristiana.com\/?p=12150\" \/>\n<meta property=\"og:locale\" content=\"es_ES\" \/>\n<meta property=\"og:type\" content=\"article\" \/>\n<meta property=\"og:title\" content=\"El ser humano y las mascotas - La Prensa Cristiana\" \/>\n<meta property=\"og:description\" content=\"Curioso el t\u00edtulo,&nbsp;\u00bfverdad? Perm\u00edtame explicarme: El hombre no se ama. Lo podemos ver en muchos estadios de la vida cotidiana. Cada ma\u00f1ana Juan se levanta temprano, se prepara para otro d\u00eda de trabajo y se arregla para salir a buscar el bus que lo llevar\u00e1&nbsp;a su cuadra en donde est\u00e1&nbsp;la empresa para la que trabaja. [&hellip;]\" \/>\n<meta property=\"og:url\" content=\"https:\/\/laprensacristiana.com\/?p=12150\" \/>\n<meta property=\"og:site_name\" content=\"La Prensa Cristiana\" \/>\n<meta property=\"article:published_time\" content=\"2021-06-23T16:03:53+00:00\" \/>\n<meta property=\"article:modified_time\" content=\"2021-06-23T16:03:54+00:00\" \/>\n<meta property=\"og:image\" content=\"https:\/\/laprensacristiana.com\/wp-content\/uploads\/2021\/02\/IMG_20210215_163352_769.jpg\" \/>\n\t<meta property=\"og:image:width\" content=\"1280\" \/>\n\t<meta property=\"og:image:height\" content=\"714\" \/>\n\t<meta property=\"og:image:type\" content=\"image\/jpeg\" \/>\n<meta name=\"author\" content=\"EDITOR\" \/>\n<meta name=\"twitter:card\" content=\"summary_large_image\" \/>\n<meta name=\"twitter:label1\" content=\"Escrito por\" \/>\n\t<meta name=\"twitter:data1\" content=\"EDITOR\" \/>\n\t<meta name=\"twitter:label2\" content=\"Tiempo de lectura\" \/>\n\t<meta name=\"twitter:data2\" content=\"4 minutos\" \/>\n<script type=\"application\/ld+json\" class=\"yoast-schema-graph\">{\"@context\":\"https:\/\/schema.org\",\"@graph\":[{\"@type\":\"WebPage\",\"@id\":\"https:\/\/laprensacristiana.com\/?p=12150\",\"url\":\"https:\/\/laprensacristiana.com\/?p=12150\",\"name\":\"El ser humano y las mascotas - La Prensa Cristiana\",\"isPartOf\":{\"@id\":\"https:\/\/laprensacristiana.com\/#website\"},\"datePublished\":\"2021-06-23T16:03:53+00:00\",\"dateModified\":\"2021-06-23T16:03:54+00:00\",\"author\":{\"@id\":\"https:\/\/laprensacristiana.com\/#\/schema\/person\/3e7d82c6bfd6b1fa67010f8f7cd5256e\"},\"breadcrumb\":{\"@id\":\"https:\/\/laprensacristiana.com\/?p=12150#breadcrumb\"},\"inLanguage\":\"es\",\"potentialAction\":[{\"@type\":\"ReadAction\",\"target\":[\"https:\/\/laprensacristiana.com\/?p=12150\"]}]},{\"@type\":\"BreadcrumbList\",\"@id\":\"https:\/\/laprensacristiana.com\/?p=12150#breadcrumb\",\"itemListElement\":[{\"@type\":\"ListItem\",\"position\":1,\"name\":\"Portada\",\"item\":\"https:\/\/laprensacristiana.com\/\"},{\"@type\":\"ListItem\",\"position\":2,\"name\":\"El ser humano y las mascotas\"}]},{\"@type\":\"WebSite\",\"@id\":\"https:\/\/laprensacristiana.com\/#website\",\"url\":\"https:\/\/laprensacristiana.com\/\",\"name\":\"La Prensa Cristiana\",\"description\":\"Anunciando Las Buenas Nuevas\",\"potentialAction\":[{\"@type\":\"SearchAction\",\"target\":{\"@type\":\"EntryPoint\",\"urlTemplate\":\"https:\/\/laprensacristiana.com\/?s={search_term_string}\"},\"query-input\":\"required name=search_term_string\"}],\"inLanguage\":\"es\"},{\"@type\":\"Person\",\"@id\":\"https:\/\/laprensacristiana.com\/#\/schema\/person\/3e7d82c6bfd6b1fa67010f8f7cd5256e\",\"name\":\"EDITOR\",\"image\":{\"@type\":\"ImageObject\",\"inLanguage\":\"es\",\"@id\":\"https:\/\/laprensacristiana.com\/#\/schema\/person\/image\/\",\"url\":\"https:\/\/secure.gravatar.com\/avatar\/72069dfb6c13772d9e8381e3638666d2?s=96&d=mm&r=g\",\"contentUrl\":\"https:\/\/secure.gravatar.com\/avatar\/72069dfb6c13772d9e8381e3638666d2?s=96&d=mm&r=g\",\"caption\":\"EDITOR\"},\"url\":\"https:\/\/laprensacristiana.com\/?author=3\"}]}<\/script>\n<!-- \/ Yoast SEO plugin. -->","yoast_head_json":{"title":"El ser humano y las mascotas - La Prensa Cristiana","robots":{"index":"index","follow":"follow","max-snippet":"max-snippet:-1","max-image-preview":"max-image-preview:large","max-video-preview":"max-video-preview:-1"},"canonical":"https:\/\/laprensacristiana.com\/?p=12150","og_locale":"es_ES","og_type":"article","og_title":"El ser humano y las mascotas - La Prensa Cristiana","og_description":"Curioso el t\u00edtulo,&nbsp;\u00bfverdad? Perm\u00edtame explicarme: El hombre no se ama. Lo podemos ver en muchos estadios de la vida cotidiana. Cada ma\u00f1ana Juan se levanta temprano, se prepara para otro d\u00eda de trabajo y se arregla para salir a buscar el bus que lo llevar\u00e1&nbsp;a su cuadra en donde est\u00e1&nbsp;la empresa para la que trabaja. [&hellip;]","og_url":"https:\/\/laprensacristiana.com\/?p=12150","og_site_name":"La Prensa Cristiana","article_published_time":"2021-06-23T16:03:53+00:00","article_modified_time":"2021-06-23T16:03:54+00:00","og_image":[{"width":1280,"height":714,"url":"https:\/\/laprensacristiana.com\/wp-content\/uploads\/2021\/02\/IMG_20210215_163352_769.jpg","type":"image\/jpeg"}],"author":"EDITOR","twitter_card":"summary_large_image","twitter_misc":{"Escrito por":"EDITOR","Tiempo de lectura":"4 minutos"},"schema":{"@context":"https:\/\/schema.org","@graph":[{"@type":"WebPage","@id":"https:\/\/laprensacristiana.com\/?p=12150","url":"https:\/\/laprensacristiana.com\/?p=12150","name":"El ser humano y las mascotas - La Prensa Cristiana","isPartOf":{"@id":"https:\/\/laprensacristiana.com\/#website"},"datePublished":"2021-06-23T16:03:53+00:00","dateModified":"2021-06-23T16:03:54+00:00","author":{"@id":"https:\/\/laprensacristiana.com\/#\/schema\/person\/3e7d82c6bfd6b1fa67010f8f7cd5256e"},"breadcrumb":{"@id":"https:\/\/laprensacristiana.com\/?p=12150#breadcrumb"},"inLanguage":"es","potentialAction":[{"@type":"ReadAction","target":["https:\/\/laprensacristiana.com\/?p=12150"]}]},{"@type":"BreadcrumbList","@id":"https:\/\/laprensacristiana.com\/?p=12150#breadcrumb","itemListElement":[{"@type":"ListItem","position":1,"name":"Portada","item":"https:\/\/laprensacristiana.com\/"},{"@type":"ListItem","position":2,"name":"El ser humano y las mascotas"}]},{"@type":"WebSite","@id":"https:\/\/laprensacristiana.com\/#website","url":"https:\/\/laprensacristiana.com\/","name":"La Prensa Cristiana","description":"Anunciando Las Buenas Nuevas","potentialAction":[{"@type":"SearchAction","target":{"@type":"EntryPoint","urlTemplate":"https:\/\/laprensacristiana.com\/?s={search_term_string}"},"query-input":"required name=search_term_string"}],"inLanguage":"es"},{"@type":"Person","@id":"https:\/\/laprensacristiana.com\/#\/schema\/person\/3e7d82c6bfd6b1fa67010f8f7cd5256e","name":"EDITOR","image":{"@type":"ImageObject","inLanguage":"es","@id":"https:\/\/laprensacristiana.com\/#\/schema\/person\/image\/","url":"https:\/\/secure.gravatar.com\/avatar\/72069dfb6c13772d9e8381e3638666d2?s=96&d=mm&r=g","contentUrl":"https:\/\/secure.gravatar.com\/avatar\/72069dfb6c13772d9e8381e3638666d2?s=96&d=mm&r=g","caption":"EDITOR"},"url":"https:\/\/laprensacristiana.com\/?author=3"}]}},"_links":{"self":[{"href":"https:\/\/laprensacristiana.com\/index.php?rest_route=\/wp\/v2\/posts\/12150"}],"collection":[{"href":"https:\/\/laprensacristiana.com\/index.php?rest_route=\/wp\/v2\/posts"}],"about":[{"href":"https:\/\/laprensacristiana.com\/index.php?rest_route=\/wp\/v2\/types\/post"}],"author":[{"embeddable":true,"href":"https:\/\/laprensacristiana.com\/index.php?rest_route=\/wp\/v2\/users\/3"}],"replies":[{"embeddable":true,"href":"https:\/\/laprensacristiana.com\/index.php?rest_route=%2Fwp%2Fv2%2Fcomments&post=12150"}],"version-history":[{"count":1,"href":"https:\/\/laprensacristiana.com\/index.php?rest_route=\/wp\/v2\/posts\/12150\/revisions"}],"predecessor-version":[{"id":12151,"href":"https:\/\/laprensacristiana.com\/index.php?rest_route=\/wp\/v2\/posts\/12150\/revisions\/12151"}],"wp:featuredmedia":[{"embeddable":true,"href":"https:\/\/laprensacristiana.com\/index.php?rest_route=\/wp\/v2\/media\/11327"}],"wp:attachment":[{"href":"https:\/\/laprensacristiana.com\/index.php?rest_route=%2Fwp%2Fv2%2Fmedia&parent=12150"}],"wp:term":[{"taxonomy":"category","embeddable":true,"href":"https:\/\/laprensacristiana.com\/index.php?rest_route=%2Fwp%2Fv2%2Fcategories&post=12150"},{"taxonomy":"post_tag","embeddable":true,"href":"https:\/\/laprensacristiana.com\/index.php?rest_route=%2Fwp%2Fv2%2Ftags&post=12150"}],"curies":[{"name":"wp","href":"https:\/\/api.w.org\/{rel}","templated":true}]}}