{"id":12180,"date":"2021-06-30T15:08:28","date_gmt":"2021-06-30T15:08:28","guid":{"rendered":"https:\/\/laprensacristiana.com\/?p=12180"},"modified":"2021-06-30T15:08:29","modified_gmt":"2021-06-30T15:08:29","slug":"el-capitan-y-jonas","status":"publish","type":"post","link":"https:\/\/laprensacristiana.com\/?p=12180","title":{"rendered":"El capit\u00e1n y Jon\u00e1s"},"content":{"rendered":"\n<p>Jon\u00e1s 1:6&nbsp; \u201cY el patr\u00f3n de la nave se le acerc\u00f3 y le dijo: \u00bfQu\u00e9 tienes, dormil\u00f3n? Lev\u00e1ntate, y clama a tu Dios; quiz\u00e1 \u00e9l tendr\u00e1 compasi\u00f3n de nosotros, y no pereceremos\u201d<\/p>\n\n\n\n<p>Bueno, a veces los cristianos perdemos el norte.&nbsp; Se nos olvida para qu\u00e9 y por qu\u00e9 somos hechos hijos de Dios.&nbsp; Perdemos el inter\u00e9s por mostrar sus Virtudes y nos volvemos como los gentiles que se preocupan por cosas materiales y olvidamos las espirituales.<\/p>\n\n\n\n<p>El peligro de ser desobedientes al Se\u00f1or es que poco a poco vamos perdiendo la sensibilidad para escuchar su Voz y para obedecer sus instrucciones.&nbsp; Y eso acarrea problemas no solo para nosotros mismos pero tambi\u00e9n para quienes nos rodean.&nbsp; En una familia puede haber un hijo desobediente, carnal y dado a los vicios. Aunque no le guste a algunos padres o madres especialmente, ese hijo puede ser el causante que en esa casa se pierdan las bendiciones del Se\u00f1or.&nbsp; Ese hijo o hija rebeldes son los que causan los males que en un hogar se puedan estar dando. Es por eso que la Escritura nos ordena vigilar constantemente nuestras casas y nuestras conductas para evitar que se nos cuele un esp\u00edritu contrario al Esp\u00edritu Santo y que nos cause problemas.<\/p>\n\n\n\n<p>Lamentablemente, los padres de hoy ya no disciplinan a sus hijos conforme la Palabra del Se\u00f1or. Les dejan vivir sus vidas y pretextan que no pueden tomar medidas dr\u00e1sticas porque son sus hijos y qu\u00e9 har\u00edan si se les trata disciplinariamente. Ni modo, pastor, tenemos que aguantar sus berrinches y rebeld\u00edas hasta que el Se\u00f1or tome medidas. No. No fue eso lo que dijo el Se\u00f1or. \u00c9l dijo: Disciplina a tu hijo. Hazlo antes que lo haga Yo.<\/p>\n\n\n\n<p>Jonas es el t\u00edpico caso de un hijo de Dios que no quiere obedecer al Se\u00f1or. Conoce a Dios dado que es hebreo.&nbsp; Conoce los ritos del Templo. Conoce la Ley de Dios y a\u00fan as\u00ed, decide no hacerle caso a sus \u00f3rdenes. Se le ordena ir al punto \u201cb\u201d pero decide irse al punto \u201cc\u201d. Toma un barco para hacer su voluntad y alejarse del punto a donde le ha enviado el Se\u00f1or, a N\u00ednive. Y resulta que el barco empieza a tener problemas.<\/p>\n\n\n\n<p>Se levanta una tormenta espantosa que obliga a los marineros a tirar al mar su comida, sus enseres y aparejos del barco con tal de salvarlo. Cuantos padres tiran a la basura comida que se descompone, aparatos electrodom\u00e9sticos que se queman, bienes que se arruinan porque el \u201cJon\u00e1s\u201d de la casa est\u00e1 causando desajustes espirituales.&nbsp; Los marineros de la historia de Jon\u00e1s est\u00e1n perdiendo el control no solo de sus vidas sino tambi\u00e9n sus propiedades.<\/p>\n\n\n\n<p>Y todos, como son gentiles, cada uno tiene su dios a qui\u00e9n rezar. Empiezan a hacerlo pero l\u00f3gicamente no tienen respuesta. El capit\u00e1n tambi\u00e9n ya est\u00e1 con los pelos de punta y empieza a pasar lista de todos los que compraron boletos para abordar el barco. Pasa revista y falta un pasajero. Lo busca con linterna y lo encuentra bien dormidito en el fondo del barco. Jon\u00e1s duerme como quien no debe nada mientras all\u00e1 arriba, en cubierta, todo es caos y miedo.&nbsp; \u00bfLe parece conocido este acto?&nbsp; Su hijito duerme la mona despu\u00e9s de haber pasado toda la noche con sus amigos tomando cerveza y licor y mientras la mam\u00e1 hace milagros con los pocos frijoles que hay en la refri, \u00e9l duerme tranquilo en su cuchitril.&nbsp; Eso es lo que vemos en Jon\u00e1s.<\/p>\n\n\n\n<p>Y aqu\u00ed est\u00e1 el motivo de mi escrito: Un hombre pagano, incr\u00e9dulo sobre el Dios Verdadero, un hombre pragm\u00e1tico que seguramente no cree en nada, le dice a Jon\u00e1s que clame a su Dios. Ha visto a los marineros que ofrecen rezos, se pegan, se golpean y se laceran con tal de lograr que sus dioses les respondan y calmen la tormenta, pero nada. Esos dioses no tienen el poder de hacerlo.&nbsp; Y Jon\u00e1s declara entones quien es su Dios: El creador del mar y la tierra. Y la soluci\u00f3n es simple: T\u00edrenme al mar y se calmar\u00e1. Echenme de la casa y todo se arregla. Desaganse de m\u00ed y tendr\u00e1n la paz que necesitan.&nbsp; Borre ese contacto de su celular y ya no pecar\u00e1 m\u00e1s. Olvide esa relaci\u00f3n t\u00f3xica y volver\u00e1 a tener salud. Quite ese programa de media noche y podr\u00e1 dormir tranquilo. Deje los cigarrillos y tendr\u00e1 salud. Obedezca al Se\u00f1or y todo le saldr\u00e1 bien.<\/p>\n\n\n\n<p>Un capit\u00e1n incr\u00e9dulo, un hombre de mundo, un vecino que no cree en nada, busca al cristiano de la cuadra para que ore por \u00e9l. Que interceda por su casa o por su barco. Una mujer malcriada y malhablada le pide a la hermanita que vive en la colonia que interceda ante su Dios por ella. Pero est\u00e1 muy dormida. No est\u00e1 preparada para hacerlo. Mientras los ladrones se han adue\u00f1ado de la colonia, Jon\u00e1s est\u00e1 muy tranquilo durmiendo el sue\u00f1o de los religiosos.<\/p>\n\n\n\n<p>\u00bfNo cree que es vergonzoso lo que hace Jon\u00e1s? Alguien dir\u00e1 s\u00ed, claro que si. Pero, \u00bfy nosotros?<\/p>\n","protected":false},"excerpt":{"rendered":"<p>Jon\u00e1s 1:6&nbsp; \u201cY el patr\u00f3n de la nave se le acerc\u00f3 y le dijo: \u00bfQu\u00e9 tienes, dormil\u00f3n? Lev\u00e1ntate, y clama a tu Dios; quiz\u00e1 \u00e9l tendr\u00e1 compasi\u00f3n de nosotros, y no pereceremos\u201d Bueno, a veces los cristianos perdemos el norte.&nbsp; Se nos olvida para qu\u00e9 y por qu\u00e9 somos hechos hijos de Dios.&nbsp; Perdemos el [&hellip;]<\/p>\n","protected":false},"author":3,"featured_media":11327,"comment_status":"open","ping_status":"open","sticky":false,"template":"","format":"standard","meta":[],"categories":[36],"tags":[],"yoast_head":"<!-- This site is optimized with the Yoast SEO plugin v20.8 - https:\/\/yoast.com\/wordpress\/plugins\/seo\/ -->\n<title>El capit\u00e1n y Jon\u00e1s - La Prensa Cristiana<\/title>\n<meta name=\"robots\" content=\"index, follow, max-snippet:-1, max-image-preview:large, max-video-preview:-1\" \/>\n<link rel=\"canonical\" href=\"https:\/\/laprensacristiana.com\/?p=12180\" \/>\n<meta property=\"og:locale\" content=\"es_ES\" \/>\n<meta property=\"og:type\" content=\"article\" \/>\n<meta property=\"og:title\" content=\"El capit\u00e1n y Jon\u00e1s - La Prensa Cristiana\" \/>\n<meta property=\"og:description\" content=\"Jon\u00e1s 1:6&nbsp; \u201cY el patr\u00f3n de la nave se le acerc\u00f3 y le dijo: \u00bfQu\u00e9 tienes, dormil\u00f3n? Lev\u00e1ntate, y clama a tu Dios; quiz\u00e1 \u00e9l tendr\u00e1 compasi\u00f3n de nosotros, y no pereceremos\u201d Bueno, a veces los cristianos perdemos el norte.&nbsp; Se nos olvida para qu\u00e9 y por qu\u00e9 somos hechos hijos de Dios.&nbsp; Perdemos el [&hellip;]\" \/>\n<meta property=\"og:url\" content=\"https:\/\/laprensacristiana.com\/?p=12180\" \/>\n<meta property=\"og:site_name\" content=\"La Prensa Cristiana\" \/>\n<meta property=\"article:published_time\" content=\"2021-06-30T15:08:28+00:00\" \/>\n<meta property=\"article:modified_time\" content=\"2021-06-30T15:08:29+00:00\" \/>\n<meta property=\"og:image\" content=\"https:\/\/laprensacristiana.com\/wp-content\/uploads\/2021\/02\/IMG_20210215_163352_769.jpg\" \/>\n\t<meta property=\"og:image:width\" content=\"1280\" \/>\n\t<meta property=\"og:image:height\" content=\"714\" \/>\n\t<meta property=\"og:image:type\" content=\"image\/jpeg\" \/>\n<meta name=\"author\" content=\"EDITOR\" \/>\n<meta name=\"twitter:card\" content=\"summary_large_image\" \/>\n<meta name=\"twitter:label1\" content=\"Escrito por\" \/>\n\t<meta name=\"twitter:data1\" content=\"EDITOR\" \/>\n\t<meta name=\"twitter:label2\" content=\"Tiempo de lectura\" \/>\n\t<meta name=\"twitter:data2\" content=\"5 minutos\" \/>\n<script type=\"application\/ld+json\" class=\"yoast-schema-graph\">{\"@context\":\"https:\/\/schema.org\",\"@graph\":[{\"@type\":\"WebPage\",\"@id\":\"https:\/\/laprensacristiana.com\/?p=12180\",\"url\":\"https:\/\/laprensacristiana.com\/?p=12180\",\"name\":\"El capit\u00e1n y Jon\u00e1s - La Prensa Cristiana\",\"isPartOf\":{\"@id\":\"https:\/\/laprensacristiana.com\/#website\"},\"datePublished\":\"2021-06-30T15:08:28+00:00\",\"dateModified\":\"2021-06-30T15:08:29+00:00\",\"author\":{\"@id\":\"https:\/\/laprensacristiana.com\/#\/schema\/person\/3e7d82c6bfd6b1fa67010f8f7cd5256e\"},\"breadcrumb\":{\"@id\":\"https:\/\/laprensacristiana.com\/?p=12180#breadcrumb\"},\"inLanguage\":\"es\",\"potentialAction\":[{\"@type\":\"ReadAction\",\"target\":[\"https:\/\/laprensacristiana.com\/?p=12180\"]}]},{\"@type\":\"BreadcrumbList\",\"@id\":\"https:\/\/laprensacristiana.com\/?p=12180#breadcrumb\",\"itemListElement\":[{\"@type\":\"ListItem\",\"position\":1,\"name\":\"Portada\",\"item\":\"https:\/\/laprensacristiana.com\/\"},{\"@type\":\"ListItem\",\"position\":2,\"name\":\"El capit\u00e1n y Jon\u00e1s\"}]},{\"@type\":\"WebSite\",\"@id\":\"https:\/\/laprensacristiana.com\/#website\",\"url\":\"https:\/\/laprensacristiana.com\/\",\"name\":\"La Prensa Cristiana\",\"description\":\"Anunciando Las Buenas Nuevas\",\"potentialAction\":[{\"@type\":\"SearchAction\",\"target\":{\"@type\":\"EntryPoint\",\"urlTemplate\":\"https:\/\/laprensacristiana.com\/?s={search_term_string}\"},\"query-input\":\"required name=search_term_string\"}],\"inLanguage\":\"es\"},{\"@type\":\"Person\",\"@id\":\"https:\/\/laprensacristiana.com\/#\/schema\/person\/3e7d82c6bfd6b1fa67010f8f7cd5256e\",\"name\":\"EDITOR\",\"image\":{\"@type\":\"ImageObject\",\"inLanguage\":\"es\",\"@id\":\"https:\/\/laprensacristiana.com\/#\/schema\/person\/image\/\",\"url\":\"https:\/\/secure.gravatar.com\/avatar\/72069dfb6c13772d9e8381e3638666d2?s=96&d=mm&r=g\",\"contentUrl\":\"https:\/\/secure.gravatar.com\/avatar\/72069dfb6c13772d9e8381e3638666d2?s=96&d=mm&r=g\",\"caption\":\"EDITOR\"},\"url\":\"https:\/\/laprensacristiana.com\/?author=3\"}]}<\/script>\n<!-- \/ Yoast SEO plugin. -->","yoast_head_json":{"title":"El capit\u00e1n y Jon\u00e1s - La Prensa Cristiana","robots":{"index":"index","follow":"follow","max-snippet":"max-snippet:-1","max-image-preview":"max-image-preview:large","max-video-preview":"max-video-preview:-1"},"canonical":"https:\/\/laprensacristiana.com\/?p=12180","og_locale":"es_ES","og_type":"article","og_title":"El capit\u00e1n y Jon\u00e1s - La Prensa Cristiana","og_description":"Jon\u00e1s 1:6&nbsp; \u201cY el patr\u00f3n de la nave se le acerc\u00f3 y le dijo: \u00bfQu\u00e9 tienes, dormil\u00f3n? Lev\u00e1ntate, y clama a tu Dios; quiz\u00e1 \u00e9l tendr\u00e1 compasi\u00f3n de nosotros, y no pereceremos\u201d Bueno, a veces los cristianos perdemos el norte.&nbsp; Se nos olvida para qu\u00e9 y por qu\u00e9 somos hechos hijos de Dios.&nbsp; Perdemos el [&hellip;]","og_url":"https:\/\/laprensacristiana.com\/?p=12180","og_site_name":"La Prensa Cristiana","article_published_time":"2021-06-30T15:08:28+00:00","article_modified_time":"2021-06-30T15:08:29+00:00","og_image":[{"width":1280,"height":714,"url":"https:\/\/laprensacristiana.com\/wp-content\/uploads\/2021\/02\/IMG_20210215_163352_769.jpg","type":"image\/jpeg"}],"author":"EDITOR","twitter_card":"summary_large_image","twitter_misc":{"Escrito por":"EDITOR","Tiempo de lectura":"5 minutos"},"schema":{"@context":"https:\/\/schema.org","@graph":[{"@type":"WebPage","@id":"https:\/\/laprensacristiana.com\/?p=12180","url":"https:\/\/laprensacristiana.com\/?p=12180","name":"El capit\u00e1n y Jon\u00e1s - La Prensa Cristiana","isPartOf":{"@id":"https:\/\/laprensacristiana.com\/#website"},"datePublished":"2021-06-30T15:08:28+00:00","dateModified":"2021-06-30T15:08:29+00:00","author":{"@id":"https:\/\/laprensacristiana.com\/#\/schema\/person\/3e7d82c6bfd6b1fa67010f8f7cd5256e"},"breadcrumb":{"@id":"https:\/\/laprensacristiana.com\/?p=12180#breadcrumb"},"inLanguage":"es","potentialAction":[{"@type":"ReadAction","target":["https:\/\/laprensacristiana.com\/?p=12180"]}]},{"@type":"BreadcrumbList","@id":"https:\/\/laprensacristiana.com\/?p=12180#breadcrumb","itemListElement":[{"@type":"ListItem","position":1,"name":"Portada","item":"https:\/\/laprensacristiana.com\/"},{"@type":"ListItem","position":2,"name":"El capit\u00e1n y Jon\u00e1s"}]},{"@type":"WebSite","@id":"https:\/\/laprensacristiana.com\/#website","url":"https:\/\/laprensacristiana.com\/","name":"La Prensa Cristiana","description":"Anunciando Las Buenas Nuevas","potentialAction":[{"@type":"SearchAction","target":{"@type":"EntryPoint","urlTemplate":"https:\/\/laprensacristiana.com\/?s={search_term_string}"},"query-input":"required name=search_term_string"}],"inLanguage":"es"},{"@type":"Person","@id":"https:\/\/laprensacristiana.com\/#\/schema\/person\/3e7d82c6bfd6b1fa67010f8f7cd5256e","name":"EDITOR","image":{"@type":"ImageObject","inLanguage":"es","@id":"https:\/\/laprensacristiana.com\/#\/schema\/person\/image\/","url":"https:\/\/secure.gravatar.com\/avatar\/72069dfb6c13772d9e8381e3638666d2?s=96&d=mm&r=g","contentUrl":"https:\/\/secure.gravatar.com\/avatar\/72069dfb6c13772d9e8381e3638666d2?s=96&d=mm&r=g","caption":"EDITOR"},"url":"https:\/\/laprensacristiana.com\/?author=3"}]}},"_links":{"self":[{"href":"https:\/\/laprensacristiana.com\/index.php?rest_route=\/wp\/v2\/posts\/12180"}],"collection":[{"href":"https:\/\/laprensacristiana.com\/index.php?rest_route=\/wp\/v2\/posts"}],"about":[{"href":"https:\/\/laprensacristiana.com\/index.php?rest_route=\/wp\/v2\/types\/post"}],"author":[{"embeddable":true,"href":"https:\/\/laprensacristiana.com\/index.php?rest_route=\/wp\/v2\/users\/3"}],"replies":[{"embeddable":true,"href":"https:\/\/laprensacristiana.com\/index.php?rest_route=%2Fwp%2Fv2%2Fcomments&post=12180"}],"version-history":[{"count":1,"href":"https:\/\/laprensacristiana.com\/index.php?rest_route=\/wp\/v2\/posts\/12180\/revisions"}],"predecessor-version":[{"id":12181,"href":"https:\/\/laprensacristiana.com\/index.php?rest_route=\/wp\/v2\/posts\/12180\/revisions\/12181"}],"wp:featuredmedia":[{"embeddable":true,"href":"https:\/\/laprensacristiana.com\/index.php?rest_route=\/wp\/v2\/media\/11327"}],"wp:attachment":[{"href":"https:\/\/laprensacristiana.com\/index.php?rest_route=%2Fwp%2Fv2%2Fmedia&parent=12180"}],"wp:term":[{"taxonomy":"category","embeddable":true,"href":"https:\/\/laprensacristiana.com\/index.php?rest_route=%2Fwp%2Fv2%2Fcategories&post=12180"},{"taxonomy":"post_tag","embeddable":true,"href":"https:\/\/laprensacristiana.com\/index.php?rest_route=%2Fwp%2Fv2%2Ftags&post=12180"}],"curies":[{"name":"wp","href":"https:\/\/api.w.org\/{rel}","templated":true}]}}