{"id":12188,"date":"2021-07-02T15:08:32","date_gmt":"2021-07-02T15:08:32","guid":{"rendered":"https:\/\/laprensacristiana.com\/?p=12188"},"modified":"2021-07-02T15:08:33","modified_gmt":"2021-07-02T15:08:33","slug":"en-donde-se-perdio-la-pasion","status":"publish","type":"post","link":"https:\/\/laprensacristiana.com\/?p=12188","title":{"rendered":"\u00bfEn d\u00f3nde se perdi\u00f3 la pasi\u00f3n?"},"content":{"rendered":"\n<p>2 Timoteo 1:6&nbsp; \u201cPor lo cual te recuerdo que avives el fuego del don de Dios que hay en ti por la imposici\u00f3n de mis manos\u201d<\/p>\n\n\n\n<p>Hay personas que anhelan casarse. Como pastor, he bendecido a muchas parejas que sue\u00f1an con su matrimonio, hacen preparativos, ahorran dinero para los gastos y viven emocionados porque al fin tendr\u00e1n con ellos a la persona que han deseado tener por mucho tiempo.<\/p>\n\n\n\n<p>Se casan. Fundan su hogar y luego su familia. Pasan los a\u00f1os, no muchos, pero con el devenir del tiempo se empiezan a acumular las deudas, los problemas con los hijos, las dificultades entre los esposos, las diferencias en los asuntos a veces sin importancia y la pasi\u00f3n que antes se manten\u00eda encendida y que los hac\u00eda disfrutar su matrimonio empieza a disminuir.&nbsp;<\/p>\n\n\n\n<p>Largos d\u00edas aburridos. Ya no hay tema de conversaci\u00f3n. No se toman de las manos cuando andan en la calle. Ya no hay miradas de amor. Ya no hay toques que sin ser er\u00f3ticos no dejan de ser tiernos. Los \u201cte amo\u201d se han extinguido y ya no se escuchan de sus labios. \u00bfQue ha sucedido? Se perdi\u00f3 la pasi\u00f3n. Y no hablo de la pasi\u00f3n sexual sino de la pasi\u00f3n por amar, por cuidar, por satisfacer los deseos y las necesidades del otro. Esa pasi\u00f3n se perdi\u00f3 en alg\u00fan punto del camino y ahora son dos personas anodinas, empeque\u00f1ecidas por el peso del aburrimiento y la rutina.<\/p>\n\n\n\n<p>Eso mismo pasa con Dios. Algo sucede en el camino, se van acumulando situaciones que nos van alejando y nos volvemos fr\u00edos, indiferentes, cristianos aburridos, ya no sonre\u00edmos, no compartimos y nos empezamos a oxidar en nuestra relaci\u00f3n con los hermanos. Se acab\u00f3 la pasi\u00f3n. Ya no hablamos en lenguas. Ya no profetizamos. Ya no tenemos sue\u00f1os.<\/p>\n\n\n\n<p>\u00bfEn que momento perdi\u00f3 su comunicaci\u00f3n con Dios? \u00bfEn que momento El Se\u00f1or pas\u00f3 a segundo plano despu\u00e9s de mirar la tele o navegar en internet? \u00bfEn que momento que alguien le hizo o le dijo algo usted perdi\u00f3 su don de profec\u00eda, de interpretaci\u00f3n de lenguas, su pasi\u00f3n por la Palabra?<\/p>\n\n\n\n<p>\u00bfEn que momento se le perdi\u00f3 el deseo de seguir dando? Antes ten\u00eda la mano abierta pero ahora la tiene cerrada porque se niega a seguir bendiciendo a otros. \u00bfDonde perdi\u00f3 esa pasi\u00f3n por ayudar a otros?<\/p>\n\n\n\n<p>La Biblia dice que siete veces cae el justo pero de todas ellas lo levanta el Se\u00f1or, \u00bfpor qu\u00e9 no se ha levantado usted?&nbsp; Creo que hay una respuesta: Usted ha perdido la pasi\u00f3n. Esa p\u00e9rdida ha provocado que usted ya no sienta nada por su familia, por su pareja, por su congregaci\u00f3n.&nbsp; Antes usted ven\u00eda corriendo antes de empezar el servicio, pero ahora viene tarde, cansado, aburrido, sin deseos de participar en la adoraci\u00f3n al Se\u00f1or. Si, es cierto, canta, aplaude y hace algunas cosas pero ya perdi\u00f3 la pasi\u00f3n por ministrar a otros, ya no pasa adelante porque ha perdido el fuego, la pasi\u00f3n por recibir m\u00e1s del Se\u00f1or. Ahora analiza que all\u00ed en su silla usted puede recibir pero no se humilla, no llora, no deja salir sus l\u00e1grimas de dolor o de amor por Jesus. \u00bfDonde perdi\u00f3 la pasi\u00f3n, el calor, el fuego del E.S.?<\/p>\n\n\n\n<p>Usted era una persona generosa, daba mucho y siempre, pero de pronto dej\u00f3 de dar. Ahora ya no trae nada para alguien, ya no trae ropa que no usa, ya no comparte de su comida. Ahora piensa \u00bfque me dan si doy? La p\u00e9rdida de la pasi\u00f3n ha hecho que usted pierda la sensibilidad por los dem\u00e1s. Eso le ha hecho una persona peque\u00f1a, reducida a un simple ser humano. La grandeza no es el tama\u00f1o ni es un cuerpo perfecto. La grandeza es lo que llevamos dentro de nosotros, la grandeza no son m\u00fasculos grandes, es ese algo que nadie entiende pero que est\u00e1 all\u00ed dentro de los corazones de los grandes. Usted necesita recuperar esa grandeza. Pablo le dijo a Timoteo: Aviva el don de Dios que hay en ti. Pero es usted quien tiene que avivarlo con la ayuda del Se\u00f1or.<\/p>\n\n\n\n<p>Seguramente un mensaje que se predic\u00f3 no le gust\u00f3 y eso le provoc\u00f3 enojo, ese enojo se acomod\u00f3 en su interior y provoc\u00f3 que perdiera la pasi\u00f3n por el Se\u00f1or. Ahora para usted es normal faltar a un culto de la Iglesia. Antes no faltaba a ninguno, pero ahora extra\u00f1amente usted se ausenta de pronto y no se da cuenta que nos hace falta. Sin usted no estamos completos pero eso a usted no le interesa. Porque ha perdido la pasi\u00f3n que antes llenaba su coraz\u00f3n.<\/p>\n\n\n\n<p>La pasi\u00f3n es algo que debemos mantener encendida porque de lo contrario nos apagamos, nos volvemos fr\u00edos e indiferentes a la Palabra de Dios y eso nos pone vulnerables para los ataques del diablo.<\/p>\n","protected":false},"excerpt":{"rendered":"<p>2 Timoteo 1:6&nbsp; \u201cPor lo cual te recuerdo que avives el fuego del don de Dios que hay en ti por la imposici\u00f3n de mis manos\u201d Hay personas que anhelan casarse. Como pastor, he bendecido a muchas parejas que sue\u00f1an con su matrimonio, hacen preparativos, ahorran dinero para los gastos y viven emocionados porque al [&hellip;]<\/p>\n","protected":false},"author":3,"featured_media":11327,"comment_status":"open","ping_status":"open","sticky":false,"template":"","format":"standard","meta":[],"categories":[36],"tags":[],"yoast_head":"<!-- This site is optimized with the Yoast SEO plugin v20.8 - https:\/\/yoast.com\/wordpress\/plugins\/seo\/ -->\n<title>\u00bfEn d\u00f3nde se perdi\u00f3 la pasi\u00f3n? - La Prensa Cristiana<\/title>\n<meta name=\"robots\" content=\"index, follow, max-snippet:-1, max-image-preview:large, max-video-preview:-1\" \/>\n<link rel=\"canonical\" href=\"https:\/\/laprensacristiana.com\/?p=12188\" \/>\n<meta property=\"og:locale\" content=\"es_ES\" \/>\n<meta property=\"og:type\" content=\"article\" \/>\n<meta property=\"og:title\" content=\"\u00bfEn d\u00f3nde se perdi\u00f3 la pasi\u00f3n? - La Prensa Cristiana\" \/>\n<meta property=\"og:description\" content=\"2 Timoteo 1:6&nbsp; \u201cPor lo cual te recuerdo que avives el fuego del don de Dios que hay en ti por la imposici\u00f3n de mis manos\u201d Hay personas que anhelan casarse. Como pastor, he bendecido a muchas parejas que sue\u00f1an con su matrimonio, hacen preparativos, ahorran dinero para los gastos y viven emocionados porque al [&hellip;]\" \/>\n<meta property=\"og:url\" content=\"https:\/\/laprensacristiana.com\/?p=12188\" \/>\n<meta property=\"og:site_name\" content=\"La Prensa Cristiana\" \/>\n<meta property=\"article:published_time\" content=\"2021-07-02T15:08:32+00:00\" \/>\n<meta property=\"article:modified_time\" content=\"2021-07-02T15:08:33+00:00\" \/>\n<meta property=\"og:image\" content=\"https:\/\/laprensacristiana.com\/wp-content\/uploads\/2021\/02\/IMG_20210215_163352_769.jpg\" \/>\n\t<meta property=\"og:image:width\" content=\"1280\" \/>\n\t<meta property=\"og:image:height\" content=\"714\" \/>\n\t<meta property=\"og:image:type\" content=\"image\/jpeg\" \/>\n<meta name=\"author\" content=\"EDITOR\" \/>\n<meta name=\"twitter:card\" content=\"summary_large_image\" \/>\n<meta name=\"twitter:label1\" content=\"Escrito por\" \/>\n\t<meta name=\"twitter:data1\" content=\"EDITOR\" \/>\n\t<meta name=\"twitter:label2\" content=\"Tiempo de lectura\" \/>\n\t<meta name=\"twitter:data2\" content=\"4 minutos\" \/>\n<script type=\"application\/ld+json\" class=\"yoast-schema-graph\">{\"@context\":\"https:\/\/schema.org\",\"@graph\":[{\"@type\":\"WebPage\",\"@id\":\"https:\/\/laprensacristiana.com\/?p=12188\",\"url\":\"https:\/\/laprensacristiana.com\/?p=12188\",\"name\":\"\u00bfEn d\u00f3nde se perdi\u00f3 la pasi\u00f3n? - La Prensa Cristiana\",\"isPartOf\":{\"@id\":\"https:\/\/laprensacristiana.com\/#website\"},\"datePublished\":\"2021-07-02T15:08:32+00:00\",\"dateModified\":\"2021-07-02T15:08:33+00:00\",\"author\":{\"@id\":\"https:\/\/laprensacristiana.com\/#\/schema\/person\/3e7d82c6bfd6b1fa67010f8f7cd5256e\"},\"breadcrumb\":{\"@id\":\"https:\/\/laprensacristiana.com\/?p=12188#breadcrumb\"},\"inLanguage\":\"es\",\"potentialAction\":[{\"@type\":\"ReadAction\",\"target\":[\"https:\/\/laprensacristiana.com\/?p=12188\"]}]},{\"@type\":\"BreadcrumbList\",\"@id\":\"https:\/\/laprensacristiana.com\/?p=12188#breadcrumb\",\"itemListElement\":[{\"@type\":\"ListItem\",\"position\":1,\"name\":\"Portada\",\"item\":\"https:\/\/laprensacristiana.com\/\"},{\"@type\":\"ListItem\",\"position\":2,\"name\":\"\u00bfEn d\u00f3nde se perdi\u00f3 la pasi\u00f3n?\"}]},{\"@type\":\"WebSite\",\"@id\":\"https:\/\/laprensacristiana.com\/#website\",\"url\":\"https:\/\/laprensacristiana.com\/\",\"name\":\"La Prensa Cristiana\",\"description\":\"Anunciando Las Buenas Nuevas\",\"potentialAction\":[{\"@type\":\"SearchAction\",\"target\":{\"@type\":\"EntryPoint\",\"urlTemplate\":\"https:\/\/laprensacristiana.com\/?s={search_term_string}\"},\"query-input\":\"required name=search_term_string\"}],\"inLanguage\":\"es\"},{\"@type\":\"Person\",\"@id\":\"https:\/\/laprensacristiana.com\/#\/schema\/person\/3e7d82c6bfd6b1fa67010f8f7cd5256e\",\"name\":\"EDITOR\",\"image\":{\"@type\":\"ImageObject\",\"inLanguage\":\"es\",\"@id\":\"https:\/\/laprensacristiana.com\/#\/schema\/person\/image\/\",\"url\":\"https:\/\/secure.gravatar.com\/avatar\/72069dfb6c13772d9e8381e3638666d2?s=96&d=mm&r=g\",\"contentUrl\":\"https:\/\/secure.gravatar.com\/avatar\/72069dfb6c13772d9e8381e3638666d2?s=96&d=mm&r=g\",\"caption\":\"EDITOR\"},\"url\":\"https:\/\/laprensacristiana.com\/?author=3\"}]}<\/script>\n<!-- \/ Yoast SEO plugin. -->","yoast_head_json":{"title":"\u00bfEn d\u00f3nde se perdi\u00f3 la pasi\u00f3n? - La Prensa Cristiana","robots":{"index":"index","follow":"follow","max-snippet":"max-snippet:-1","max-image-preview":"max-image-preview:large","max-video-preview":"max-video-preview:-1"},"canonical":"https:\/\/laprensacristiana.com\/?p=12188","og_locale":"es_ES","og_type":"article","og_title":"\u00bfEn d\u00f3nde se perdi\u00f3 la pasi\u00f3n? - La Prensa Cristiana","og_description":"2 Timoteo 1:6&nbsp; \u201cPor lo cual te recuerdo que avives el fuego del don de Dios que hay en ti por la imposici\u00f3n de mis manos\u201d Hay personas que anhelan casarse. Como pastor, he bendecido a muchas parejas que sue\u00f1an con su matrimonio, hacen preparativos, ahorran dinero para los gastos y viven emocionados porque al [&hellip;]","og_url":"https:\/\/laprensacristiana.com\/?p=12188","og_site_name":"La Prensa Cristiana","article_published_time":"2021-07-02T15:08:32+00:00","article_modified_time":"2021-07-02T15:08:33+00:00","og_image":[{"width":1280,"height":714,"url":"https:\/\/laprensacristiana.com\/wp-content\/uploads\/2021\/02\/IMG_20210215_163352_769.jpg","type":"image\/jpeg"}],"author":"EDITOR","twitter_card":"summary_large_image","twitter_misc":{"Escrito por":"EDITOR","Tiempo de lectura":"4 minutos"},"schema":{"@context":"https:\/\/schema.org","@graph":[{"@type":"WebPage","@id":"https:\/\/laprensacristiana.com\/?p=12188","url":"https:\/\/laprensacristiana.com\/?p=12188","name":"\u00bfEn d\u00f3nde se perdi\u00f3 la pasi\u00f3n? - La Prensa Cristiana","isPartOf":{"@id":"https:\/\/laprensacristiana.com\/#website"},"datePublished":"2021-07-02T15:08:32+00:00","dateModified":"2021-07-02T15:08:33+00:00","author":{"@id":"https:\/\/laprensacristiana.com\/#\/schema\/person\/3e7d82c6bfd6b1fa67010f8f7cd5256e"},"breadcrumb":{"@id":"https:\/\/laprensacristiana.com\/?p=12188#breadcrumb"},"inLanguage":"es","potentialAction":[{"@type":"ReadAction","target":["https:\/\/laprensacristiana.com\/?p=12188"]}]},{"@type":"BreadcrumbList","@id":"https:\/\/laprensacristiana.com\/?p=12188#breadcrumb","itemListElement":[{"@type":"ListItem","position":1,"name":"Portada","item":"https:\/\/laprensacristiana.com\/"},{"@type":"ListItem","position":2,"name":"\u00bfEn d\u00f3nde se perdi\u00f3 la pasi\u00f3n?"}]},{"@type":"WebSite","@id":"https:\/\/laprensacristiana.com\/#website","url":"https:\/\/laprensacristiana.com\/","name":"La Prensa Cristiana","description":"Anunciando Las Buenas Nuevas","potentialAction":[{"@type":"SearchAction","target":{"@type":"EntryPoint","urlTemplate":"https:\/\/laprensacristiana.com\/?s={search_term_string}"},"query-input":"required name=search_term_string"}],"inLanguage":"es"},{"@type":"Person","@id":"https:\/\/laprensacristiana.com\/#\/schema\/person\/3e7d82c6bfd6b1fa67010f8f7cd5256e","name":"EDITOR","image":{"@type":"ImageObject","inLanguage":"es","@id":"https:\/\/laprensacristiana.com\/#\/schema\/person\/image\/","url":"https:\/\/secure.gravatar.com\/avatar\/72069dfb6c13772d9e8381e3638666d2?s=96&d=mm&r=g","contentUrl":"https:\/\/secure.gravatar.com\/avatar\/72069dfb6c13772d9e8381e3638666d2?s=96&d=mm&r=g","caption":"EDITOR"},"url":"https:\/\/laprensacristiana.com\/?author=3"}]}},"_links":{"self":[{"href":"https:\/\/laprensacristiana.com\/index.php?rest_route=\/wp\/v2\/posts\/12188"}],"collection":[{"href":"https:\/\/laprensacristiana.com\/index.php?rest_route=\/wp\/v2\/posts"}],"about":[{"href":"https:\/\/laprensacristiana.com\/index.php?rest_route=\/wp\/v2\/types\/post"}],"author":[{"embeddable":true,"href":"https:\/\/laprensacristiana.com\/index.php?rest_route=\/wp\/v2\/users\/3"}],"replies":[{"embeddable":true,"href":"https:\/\/laprensacristiana.com\/index.php?rest_route=%2Fwp%2Fv2%2Fcomments&post=12188"}],"version-history":[{"count":1,"href":"https:\/\/laprensacristiana.com\/index.php?rest_route=\/wp\/v2\/posts\/12188\/revisions"}],"predecessor-version":[{"id":12189,"href":"https:\/\/laprensacristiana.com\/index.php?rest_route=\/wp\/v2\/posts\/12188\/revisions\/12189"}],"wp:featuredmedia":[{"embeddable":true,"href":"https:\/\/laprensacristiana.com\/index.php?rest_route=\/wp\/v2\/media\/11327"}],"wp:attachment":[{"href":"https:\/\/laprensacristiana.com\/index.php?rest_route=%2Fwp%2Fv2%2Fmedia&parent=12188"}],"wp:term":[{"taxonomy":"category","embeddable":true,"href":"https:\/\/laprensacristiana.com\/index.php?rest_route=%2Fwp%2Fv2%2Fcategories&post=12188"},{"taxonomy":"post_tag","embeddable":true,"href":"https:\/\/laprensacristiana.com\/index.php?rest_route=%2Fwp%2Fv2%2Ftags&post=12188"}],"curies":[{"name":"wp","href":"https:\/\/api.w.org\/{rel}","templated":true}]}}