{"id":12190,"date":"2021-07-02T19:46:30","date_gmt":"2021-07-02T19:46:30","guid":{"rendered":"https:\/\/laprensacristiana.com\/?p=12190"},"modified":"2021-07-02T19:46:31","modified_gmt":"2021-07-02T19:46:31","slug":"flor-una-tragedia-para-reflexionar","status":"publish","type":"post","link":"https:\/\/laprensacristiana.com\/?p=12190","title":{"rendered":"Flor: una tragedia para reflexionar"},"content":{"rendered":"\n<p>Pensar en el caso de Flor o escribir sobre este tema, debe ser una lectura para todos, primero: no hay crimen perfecto, segundo: todo sale a la luz, y tercero: antes de tan solo considerar en nuestra mente una acci\u00f3n que da\u00f1e o perjudique a las personas, debemos tener conciencia que podemos pasarnos llevando de encuentro a aquellos que supuestamente son los que amamos, defendemos o protegemos, el dolor que le deja a padres e hijos, la muerte social, y sobre todo el saber que es contra la voluntad de Dios, el temor a Dios debe prevalecer, son los principios sobre los cuales cualquier persona debe siempre dejar pasar circunstancias que le lleven por un momento de ira, impulso, dolor o amargura a da\u00f1ar y como en el caso de Flor a ser asesinada. No podemos todav\u00eda porque hay un proceso de juicio se\u00f1alar a su esposo de presunto asesino, pero me he preguntado muchas veces \u00bfQu\u00e9 hace que termine alguien asesinando a la persona que le jur\u00f3 amor en un altar o delante de un juez? \u00bfQu\u00e9 hace que la relaci\u00f3n se degenere tanto? \u00bfPor qu\u00e9 se termina de una manera tan dura sobre todo cuando hay hijos que deben llevar estigma que han perdido a su padre y a su madre por las acciones de uno y la partida del otro?<\/p>\n\n\n\n<p>Los padres tenemos una important\u00edsima y vital responsabilidad en la formaci\u00f3n de los hijos, las conversaciones que se deben tener incluyen el temor a Dios, pero tambi\u00e9n la dignidad propia, no verlo con orgullo ni con altaner\u00eda pero no permitir que nadie les pisotee, ense\u00f1emos que somos personas de autoridad y de fe, que tenemos el derecho divino de parte de Dios, cuando escucho casos de padres que maltratan a sus hijos, de hijos que insultan a su madre, hombres y mujeres que en noviazgo, uni\u00f3n libre o matrimonio que se denigran, se insultan, se atacan en redes sociales, y como en el caso de Flor se asesinan, son situaciones que deben tener limite a tiempo, no tener miedo a las consecuencias que pueda tener el establecer una denuncia, sino al contrario saber hacerla siempre a tiempo, creo que la mujer en el caso de un abuso constante nunca debe llegar a esa constante, una persona que abusa hoy abusa ma\u00f1ana, abusa pasado ma\u00f1ana, el que golpea hoy dice que nunca lo va a volver a hacer y lo hace la otra semana y vuelve a pedir perd\u00f3n, son patrones de conducta que necesita el mismo individuo reconocerlos, tratarse y pararlos, la violencia psicolog\u00eda o econ\u00f3mica tambi\u00e9n es destructiva para la persona emocionalmente, estar con alguien porque le provee algo es complejo, como cristianos tenemos que buscar salida y trazar una l\u00ednea porque esa violencia psicolog\u00eda o econ\u00f3mica si no se le pone un alto va a terminar siendo una violencia m\u00e1s aguda.&nbsp;&nbsp;<\/p>\n\n\n\n<p>Vivimos en una \u00e9poca donde es importante que las personas que tienen afiliaci\u00f3n de fe no vean en la religiosidad una barrera para denunciar la violencia por miedo al que dir\u00e1n, es m\u00e1s la fe es la que al conocer la verdad no lleva a ser libres, y no podemos permitir o ser tolerantes ante cualquier tipo de indicio de violencia hacia una persona indefensa o una persona vulnerable; en la consejer\u00eda pastoral, en el manejo de la relaciones internas de la iglesia siempre debe atacarse desde el pulpito todo tipo de violencia tanto f\u00edsica, psicol\u00f3gica o econ\u00f3mica. Perdonar significa ser libre de resentimiento hacia la persona, pero en ning\u00fan momento significa vivir soportando lesiones, verg\u00fcenzas, ofensas verbales, mucho menos f\u00edsica, la iglesia debe tener puntos claros alrededor de estos temas, toda persona creyente que est\u00e9 en una situaci\u00f3n de vulnerabilidad o indefensa, debe pedir ayuda, y la iglesia debe renunciar a un discurso muy responsable en lo p\u00fablico, pero muy tolerante en lo privado con una serie de situaciones que afectan de manera directa a los personas que ah\u00ed se congregan, por consiguiente no dan testimonio de la fe del individuo. Es necesario la congruencia que lo publico sea manifiesto en lo privado.<\/p>\n\n\n\n<p>Estoy claro que debemos estar con el agresor y con la v\u00edctima, pero debemos prevenir que no pasen tragedias, una iglesia es un lugar de refugio, no de complicidad, el pastor debe invitar al perd\u00f3n pero si el caso lo amerita realizar la denuncia ante las autoridades correspondientes, estamos con quien necesita por su vulnerabilidad nuestra protecci\u00f3n, si el costo de mantener una uni\u00f3n es una mujer maltratada, abusada, da\u00f1ada emocional, psicol\u00f3gicamente y f\u00edsicamente, me parece que el precio es demasiado alto, el desenlace ser\u00e1 tr\u00e1gico, es ah\u00ed donde hay que saber tomar medidas a tiempo, jam\u00e1s me perdonar\u00eda, &nbsp;sabiendo que una relaci\u00f3n es destructiva nos limitemos a decir a la persona da\u00f1\u00e1ndose mutuamente que tengan paz, que oren, que todo se va a solucionar, al no querer entender el mensaje espiritual termina una persona asesinando a la otra, se debe actuar a tiempo, nuestra voz es contundente en expresar: No a la violencia contra la mujer.<\/p>\n","protected":false},"excerpt":{"rendered":"<p>Pensar en el caso de Flor o escribir sobre este tema, debe ser una lectura para todos, primero: no hay crimen perfecto, segundo: todo sale a la luz, y tercero: antes de tan solo considerar en nuestra mente una acci\u00f3n que da\u00f1e o perjudique a las personas, debemos tener conciencia que podemos pasarnos llevando de [&hellip;]<\/p>\n","protected":false},"author":3,"featured_media":9965,"comment_status":"open","ping_status":"open","sticky":false,"template":"","format":"standard","meta":[],"categories":[23],"tags":[],"yoast_head":"<!-- This site is optimized with the Yoast SEO plugin v20.8 - https:\/\/yoast.com\/wordpress\/plugins\/seo\/ -->\n<title>Flor: una tragedia para reflexionar - La Prensa Cristiana<\/title>\n<meta name=\"robots\" content=\"index, follow, max-snippet:-1, max-image-preview:large, max-video-preview:-1\" \/>\n<link rel=\"canonical\" href=\"https:\/\/laprensacristiana.com\/?p=12190\" \/>\n<meta property=\"og:locale\" content=\"es_ES\" \/>\n<meta property=\"og:type\" content=\"article\" \/>\n<meta property=\"og:title\" content=\"Flor: una tragedia para reflexionar - La Prensa Cristiana\" \/>\n<meta property=\"og:description\" content=\"Pensar en el caso de Flor o escribir sobre este tema, debe ser una lectura para todos, primero: no hay crimen perfecto, segundo: todo sale a la luz, y tercero: antes de tan solo considerar en nuestra mente una acci\u00f3n que da\u00f1e o perjudique a las personas, debemos tener conciencia que podemos pasarnos llevando de [&hellip;]\" \/>\n<meta property=\"og:url\" content=\"https:\/\/laprensacristiana.com\/?p=12190\" \/>\n<meta property=\"og:site_name\" content=\"La Prensa Cristiana\" \/>\n<meta property=\"article:published_time\" content=\"2021-07-02T19:46:30+00:00\" \/>\n<meta property=\"article:modified_time\" content=\"2021-07-02T19:46:31+00:00\" \/>\n<meta property=\"og:image\" content=\"https:\/\/laprensacristiana.com\/wp-content\/uploads\/2020\/08\/IMG-20200806-WA0055.jpg\" \/>\n\t<meta property=\"og:image:width\" content=\"776\" \/>\n\t<meta property=\"og:image:height\" content=\"393\" \/>\n\t<meta property=\"og:image:type\" content=\"image\/jpeg\" \/>\n<meta name=\"author\" content=\"EDITOR\" \/>\n<meta name=\"twitter:card\" content=\"summary_large_image\" \/>\n<meta name=\"twitter:label1\" content=\"Escrito por\" \/>\n\t<meta name=\"twitter:data1\" content=\"EDITOR\" \/>\n\t<meta name=\"twitter:label2\" content=\"Tiempo de lectura\" \/>\n\t<meta name=\"twitter:data2\" content=\"4 minutos\" \/>\n<script type=\"application\/ld+json\" class=\"yoast-schema-graph\">{\"@context\":\"https:\/\/schema.org\",\"@graph\":[{\"@type\":\"WebPage\",\"@id\":\"https:\/\/laprensacristiana.com\/?p=12190\",\"url\":\"https:\/\/laprensacristiana.com\/?p=12190\",\"name\":\"Flor: una tragedia para reflexionar - La Prensa Cristiana\",\"isPartOf\":{\"@id\":\"https:\/\/laprensacristiana.com\/#website\"},\"datePublished\":\"2021-07-02T19:46:30+00:00\",\"dateModified\":\"2021-07-02T19:46:31+00:00\",\"author\":{\"@id\":\"https:\/\/laprensacristiana.com\/#\/schema\/person\/3e7d82c6bfd6b1fa67010f8f7cd5256e\"},\"breadcrumb\":{\"@id\":\"https:\/\/laprensacristiana.com\/?p=12190#breadcrumb\"},\"inLanguage\":\"es\",\"potentialAction\":[{\"@type\":\"ReadAction\",\"target\":[\"https:\/\/laprensacristiana.com\/?p=12190\"]}]},{\"@type\":\"BreadcrumbList\",\"@id\":\"https:\/\/laprensacristiana.com\/?p=12190#breadcrumb\",\"itemListElement\":[{\"@type\":\"ListItem\",\"position\":1,\"name\":\"Portada\",\"item\":\"https:\/\/laprensacristiana.com\/\"},{\"@type\":\"ListItem\",\"position\":2,\"name\":\"Flor: una tragedia para reflexionar\"}]},{\"@type\":\"WebSite\",\"@id\":\"https:\/\/laprensacristiana.com\/#website\",\"url\":\"https:\/\/laprensacristiana.com\/\",\"name\":\"La Prensa Cristiana\",\"description\":\"Anunciando Las Buenas Nuevas\",\"potentialAction\":[{\"@type\":\"SearchAction\",\"target\":{\"@type\":\"EntryPoint\",\"urlTemplate\":\"https:\/\/laprensacristiana.com\/?s={search_term_string}\"},\"query-input\":\"required name=search_term_string\"}],\"inLanguage\":\"es\"},{\"@type\":\"Person\",\"@id\":\"https:\/\/laprensacristiana.com\/#\/schema\/person\/3e7d82c6bfd6b1fa67010f8f7cd5256e\",\"name\":\"EDITOR\",\"image\":{\"@type\":\"ImageObject\",\"inLanguage\":\"es\",\"@id\":\"https:\/\/laprensacristiana.com\/#\/schema\/person\/image\/\",\"url\":\"https:\/\/secure.gravatar.com\/avatar\/72069dfb6c13772d9e8381e3638666d2?s=96&d=mm&r=g\",\"contentUrl\":\"https:\/\/secure.gravatar.com\/avatar\/72069dfb6c13772d9e8381e3638666d2?s=96&d=mm&r=g\",\"caption\":\"EDITOR\"},\"url\":\"https:\/\/laprensacristiana.com\/?author=3\"}]}<\/script>\n<!-- \/ Yoast SEO plugin. -->","yoast_head_json":{"title":"Flor: una tragedia para reflexionar - La Prensa Cristiana","robots":{"index":"index","follow":"follow","max-snippet":"max-snippet:-1","max-image-preview":"max-image-preview:large","max-video-preview":"max-video-preview:-1"},"canonical":"https:\/\/laprensacristiana.com\/?p=12190","og_locale":"es_ES","og_type":"article","og_title":"Flor: una tragedia para reflexionar - La Prensa Cristiana","og_description":"Pensar en el caso de Flor o escribir sobre este tema, debe ser una lectura para todos, primero: no hay crimen perfecto, segundo: todo sale a la luz, y tercero: antes de tan solo considerar en nuestra mente una acci\u00f3n que da\u00f1e o perjudique a las personas, debemos tener conciencia que podemos pasarnos llevando de [&hellip;]","og_url":"https:\/\/laprensacristiana.com\/?p=12190","og_site_name":"La Prensa Cristiana","article_published_time":"2021-07-02T19:46:30+00:00","article_modified_time":"2021-07-02T19:46:31+00:00","og_image":[{"width":776,"height":393,"url":"https:\/\/laprensacristiana.com\/wp-content\/uploads\/2020\/08\/IMG-20200806-WA0055.jpg","type":"image\/jpeg"}],"author":"EDITOR","twitter_card":"summary_large_image","twitter_misc":{"Escrito por":"EDITOR","Tiempo de lectura":"4 minutos"},"schema":{"@context":"https:\/\/schema.org","@graph":[{"@type":"WebPage","@id":"https:\/\/laprensacristiana.com\/?p=12190","url":"https:\/\/laprensacristiana.com\/?p=12190","name":"Flor: una tragedia para reflexionar - La Prensa Cristiana","isPartOf":{"@id":"https:\/\/laprensacristiana.com\/#website"},"datePublished":"2021-07-02T19:46:30+00:00","dateModified":"2021-07-02T19:46:31+00:00","author":{"@id":"https:\/\/laprensacristiana.com\/#\/schema\/person\/3e7d82c6bfd6b1fa67010f8f7cd5256e"},"breadcrumb":{"@id":"https:\/\/laprensacristiana.com\/?p=12190#breadcrumb"},"inLanguage":"es","potentialAction":[{"@type":"ReadAction","target":["https:\/\/laprensacristiana.com\/?p=12190"]}]},{"@type":"BreadcrumbList","@id":"https:\/\/laprensacristiana.com\/?p=12190#breadcrumb","itemListElement":[{"@type":"ListItem","position":1,"name":"Portada","item":"https:\/\/laprensacristiana.com\/"},{"@type":"ListItem","position":2,"name":"Flor: una tragedia para reflexionar"}]},{"@type":"WebSite","@id":"https:\/\/laprensacristiana.com\/#website","url":"https:\/\/laprensacristiana.com\/","name":"La Prensa Cristiana","description":"Anunciando Las Buenas Nuevas","potentialAction":[{"@type":"SearchAction","target":{"@type":"EntryPoint","urlTemplate":"https:\/\/laprensacristiana.com\/?s={search_term_string}"},"query-input":"required name=search_term_string"}],"inLanguage":"es"},{"@type":"Person","@id":"https:\/\/laprensacristiana.com\/#\/schema\/person\/3e7d82c6bfd6b1fa67010f8f7cd5256e","name":"EDITOR","image":{"@type":"ImageObject","inLanguage":"es","@id":"https:\/\/laprensacristiana.com\/#\/schema\/person\/image\/","url":"https:\/\/secure.gravatar.com\/avatar\/72069dfb6c13772d9e8381e3638666d2?s=96&d=mm&r=g","contentUrl":"https:\/\/secure.gravatar.com\/avatar\/72069dfb6c13772d9e8381e3638666d2?s=96&d=mm&r=g","caption":"EDITOR"},"url":"https:\/\/laprensacristiana.com\/?author=3"}]}},"_links":{"self":[{"href":"https:\/\/laprensacristiana.com\/index.php?rest_route=\/wp\/v2\/posts\/12190"}],"collection":[{"href":"https:\/\/laprensacristiana.com\/index.php?rest_route=\/wp\/v2\/posts"}],"about":[{"href":"https:\/\/laprensacristiana.com\/index.php?rest_route=\/wp\/v2\/types\/post"}],"author":[{"embeddable":true,"href":"https:\/\/laprensacristiana.com\/index.php?rest_route=\/wp\/v2\/users\/3"}],"replies":[{"embeddable":true,"href":"https:\/\/laprensacristiana.com\/index.php?rest_route=%2Fwp%2Fv2%2Fcomments&post=12190"}],"version-history":[{"count":1,"href":"https:\/\/laprensacristiana.com\/index.php?rest_route=\/wp\/v2\/posts\/12190\/revisions"}],"predecessor-version":[{"id":12191,"href":"https:\/\/laprensacristiana.com\/index.php?rest_route=\/wp\/v2\/posts\/12190\/revisions\/12191"}],"wp:featuredmedia":[{"embeddable":true,"href":"https:\/\/laprensacristiana.com\/index.php?rest_route=\/wp\/v2\/media\/9965"}],"wp:attachment":[{"href":"https:\/\/laprensacristiana.com\/index.php?rest_route=%2Fwp%2Fv2%2Fmedia&parent=12190"}],"wp:term":[{"taxonomy":"category","embeddable":true,"href":"https:\/\/laprensacristiana.com\/index.php?rest_route=%2Fwp%2Fv2%2Fcategories&post=12190"},{"taxonomy":"post_tag","embeddable":true,"href":"https:\/\/laprensacristiana.com\/index.php?rest_route=%2Fwp%2Fv2%2Ftags&post=12190"}],"curies":[{"name":"wp","href":"https:\/\/api.w.org\/{rel}","templated":true}]}}