{"id":12221,"date":"2021-07-07T13:18:48","date_gmt":"2021-07-07T13:18:48","guid":{"rendered":"https:\/\/laprensacristiana.com\/?p=12221"},"modified":"2021-07-07T13:18:49","modified_gmt":"2021-07-07T13:18:49","slug":"la-estafeta","status":"publish","type":"post","link":"https:\/\/laprensacristiana.com\/?p=12221","title":{"rendered":"La estafeta"},"content":{"rendered":"\n<p>Jueces 2:10 \u201cY toda aquella generaci\u00f3n tambi\u00e9n fue reunida a sus padres. Y se levant\u00f3 despu\u00e9s de ellos otra generaci\u00f3n que no conoc\u00eda a Jehov\u00e1, ni la obra que \u00e9l hab\u00eda hecho por Israel\u201d<\/p>\n\n\n\n<p>S\u00ed, ellos dicen que aman a sus hijos.&nbsp; Y quiz\u00e1 sea cierto, pero no los aman lo suficiente como para dejarles un legado que les ayude en el desarrollo de sus vidas futuras.&nbsp; Los aman porque les dan dinero, los juegos de \u00faltima generaci\u00f3n y todas las comodidades del mundo moderno.<\/p>\n\n\n\n<p>Pero no los aman en lo espiritual. Porque no les ense\u00f1an ni les traspasan el amor a Dios.&nbsp; No los instruyen en la Palabra ni les ense\u00f1an a humillarse ante su Poderosa Mano. En consecuencia, la generaci\u00f3n de hoy, la que est\u00e1 creciendo en nuestras iglesias ya no conocen como acercarse al Se\u00f1or con humildad y respeto. Dan todo por hecho. Han crecido creyendo que Dios tiene la obligaci\u00f3n de darles todo lo que quieran como hicieron sus padres terrenales.<\/p>\n\n\n\n<p>Y all\u00ed est\u00e1 la quiebra moral y espiritual de nuestros tiempos.<\/p>\n\n\n\n<p>La Iglesia est\u00e1 perdiendo a esta generaci\u00f3n actual. Son los j\u00f3venes que ya no pasan al Altar a orar, no se humillan pidiendo perd\u00f3n, no derraman sus l\u00e1grimas ante la Presencia Divina, no conocen el significado de \u201cbuenos d\u00edas\u201d ni \u201cgracias\u201d. Es la generaci\u00f3n que cree que todo lo merece porque sus padres los consintieron tanto que nunca les cost\u00f3 aprender a ganarse el pan de su mesa.<\/p>\n\n\n\n<p>La Iglesia est\u00e1 perdiendo a esta generaci\u00f3n actual.&nbsp; Son los j\u00f3venes millenials que est\u00e1n llenos de orgullo, de prepotencia, de soberbia y desafiantes en su forma de vestir, de cortarse el cabello, de hacerse sus tatuajes sin que teman ofender a la generaci\u00f3n que est\u00e1 pasando que son sus padres y abuelos.<\/p>\n\n\n\n<p>La Iglesia est\u00e1 perdiendo a esta generaci\u00f3n actual.&nbsp; Son las se\u00f1oritas que se tat\u00faan su cuerpo que debiera ser Templo del Esp\u00edritu Santo, son las se\u00f1oritas que no conocen la moral ni las buenas costumbres de como debe conducirse una verdadera hija de Dios o una dama que se hace respetar.&nbsp; Son las ni\u00f1as bien, las que no saben utilizar un cuchillo de cocina ni de mesa porque sus madres no las ense\u00f1aron a ser amas de casa sino profesionales de oficina, lo cual no est\u00e1 mal, pero cuando se casan no saben administrar un hogar.<\/p>\n\n\n\n<p>La Iglesia est\u00e1 perdiendo a esta generaci\u00f3n actual.&nbsp; Son los j\u00f3venes que no conocen las obras que el Se\u00f1or hizo en sus casas cuando eran ni\u00f1os, no vieron llorar a sus padres cuando no hab\u00eda pan en la mesa, o cuando tuvieron que quedarse sin lo de la camioneta por comprarles zapatos o ropa o sus \u00fatiles, no sufrieron los momentos en que la fiebre les atac\u00f3, no vieron a sus madres llorar de angustia cuando les dio el sarampi\u00f3n ni la varicela.<\/p>\n\n\n\n<p>Hoy, esa generaci\u00f3n se nos est\u00e1 perdiendo porque no tienen identidad cristiana. Si, les gusta su m\u00fasica, disfrutan sus instrumentos musicales, son excelentes tecladistas y cantantes que para disfrazar su mundanalidad se autonombran \u201csalmistas\u201d que de eso no tienen nada porque al poco tiempo se les ve disfrutando los aplausos, fotos y aut\u00f3grafos que la gente les pide.<\/p>\n\n\n\n<p>\u00bfEn donde se perdi\u00f3 la estafeta entonces? Los padres ya no les pasaron ese artilugio deportivo a sus hijos. Ya no los ense\u00f1aron a dar gracias al Se\u00f1or, no les ense\u00f1aron a servir al Dios que los ha sustentado, ya no pasaron al Altar con ellos para que aprendieran a hacerlo cuando crecieran, ya no les ense\u00f1aron a saludar a los mayores ni a las autoridades de la Iglesia.<\/p>\n\n\n\n<p>Los padres dejaron de cumplir su obligaci\u00f3n de ense\u00f1ar a sus hijos la consagraci\u00f3n al Se\u00f1or para que \u00e9stos a su vez, se lo ense\u00f1en a sus hijos.&nbsp; Tristemente, los padres de esta generaci\u00f3n, cuando sean abuelos, no disfrutar\u00e1n del amor y el respeto de sus nietos. Si, les buscar\u00e1n pero para que les den cosas materiales porque crecer\u00e1n creyendo que las cosas materiales son lo primero antes que el respeto y el amor.&nbsp; La mala educaci\u00f3n, el desd\u00e9n con que se tratan ellos mismos, la forma en que le hablan a sus esposas es s\u00edntoma de un mal trabajo que la generaci\u00f3n pasada ense\u00f1\u00f3 a la generaci\u00f3n que hoy tenemos en la Iglesia.<\/p>\n\n\n\n<p>Me pregunto: \u00bfQue clase de pastores tendr\u00e1 la Iglesia del pr\u00f3ximo siglo? \u00bfQu\u00e9 clase de esposas tendr\u00e1n los j\u00f3venes de esta generaci\u00f3n que ante nuestros propios ojos se est\u00e1 perdiendo? Y, al decir que se est\u00e1 perdiendo no es que est\u00e9n en el mundo, el problema es que viven en dos mundos: Un pie en el Evangelio y el otro en el mundo.<\/p>\n\n\n\n<p>Son ustedes, los padres&nbsp; de esta generaci\u00f3n quienes le est\u00e1n fallando al Dios que tanto los ha bendecido. Pidieron un hijo. Dios se los dio, pero ahora ese hijo no honra al Dios que lo provey\u00f3.<\/p>\n","protected":false},"excerpt":{"rendered":"<p>Jueces 2:10 \u201cY toda aquella generaci\u00f3n tambi\u00e9n fue reunida a sus padres. Y se levant\u00f3 despu\u00e9s de ellos otra generaci\u00f3n que no conoc\u00eda a Jehov\u00e1, ni la obra que \u00e9l hab\u00eda hecho por Israel\u201d S\u00ed, ellos dicen que aman a sus hijos.&nbsp; Y quiz\u00e1 sea cierto, pero no los aman lo suficiente como para dejarles [&hellip;]<\/p>\n","protected":false},"author":3,"featured_media":11165,"comment_status":"open","ping_status":"open","sticky":false,"template":"","format":"standard","meta":[],"categories":[36],"tags":[],"yoast_head":"<!-- This site is optimized with the Yoast SEO plugin v20.8 - https:\/\/yoast.com\/wordpress\/plugins\/seo\/ -->\n<title>La estafeta - La Prensa Cristiana<\/title>\n<meta name=\"robots\" content=\"index, follow, max-snippet:-1, max-image-preview:large, max-video-preview:-1\" \/>\n<link rel=\"canonical\" href=\"https:\/\/laprensacristiana.com\/?p=12221\" \/>\n<meta property=\"og:locale\" content=\"es_ES\" \/>\n<meta property=\"og:type\" content=\"article\" \/>\n<meta property=\"og:title\" content=\"La estafeta - La Prensa Cristiana\" \/>\n<meta property=\"og:description\" content=\"Jueces 2:10 \u201cY toda aquella generaci\u00f3n tambi\u00e9n fue reunida a sus padres. Y se levant\u00f3 despu\u00e9s de ellos otra generaci\u00f3n que no conoc\u00eda a Jehov\u00e1, ni la obra que \u00e9l hab\u00eda hecho por Israel\u201d S\u00ed, ellos dicen que aman a sus hijos.&nbsp; Y quiz\u00e1 sea cierto, pero no los aman lo suficiente como para dejarles [&hellip;]\" \/>\n<meta property=\"og:url\" content=\"https:\/\/laprensacristiana.com\/?p=12221\" \/>\n<meta property=\"og:site_name\" content=\"La Prensa Cristiana\" \/>\n<meta property=\"article:published_time\" content=\"2021-07-07T13:18:48+00:00\" \/>\n<meta property=\"article:modified_time\" content=\"2021-07-07T13:18:49+00:00\" \/>\n<meta property=\"og:image\" content=\"https:\/\/laprensacristiana.com\/wp-content\/uploads\/2021\/01\/IMG_20210127_095317_167.jpg\" \/>\n\t<meta property=\"og:image:width\" content=\"1280\" \/>\n\t<meta property=\"og:image:height\" content=\"714\" \/>\n\t<meta property=\"og:image:type\" content=\"image\/jpeg\" \/>\n<meta name=\"author\" content=\"EDITOR\" \/>\n<meta name=\"twitter:card\" content=\"summary_large_image\" \/>\n<meta name=\"twitter:label1\" content=\"Escrito por\" \/>\n\t<meta name=\"twitter:data1\" content=\"EDITOR\" \/>\n\t<meta name=\"twitter:label2\" content=\"Tiempo de lectura\" \/>\n\t<meta name=\"twitter:data2\" content=\"4 minutos\" \/>\n<script type=\"application\/ld+json\" class=\"yoast-schema-graph\">{\"@context\":\"https:\/\/schema.org\",\"@graph\":[{\"@type\":\"WebPage\",\"@id\":\"https:\/\/laprensacristiana.com\/?p=12221\",\"url\":\"https:\/\/laprensacristiana.com\/?p=12221\",\"name\":\"La estafeta - La Prensa Cristiana\",\"isPartOf\":{\"@id\":\"https:\/\/laprensacristiana.com\/#website\"},\"datePublished\":\"2021-07-07T13:18:48+00:00\",\"dateModified\":\"2021-07-07T13:18:49+00:00\",\"author\":{\"@id\":\"https:\/\/laprensacristiana.com\/#\/schema\/person\/3e7d82c6bfd6b1fa67010f8f7cd5256e\"},\"breadcrumb\":{\"@id\":\"https:\/\/laprensacristiana.com\/?p=12221#breadcrumb\"},\"inLanguage\":\"es\",\"potentialAction\":[{\"@type\":\"ReadAction\",\"target\":[\"https:\/\/laprensacristiana.com\/?p=12221\"]}]},{\"@type\":\"BreadcrumbList\",\"@id\":\"https:\/\/laprensacristiana.com\/?p=12221#breadcrumb\",\"itemListElement\":[{\"@type\":\"ListItem\",\"position\":1,\"name\":\"Portada\",\"item\":\"https:\/\/laprensacristiana.com\/\"},{\"@type\":\"ListItem\",\"position\":2,\"name\":\"La estafeta\"}]},{\"@type\":\"WebSite\",\"@id\":\"https:\/\/laprensacristiana.com\/#website\",\"url\":\"https:\/\/laprensacristiana.com\/\",\"name\":\"La Prensa Cristiana\",\"description\":\"Anunciando Las Buenas Nuevas\",\"potentialAction\":[{\"@type\":\"SearchAction\",\"target\":{\"@type\":\"EntryPoint\",\"urlTemplate\":\"https:\/\/laprensacristiana.com\/?s={search_term_string}\"},\"query-input\":\"required name=search_term_string\"}],\"inLanguage\":\"es\"},{\"@type\":\"Person\",\"@id\":\"https:\/\/laprensacristiana.com\/#\/schema\/person\/3e7d82c6bfd6b1fa67010f8f7cd5256e\",\"name\":\"EDITOR\",\"image\":{\"@type\":\"ImageObject\",\"inLanguage\":\"es\",\"@id\":\"https:\/\/laprensacristiana.com\/#\/schema\/person\/image\/\",\"url\":\"https:\/\/secure.gravatar.com\/avatar\/72069dfb6c13772d9e8381e3638666d2?s=96&d=mm&r=g\",\"contentUrl\":\"https:\/\/secure.gravatar.com\/avatar\/72069dfb6c13772d9e8381e3638666d2?s=96&d=mm&r=g\",\"caption\":\"EDITOR\"},\"url\":\"https:\/\/laprensacristiana.com\/?author=3\"}]}<\/script>\n<!-- \/ Yoast SEO plugin. -->","yoast_head_json":{"title":"La estafeta - La Prensa Cristiana","robots":{"index":"index","follow":"follow","max-snippet":"max-snippet:-1","max-image-preview":"max-image-preview:large","max-video-preview":"max-video-preview:-1"},"canonical":"https:\/\/laprensacristiana.com\/?p=12221","og_locale":"es_ES","og_type":"article","og_title":"La estafeta - La Prensa Cristiana","og_description":"Jueces 2:10 \u201cY toda aquella generaci\u00f3n tambi\u00e9n fue reunida a sus padres. Y se levant\u00f3 despu\u00e9s de ellos otra generaci\u00f3n que no conoc\u00eda a Jehov\u00e1, ni la obra que \u00e9l hab\u00eda hecho por Israel\u201d S\u00ed, ellos dicen que aman a sus hijos.&nbsp; Y quiz\u00e1 sea cierto, pero no los aman lo suficiente como para dejarles [&hellip;]","og_url":"https:\/\/laprensacristiana.com\/?p=12221","og_site_name":"La Prensa Cristiana","article_published_time":"2021-07-07T13:18:48+00:00","article_modified_time":"2021-07-07T13:18:49+00:00","og_image":[{"width":1280,"height":714,"url":"https:\/\/laprensacristiana.com\/wp-content\/uploads\/2021\/01\/IMG_20210127_095317_167.jpg","type":"image\/jpeg"}],"author":"EDITOR","twitter_card":"summary_large_image","twitter_misc":{"Escrito por":"EDITOR","Tiempo de lectura":"4 minutos"},"schema":{"@context":"https:\/\/schema.org","@graph":[{"@type":"WebPage","@id":"https:\/\/laprensacristiana.com\/?p=12221","url":"https:\/\/laprensacristiana.com\/?p=12221","name":"La estafeta - La Prensa Cristiana","isPartOf":{"@id":"https:\/\/laprensacristiana.com\/#website"},"datePublished":"2021-07-07T13:18:48+00:00","dateModified":"2021-07-07T13:18:49+00:00","author":{"@id":"https:\/\/laprensacristiana.com\/#\/schema\/person\/3e7d82c6bfd6b1fa67010f8f7cd5256e"},"breadcrumb":{"@id":"https:\/\/laprensacristiana.com\/?p=12221#breadcrumb"},"inLanguage":"es","potentialAction":[{"@type":"ReadAction","target":["https:\/\/laprensacristiana.com\/?p=12221"]}]},{"@type":"BreadcrumbList","@id":"https:\/\/laprensacristiana.com\/?p=12221#breadcrumb","itemListElement":[{"@type":"ListItem","position":1,"name":"Portada","item":"https:\/\/laprensacristiana.com\/"},{"@type":"ListItem","position":2,"name":"La estafeta"}]},{"@type":"WebSite","@id":"https:\/\/laprensacristiana.com\/#website","url":"https:\/\/laprensacristiana.com\/","name":"La Prensa Cristiana","description":"Anunciando Las Buenas Nuevas","potentialAction":[{"@type":"SearchAction","target":{"@type":"EntryPoint","urlTemplate":"https:\/\/laprensacristiana.com\/?s={search_term_string}"},"query-input":"required name=search_term_string"}],"inLanguage":"es"},{"@type":"Person","@id":"https:\/\/laprensacristiana.com\/#\/schema\/person\/3e7d82c6bfd6b1fa67010f8f7cd5256e","name":"EDITOR","image":{"@type":"ImageObject","inLanguage":"es","@id":"https:\/\/laprensacristiana.com\/#\/schema\/person\/image\/","url":"https:\/\/secure.gravatar.com\/avatar\/72069dfb6c13772d9e8381e3638666d2?s=96&d=mm&r=g","contentUrl":"https:\/\/secure.gravatar.com\/avatar\/72069dfb6c13772d9e8381e3638666d2?s=96&d=mm&r=g","caption":"EDITOR"},"url":"https:\/\/laprensacristiana.com\/?author=3"}]}},"_links":{"self":[{"href":"https:\/\/laprensacristiana.com\/index.php?rest_route=\/wp\/v2\/posts\/12221"}],"collection":[{"href":"https:\/\/laprensacristiana.com\/index.php?rest_route=\/wp\/v2\/posts"}],"about":[{"href":"https:\/\/laprensacristiana.com\/index.php?rest_route=\/wp\/v2\/types\/post"}],"author":[{"embeddable":true,"href":"https:\/\/laprensacristiana.com\/index.php?rest_route=\/wp\/v2\/users\/3"}],"replies":[{"embeddable":true,"href":"https:\/\/laprensacristiana.com\/index.php?rest_route=%2Fwp%2Fv2%2Fcomments&post=12221"}],"version-history":[{"count":1,"href":"https:\/\/laprensacristiana.com\/index.php?rest_route=\/wp\/v2\/posts\/12221\/revisions"}],"predecessor-version":[{"id":12222,"href":"https:\/\/laprensacristiana.com\/index.php?rest_route=\/wp\/v2\/posts\/12221\/revisions\/12222"}],"wp:featuredmedia":[{"embeddable":true,"href":"https:\/\/laprensacristiana.com\/index.php?rest_route=\/wp\/v2\/media\/11165"}],"wp:attachment":[{"href":"https:\/\/laprensacristiana.com\/index.php?rest_route=%2Fwp%2Fv2%2Fmedia&parent=12221"}],"wp:term":[{"taxonomy":"category","embeddable":true,"href":"https:\/\/laprensacristiana.com\/index.php?rest_route=%2Fwp%2Fv2%2Fcategories&post=12221"},{"taxonomy":"post_tag","embeddable":true,"href":"https:\/\/laprensacristiana.com\/index.php?rest_route=%2Fwp%2Fv2%2Ftags&post=12221"}],"curies":[{"name":"wp","href":"https:\/\/api.w.org\/{rel}","templated":true}]}}