{"id":12252,"date":"2021-07-14T15:58:00","date_gmt":"2021-07-14T15:58:00","guid":{"rendered":"https:\/\/laprensacristiana.com\/?p=12252"},"modified":"2021-07-14T15:58:01","modified_gmt":"2021-07-14T15:58:01","slug":"que-echamos-en-la-olla","status":"publish","type":"post","link":"https:\/\/laprensacristiana.com\/?p=12252","title":{"rendered":"\u00bfQu\u00e9 echamos en la olla?"},"content":{"rendered":"\n<p><\/p>\n\n\n\n<p>2 Reyes 4:38-40&nbsp;\u201cEliseo volvi\u00f3&nbsp;a Gilgal cuando hab\u00eda una grande hambre en la tierra. Y los hijos de los profetas estaban con&nbsp;\u00e9l, por lo que dijo a su criado: Pon una olla grande, y haz potaje para los hijos de los profetas.&nbsp;Y sali\u00f3&nbsp;uno al campo a recoger hierbas, y hall\u00f3&nbsp;una como parra mont\u00e9s, y de ella llen\u00f3&nbsp;su falda de calabazas silvestres; y volvi\u00f3, y las cort\u00f3&nbsp;en la olla del potaje, pues no sab\u00eda lo que era.&nbsp;Despu\u00e9s sirvi\u00f3&nbsp;para que comieran los hombres; pero sucedi\u00f3&nbsp;que comiendo ellos de aquel guisado, gritaron diciendo:&nbsp;\u00a1Var\u00f3n de Dios, hay muerte en esa olla! Y no lo pudieron comer\u201d<\/p>\n\n\n\n<p>Es un hecho que estamos perdiendo a la presente generaci\u00f3n. &nbsp;En vez que los j\u00f3venes de esta generaci\u00f3n hablen con sus padres hablan con sus tel\u00e9fonos.<\/p>\n\n\n\n<p>Los padres, afanados buscando entre las piaras del mundo las cosas que necesitan para sobrevivir, se han olvidado de dedicarlos tiempo a sus hijos. &nbsp;Prefieren llenarlos de celulares de alta gama, juegos interactivos y computadores de&nbsp;\u00faltima generaci\u00f3n, antes que llenarles el coraz\u00f3n de amor, respeto, autoestima y paz.<\/p>\n\n\n\n<p>El hogar se ha vuelto un lugar en donde todos confluyen en la noche para comer frente al televisor, olvid\u00e1ndose de platicar entre ellos para saber qu\u00e9&nbsp;piensan, cuales son sus ideas, qu\u00e9&nbsp;esperan ser en la vida, cuales son sus esperanzas. Y as\u00ed, anodinamente, va transcurriendo el tiempo sin dedicarse tiempo entre s\u00ed.<\/p>\n\n\n\n<p>Pero como Dios nos hizo gregarios, necesitados de alguien con quien compartir nuestro tiempo, relacionarnos con otras personas, a falta que los padres se dediquen a sus hijos, ellos se ven en la necesidad de navegar en las redes de internet en donde encuentran un sin fin de opciones para entablar relaciones con personas sin rostro, sin calor humano, disfrazados de humanos cuando en realidad muchas veces est\u00e1n a merced de depredadores sexuales, homosexuales o lesbianas que andan en busca de presas necesitadas de calor humano.<\/p>\n\n\n\n<p>A eso me refiero cuando digo que estamos perdiendo a esta generaci\u00f3n. &nbsp;Son los j\u00f3venes que no tienen una identidad propia, viven de im\u00e1genes prestadas por los deportistas o artistas de moda. &nbsp;Las se\u00f1oritas (si aun quedan), se visten, se pintan el cabello y se maquillan como sus personajes de moda. No digamos los j\u00f3venes que se cortan el cabello y se visten afeminadamente como sus ejemplos callejeros. Algo se ha hecho mal para que estemos perdiendo a esta generaci\u00f3n. &nbsp;A este paso, no puedo imaginarme a los l\u00edderes del futuro. A los pastores que se har\u00e1n cargo de la Iglesia de Cristo si es que a\u00fan no ha venido. A los j\u00f3venes que ser\u00e1n padres un d\u00eda si es que deciden tener hijos o ser\u00e1&nbsp;mejor cuidar perros.<\/p>\n\n\n\n<p>En la historia que encabeza este escrito est\u00e1&nbsp;el episodio en donde el profeta Eliseo lleg\u00f3&nbsp;a Gilgal en donde estaba su academia de profetas. Hay hambre y el var\u00f3n de Dios aprovecha para hacer un milagro.<\/p>\n\n\n\n<p>Notemos que mientras se coc\u00eda la olla con el caldo que iban a almorzar, un joven, no un adulto, un joven, sali\u00f3&nbsp;al campo a traer algo para agregarle &nbsp;a la olla. Sin darse cuenta qu\u00e9&nbsp;era, cort\u00f3&nbsp;unas calabazas silvestres y las llev\u00f3&nbsp;a la cocina en donde las agreg\u00f3&nbsp;a lo que hab\u00eda en la olla. L\u00f3gicamente, su inexperiencia no le permiti\u00f3&nbsp;saber que esas calabazas silvestres eran no solo amargas sino tambi\u00e9n venenosas. &nbsp;Cuando quisieron comer, de la olla sali\u00f3&nbsp;un aroma desagradable, un sabor amargo y eso puso en guardia al resto de comensales.<\/p>\n\n\n\n<p>\u00bfQu\u00e9&nbsp;hab\u00eda sucedido? Un joven sali\u00f3&nbsp;al mundo, vio algo que pens\u00f3&nbsp;que era inofensivo. Que no eran tan grave tener a ese&nbsp;\u201camigo\u201d&nbsp;que se depila, se viste de forma rara, que habla palabras insinuantes que lo empezaron a nebulizar, lo empez\u00f3&nbsp;a invitar a visitar antros pintados de negro con luces negras y en donde se reun\u00edan un mont\u00f3n de j\u00f3venes como&nbsp;\u00e9l. &nbsp;Cuando se vino a dar cuenta, hab\u00eda echado en su olla, su coraz\u00f3n, veneno social, veneno sexual, veneno que pervirti\u00f3&nbsp;su conducta. &nbsp;Una se\u00f1orita &nbsp;consigui\u00f3&nbsp;un trabajo bien pagado y no sab\u00eda como reaccionar a las invitaciones perversas de sus compa\u00f1eros y amigas del trabajo. Los fines de semana empez\u00f3&nbsp;a salir con ellos a la playa, a tomar cervezas (no creo que sea pecado una, pastor), de all\u00ed&nbsp;a esnifar un poco de polvos blancos solo hab\u00eda un paso. Envenen\u00f3&nbsp;la olla de su coraz\u00f3n. Arruin\u00f3&nbsp;su potaje.<\/p>\n\n\n\n<p>Y sus padres no se dieron cuenta. Contaminaron su casa, echaron a perder su juventud, su ni\u00f1ez y perdieron su pureza.&nbsp;<\/p>\n\n\n\n<p>Todo porque un joven sali\u00f3&nbsp;al campo y recogi\u00f3&nbsp;lo que el mundo le ofreci\u00f3.<\/p>\n","protected":false},"excerpt":{"rendered":"<p>2 Reyes 4:38-40&nbsp;\u201cEliseo volvi\u00f3&nbsp;a Gilgal cuando hab\u00eda una grande hambre en la tierra. Y los hijos de los profetas estaban con&nbsp;\u00e9l, por lo que dijo a su criado: Pon una olla grande, y haz potaje para los hijos de los profetas.&nbsp;Y sali\u00f3&nbsp;uno al campo a recoger hierbas, y hall\u00f3&nbsp;una como parra mont\u00e9s, y de ella [&hellip;]<\/p>\n","protected":false},"author":3,"featured_media":11327,"comment_status":"open","ping_status":"open","sticky":false,"template":"","format":"standard","meta":[],"categories":[36],"tags":[],"yoast_head":"<!-- This site is optimized with the Yoast SEO plugin v20.8 - https:\/\/yoast.com\/wordpress\/plugins\/seo\/ -->\n<title>\u00bfQu\u00e9 echamos en la olla? - La Prensa Cristiana<\/title>\n<meta name=\"robots\" content=\"index, follow, max-snippet:-1, max-image-preview:large, max-video-preview:-1\" \/>\n<link rel=\"canonical\" href=\"https:\/\/laprensacristiana.com\/?p=12252\" \/>\n<meta property=\"og:locale\" content=\"es_ES\" \/>\n<meta property=\"og:type\" content=\"article\" \/>\n<meta property=\"og:title\" content=\"\u00bfQu\u00e9 echamos en la olla? - La Prensa Cristiana\" \/>\n<meta property=\"og:description\" content=\"2 Reyes 4:38-40&nbsp;\u201cEliseo volvi\u00f3&nbsp;a Gilgal cuando hab\u00eda una grande hambre en la tierra. Y los hijos de los profetas estaban con&nbsp;\u00e9l, por lo que dijo a su criado: Pon una olla grande, y haz potaje para los hijos de los profetas.&nbsp;Y sali\u00f3&nbsp;uno al campo a recoger hierbas, y hall\u00f3&nbsp;una como parra mont\u00e9s, y de ella [&hellip;]\" \/>\n<meta property=\"og:url\" content=\"https:\/\/laprensacristiana.com\/?p=12252\" \/>\n<meta property=\"og:site_name\" content=\"La Prensa Cristiana\" \/>\n<meta property=\"article:published_time\" content=\"2021-07-14T15:58:00+00:00\" \/>\n<meta property=\"article:modified_time\" content=\"2021-07-14T15:58:01+00:00\" \/>\n<meta property=\"og:image\" content=\"https:\/\/laprensacristiana.com\/wp-content\/uploads\/2021\/02\/IMG_20210215_163352_769.jpg\" \/>\n\t<meta property=\"og:image:width\" content=\"1280\" \/>\n\t<meta property=\"og:image:height\" content=\"714\" \/>\n\t<meta property=\"og:image:type\" content=\"image\/jpeg\" \/>\n<meta name=\"author\" content=\"EDITOR\" \/>\n<meta name=\"twitter:card\" content=\"summary_large_image\" \/>\n<meta name=\"twitter:label1\" content=\"Escrito por\" \/>\n\t<meta name=\"twitter:data1\" content=\"EDITOR\" \/>\n\t<meta name=\"twitter:label2\" content=\"Tiempo de lectura\" \/>\n\t<meta name=\"twitter:data2\" content=\"4 minutos\" \/>\n<script type=\"application\/ld+json\" class=\"yoast-schema-graph\">{\"@context\":\"https:\/\/schema.org\",\"@graph\":[{\"@type\":\"WebPage\",\"@id\":\"https:\/\/laprensacristiana.com\/?p=12252\",\"url\":\"https:\/\/laprensacristiana.com\/?p=12252\",\"name\":\"\u00bfQu\u00e9 echamos en la olla? - La Prensa Cristiana\",\"isPartOf\":{\"@id\":\"https:\/\/laprensacristiana.com\/#website\"},\"datePublished\":\"2021-07-14T15:58:00+00:00\",\"dateModified\":\"2021-07-14T15:58:01+00:00\",\"author\":{\"@id\":\"https:\/\/laprensacristiana.com\/#\/schema\/person\/3e7d82c6bfd6b1fa67010f8f7cd5256e\"},\"breadcrumb\":{\"@id\":\"https:\/\/laprensacristiana.com\/?p=12252#breadcrumb\"},\"inLanguage\":\"es\",\"potentialAction\":[{\"@type\":\"ReadAction\",\"target\":[\"https:\/\/laprensacristiana.com\/?p=12252\"]}]},{\"@type\":\"BreadcrumbList\",\"@id\":\"https:\/\/laprensacristiana.com\/?p=12252#breadcrumb\",\"itemListElement\":[{\"@type\":\"ListItem\",\"position\":1,\"name\":\"Portada\",\"item\":\"https:\/\/laprensacristiana.com\/\"},{\"@type\":\"ListItem\",\"position\":2,\"name\":\"\u00bfQu\u00e9 echamos en la olla?\"}]},{\"@type\":\"WebSite\",\"@id\":\"https:\/\/laprensacristiana.com\/#website\",\"url\":\"https:\/\/laprensacristiana.com\/\",\"name\":\"La Prensa Cristiana\",\"description\":\"Anunciando Las Buenas Nuevas\",\"potentialAction\":[{\"@type\":\"SearchAction\",\"target\":{\"@type\":\"EntryPoint\",\"urlTemplate\":\"https:\/\/laprensacristiana.com\/?s={search_term_string}\"},\"query-input\":\"required name=search_term_string\"}],\"inLanguage\":\"es\"},{\"@type\":\"Person\",\"@id\":\"https:\/\/laprensacristiana.com\/#\/schema\/person\/3e7d82c6bfd6b1fa67010f8f7cd5256e\",\"name\":\"EDITOR\",\"image\":{\"@type\":\"ImageObject\",\"inLanguage\":\"es\",\"@id\":\"https:\/\/laprensacristiana.com\/#\/schema\/person\/image\/\",\"url\":\"https:\/\/secure.gravatar.com\/avatar\/72069dfb6c13772d9e8381e3638666d2?s=96&d=mm&r=g\",\"contentUrl\":\"https:\/\/secure.gravatar.com\/avatar\/72069dfb6c13772d9e8381e3638666d2?s=96&d=mm&r=g\",\"caption\":\"EDITOR\"},\"url\":\"https:\/\/laprensacristiana.com\/?author=3\"}]}<\/script>\n<!-- \/ Yoast SEO plugin. -->","yoast_head_json":{"title":"\u00bfQu\u00e9 echamos en la olla? - La Prensa Cristiana","robots":{"index":"index","follow":"follow","max-snippet":"max-snippet:-1","max-image-preview":"max-image-preview:large","max-video-preview":"max-video-preview:-1"},"canonical":"https:\/\/laprensacristiana.com\/?p=12252","og_locale":"es_ES","og_type":"article","og_title":"\u00bfQu\u00e9 echamos en la olla? - La Prensa Cristiana","og_description":"2 Reyes 4:38-40&nbsp;\u201cEliseo volvi\u00f3&nbsp;a Gilgal cuando hab\u00eda una grande hambre en la tierra. Y los hijos de los profetas estaban con&nbsp;\u00e9l, por lo que dijo a su criado: Pon una olla grande, y haz potaje para los hijos de los profetas.&nbsp;Y sali\u00f3&nbsp;uno al campo a recoger hierbas, y hall\u00f3&nbsp;una como parra mont\u00e9s, y de ella [&hellip;]","og_url":"https:\/\/laprensacristiana.com\/?p=12252","og_site_name":"La Prensa Cristiana","article_published_time":"2021-07-14T15:58:00+00:00","article_modified_time":"2021-07-14T15:58:01+00:00","og_image":[{"width":1280,"height":714,"url":"https:\/\/laprensacristiana.com\/wp-content\/uploads\/2021\/02\/IMG_20210215_163352_769.jpg","type":"image\/jpeg"}],"author":"EDITOR","twitter_card":"summary_large_image","twitter_misc":{"Escrito por":"EDITOR","Tiempo de lectura":"4 minutos"},"schema":{"@context":"https:\/\/schema.org","@graph":[{"@type":"WebPage","@id":"https:\/\/laprensacristiana.com\/?p=12252","url":"https:\/\/laprensacristiana.com\/?p=12252","name":"\u00bfQu\u00e9 echamos en la olla? - La Prensa Cristiana","isPartOf":{"@id":"https:\/\/laprensacristiana.com\/#website"},"datePublished":"2021-07-14T15:58:00+00:00","dateModified":"2021-07-14T15:58:01+00:00","author":{"@id":"https:\/\/laprensacristiana.com\/#\/schema\/person\/3e7d82c6bfd6b1fa67010f8f7cd5256e"},"breadcrumb":{"@id":"https:\/\/laprensacristiana.com\/?p=12252#breadcrumb"},"inLanguage":"es","potentialAction":[{"@type":"ReadAction","target":["https:\/\/laprensacristiana.com\/?p=12252"]}]},{"@type":"BreadcrumbList","@id":"https:\/\/laprensacristiana.com\/?p=12252#breadcrumb","itemListElement":[{"@type":"ListItem","position":1,"name":"Portada","item":"https:\/\/laprensacristiana.com\/"},{"@type":"ListItem","position":2,"name":"\u00bfQu\u00e9 echamos en la olla?"}]},{"@type":"WebSite","@id":"https:\/\/laprensacristiana.com\/#website","url":"https:\/\/laprensacristiana.com\/","name":"La Prensa Cristiana","description":"Anunciando Las Buenas Nuevas","potentialAction":[{"@type":"SearchAction","target":{"@type":"EntryPoint","urlTemplate":"https:\/\/laprensacristiana.com\/?s={search_term_string}"},"query-input":"required name=search_term_string"}],"inLanguage":"es"},{"@type":"Person","@id":"https:\/\/laprensacristiana.com\/#\/schema\/person\/3e7d82c6bfd6b1fa67010f8f7cd5256e","name":"EDITOR","image":{"@type":"ImageObject","inLanguage":"es","@id":"https:\/\/laprensacristiana.com\/#\/schema\/person\/image\/","url":"https:\/\/secure.gravatar.com\/avatar\/72069dfb6c13772d9e8381e3638666d2?s=96&d=mm&r=g","contentUrl":"https:\/\/secure.gravatar.com\/avatar\/72069dfb6c13772d9e8381e3638666d2?s=96&d=mm&r=g","caption":"EDITOR"},"url":"https:\/\/laprensacristiana.com\/?author=3"}]}},"_links":{"self":[{"href":"https:\/\/laprensacristiana.com\/index.php?rest_route=\/wp\/v2\/posts\/12252"}],"collection":[{"href":"https:\/\/laprensacristiana.com\/index.php?rest_route=\/wp\/v2\/posts"}],"about":[{"href":"https:\/\/laprensacristiana.com\/index.php?rest_route=\/wp\/v2\/types\/post"}],"author":[{"embeddable":true,"href":"https:\/\/laprensacristiana.com\/index.php?rest_route=\/wp\/v2\/users\/3"}],"replies":[{"embeddable":true,"href":"https:\/\/laprensacristiana.com\/index.php?rest_route=%2Fwp%2Fv2%2Fcomments&post=12252"}],"version-history":[{"count":1,"href":"https:\/\/laprensacristiana.com\/index.php?rest_route=\/wp\/v2\/posts\/12252\/revisions"}],"predecessor-version":[{"id":12253,"href":"https:\/\/laprensacristiana.com\/index.php?rest_route=\/wp\/v2\/posts\/12252\/revisions\/12253"}],"wp:featuredmedia":[{"embeddable":true,"href":"https:\/\/laprensacristiana.com\/index.php?rest_route=\/wp\/v2\/media\/11327"}],"wp:attachment":[{"href":"https:\/\/laprensacristiana.com\/index.php?rest_route=%2Fwp%2Fv2%2Fmedia&parent=12252"}],"wp:term":[{"taxonomy":"category","embeddable":true,"href":"https:\/\/laprensacristiana.com\/index.php?rest_route=%2Fwp%2Fv2%2Fcategories&post=12252"},{"taxonomy":"post_tag","embeddable":true,"href":"https:\/\/laprensacristiana.com\/index.php?rest_route=%2Fwp%2Fv2%2Ftags&post=12252"}],"curies":[{"name":"wp","href":"https:\/\/api.w.org\/{rel}","templated":true}]}}