{"id":12271,"date":"2021-07-23T17:14:48","date_gmt":"2021-07-23T17:14:48","guid":{"rendered":"https:\/\/laprensacristiana.com\/?p=12271"},"modified":"2021-07-23T17:14:49","modified_gmt":"2021-07-23T17:14:49","slug":"el-redescubrimiento-de-la-fe-para-una-generacion-que-parecia-haberla-perdido","status":"publish","type":"post","link":"https:\/\/laprensacristiana.com\/?p=12271","title":{"rendered":"El redescubrimiento de la fe para una generaci\u00f3n que parec\u00eda haberla perdido"},"content":{"rendered":"\n<p>Cada generaci\u00f3n en toda sociedad conlleva aspectos negativos y positivos, definir una generaci\u00f3n para algunos son 40 a\u00f1os, para otros son 50 a\u00f1os, b\u00edblicamente se podr\u00eda interpretar como 40 a\u00f1os, si concluyo que la generaci\u00f3n apasionada de los a\u00f1os 80\u00b4s que predic\u00f3 en medio de las balas, que crey\u00f3 en periodos dif\u00edciles, y tomando esa premisa de los cuarenta a\u00f1os de 1980 a 2020 fue un cierre de un ciclo importante, sin el af\u00e1n de polemizar el tema, El Salvador pas\u00f3 de una minor\u00eda del 18% a un promedio del 50% de evang\u00e9licos, convirti\u00e9ndose en una sociedad con universidades evang\u00e9licas, colegios cristianos, institutos b\u00edblicos, artistas pl\u00e1sticos, m\u00fasicos, empresarios con fe evang\u00e9lica, disemin\u00e1ndose la iglesia en todos los espacios del pa\u00eds, cerrando este ciclo tenemos la oportunidad de revisar que sigue y m\u00e1s interesante aun \u00bfQui\u00e9n sigue?.<\/p>\n\n\n\n<p>Ninguna generaci\u00f3n se corta de golpe, prueba de ello es que en el desierto fueron naciendo poco a poco los que iban a entrar en la tierra prometida, en la actualidad encontramos una generaci\u00f3n emergente que hay que aprender a conocer y acompa\u00f1ar. Ante nuestros ojos emerge una generaci\u00f3n introspectiva, poco dada a eventos masivos, a proyectos p\u00fablicos, muy enfocada en acci\u00f3n social, preponderando la limpieza de desechos pl\u00e1sticos en una playa que la asistencia a evangelismo en una plaza p\u00fablica, una generaci\u00f3n digital, que ve con extra\u00f1eza cuando alguien ocupa papel para lecturas devocionales o quejas de no fraternizar por no estar familiarizados con la digitalizaci\u00f3n social. Las redes sociales para esta nueva generaci\u00f3n no son un pasatiempo, son parte de su vida, y normalmente para mi generaci\u00f3n son un entretenimiento, herramienta de evangelizaci\u00f3n, socializaci\u00f3n y de negocios.<\/p>\n\n\n\n<p>En esta aparente manera de describir a la generaci\u00f3n emergerte tambi\u00e9n he descubierto detalles maravillosos, la gran fe de muchos de ellos, por ejemplo en congregarse, encuentro j\u00f3venes que su congregarse no es porque sus padres se congregan, o por ser una responsabilidad familiar, sino que en su independencia deciden acercarse a una iglesia y participar de sus servicios por voluntad propia, es como un llamamiento personal, a diferencia de la generaci\u00f3n anterior que era por llamamiento familiar, donde una persona de la casa se convert\u00eda a Cristo y tarde o temprano por distintos factores toda la casa se fue convirtiendo a Cristo, no digo que hoy no es as\u00ed, solo menciono que me sorprende ver la cantidad de independencia en la b\u00fasqueda de Dios de la nueva generaci\u00f3n, ver su compromiso, son personas mucho m\u00e1s comprometidos y eso Dios lo honra, encuentro genuinidad cristiana, no les interesa la competencia entre iglesias, no les interesa ni el n\u00famero, ni la modernidad de las instalaciones, simplemente asisten donde se sienten c\u00f3modos y el mensaje les llena, confronta, ense\u00f1a, pero no les ofende.<\/p>\n\n\n\n<p>Imagino a Juan el disc\u00edpulo amado de Jes\u00fas, siendo un ni\u00f1o en un grupo de adultos de edad madura, depend\u00eda mucho de todos ellos, pero en su independencia tom\u00f3 decisiones trascendentales como estar al pie de la cruz cuando los dem\u00e1s no estaban, nunca renunci\u00f3 a vivir una vida conforme a lo que Jes\u00fas le dijo hasta el ultimo d\u00eda en la Isla de Patmos escribiendo el Apocalipsis, \u00bfCu\u00e1nto tiempo estuvo Juan con Jes\u00fas? \u00bfA qu\u00e9 edad? Se calcula que tenia entre 14 y 16 a\u00f1os, era un adolescente, pero esos 2, 3 a\u00f1os en su adolescencia con Jes\u00fas marcaron su vida, un tanto independiente de los dem\u00e1s disc\u00edpulos, no lo vemos ligados a Jerusal\u00e9n, ni al grupo de ap\u00f3stoles, pero al ser el que m\u00e1s vivi\u00f3 en edad cronol\u00f3gica post Jes\u00fas en tierra, podemos ver que toda su vida la dedic\u00f3 y consagr\u00f3 a \u00e9l, a su manera, conforme al llamado.<\/p>\n\n\n\n<p>Muchos l\u00edderes religiosos debemos entender que el debate ya no es econ\u00f3mico, filos\u00f3fico, ni pol\u00edtico, el debate para este tiempo es generacional, a pesar de las restricciones que la pandemia genera, a pesar de los tiempos, les invito a identificar en sus congregaciones, ni\u00f1os, adolescentes, j\u00f3venes, adultos, a los cuales no tenemos que acoplar como nosotros vivimos, pensamos o vestimos, pero si aprender de ellos, y cuan importante es darles los espacios y las oportunidades sin que dejen de ser ellos mismos, nuestro anhelo no es convertir robots en robots, sino personas que tengan luz propia, ideas propias y que trasciendan. Personalmente me di cuenta que me estaba volviendo anacr\u00f3nico porque no estaba entendiendo a esta generaci\u00f3n, si hay que educarla pero no hay que matarle el brillo, e encontrado personas de fe, ministerios nuevos que han crecido, con personas que se han acercado y me han dicho si pueden crearlo, y mi respuesta que hace unos a\u00f1os hubiera sido no, \u201chay que esperar 6 meses\u201d, \u201ctengo que orar\u201d, decid\u00ed no matar sue\u00f1os, nos toca a todos romper paradigmas para no matar brillos de fe, veo j\u00f3venes clamando y buscando de Dios, aunque yo no lo entienda Dios les esta hablando a ellos, tienen una conexi\u00f3n con \u00c9l, nuestra misi\u00f3n es hacerles saber que la iglesia es el lugar, hay una generaci\u00f3n con mucha fe que est\u00e1 emergiendo, su independencia les permite decir no a cosas que fracturan la moral, son menos corruptibles e interesados en cosas materiales, esta nueva generaci\u00f3n es una oportunidad para el evangelio. &nbsp;&nbsp;&nbsp;<\/p>\n","protected":false},"excerpt":{"rendered":"<p>Cada generaci\u00f3n en toda sociedad conlleva aspectos negativos y positivos, definir una generaci\u00f3n para algunos son 40 a\u00f1os, para otros son 50 a\u00f1os, b\u00edblicamente se podr\u00eda interpretar como 40 a\u00f1os, si concluyo que la generaci\u00f3n apasionada de los a\u00f1os 80\u00b4s que predic\u00f3 en medio de las balas, que crey\u00f3 en periodos dif\u00edciles, y tomando esa [&hellip;]<\/p>\n","protected":false},"author":3,"featured_media":9965,"comment_status":"open","ping_status":"open","sticky":false,"template":"","format":"standard","meta":[],"categories":[23],"tags":[],"yoast_head":"<!-- This site is optimized with the Yoast SEO plugin v20.8 - https:\/\/yoast.com\/wordpress\/plugins\/seo\/ -->\n<title>El redescubrimiento de la fe para una generaci\u00f3n que parec\u00eda haberla perdido - La Prensa Cristiana<\/title>\n<meta name=\"robots\" content=\"index, follow, max-snippet:-1, max-image-preview:large, max-video-preview:-1\" \/>\n<link rel=\"canonical\" href=\"https:\/\/laprensacristiana.com\/?p=12271\" \/>\n<meta property=\"og:locale\" content=\"es_ES\" \/>\n<meta property=\"og:type\" content=\"article\" \/>\n<meta property=\"og:title\" content=\"El redescubrimiento de la fe para una generaci\u00f3n que parec\u00eda haberla perdido - La Prensa Cristiana\" \/>\n<meta property=\"og:description\" content=\"Cada generaci\u00f3n en toda sociedad conlleva aspectos negativos y positivos, definir una generaci\u00f3n para algunos son 40 a\u00f1os, para otros son 50 a\u00f1os, b\u00edblicamente se podr\u00eda interpretar como 40 a\u00f1os, si concluyo que la generaci\u00f3n apasionada de los a\u00f1os 80\u00b4s que predic\u00f3 en medio de las balas, que crey\u00f3 en periodos dif\u00edciles, y tomando esa [&hellip;]\" \/>\n<meta property=\"og:url\" content=\"https:\/\/laprensacristiana.com\/?p=12271\" \/>\n<meta property=\"og:site_name\" content=\"La Prensa Cristiana\" \/>\n<meta property=\"article:published_time\" content=\"2021-07-23T17:14:48+00:00\" \/>\n<meta property=\"article:modified_time\" content=\"2021-07-23T17:14:49+00:00\" \/>\n<meta property=\"og:image\" content=\"https:\/\/laprensacristiana.com\/wp-content\/uploads\/2020\/08\/IMG-20200806-WA0055.jpg\" \/>\n\t<meta property=\"og:image:width\" content=\"776\" \/>\n\t<meta property=\"og:image:height\" content=\"393\" \/>\n\t<meta property=\"og:image:type\" content=\"image\/jpeg\" \/>\n<meta name=\"author\" content=\"EDITOR\" \/>\n<meta name=\"twitter:card\" content=\"summary_large_image\" \/>\n<meta name=\"twitter:label1\" content=\"Escrito por\" \/>\n\t<meta name=\"twitter:data1\" content=\"EDITOR\" \/>\n\t<meta name=\"twitter:label2\" content=\"Tiempo de lectura\" \/>\n\t<meta name=\"twitter:data2\" content=\"5 minutos\" \/>\n<script type=\"application\/ld+json\" class=\"yoast-schema-graph\">{\"@context\":\"https:\/\/schema.org\",\"@graph\":[{\"@type\":\"WebPage\",\"@id\":\"https:\/\/laprensacristiana.com\/?p=12271\",\"url\":\"https:\/\/laprensacristiana.com\/?p=12271\",\"name\":\"El redescubrimiento de la fe para una generaci\u00f3n que parec\u00eda haberla perdido - La Prensa Cristiana\",\"isPartOf\":{\"@id\":\"https:\/\/laprensacristiana.com\/#website\"},\"datePublished\":\"2021-07-23T17:14:48+00:00\",\"dateModified\":\"2021-07-23T17:14:49+00:00\",\"author\":{\"@id\":\"https:\/\/laprensacristiana.com\/#\/schema\/person\/3e7d82c6bfd6b1fa67010f8f7cd5256e\"},\"breadcrumb\":{\"@id\":\"https:\/\/laprensacristiana.com\/?p=12271#breadcrumb\"},\"inLanguage\":\"es\",\"potentialAction\":[{\"@type\":\"ReadAction\",\"target\":[\"https:\/\/laprensacristiana.com\/?p=12271\"]}]},{\"@type\":\"BreadcrumbList\",\"@id\":\"https:\/\/laprensacristiana.com\/?p=12271#breadcrumb\",\"itemListElement\":[{\"@type\":\"ListItem\",\"position\":1,\"name\":\"Portada\",\"item\":\"https:\/\/laprensacristiana.com\/\"},{\"@type\":\"ListItem\",\"position\":2,\"name\":\"El redescubrimiento de la fe para una generaci\u00f3n que parec\u00eda haberla perdido\"}]},{\"@type\":\"WebSite\",\"@id\":\"https:\/\/laprensacristiana.com\/#website\",\"url\":\"https:\/\/laprensacristiana.com\/\",\"name\":\"La Prensa Cristiana\",\"description\":\"Anunciando Las Buenas Nuevas\",\"potentialAction\":[{\"@type\":\"SearchAction\",\"target\":{\"@type\":\"EntryPoint\",\"urlTemplate\":\"https:\/\/laprensacristiana.com\/?s={search_term_string}\"},\"query-input\":\"required name=search_term_string\"}],\"inLanguage\":\"es\"},{\"@type\":\"Person\",\"@id\":\"https:\/\/laprensacristiana.com\/#\/schema\/person\/3e7d82c6bfd6b1fa67010f8f7cd5256e\",\"name\":\"EDITOR\",\"image\":{\"@type\":\"ImageObject\",\"inLanguage\":\"es\",\"@id\":\"https:\/\/laprensacristiana.com\/#\/schema\/person\/image\/\",\"url\":\"https:\/\/secure.gravatar.com\/avatar\/72069dfb6c13772d9e8381e3638666d2?s=96&d=mm&r=g\",\"contentUrl\":\"https:\/\/secure.gravatar.com\/avatar\/72069dfb6c13772d9e8381e3638666d2?s=96&d=mm&r=g\",\"caption\":\"EDITOR\"},\"url\":\"https:\/\/laprensacristiana.com\/?author=3\"}]}<\/script>\n<!-- \/ Yoast SEO plugin. -->","yoast_head_json":{"title":"El redescubrimiento de la fe para una generaci\u00f3n que parec\u00eda haberla perdido - La Prensa Cristiana","robots":{"index":"index","follow":"follow","max-snippet":"max-snippet:-1","max-image-preview":"max-image-preview:large","max-video-preview":"max-video-preview:-1"},"canonical":"https:\/\/laprensacristiana.com\/?p=12271","og_locale":"es_ES","og_type":"article","og_title":"El redescubrimiento de la fe para una generaci\u00f3n que parec\u00eda haberla perdido - La Prensa Cristiana","og_description":"Cada generaci\u00f3n en toda sociedad conlleva aspectos negativos y positivos, definir una generaci\u00f3n para algunos son 40 a\u00f1os, para otros son 50 a\u00f1os, b\u00edblicamente se podr\u00eda interpretar como 40 a\u00f1os, si concluyo que la generaci\u00f3n apasionada de los a\u00f1os 80\u00b4s que predic\u00f3 en medio de las balas, que crey\u00f3 en periodos dif\u00edciles, y tomando esa [&hellip;]","og_url":"https:\/\/laprensacristiana.com\/?p=12271","og_site_name":"La Prensa Cristiana","article_published_time":"2021-07-23T17:14:48+00:00","article_modified_time":"2021-07-23T17:14:49+00:00","og_image":[{"width":776,"height":393,"url":"https:\/\/laprensacristiana.com\/wp-content\/uploads\/2020\/08\/IMG-20200806-WA0055.jpg","type":"image\/jpeg"}],"author":"EDITOR","twitter_card":"summary_large_image","twitter_misc":{"Escrito por":"EDITOR","Tiempo de lectura":"5 minutos"},"schema":{"@context":"https:\/\/schema.org","@graph":[{"@type":"WebPage","@id":"https:\/\/laprensacristiana.com\/?p=12271","url":"https:\/\/laprensacristiana.com\/?p=12271","name":"El redescubrimiento de la fe para una generaci\u00f3n que parec\u00eda haberla perdido - La Prensa Cristiana","isPartOf":{"@id":"https:\/\/laprensacristiana.com\/#website"},"datePublished":"2021-07-23T17:14:48+00:00","dateModified":"2021-07-23T17:14:49+00:00","author":{"@id":"https:\/\/laprensacristiana.com\/#\/schema\/person\/3e7d82c6bfd6b1fa67010f8f7cd5256e"},"breadcrumb":{"@id":"https:\/\/laprensacristiana.com\/?p=12271#breadcrumb"},"inLanguage":"es","potentialAction":[{"@type":"ReadAction","target":["https:\/\/laprensacristiana.com\/?p=12271"]}]},{"@type":"BreadcrumbList","@id":"https:\/\/laprensacristiana.com\/?p=12271#breadcrumb","itemListElement":[{"@type":"ListItem","position":1,"name":"Portada","item":"https:\/\/laprensacristiana.com\/"},{"@type":"ListItem","position":2,"name":"El redescubrimiento de la fe para una generaci\u00f3n que parec\u00eda haberla perdido"}]},{"@type":"WebSite","@id":"https:\/\/laprensacristiana.com\/#website","url":"https:\/\/laprensacristiana.com\/","name":"La Prensa Cristiana","description":"Anunciando Las Buenas Nuevas","potentialAction":[{"@type":"SearchAction","target":{"@type":"EntryPoint","urlTemplate":"https:\/\/laprensacristiana.com\/?s={search_term_string}"},"query-input":"required name=search_term_string"}],"inLanguage":"es"},{"@type":"Person","@id":"https:\/\/laprensacristiana.com\/#\/schema\/person\/3e7d82c6bfd6b1fa67010f8f7cd5256e","name":"EDITOR","image":{"@type":"ImageObject","inLanguage":"es","@id":"https:\/\/laprensacristiana.com\/#\/schema\/person\/image\/","url":"https:\/\/secure.gravatar.com\/avatar\/72069dfb6c13772d9e8381e3638666d2?s=96&d=mm&r=g","contentUrl":"https:\/\/secure.gravatar.com\/avatar\/72069dfb6c13772d9e8381e3638666d2?s=96&d=mm&r=g","caption":"EDITOR"},"url":"https:\/\/laprensacristiana.com\/?author=3"}]}},"_links":{"self":[{"href":"https:\/\/laprensacristiana.com\/index.php?rest_route=\/wp\/v2\/posts\/12271"}],"collection":[{"href":"https:\/\/laprensacristiana.com\/index.php?rest_route=\/wp\/v2\/posts"}],"about":[{"href":"https:\/\/laprensacristiana.com\/index.php?rest_route=\/wp\/v2\/types\/post"}],"author":[{"embeddable":true,"href":"https:\/\/laprensacristiana.com\/index.php?rest_route=\/wp\/v2\/users\/3"}],"replies":[{"embeddable":true,"href":"https:\/\/laprensacristiana.com\/index.php?rest_route=%2Fwp%2Fv2%2Fcomments&post=12271"}],"version-history":[{"count":1,"href":"https:\/\/laprensacristiana.com\/index.php?rest_route=\/wp\/v2\/posts\/12271\/revisions"}],"predecessor-version":[{"id":12272,"href":"https:\/\/laprensacristiana.com\/index.php?rest_route=\/wp\/v2\/posts\/12271\/revisions\/12272"}],"wp:featuredmedia":[{"embeddable":true,"href":"https:\/\/laprensacristiana.com\/index.php?rest_route=\/wp\/v2\/media\/9965"}],"wp:attachment":[{"href":"https:\/\/laprensacristiana.com\/index.php?rest_route=%2Fwp%2Fv2%2Fmedia&parent=12271"}],"wp:term":[{"taxonomy":"category","embeddable":true,"href":"https:\/\/laprensacristiana.com\/index.php?rest_route=%2Fwp%2Fv2%2Fcategories&post=12271"},{"taxonomy":"post_tag","embeddable":true,"href":"https:\/\/laprensacristiana.com\/index.php?rest_route=%2Fwp%2Fv2%2Ftags&post=12271"}],"curies":[{"name":"wp","href":"https:\/\/api.w.org\/{rel}","templated":true}]}}