{"id":12275,"date":"2021-07-26T12:11:51","date_gmt":"2021-07-26T12:11:51","guid":{"rendered":"https:\/\/laprensacristiana.com\/?p=12275"},"modified":"2021-07-26T12:11:51","modified_gmt":"2021-07-26T12:11:51","slug":"miedo-a-las-vacunas-se-prefiere-la-muerte","status":"publish","type":"post","link":"https:\/\/laprensacristiana.com\/?p=12275","title":{"rendered":"Miedo a las vacunas (se prefiere la muerte\u2026)"},"content":{"rendered":"\n<p><\/p>\n\n\n\n<p>No es la primera vez -y pensamos que no ser\u00e1 la \u00faltima- que escribimos sobre las vacunas y ahora, en este tiempo, espec\u00edficamente sobre las diversas que existen para combatir el corona virus o covid-19.<\/p>\n\n\n\n<p>Decimos, que existen personas que est\u00e1n contra la vacunaci\u00f3n masiva para prevenir la entrada al organismo del corona virus o covid-19. Y las razones que argumentan los que se oponen, van, desde los mitos como los que dicen que los hombres m\u00e1s ricos del planeta desean implantar un microchip, de manera de controlar a las personas, o de saber d\u00f3nde est\u00e1n, y, qu\u00e9 es lo que hacen.<\/p>\n\n\n\n<p>Y est\u00e1n -en el vasto mundo religioso- lo que creen que se trata del fin del mundo y que la vacuna es la marca del anticristo o algo similar.&nbsp;<\/p>\n\n\n\n<p>Lo concreto, es que las personas que no se vacunan, prefieren la muerte, as\u00ed de sencillo. Esto me recuerda aquella encuesta que dice que, para algunas personas, la sola idea de hablar en p\u00fablico es tan paralizante que prefieren morir a enfrentar una audiencia\u2026&nbsp;<\/p>\n\n\n\n<p>\u00bfPor qu\u00e9 decimos que no vacunarse contra el covid-19 es simplemente esperar la muerte? Porque hasta el momento, este virus se ha cobrado la vida de m\u00e1s de 4 millones de seres humanos al 15 de julio, 2021.<\/p>\n\n\n\n<p>Familias e individuos nunca cuestionaron la vacunaci\u00f3n masiva contra la tuberculosis, o la viruela, o poliomielitis en el pasado. Sin embargo, ahora, y por cuestiones pol\u00edticas o religiosas, se da un segmento de la poblaci\u00f3n que cuestiona la simple recomendaci\u00f3n de prevenir el aumento de los contagios del moderno covid-19, simplemente por un capricho que puede ser mortal entre los que as\u00ed reh\u00fasan la evidencia cient\u00edfica.<\/p>\n\n\n\n<p>Para los no vacunados contra el corona virus, existe el riesgo de las mutaciones del virus, y, ahora con la llegada de la variante \u201cDelta\u201d, nos encontramos nuevamente con la posibilidad de una nueva pandemia.<\/p>\n\n\n\n<p>Los virus son peque\u00f1os. Pero pueden crecer. Puede parecer una analog\u00eda mala, pero los virus son como los elementos de la fe, que, peque\u00f1os, como la semilla de mostaza, crecen y llegan a ser un \u00e1rbol frondoso. En este caso, esperamos que ese \u00e1rbol -el del covid-19- no solo no crezca, sino que desaparezca.<\/p>\n\n\n\n<p>(<a href=\"mailto:guillermo.serrano@ideasyvoces.com\">guillermo.serrano@ideasyvoces.com<\/a>) Lunes 26 de julio, 2021.<\/p>\n","protected":false},"excerpt":{"rendered":"<p>No es la primera vez -y pensamos que no ser\u00e1 la \u00faltima- que escribimos sobre las vacunas y ahora, en este tiempo, espec\u00edficamente sobre las diversas que existen para combatir el corona virus o covid-19. Decimos, que existen personas que est\u00e1n contra la vacunaci\u00f3n masiva para prevenir la entrada al organismo del corona virus o [&hellip;]<\/p>\n","protected":false},"author":3,"featured_media":12089,"comment_status":"open","ping_status":"open","sticky":false,"template":"","format":"standard","meta":[],"categories":[113],"tags":[],"yoast_head":"<!-- This site is optimized with the Yoast SEO plugin v20.8 - https:\/\/yoast.com\/wordpress\/plugins\/seo\/ -->\n<title>Miedo a las vacunas (se prefiere la muerte\u2026) - La Prensa Cristiana<\/title>\n<meta name=\"robots\" content=\"index, follow, max-snippet:-1, max-image-preview:large, max-video-preview:-1\" \/>\n<link rel=\"canonical\" href=\"https:\/\/laprensacristiana.com\/?p=12275\" \/>\n<meta property=\"og:locale\" content=\"es_ES\" \/>\n<meta property=\"og:type\" content=\"article\" \/>\n<meta property=\"og:title\" content=\"Miedo a las vacunas (se prefiere la muerte\u2026) - La Prensa Cristiana\" \/>\n<meta property=\"og:description\" content=\"No es la primera vez -y pensamos que no ser\u00e1 la \u00faltima- que escribimos sobre las vacunas y ahora, en este tiempo, espec\u00edficamente sobre las diversas que existen para combatir el corona virus o covid-19. Decimos, que existen personas que est\u00e1n contra la vacunaci\u00f3n masiva para prevenir la entrada al organismo del corona virus o [&hellip;]\" \/>\n<meta property=\"og:url\" content=\"https:\/\/laprensacristiana.com\/?p=12275\" \/>\n<meta property=\"og:site_name\" content=\"La Prensa Cristiana\" \/>\n<meta property=\"article:published_time\" content=\"2021-07-26T12:11:51+00:00\" \/>\n<meta property=\"og:image\" content=\"https:\/\/laprensacristiana.com\/wp-content\/uploads\/2021\/06\/Blue-Experimental-Art-Deco-Consultancy-Business-Website.jpg\" \/>\n\t<meta property=\"og:image:width\" content=\"1350\" \/>\n\t<meta property=\"og:image:height\" content=\"650\" \/>\n\t<meta property=\"og:image:type\" content=\"image\/jpeg\" \/>\n<meta name=\"author\" content=\"EDITOR\" \/>\n<meta name=\"twitter:card\" content=\"summary_large_image\" \/>\n<meta name=\"twitter:label1\" content=\"Escrito por\" \/>\n\t<meta name=\"twitter:data1\" content=\"EDITOR\" \/>\n\t<meta name=\"twitter:label2\" content=\"Tiempo de lectura\" \/>\n\t<meta name=\"twitter:data2\" content=\"2 minutos\" \/>\n<script type=\"application\/ld+json\" class=\"yoast-schema-graph\">{\"@context\":\"https:\/\/schema.org\",\"@graph\":[{\"@type\":\"WebPage\",\"@id\":\"https:\/\/laprensacristiana.com\/?p=12275\",\"url\":\"https:\/\/laprensacristiana.com\/?p=12275\",\"name\":\"Miedo a las vacunas (se prefiere la muerte\u2026) - La Prensa Cristiana\",\"isPartOf\":{\"@id\":\"https:\/\/laprensacristiana.com\/#website\"},\"datePublished\":\"2021-07-26T12:11:51+00:00\",\"dateModified\":\"2021-07-26T12:11:51+00:00\",\"author\":{\"@id\":\"https:\/\/laprensacristiana.com\/#\/schema\/person\/3e7d82c6bfd6b1fa67010f8f7cd5256e\"},\"breadcrumb\":{\"@id\":\"https:\/\/laprensacristiana.com\/?p=12275#breadcrumb\"},\"inLanguage\":\"es\",\"potentialAction\":[{\"@type\":\"ReadAction\",\"target\":[\"https:\/\/laprensacristiana.com\/?p=12275\"]}]},{\"@type\":\"BreadcrumbList\",\"@id\":\"https:\/\/laprensacristiana.com\/?p=12275#breadcrumb\",\"itemListElement\":[{\"@type\":\"ListItem\",\"position\":1,\"name\":\"Portada\",\"item\":\"https:\/\/laprensacristiana.com\/\"},{\"@type\":\"ListItem\",\"position\":2,\"name\":\"Miedo a las vacunas (se prefiere la muerte\u2026)\"}]},{\"@type\":\"WebSite\",\"@id\":\"https:\/\/laprensacristiana.com\/#website\",\"url\":\"https:\/\/laprensacristiana.com\/\",\"name\":\"La Prensa Cristiana\",\"description\":\"Anunciando Las Buenas Nuevas\",\"potentialAction\":[{\"@type\":\"SearchAction\",\"target\":{\"@type\":\"EntryPoint\",\"urlTemplate\":\"https:\/\/laprensacristiana.com\/?s={search_term_string}\"},\"query-input\":\"required name=search_term_string\"}],\"inLanguage\":\"es\"},{\"@type\":\"Person\",\"@id\":\"https:\/\/laprensacristiana.com\/#\/schema\/person\/3e7d82c6bfd6b1fa67010f8f7cd5256e\",\"name\":\"EDITOR\",\"image\":{\"@type\":\"ImageObject\",\"inLanguage\":\"es\",\"@id\":\"https:\/\/laprensacristiana.com\/#\/schema\/person\/image\/\",\"url\":\"https:\/\/secure.gravatar.com\/avatar\/72069dfb6c13772d9e8381e3638666d2?s=96&d=mm&r=g\",\"contentUrl\":\"https:\/\/secure.gravatar.com\/avatar\/72069dfb6c13772d9e8381e3638666d2?s=96&d=mm&r=g\",\"caption\":\"EDITOR\"},\"url\":\"https:\/\/laprensacristiana.com\/?author=3\"}]}<\/script>\n<!-- \/ Yoast SEO plugin. -->","yoast_head_json":{"title":"Miedo a las vacunas (se prefiere la muerte\u2026) - La Prensa Cristiana","robots":{"index":"index","follow":"follow","max-snippet":"max-snippet:-1","max-image-preview":"max-image-preview:large","max-video-preview":"max-video-preview:-1"},"canonical":"https:\/\/laprensacristiana.com\/?p=12275","og_locale":"es_ES","og_type":"article","og_title":"Miedo a las vacunas (se prefiere la muerte\u2026) - La Prensa Cristiana","og_description":"No es la primera vez -y pensamos que no ser\u00e1 la \u00faltima- que escribimos sobre las vacunas y ahora, en este tiempo, espec\u00edficamente sobre las diversas que existen para combatir el corona virus o covid-19. Decimos, que existen personas que est\u00e1n contra la vacunaci\u00f3n masiva para prevenir la entrada al organismo del corona virus o [&hellip;]","og_url":"https:\/\/laprensacristiana.com\/?p=12275","og_site_name":"La Prensa Cristiana","article_published_time":"2021-07-26T12:11:51+00:00","og_image":[{"width":1350,"height":650,"url":"https:\/\/laprensacristiana.com\/wp-content\/uploads\/2021\/06\/Blue-Experimental-Art-Deco-Consultancy-Business-Website.jpg","type":"image\/jpeg"}],"author":"EDITOR","twitter_card":"summary_large_image","twitter_misc":{"Escrito por":"EDITOR","Tiempo de lectura":"2 minutos"},"schema":{"@context":"https:\/\/schema.org","@graph":[{"@type":"WebPage","@id":"https:\/\/laprensacristiana.com\/?p=12275","url":"https:\/\/laprensacristiana.com\/?p=12275","name":"Miedo a las vacunas (se prefiere la muerte\u2026) - La Prensa Cristiana","isPartOf":{"@id":"https:\/\/laprensacristiana.com\/#website"},"datePublished":"2021-07-26T12:11:51+00:00","dateModified":"2021-07-26T12:11:51+00:00","author":{"@id":"https:\/\/laprensacristiana.com\/#\/schema\/person\/3e7d82c6bfd6b1fa67010f8f7cd5256e"},"breadcrumb":{"@id":"https:\/\/laprensacristiana.com\/?p=12275#breadcrumb"},"inLanguage":"es","potentialAction":[{"@type":"ReadAction","target":["https:\/\/laprensacristiana.com\/?p=12275"]}]},{"@type":"BreadcrumbList","@id":"https:\/\/laprensacristiana.com\/?p=12275#breadcrumb","itemListElement":[{"@type":"ListItem","position":1,"name":"Portada","item":"https:\/\/laprensacristiana.com\/"},{"@type":"ListItem","position":2,"name":"Miedo a las vacunas (se prefiere la muerte\u2026)"}]},{"@type":"WebSite","@id":"https:\/\/laprensacristiana.com\/#website","url":"https:\/\/laprensacristiana.com\/","name":"La Prensa Cristiana","description":"Anunciando Las Buenas Nuevas","potentialAction":[{"@type":"SearchAction","target":{"@type":"EntryPoint","urlTemplate":"https:\/\/laprensacristiana.com\/?s={search_term_string}"},"query-input":"required name=search_term_string"}],"inLanguage":"es"},{"@type":"Person","@id":"https:\/\/laprensacristiana.com\/#\/schema\/person\/3e7d82c6bfd6b1fa67010f8f7cd5256e","name":"EDITOR","image":{"@type":"ImageObject","inLanguage":"es","@id":"https:\/\/laprensacristiana.com\/#\/schema\/person\/image\/","url":"https:\/\/secure.gravatar.com\/avatar\/72069dfb6c13772d9e8381e3638666d2?s=96&d=mm&r=g","contentUrl":"https:\/\/secure.gravatar.com\/avatar\/72069dfb6c13772d9e8381e3638666d2?s=96&d=mm&r=g","caption":"EDITOR"},"url":"https:\/\/laprensacristiana.com\/?author=3"}]}},"_links":{"self":[{"href":"https:\/\/laprensacristiana.com\/index.php?rest_route=\/wp\/v2\/posts\/12275"}],"collection":[{"href":"https:\/\/laprensacristiana.com\/index.php?rest_route=\/wp\/v2\/posts"}],"about":[{"href":"https:\/\/laprensacristiana.com\/index.php?rest_route=\/wp\/v2\/types\/post"}],"author":[{"embeddable":true,"href":"https:\/\/laprensacristiana.com\/index.php?rest_route=\/wp\/v2\/users\/3"}],"replies":[{"embeddable":true,"href":"https:\/\/laprensacristiana.com\/index.php?rest_route=%2Fwp%2Fv2%2Fcomments&post=12275"}],"version-history":[{"count":1,"href":"https:\/\/laprensacristiana.com\/index.php?rest_route=\/wp\/v2\/posts\/12275\/revisions"}],"predecessor-version":[{"id":12276,"href":"https:\/\/laprensacristiana.com\/index.php?rest_route=\/wp\/v2\/posts\/12275\/revisions\/12276"}],"wp:featuredmedia":[{"embeddable":true,"href":"https:\/\/laprensacristiana.com\/index.php?rest_route=\/wp\/v2\/media\/12089"}],"wp:attachment":[{"href":"https:\/\/laprensacristiana.com\/index.php?rest_route=%2Fwp%2Fv2%2Fmedia&parent=12275"}],"wp:term":[{"taxonomy":"category","embeddable":true,"href":"https:\/\/laprensacristiana.com\/index.php?rest_route=%2Fwp%2Fv2%2Fcategories&post=12275"},{"taxonomy":"post_tag","embeddable":true,"href":"https:\/\/laprensacristiana.com\/index.php?rest_route=%2Fwp%2Fv2%2Ftags&post=12275"}],"curies":[{"name":"wp","href":"https:\/\/api.w.org\/{rel}","templated":true}]}}