{"id":12315,"date":"2021-07-30T05:45:14","date_gmt":"2021-07-30T05:45:14","guid":{"rendered":"https:\/\/laprensacristiana.com\/?p=12315"},"modified":"2021-07-30T05:57:37","modified_gmt":"2021-07-30T05:57:37","slug":"pastor-jeremias-bolanos-cumple-59-anos-de-ministerio","status":"publish","type":"post","link":"https:\/\/laprensacristiana.com\/?p=12315","title":{"rendered":"Pastor Jerem\u00edas Bola\u00f1os cumple 59 a\u00f1os de ministerio."},"content":{"rendered":"\n<p><\/p>\n\n\n\n<p>El Superintendente de las Asambleas de Dios por casi 3 d\u00e9cadas de la denominaci\u00f3n ha llegado hoy a 59 a\u00f1os continuos de ser pastor y servir a Dios.&nbsp;<\/p>\n\n\n\n<p>En la informaci\u00f3n de su perfil de Facebook se puede leer: \u201cPastor de Asambleas de Dios desde el 29 de Julio de 1962\u201d.&nbsp;<\/p>\n\n\n\n<p>Su hija Becky Bola\u00f1os de Cabezas le expres\u00f3 una emotiva felicitaci\u00f3n en el marco de sus a\u00f1os de servicio; \u201c59 a\u00f1os de pregonar el evangelio de Jesucristo ininterrumpidamente y con la firme decisi\u00f3n de seguir adelante. Qu\u00e9 Bueno es el Se\u00f1or, muchas felicidades en este aniversario ministerial que yo se, es de las fechas m\u00e1s importantes en su vida. Lo admiro, es un gran l\u00edder, amigo, maestro, pastor, consejero, un padre excepcional, \u00fanico, distinguido, humilde y m\u00e1s. Dios lo siga respaldando hasta la venida del Se\u00f1or\u201d.&nbsp;<\/p>\n\n\n\n<p>Diferentes personalidades han publicado sus felicitaciones por su integridad y trayectoria pastoral durante estos 59 a\u00f1os de ministerio:&nbsp;<\/p>\n\n\n\n<p>El pastor Edwin Steven Guzm\u00e1n de CONFADES y presidente de UNICSAl le expres\u00f3: \u201cFeliz aniversario y bendiciones Jefe adelante siempre\u201d, mientras que por su parte la hermana Lolita Chac\u00f3n del D\u00fao Hermanos Chacon le dijo: \u201cFelicidades un ejemplo a seguir!!!\u201d.&nbsp;<\/p>\n\n\n\n<p>El misionero Sam Stewart fundador del Ministerio [Charlie\u2019s Lunch El Salvador] le public\u00f3 un profundo mensaje: \u201cFelicidades en este gran acontecimiento muy Valioso e importante\u00a0\u00a0Hermano Jeremias!\u00a0\u00a0Siempre apreciando los 59 A\u00f1os de observar como Dios en cada etapa de su Vida lo ha venido trayendo siempre con mas sabiduria, fuerza para dijerir las responsabilidades dadas y la uncion del Espiritu Santo en su ensenianza y predica.\u00a0\u00a0Que Dios lo siga respaldando en todas Las areas de su Vida.\u00a0\u00a0Nos es una gran bendicion poder decir que junto con Hermano Pazita que son grandes personas de amistad y admiracion en nuestra familia.\u00a0\u00a0Dios los bendiga siempre!\u201d Concluy\u00f3 Stewart.\u00a0<\/p>\n","protected":false},"excerpt":{"rendered":"<p>El Superintendente de las Asambleas de Dios por casi 3 d\u00e9cadas de la denominaci\u00f3n ha llegado hoy a 59 a\u00f1os continuos de ser pastor y servir a Dios.&nbsp; En la informaci\u00f3n de su perfil de Facebook se puede leer: \u201cPastor de Asambleas de Dios desde el 29 de Julio de 1962\u201d.&nbsp; Su hija Becky Bola\u00f1os [&hellip;]<\/p>\n","protected":false},"author":3,"featured_media":12319,"comment_status":"open","ping_status":"open","sticky":false,"template":"","format":"standard","meta":[],"categories":[56],"tags":[],"yoast_head":"<!-- This site is optimized with the Yoast SEO plugin v20.8 - https:\/\/yoast.com\/wordpress\/plugins\/seo\/ -->\n<title>Pastor Jerem\u00edas Bola\u00f1os cumple 59 a\u00f1os de ministerio. - La Prensa Cristiana<\/title>\n<meta name=\"robots\" content=\"index, follow, max-snippet:-1, max-image-preview:large, max-video-preview:-1\" \/>\n<link rel=\"canonical\" href=\"https:\/\/laprensacristiana.com\/?p=12315\" \/>\n<meta property=\"og:locale\" content=\"es_ES\" \/>\n<meta property=\"og:type\" content=\"article\" \/>\n<meta property=\"og:title\" content=\"Pastor Jerem\u00edas Bola\u00f1os cumple 59 a\u00f1os de ministerio. - La Prensa Cristiana\" \/>\n<meta property=\"og:description\" content=\"El Superintendente de las Asambleas de Dios por casi 3 d\u00e9cadas de la denominaci\u00f3n ha llegado hoy a 59 a\u00f1os continuos de ser pastor y servir a Dios.&nbsp; En la informaci\u00f3n de su perfil de Facebook se puede leer: \u201cPastor de Asambleas de Dios desde el 29 de Julio de 1962\u201d.&nbsp; Su hija Becky Bola\u00f1os [&hellip;]\" \/>\n<meta property=\"og:url\" content=\"https:\/\/laprensacristiana.com\/?p=12315\" \/>\n<meta property=\"og:site_name\" content=\"La Prensa Cristiana\" \/>\n<meta property=\"article:published_time\" content=\"2021-07-30T05:45:14+00:00\" \/>\n<meta property=\"article:modified_time\" content=\"2021-07-30T05:57:37+00:00\" \/>\n<meta property=\"og:image\" content=\"https:\/\/laprensacristiana.com\/wp-content\/uploads\/2021\/07\/8F0CB103-489E-42B5-B836-69D8A613C428.jpeg\" \/>\n\t<meta property=\"og:image:width\" content=\"1280\" \/>\n\t<meta property=\"og:image:height\" content=\"917\" \/>\n\t<meta property=\"og:image:type\" content=\"image\/jpeg\" \/>\n<meta name=\"author\" content=\"EDITOR\" \/>\n<meta name=\"twitter:card\" content=\"summary_large_image\" \/>\n<meta name=\"twitter:label1\" content=\"Escrito por\" \/>\n\t<meta name=\"twitter:data1\" content=\"EDITOR\" \/>\n\t<meta name=\"twitter:label2\" content=\"Tiempo de lectura\" \/>\n\t<meta name=\"twitter:data2\" content=\"2 minutos\" \/>\n<script type=\"application\/ld+json\" class=\"yoast-schema-graph\">{\"@context\":\"https:\/\/schema.org\",\"@graph\":[{\"@type\":\"WebPage\",\"@id\":\"https:\/\/laprensacristiana.com\/?p=12315\",\"url\":\"https:\/\/laprensacristiana.com\/?p=12315\",\"name\":\"Pastor Jerem\u00edas Bola\u00f1os cumple 59 a\u00f1os de ministerio. - La Prensa Cristiana\",\"isPartOf\":{\"@id\":\"https:\/\/laprensacristiana.com\/#website\"},\"datePublished\":\"2021-07-30T05:45:14+00:00\",\"dateModified\":\"2021-07-30T05:57:37+00:00\",\"author\":{\"@id\":\"https:\/\/laprensacristiana.com\/#\/schema\/person\/3e7d82c6bfd6b1fa67010f8f7cd5256e\"},\"breadcrumb\":{\"@id\":\"https:\/\/laprensacristiana.com\/?p=12315#breadcrumb\"},\"inLanguage\":\"es\",\"potentialAction\":[{\"@type\":\"ReadAction\",\"target\":[\"https:\/\/laprensacristiana.com\/?p=12315\"]}]},{\"@type\":\"BreadcrumbList\",\"@id\":\"https:\/\/laprensacristiana.com\/?p=12315#breadcrumb\",\"itemListElement\":[{\"@type\":\"ListItem\",\"position\":1,\"name\":\"Portada\",\"item\":\"https:\/\/laprensacristiana.com\/\"},{\"@type\":\"ListItem\",\"position\":2,\"name\":\"Pastor Jerem\u00edas Bola\u00f1os cumple 59 a\u00f1os de ministerio.\"}]},{\"@type\":\"WebSite\",\"@id\":\"https:\/\/laprensacristiana.com\/#website\",\"url\":\"https:\/\/laprensacristiana.com\/\",\"name\":\"La Prensa Cristiana\",\"description\":\"Anunciando Las Buenas Nuevas\",\"potentialAction\":[{\"@type\":\"SearchAction\",\"target\":{\"@type\":\"EntryPoint\",\"urlTemplate\":\"https:\/\/laprensacristiana.com\/?s={search_term_string}\"},\"query-input\":\"required name=search_term_string\"}],\"inLanguage\":\"es\"},{\"@type\":\"Person\",\"@id\":\"https:\/\/laprensacristiana.com\/#\/schema\/person\/3e7d82c6bfd6b1fa67010f8f7cd5256e\",\"name\":\"EDITOR\",\"image\":{\"@type\":\"ImageObject\",\"inLanguage\":\"es\",\"@id\":\"https:\/\/laprensacristiana.com\/#\/schema\/person\/image\/\",\"url\":\"https:\/\/secure.gravatar.com\/avatar\/72069dfb6c13772d9e8381e3638666d2?s=96&d=mm&r=g\",\"contentUrl\":\"https:\/\/secure.gravatar.com\/avatar\/72069dfb6c13772d9e8381e3638666d2?s=96&d=mm&r=g\",\"caption\":\"EDITOR\"},\"url\":\"https:\/\/laprensacristiana.com\/?author=3\"}]}<\/script>\n<!-- \/ Yoast SEO plugin. -->","yoast_head_json":{"title":"Pastor Jerem\u00edas Bola\u00f1os cumple 59 a\u00f1os de ministerio. - La Prensa Cristiana","robots":{"index":"index","follow":"follow","max-snippet":"max-snippet:-1","max-image-preview":"max-image-preview:large","max-video-preview":"max-video-preview:-1"},"canonical":"https:\/\/laprensacristiana.com\/?p=12315","og_locale":"es_ES","og_type":"article","og_title":"Pastor Jerem\u00edas Bola\u00f1os cumple 59 a\u00f1os de ministerio. - La Prensa Cristiana","og_description":"El Superintendente de las Asambleas de Dios por casi 3 d\u00e9cadas de la denominaci\u00f3n ha llegado hoy a 59 a\u00f1os continuos de ser pastor y servir a Dios.&nbsp; En la informaci\u00f3n de su perfil de Facebook se puede leer: \u201cPastor de Asambleas de Dios desde el 29 de Julio de 1962\u201d.&nbsp; Su hija Becky Bola\u00f1os [&hellip;]","og_url":"https:\/\/laprensacristiana.com\/?p=12315","og_site_name":"La Prensa Cristiana","article_published_time":"2021-07-30T05:45:14+00:00","article_modified_time":"2021-07-30T05:57:37+00:00","og_image":[{"width":1280,"height":917,"url":"https:\/\/laprensacristiana.com\/wp-content\/uploads\/2021\/07\/8F0CB103-489E-42B5-B836-69D8A613C428.jpeg","type":"image\/jpeg"}],"author":"EDITOR","twitter_card":"summary_large_image","twitter_misc":{"Escrito por":"EDITOR","Tiempo de lectura":"2 minutos"},"schema":{"@context":"https:\/\/schema.org","@graph":[{"@type":"WebPage","@id":"https:\/\/laprensacristiana.com\/?p=12315","url":"https:\/\/laprensacristiana.com\/?p=12315","name":"Pastor Jerem\u00edas Bola\u00f1os cumple 59 a\u00f1os de ministerio. - La Prensa Cristiana","isPartOf":{"@id":"https:\/\/laprensacristiana.com\/#website"},"datePublished":"2021-07-30T05:45:14+00:00","dateModified":"2021-07-30T05:57:37+00:00","author":{"@id":"https:\/\/laprensacristiana.com\/#\/schema\/person\/3e7d82c6bfd6b1fa67010f8f7cd5256e"},"breadcrumb":{"@id":"https:\/\/laprensacristiana.com\/?p=12315#breadcrumb"},"inLanguage":"es","potentialAction":[{"@type":"ReadAction","target":["https:\/\/laprensacristiana.com\/?p=12315"]}]},{"@type":"BreadcrumbList","@id":"https:\/\/laprensacristiana.com\/?p=12315#breadcrumb","itemListElement":[{"@type":"ListItem","position":1,"name":"Portada","item":"https:\/\/laprensacristiana.com\/"},{"@type":"ListItem","position":2,"name":"Pastor Jerem\u00edas Bola\u00f1os cumple 59 a\u00f1os de ministerio."}]},{"@type":"WebSite","@id":"https:\/\/laprensacristiana.com\/#website","url":"https:\/\/laprensacristiana.com\/","name":"La Prensa Cristiana","description":"Anunciando Las Buenas Nuevas","potentialAction":[{"@type":"SearchAction","target":{"@type":"EntryPoint","urlTemplate":"https:\/\/laprensacristiana.com\/?s={search_term_string}"},"query-input":"required name=search_term_string"}],"inLanguage":"es"},{"@type":"Person","@id":"https:\/\/laprensacristiana.com\/#\/schema\/person\/3e7d82c6bfd6b1fa67010f8f7cd5256e","name":"EDITOR","image":{"@type":"ImageObject","inLanguage":"es","@id":"https:\/\/laprensacristiana.com\/#\/schema\/person\/image\/","url":"https:\/\/secure.gravatar.com\/avatar\/72069dfb6c13772d9e8381e3638666d2?s=96&d=mm&r=g","contentUrl":"https:\/\/secure.gravatar.com\/avatar\/72069dfb6c13772d9e8381e3638666d2?s=96&d=mm&r=g","caption":"EDITOR"},"url":"https:\/\/laprensacristiana.com\/?author=3"}]}},"_links":{"self":[{"href":"https:\/\/laprensacristiana.com\/index.php?rest_route=\/wp\/v2\/posts\/12315"}],"collection":[{"href":"https:\/\/laprensacristiana.com\/index.php?rest_route=\/wp\/v2\/posts"}],"about":[{"href":"https:\/\/laprensacristiana.com\/index.php?rest_route=\/wp\/v2\/types\/post"}],"author":[{"embeddable":true,"href":"https:\/\/laprensacristiana.com\/index.php?rest_route=\/wp\/v2\/users\/3"}],"replies":[{"embeddable":true,"href":"https:\/\/laprensacristiana.com\/index.php?rest_route=%2Fwp%2Fv2%2Fcomments&post=12315"}],"version-history":[{"count":3,"href":"https:\/\/laprensacristiana.com\/index.php?rest_route=\/wp\/v2\/posts\/12315\/revisions"}],"predecessor-version":[{"id":12322,"href":"https:\/\/laprensacristiana.com\/index.php?rest_route=\/wp\/v2\/posts\/12315\/revisions\/12322"}],"wp:featuredmedia":[{"embeddable":true,"href":"https:\/\/laprensacristiana.com\/index.php?rest_route=\/wp\/v2\/media\/12319"}],"wp:attachment":[{"href":"https:\/\/laprensacristiana.com\/index.php?rest_route=%2Fwp%2Fv2%2Fmedia&parent=12315"}],"wp:term":[{"taxonomy":"category","embeddable":true,"href":"https:\/\/laprensacristiana.com\/index.php?rest_route=%2Fwp%2Fv2%2Fcategories&post=12315"},{"taxonomy":"post_tag","embeddable":true,"href":"https:\/\/laprensacristiana.com\/index.php?rest_route=%2Fwp%2Fv2%2Ftags&post=12315"}],"curies":[{"name":"wp","href":"https:\/\/api.w.org\/{rel}","templated":true}]}}