{"id":12365,"date":"2021-08-09T14:38:47","date_gmt":"2021-08-09T14:38:47","guid":{"rendered":"https:\/\/laprensacristiana.com\/?p=12365"},"modified":"2021-08-09T14:38:48","modified_gmt":"2021-08-09T14:38:48","slug":"el-abuso-de-los-religiosos-cristianos","status":"publish","type":"post","link":"https:\/\/laprensacristiana.com\/?p=12365","title":{"rendered":"El abuso de los religiosos (\u00bfcristianos?)"},"content":{"rendered":"\n<p><\/p>\n\n\n\n<p>Parece ser una noticia de la llamada \u201ccr\u00f3nica roja\u201d, esa que aparec\u00eda en los peri\u00f3dicos de antes, para dedicar p\u00e1ginas y tinta a los cr\u00edmenes que se comet\u00edan contra v\u00edctimas inocentes.<\/p>\n\n\n\n<p>Pero no. Hoy hablamos de l\u00edderes religiosos, algunos con muchos t\u00edtulos a cuesta y tambi\u00e9n otorgados por denominaciones eclesi\u00e1sticas que pareciera que buscan premiar el abuso.&nbsp;<\/p>\n\n\n\n<p>Tenemos el caso de obispos y hasta cardenales metidos en abusos contra menores y que la Iglesia Cat\u00f3lica Romana ha procurado ignorar a trav\u00e9s de los siglos.<\/p>\n\n\n\n<p>Pero no es sola cosa de esa denominaci\u00f3n -que seg\u00fan dicen los que siguen la estad\u00edstica, es la m\u00e1s grande de las denominaciones cristianas-, porque tambi\u00e9n en las filas protestantes, sabemos del uso y abuso de ni\u00f1os, de mujeres y de personas indefensas ante la pretensi\u00f3n de ministros y algunos de ellos con t\u00edtulos de doctores, que han pretendido tener visiones (de tipo morm\u00f3n, nos imaginamos) para justificar sus abusos.<\/p>\n\n\n\n<p>La cuesti\u00f3n de la represi\u00f3n sexual y las psicopat\u00edas que se asocian con algunos individuos que trabajan en organizaciones religiosas, son solo una punta del t\u00e9mpano que habla muy mal de los filtros de selecci\u00f3n que se utilizan para aquellos que van a seminarios y escuelas de teolog\u00eda diciendo que han recibido un llamado \u201cal servicio cristiano\u201d.&nbsp;<\/p>\n\n\n\n<p>Los esc\u00e1ndalos financieros, de los que conocemos por la prensa, a veces tambi\u00e9n nos presentan a ministros de todas las denominaciones que se han sentido que tambi\u00e9n el vil dinero es una fuente constante de tentaci\u00f3n\u2026&nbsp;<\/p>\n\n\n\n<p>\u00bfCu\u00e1ndo se ech\u00f3 a perder la visi\u00f3n de servicio a los dem\u00e1s que deber\u00eda ser la norma y la meta del cristianismo y sus l\u00edderes? \u201cEs p\u00fablico y notorio el hecho que los abusos sexuales en la Iglesia Cat\u00f3lica no son un problema nuevo. Ya en el concilio de Elvira realizado el a\u00f1o 306, se establecieron normas para sancionar las agresiones sexuales de cl\u00e9rigos en contra de menores de edad\u201d Esta cita viene de la p\u00e1gina de la internet, que cada uno interesado deber\u00eda leer: &nbsp;Bishop accountability org:&nbsp;<a href=\"https:\/\/tbinternet.ohchr.org\/Treaties\/CAT\/Shared%20Documents\/VAT\/INT_CAT_NGS_VAT_41584_O.pdf\">https:\/\/tbinternet.ohchr.org\/Treaties\/CAT\/Shared%20Documents\/VAT\/INT_CAT_NGS_VAT_41584_O.pdf<\/a><\/p>\n\n\n\n<p>En el caso de los protestantes o evang\u00e9licos, se conocen casos, solo cuando hay denuncias ante los tribunales de justicia; pero en muchos casos, las v\u00edctimas de abuso deben guardar silencio, por aquello de \u201cla verg\u00fcenza del, o, al esc\u00e1ndalo\u201d.&nbsp;<\/p>\n\n\n\n<p>No puede ser una sorpresa, entonces, la falta de credibilidad de cl\u00e9rigos y religiosos que pretenden hablar en nombre de aqu\u00e9l que dijo \u201cdejen a los ni\u00f1os que venga a m\u00ed\u201d. Pero cuando dijo esas palabras ese personaje hist\u00f3rico, era para bendecir a los infantes, no para abusar de ellos.<\/p>\n\n\n\n<p>(<a href=\"mailto:guillermo.serrano@ideasyvoces.com\">guillermo.serrano@ideasyvoces.com<\/a>) Lunes 9 de agosto, 2021<\/p>\n","protected":false},"excerpt":{"rendered":"<p>Parece ser una noticia de la llamada \u201ccr\u00f3nica roja\u201d, esa que aparec\u00eda en los peri\u00f3dicos de antes, para dedicar p\u00e1ginas y tinta a los cr\u00edmenes que se comet\u00edan contra v\u00edctimas inocentes. Pero no. Hoy hablamos de l\u00edderes religiosos, algunos con muchos t\u00edtulos a cuesta y tambi\u00e9n otorgados por denominaciones eclesi\u00e1sticas que pareciera que buscan premiar [&hellip;]<\/p>\n","protected":false},"author":3,"featured_media":12089,"comment_status":"open","ping_status":"open","sticky":false,"template":"","format":"standard","meta":[],"categories":[113],"tags":[],"yoast_head":"<!-- This site is optimized with the Yoast SEO plugin v20.8 - https:\/\/yoast.com\/wordpress\/plugins\/seo\/ -->\n<title>El abuso de los religiosos (\u00bfcristianos?) - La Prensa Cristiana<\/title>\n<meta name=\"robots\" content=\"index, follow, max-snippet:-1, max-image-preview:large, max-video-preview:-1\" \/>\n<link rel=\"canonical\" href=\"https:\/\/laprensacristiana.com\/?p=12365\" \/>\n<meta property=\"og:locale\" content=\"es_ES\" \/>\n<meta property=\"og:type\" content=\"article\" \/>\n<meta property=\"og:title\" content=\"El abuso de los religiosos (\u00bfcristianos?) - La Prensa Cristiana\" \/>\n<meta property=\"og:description\" content=\"Parece ser una noticia de la llamada \u201ccr\u00f3nica roja\u201d, esa que aparec\u00eda en los peri\u00f3dicos de antes, para dedicar p\u00e1ginas y tinta a los cr\u00edmenes que se comet\u00edan contra v\u00edctimas inocentes. Pero no. Hoy hablamos de l\u00edderes religiosos, algunos con muchos t\u00edtulos a cuesta y tambi\u00e9n otorgados por denominaciones eclesi\u00e1sticas que pareciera que buscan premiar [&hellip;]\" \/>\n<meta property=\"og:url\" content=\"https:\/\/laprensacristiana.com\/?p=12365\" \/>\n<meta property=\"og:site_name\" content=\"La Prensa Cristiana\" \/>\n<meta property=\"article:published_time\" content=\"2021-08-09T14:38:47+00:00\" \/>\n<meta property=\"article:modified_time\" content=\"2021-08-09T14:38:48+00:00\" \/>\n<meta property=\"og:image\" content=\"https:\/\/laprensacristiana.com\/wp-content\/uploads\/2021\/06\/Blue-Experimental-Art-Deco-Consultancy-Business-Website.jpg\" \/>\n\t<meta property=\"og:image:width\" content=\"1350\" \/>\n\t<meta property=\"og:image:height\" content=\"650\" \/>\n\t<meta property=\"og:image:type\" content=\"image\/jpeg\" \/>\n<meta name=\"author\" content=\"EDITOR\" \/>\n<meta name=\"twitter:card\" content=\"summary_large_image\" \/>\n<meta name=\"twitter:label1\" content=\"Escrito por\" \/>\n\t<meta name=\"twitter:data1\" content=\"EDITOR\" \/>\n\t<meta name=\"twitter:label2\" content=\"Tiempo de lectura\" \/>\n\t<meta name=\"twitter:data2\" content=\"3 minutos\" \/>\n<script type=\"application\/ld+json\" class=\"yoast-schema-graph\">{\"@context\":\"https:\/\/schema.org\",\"@graph\":[{\"@type\":\"WebPage\",\"@id\":\"https:\/\/laprensacristiana.com\/?p=12365\",\"url\":\"https:\/\/laprensacristiana.com\/?p=12365\",\"name\":\"El abuso de los religiosos (\u00bfcristianos?) - La Prensa Cristiana\",\"isPartOf\":{\"@id\":\"https:\/\/laprensacristiana.com\/#website\"},\"datePublished\":\"2021-08-09T14:38:47+00:00\",\"dateModified\":\"2021-08-09T14:38:48+00:00\",\"author\":{\"@id\":\"https:\/\/laprensacristiana.com\/#\/schema\/person\/3e7d82c6bfd6b1fa67010f8f7cd5256e\"},\"breadcrumb\":{\"@id\":\"https:\/\/laprensacristiana.com\/?p=12365#breadcrumb\"},\"inLanguage\":\"es\",\"potentialAction\":[{\"@type\":\"ReadAction\",\"target\":[\"https:\/\/laprensacristiana.com\/?p=12365\"]}]},{\"@type\":\"BreadcrumbList\",\"@id\":\"https:\/\/laprensacristiana.com\/?p=12365#breadcrumb\",\"itemListElement\":[{\"@type\":\"ListItem\",\"position\":1,\"name\":\"Portada\",\"item\":\"https:\/\/laprensacristiana.com\/\"},{\"@type\":\"ListItem\",\"position\":2,\"name\":\"El abuso de los religiosos (\u00bfcristianos?)\"}]},{\"@type\":\"WebSite\",\"@id\":\"https:\/\/laprensacristiana.com\/#website\",\"url\":\"https:\/\/laprensacristiana.com\/\",\"name\":\"La Prensa Cristiana\",\"description\":\"Anunciando Las Buenas Nuevas\",\"potentialAction\":[{\"@type\":\"SearchAction\",\"target\":{\"@type\":\"EntryPoint\",\"urlTemplate\":\"https:\/\/laprensacristiana.com\/?s={search_term_string}\"},\"query-input\":\"required name=search_term_string\"}],\"inLanguage\":\"es\"},{\"@type\":\"Person\",\"@id\":\"https:\/\/laprensacristiana.com\/#\/schema\/person\/3e7d82c6bfd6b1fa67010f8f7cd5256e\",\"name\":\"EDITOR\",\"image\":{\"@type\":\"ImageObject\",\"inLanguage\":\"es\",\"@id\":\"https:\/\/laprensacristiana.com\/#\/schema\/person\/image\/\",\"url\":\"https:\/\/secure.gravatar.com\/avatar\/72069dfb6c13772d9e8381e3638666d2?s=96&d=mm&r=g\",\"contentUrl\":\"https:\/\/secure.gravatar.com\/avatar\/72069dfb6c13772d9e8381e3638666d2?s=96&d=mm&r=g\",\"caption\":\"EDITOR\"},\"url\":\"https:\/\/laprensacristiana.com\/?author=3\"}]}<\/script>\n<!-- \/ Yoast SEO plugin. -->","yoast_head_json":{"title":"El abuso de los religiosos (\u00bfcristianos?) - La Prensa Cristiana","robots":{"index":"index","follow":"follow","max-snippet":"max-snippet:-1","max-image-preview":"max-image-preview:large","max-video-preview":"max-video-preview:-1"},"canonical":"https:\/\/laprensacristiana.com\/?p=12365","og_locale":"es_ES","og_type":"article","og_title":"El abuso de los religiosos (\u00bfcristianos?) - La Prensa Cristiana","og_description":"Parece ser una noticia de la llamada \u201ccr\u00f3nica roja\u201d, esa que aparec\u00eda en los peri\u00f3dicos de antes, para dedicar p\u00e1ginas y tinta a los cr\u00edmenes que se comet\u00edan contra v\u00edctimas inocentes. Pero no. Hoy hablamos de l\u00edderes religiosos, algunos con muchos t\u00edtulos a cuesta y tambi\u00e9n otorgados por denominaciones eclesi\u00e1sticas que pareciera que buscan premiar [&hellip;]","og_url":"https:\/\/laprensacristiana.com\/?p=12365","og_site_name":"La Prensa Cristiana","article_published_time":"2021-08-09T14:38:47+00:00","article_modified_time":"2021-08-09T14:38:48+00:00","og_image":[{"width":1350,"height":650,"url":"https:\/\/laprensacristiana.com\/wp-content\/uploads\/2021\/06\/Blue-Experimental-Art-Deco-Consultancy-Business-Website.jpg","type":"image\/jpeg"}],"author":"EDITOR","twitter_card":"summary_large_image","twitter_misc":{"Escrito por":"EDITOR","Tiempo de lectura":"3 minutos"},"schema":{"@context":"https:\/\/schema.org","@graph":[{"@type":"WebPage","@id":"https:\/\/laprensacristiana.com\/?p=12365","url":"https:\/\/laprensacristiana.com\/?p=12365","name":"El abuso de los religiosos (\u00bfcristianos?) - La Prensa Cristiana","isPartOf":{"@id":"https:\/\/laprensacristiana.com\/#website"},"datePublished":"2021-08-09T14:38:47+00:00","dateModified":"2021-08-09T14:38:48+00:00","author":{"@id":"https:\/\/laprensacristiana.com\/#\/schema\/person\/3e7d82c6bfd6b1fa67010f8f7cd5256e"},"breadcrumb":{"@id":"https:\/\/laprensacristiana.com\/?p=12365#breadcrumb"},"inLanguage":"es","potentialAction":[{"@type":"ReadAction","target":["https:\/\/laprensacristiana.com\/?p=12365"]}]},{"@type":"BreadcrumbList","@id":"https:\/\/laprensacristiana.com\/?p=12365#breadcrumb","itemListElement":[{"@type":"ListItem","position":1,"name":"Portada","item":"https:\/\/laprensacristiana.com\/"},{"@type":"ListItem","position":2,"name":"El abuso de los religiosos (\u00bfcristianos?)"}]},{"@type":"WebSite","@id":"https:\/\/laprensacristiana.com\/#website","url":"https:\/\/laprensacristiana.com\/","name":"La Prensa Cristiana","description":"Anunciando Las Buenas Nuevas","potentialAction":[{"@type":"SearchAction","target":{"@type":"EntryPoint","urlTemplate":"https:\/\/laprensacristiana.com\/?s={search_term_string}"},"query-input":"required name=search_term_string"}],"inLanguage":"es"},{"@type":"Person","@id":"https:\/\/laprensacristiana.com\/#\/schema\/person\/3e7d82c6bfd6b1fa67010f8f7cd5256e","name":"EDITOR","image":{"@type":"ImageObject","inLanguage":"es","@id":"https:\/\/laprensacristiana.com\/#\/schema\/person\/image\/","url":"https:\/\/secure.gravatar.com\/avatar\/72069dfb6c13772d9e8381e3638666d2?s=96&d=mm&r=g","contentUrl":"https:\/\/secure.gravatar.com\/avatar\/72069dfb6c13772d9e8381e3638666d2?s=96&d=mm&r=g","caption":"EDITOR"},"url":"https:\/\/laprensacristiana.com\/?author=3"}]}},"_links":{"self":[{"href":"https:\/\/laprensacristiana.com\/index.php?rest_route=\/wp\/v2\/posts\/12365"}],"collection":[{"href":"https:\/\/laprensacristiana.com\/index.php?rest_route=\/wp\/v2\/posts"}],"about":[{"href":"https:\/\/laprensacristiana.com\/index.php?rest_route=\/wp\/v2\/types\/post"}],"author":[{"embeddable":true,"href":"https:\/\/laprensacristiana.com\/index.php?rest_route=\/wp\/v2\/users\/3"}],"replies":[{"embeddable":true,"href":"https:\/\/laprensacristiana.com\/index.php?rest_route=%2Fwp%2Fv2%2Fcomments&post=12365"}],"version-history":[{"count":1,"href":"https:\/\/laprensacristiana.com\/index.php?rest_route=\/wp\/v2\/posts\/12365\/revisions"}],"predecessor-version":[{"id":12366,"href":"https:\/\/laprensacristiana.com\/index.php?rest_route=\/wp\/v2\/posts\/12365\/revisions\/12366"}],"wp:featuredmedia":[{"embeddable":true,"href":"https:\/\/laprensacristiana.com\/index.php?rest_route=\/wp\/v2\/media\/12089"}],"wp:attachment":[{"href":"https:\/\/laprensacristiana.com\/index.php?rest_route=%2Fwp%2Fv2%2Fmedia&parent=12365"}],"wp:term":[{"taxonomy":"category","embeddable":true,"href":"https:\/\/laprensacristiana.com\/index.php?rest_route=%2Fwp%2Fv2%2Fcategories&post=12365"},{"taxonomy":"post_tag","embeddable":true,"href":"https:\/\/laprensacristiana.com\/index.php?rest_route=%2Fwp%2Fv2%2Ftags&post=12365"}],"curies":[{"name":"wp","href":"https:\/\/api.w.org\/{rel}","templated":true}]}}