{"id":12378,"date":"2021-08-13T17:23:54","date_gmt":"2021-08-13T17:23:54","guid":{"rendered":"https:\/\/laprensacristiana.com\/?p=12378"},"modified":"2021-08-13T17:23:54","modified_gmt":"2021-08-13T17:23:54","slug":"fortaleciendo-lazos-familiares","status":"publish","type":"post","link":"https:\/\/laprensacristiana.com\/?p=12378","title":{"rendered":"Fortaleciendo lazos familiares"},"content":{"rendered":"\n<p><\/p>\n\n\n\n<p>Partiendo de la importancia de la familia y todos los razonamientos sociales y culturales que se puedan tener en el pa\u00eds, interpretamos que existe una familia ideal, aquella donde padre, madre e hijos coexisten, interact\u00faan y viven, sin embargo, en la realidad actual encontramos disfunci\u00f3n en cuanto a la ausencia de la figura paternal, como tambi\u00e9n la ausencia de la figura materna, m\u00e1s la sustituci\u00f3n del rol paterno, y la uni\u00f3n de parejas con hijos (los m\u00edos, los tuyos, los nuestros), b\u00edblicamente hablando no se debe excluir, ni ver de distinta manera a ning\u00fan grupo familiar independientemente de su conformaci\u00f3n, debemos entender que quienes la integran se convierten en&nbsp;familia, puede ser una madre y su hijo, una abuela, una madre y una hija, partiendo de este principio debemos establecer que la vida familiar debe ser congruente con el respeto y la convivencia mutua.<\/p>\n\n\n\n<p>El&nbsp;v\u00ednculo familiar&nbsp;debe estar en una constante renovaci\u00f3n y comunicaci\u00f3n entre todos, entendiendo que se puede pasar por momentos cr\u00edticos cuando alg\u00fan miembro de la familia atraviesa una inestabilidad personal, por ejemplo que una hija tenga novio y de pronto ese novio haya terminado con ella, el estado&nbsp;an\u00edmico&nbsp;provoca un estr\u00e9s al sentir su afectaci\u00f3n, que alguien pierda un empleo y ese empleo se necesita para suplir en el hogar, el estado&nbsp;an\u00edmico&nbsp;dentro de la problem\u00e1tica por la perdida del ingreso afecta a la familia, es donde creo que debemos aprender a mantener una comunicaci\u00f3n constante, sabiendo que nuestros principios de fe nos ense\u00f1an a coexistir a pesar de las dificultades.<\/p>\n\n\n\n<p>No hay familia sin problemas, en la biblia encontramos una constante de familias con problemas, Abraham&nbsp;con susobrino Lot, Jacob y Esa\u00fa&nbsp;con conflictos entre hermanos, Isaac con Ismael, la mam\u00e1 de Isaac con la mam\u00e1 de Ismael, y puedo ir familia por familia, el rey David con sus hijos, y sus esposas, y puedo&nbsp;escribir muchos m\u00e1s en la&nbsp;lista y siempre encontrar\u00e9 situaciones que hay que observar, esto es importante para ubicar que no hay familia perfecta, no podemos pretender cambiar&nbsp;de una manera absoluta a nuestra familia, es importante aceptarse pero tambi\u00e9n corregirse, esto quiere decir que las personas que m\u00e1s nos aman son las de nuestra propia casa y tenemos que aprender a escucharles y aprender a entender las se\u00f1ales cuando hay algo que mejorar,&nbsp;la familia es la creaci\u00f3n de Dios y&nbsp;uno de sus&nbsp;prop\u00f3sitos&nbsp;de existir es mantener la procreaci\u00f3n, nos permite Dios la oportunidad de pertenecer a un n\u00facleo importante y &nbsp;nuestro, al cual le podemos aportar, recibiendo de Dios&nbsp;herramientas que&nbsp;nos sumen.&nbsp;&nbsp;<\/p>\n\n\n\n<p>En la familia todos tienen un rol, los padres el sentido de protecci\u00f3n y educaci\u00f3n sobre los&nbsp;hijos, hay periodos cr\u00edticos como la adolescencia y juventud, sin&nbsp;embargo,&nbsp;es necesario poder buscar en cada uno responsabilidades hacia si mismo y hacia otros. Es importante poder dedicar tiempo para poder buscar de Dios juntos, buscar que nuestra familia tenga un fundamento cristiano, y ese fundamento que sean las bases b\u00edblicas para que cuando las personas crezcan&nbsp;y&nbsp;ya puedan tomar decisiones&nbsp;siempre sean cercanas a Dios y su voluntad.<\/p>\n","protected":false},"excerpt":{"rendered":"<p>Partiendo de la importancia de la familia y todos los razonamientos sociales y culturales que se puedan tener en el pa\u00eds, interpretamos que existe una familia ideal, aquella donde padre, madre e hijos coexisten, interact\u00faan y viven, sin embargo, en la realidad actual encontramos disfunci\u00f3n en cuanto a la ausencia de la figura paternal, como [&hellip;]<\/p>\n","protected":false},"author":3,"featured_media":9965,"comment_status":"open","ping_status":"open","sticky":false,"template":"","format":"standard","meta":[],"categories":[23],"tags":[],"yoast_head":"<!-- This site is optimized with the Yoast SEO plugin v20.8 - https:\/\/yoast.com\/wordpress\/plugins\/seo\/ -->\n<title>Fortaleciendo lazos familiares - La Prensa Cristiana<\/title>\n<meta name=\"robots\" content=\"index, follow, max-snippet:-1, max-image-preview:large, max-video-preview:-1\" \/>\n<link rel=\"canonical\" href=\"https:\/\/laprensacristiana.com\/?p=12378\" \/>\n<meta property=\"og:locale\" content=\"es_ES\" \/>\n<meta property=\"og:type\" content=\"article\" \/>\n<meta property=\"og:title\" content=\"Fortaleciendo lazos familiares - La Prensa Cristiana\" \/>\n<meta property=\"og:description\" content=\"Partiendo de la importancia de la familia y todos los razonamientos sociales y culturales que se puedan tener en el pa\u00eds, interpretamos que existe una familia ideal, aquella donde padre, madre e hijos coexisten, interact\u00faan y viven, sin embargo, en la realidad actual encontramos disfunci\u00f3n en cuanto a la ausencia de la figura paternal, como [&hellip;]\" \/>\n<meta property=\"og:url\" content=\"https:\/\/laprensacristiana.com\/?p=12378\" \/>\n<meta property=\"og:site_name\" content=\"La Prensa Cristiana\" \/>\n<meta property=\"article:published_time\" content=\"2021-08-13T17:23:54+00:00\" \/>\n<meta property=\"og:image\" content=\"https:\/\/laprensacristiana.com\/wp-content\/uploads\/2020\/08\/IMG-20200806-WA0055.jpg\" \/>\n\t<meta property=\"og:image:width\" content=\"776\" \/>\n\t<meta property=\"og:image:height\" content=\"393\" \/>\n\t<meta property=\"og:image:type\" content=\"image\/jpeg\" \/>\n<meta name=\"author\" content=\"EDITOR\" \/>\n<meta name=\"twitter:card\" content=\"summary_large_image\" \/>\n<meta name=\"twitter:label1\" content=\"Escrito por\" \/>\n\t<meta name=\"twitter:data1\" content=\"EDITOR\" \/>\n\t<meta name=\"twitter:label2\" content=\"Tiempo de lectura\" \/>\n\t<meta name=\"twitter:data2\" content=\"3 minutos\" \/>\n<script type=\"application\/ld+json\" class=\"yoast-schema-graph\">{\"@context\":\"https:\/\/schema.org\",\"@graph\":[{\"@type\":\"WebPage\",\"@id\":\"https:\/\/laprensacristiana.com\/?p=12378\",\"url\":\"https:\/\/laprensacristiana.com\/?p=12378\",\"name\":\"Fortaleciendo lazos familiares - La Prensa Cristiana\",\"isPartOf\":{\"@id\":\"https:\/\/laprensacristiana.com\/#website\"},\"datePublished\":\"2021-08-13T17:23:54+00:00\",\"dateModified\":\"2021-08-13T17:23:54+00:00\",\"author\":{\"@id\":\"https:\/\/laprensacristiana.com\/#\/schema\/person\/3e7d82c6bfd6b1fa67010f8f7cd5256e\"},\"breadcrumb\":{\"@id\":\"https:\/\/laprensacristiana.com\/?p=12378#breadcrumb\"},\"inLanguage\":\"es\",\"potentialAction\":[{\"@type\":\"ReadAction\",\"target\":[\"https:\/\/laprensacristiana.com\/?p=12378\"]}]},{\"@type\":\"BreadcrumbList\",\"@id\":\"https:\/\/laprensacristiana.com\/?p=12378#breadcrumb\",\"itemListElement\":[{\"@type\":\"ListItem\",\"position\":1,\"name\":\"Portada\",\"item\":\"https:\/\/laprensacristiana.com\/\"},{\"@type\":\"ListItem\",\"position\":2,\"name\":\"Fortaleciendo lazos familiares\"}]},{\"@type\":\"WebSite\",\"@id\":\"https:\/\/laprensacristiana.com\/#website\",\"url\":\"https:\/\/laprensacristiana.com\/\",\"name\":\"La Prensa Cristiana\",\"description\":\"Anunciando Las Buenas Nuevas\",\"potentialAction\":[{\"@type\":\"SearchAction\",\"target\":{\"@type\":\"EntryPoint\",\"urlTemplate\":\"https:\/\/laprensacristiana.com\/?s={search_term_string}\"},\"query-input\":\"required name=search_term_string\"}],\"inLanguage\":\"es\"},{\"@type\":\"Person\",\"@id\":\"https:\/\/laprensacristiana.com\/#\/schema\/person\/3e7d82c6bfd6b1fa67010f8f7cd5256e\",\"name\":\"EDITOR\",\"image\":{\"@type\":\"ImageObject\",\"inLanguage\":\"es\",\"@id\":\"https:\/\/laprensacristiana.com\/#\/schema\/person\/image\/\",\"url\":\"https:\/\/secure.gravatar.com\/avatar\/72069dfb6c13772d9e8381e3638666d2?s=96&d=mm&r=g\",\"contentUrl\":\"https:\/\/secure.gravatar.com\/avatar\/72069dfb6c13772d9e8381e3638666d2?s=96&d=mm&r=g\",\"caption\":\"EDITOR\"},\"url\":\"https:\/\/laprensacristiana.com\/?author=3\"}]}<\/script>\n<!-- \/ Yoast SEO plugin. -->","yoast_head_json":{"title":"Fortaleciendo lazos familiares - La Prensa Cristiana","robots":{"index":"index","follow":"follow","max-snippet":"max-snippet:-1","max-image-preview":"max-image-preview:large","max-video-preview":"max-video-preview:-1"},"canonical":"https:\/\/laprensacristiana.com\/?p=12378","og_locale":"es_ES","og_type":"article","og_title":"Fortaleciendo lazos familiares - La Prensa Cristiana","og_description":"Partiendo de la importancia de la familia y todos los razonamientos sociales y culturales que se puedan tener en el pa\u00eds, interpretamos que existe una familia ideal, aquella donde padre, madre e hijos coexisten, interact\u00faan y viven, sin embargo, en la realidad actual encontramos disfunci\u00f3n en cuanto a la ausencia de la figura paternal, como [&hellip;]","og_url":"https:\/\/laprensacristiana.com\/?p=12378","og_site_name":"La Prensa Cristiana","article_published_time":"2021-08-13T17:23:54+00:00","og_image":[{"width":776,"height":393,"url":"https:\/\/laprensacristiana.com\/wp-content\/uploads\/2020\/08\/IMG-20200806-WA0055.jpg","type":"image\/jpeg"}],"author":"EDITOR","twitter_card":"summary_large_image","twitter_misc":{"Escrito por":"EDITOR","Tiempo de lectura":"3 minutos"},"schema":{"@context":"https:\/\/schema.org","@graph":[{"@type":"WebPage","@id":"https:\/\/laprensacristiana.com\/?p=12378","url":"https:\/\/laprensacristiana.com\/?p=12378","name":"Fortaleciendo lazos familiares - La Prensa Cristiana","isPartOf":{"@id":"https:\/\/laprensacristiana.com\/#website"},"datePublished":"2021-08-13T17:23:54+00:00","dateModified":"2021-08-13T17:23:54+00:00","author":{"@id":"https:\/\/laprensacristiana.com\/#\/schema\/person\/3e7d82c6bfd6b1fa67010f8f7cd5256e"},"breadcrumb":{"@id":"https:\/\/laprensacristiana.com\/?p=12378#breadcrumb"},"inLanguage":"es","potentialAction":[{"@type":"ReadAction","target":["https:\/\/laprensacristiana.com\/?p=12378"]}]},{"@type":"BreadcrumbList","@id":"https:\/\/laprensacristiana.com\/?p=12378#breadcrumb","itemListElement":[{"@type":"ListItem","position":1,"name":"Portada","item":"https:\/\/laprensacristiana.com\/"},{"@type":"ListItem","position":2,"name":"Fortaleciendo lazos familiares"}]},{"@type":"WebSite","@id":"https:\/\/laprensacristiana.com\/#website","url":"https:\/\/laprensacristiana.com\/","name":"La Prensa Cristiana","description":"Anunciando Las Buenas Nuevas","potentialAction":[{"@type":"SearchAction","target":{"@type":"EntryPoint","urlTemplate":"https:\/\/laprensacristiana.com\/?s={search_term_string}"},"query-input":"required name=search_term_string"}],"inLanguage":"es"},{"@type":"Person","@id":"https:\/\/laprensacristiana.com\/#\/schema\/person\/3e7d82c6bfd6b1fa67010f8f7cd5256e","name":"EDITOR","image":{"@type":"ImageObject","inLanguage":"es","@id":"https:\/\/laprensacristiana.com\/#\/schema\/person\/image\/","url":"https:\/\/secure.gravatar.com\/avatar\/72069dfb6c13772d9e8381e3638666d2?s=96&d=mm&r=g","contentUrl":"https:\/\/secure.gravatar.com\/avatar\/72069dfb6c13772d9e8381e3638666d2?s=96&d=mm&r=g","caption":"EDITOR"},"url":"https:\/\/laprensacristiana.com\/?author=3"}]}},"_links":{"self":[{"href":"https:\/\/laprensacristiana.com\/index.php?rest_route=\/wp\/v2\/posts\/12378"}],"collection":[{"href":"https:\/\/laprensacristiana.com\/index.php?rest_route=\/wp\/v2\/posts"}],"about":[{"href":"https:\/\/laprensacristiana.com\/index.php?rest_route=\/wp\/v2\/types\/post"}],"author":[{"embeddable":true,"href":"https:\/\/laprensacristiana.com\/index.php?rest_route=\/wp\/v2\/users\/3"}],"replies":[{"embeddable":true,"href":"https:\/\/laprensacristiana.com\/index.php?rest_route=%2Fwp%2Fv2%2Fcomments&post=12378"}],"version-history":[{"count":1,"href":"https:\/\/laprensacristiana.com\/index.php?rest_route=\/wp\/v2\/posts\/12378\/revisions"}],"predecessor-version":[{"id":12379,"href":"https:\/\/laprensacristiana.com\/index.php?rest_route=\/wp\/v2\/posts\/12378\/revisions\/12379"}],"wp:featuredmedia":[{"embeddable":true,"href":"https:\/\/laprensacristiana.com\/index.php?rest_route=\/wp\/v2\/media\/9965"}],"wp:attachment":[{"href":"https:\/\/laprensacristiana.com\/index.php?rest_route=%2Fwp%2Fv2%2Fmedia&parent=12378"}],"wp:term":[{"taxonomy":"category","embeddable":true,"href":"https:\/\/laprensacristiana.com\/index.php?rest_route=%2Fwp%2Fv2%2Fcategories&post=12378"},{"taxonomy":"post_tag","embeddable":true,"href":"https:\/\/laprensacristiana.com\/index.php?rest_route=%2Fwp%2Fv2%2Ftags&post=12378"}],"curies":[{"name":"wp","href":"https:\/\/api.w.org\/{rel}","templated":true}]}}