{"id":12385,"date":"2021-08-16T15:40:28","date_gmt":"2021-08-16T15:40:28","guid":{"rendered":"https:\/\/laprensacristiana.com\/?p=12385"},"modified":"2021-08-16T15:40:29","modified_gmt":"2021-08-16T15:40:29","slug":"afganistan-otra-vez","status":"publish","type":"post","link":"https:\/\/laprensacristiana.com\/?p=12385","title":{"rendered":"Afganist\u00e1n otra vez"},"content":{"rendered":"\n<p><\/p>\n\n\n\n<p>Primero fueron los brit\u00e1nicos, luego los sovi\u00e9ticos y finalmente los norteamericanos. Todos llegaron con el dicho de los romanos: veni,vidi,vici (vine, vi y venc\u00ed). Y efectivamente, vencieron a las tropas (modernamente, los talibanes), para luego retirarse, y, nosotros agregar\u00edamos en alem\u00e1n: G\u00f6tterd\u00e4mmerung (el ocaso de los dioses).<\/p>\n\n\n\n<p>S\u00ed, porque los imperios modernos no han podido con Afganist\u00e1n. Despu\u00e9s de algunos a\u00f1os o d\u00e9cadas, las grandes potencias militares han decidido que simplemente, no pueden seguir all\u00ed.<\/p>\n\n\n\n<p>\u00bfCu\u00e1l es la fuerza que radica en este pa\u00eds del Asia y que hace que sea conocido como \u201cla tumba de los Imperios\u201d?&nbsp;<\/p>\n\n\n\n<p>\u201cAfganist\u00e1n es el mayor productor de opio del mundo. Con un valor de exportaci\u00f3n anual estimado de 1.500 a 3.000 millones de d\u00f3lares, la \u201cadormidera\u201d es un gran negocio y suministra la inmensa mayor\u00eda de la hero\u00edna il\u00edcita en todo el mundo. Aunque hay algunos cultivos en las regiones gubernamentales, la mayor parte del cultivo de amapola se lleva a cabo en \u00e1reas controladas por los talibanes y se cree que es una importante fuente de ingresos.<\/p>\n\n\n\n<p>Los talibanes ganan dinero con los impuestos en varias etapas del proceso. Los cultivadores de opio cobran un impuesto de cultivo del 10%. Tambi\u00e9n se recaudan impuestos de los laboratorios que convierten el opio en hero\u00edna, as\u00ed como de los comerciantes que contrabandean las drogas il\u00edcitas\u201d (Fuente: CNN en espa\u00f1ol).<\/p>\n\n\n\n<p>Con la retirada de las tropas y armamento norteamericano, los talibanes ya se han apoderado nuevamente del pa\u00eds, creando la incertidumbre entre los 38 millones que se calcula es la poblaci\u00f3n que habita all\u00ed. Es de esperar tal actitud, porque los talibanes se identifican como grupos isl\u00e1micos fundamentalistas que utilizan sus dogmas y la fuerza de las armas para imponer su criterio.<\/p>\n\n\n\n<p>Afganist\u00e1n, presenta una vez m\u00e1s la impotencia de occidente para mediar o buscar soluciones a las crisis, revoluciones o guerras fratricidas que han afectado al mundo desde el siglo 19 en adelante. Y la situaci\u00f3n se vuelve insoluble, cuando tenemos que lidiar con religiones que no solo tienen una cosmovisi\u00f3n distinta a lo que conocemos como filosof\u00eda y teor\u00eda de convivencia occidental, pero que presentan sistemas de autogobierno, religi\u00f3n y valores totalmente distintos a lo que hemos adoptado en esta parte del mundo.&nbsp;<\/p>\n\n\n\n<p>\u00bfNuestros sistemas pol\u00edticos, religiosos y culturales son mejores que los que existen en otros lugares? \u00bfPodemos imponer nuestros criterios de estilos de vida cuando llegamos a un pa\u00eds con una mano de ayuda y con otra de castigos cuando no se hacen las cosas como a nosotros nos gustar\u00eda?<\/p>\n\n\n\n<p>Todos los gobiernos del mundo firmaron en 1948 la Declaraci\u00f3n de Derechos Humanos que declara: \u201cTodos los seres humanos nacen libres e iguales en dignidad y derechos y, dotados como est\u00e1n de raz\u00f3n y conciencia, deben comportarse fraternalmente los unos con los otros (Articulo I). Toda persona tiene todos los derechos y libertades proclamados en esta Declaraci\u00f3n, sin distinci\u00f3n alguna de raza, color, sexo, idioma, religi\u00f3n, opini\u00f3n pol\u00edtica o de cualquier otra \u00edndole, origen nacional o social, posici\u00f3n econ\u00f3mica, nacimiento o cualquier otra condici\u00f3n. Adem\u00e1s, no se har\u00e1 distinci\u00f3n alguna fundada en la condici\u00f3n pol\u00edtica, jur\u00eddica o internacional del pa\u00eds o territorio de cuya jurisdicci\u00f3n dependa una persona, tanto si se trata de un pa\u00eds independiente, como de un territorio bajo administraci\u00f3n fiduciaria, no aut\u00f3nomo o sometido a cualquier otra limitaci\u00f3n de soberan\u00eda (Articulo II)\u201d.<\/p>\n\n\n\n<p>Nosotros, los comunicadores no somos ingenuos, pero s\u00ed, estamos comprometidos con estos derechos, que deber\u00edan ser no solo establecidos, pero afirmados por naciones y gobiernos, incluyendo a los Talibanes, que ahora quieren ser se\u00f1ores y gobierno. Hay una exhortaci\u00f3n, bastante antigua, y en un libro m\u00e1s antiguo todav\u00eda que advierte que \u201ctodo buen reinado depende de que se practique la justicia&#8230;\u201d<\/p>\n\n\n\n<p>(<a href=\"mailto:guillermo.serrano@ideasyvoces.com\">guillermo.serrano@ideasyvoces.com<\/a>) Lunes 16 de agosto, 2021.<\/p>\n","protected":false},"excerpt":{"rendered":"<p>Primero fueron los brit\u00e1nicos, luego los sovi\u00e9ticos y finalmente los norteamericanos. Todos llegaron con el dicho de los romanos: veni,vidi,vici (vine, vi y venc\u00ed). Y efectivamente, vencieron a las tropas (modernamente, los talibanes), para luego retirarse, y, nosotros agregar\u00edamos en alem\u00e1n: G\u00f6tterd\u00e4mmerung (el ocaso de los dioses). S\u00ed, porque los imperios modernos no han podido [&hellip;]<\/p>\n","protected":false},"author":3,"featured_media":12089,"comment_status":"open","ping_status":"open","sticky":false,"template":"","format":"standard","meta":[],"categories":[113],"tags":[],"yoast_head":"<!-- This site is optimized with the Yoast SEO plugin v20.8 - https:\/\/yoast.com\/wordpress\/plugins\/seo\/ -->\n<title>Afganist\u00e1n otra vez - La Prensa Cristiana<\/title>\n<meta name=\"robots\" content=\"index, follow, max-snippet:-1, max-image-preview:large, max-video-preview:-1\" \/>\n<link rel=\"canonical\" href=\"https:\/\/laprensacristiana.com\/?p=12385\" \/>\n<meta property=\"og:locale\" content=\"es_ES\" \/>\n<meta property=\"og:type\" content=\"article\" \/>\n<meta property=\"og:title\" content=\"Afganist\u00e1n otra vez - La Prensa Cristiana\" \/>\n<meta property=\"og:description\" content=\"Primero fueron los brit\u00e1nicos, luego los sovi\u00e9ticos y finalmente los norteamericanos. Todos llegaron con el dicho de los romanos: veni,vidi,vici (vine, vi y venc\u00ed). Y efectivamente, vencieron a las tropas (modernamente, los talibanes), para luego retirarse, y, nosotros agregar\u00edamos en alem\u00e1n: G\u00f6tterd\u00e4mmerung (el ocaso de los dioses). S\u00ed, porque los imperios modernos no han podido [&hellip;]\" \/>\n<meta property=\"og:url\" content=\"https:\/\/laprensacristiana.com\/?p=12385\" \/>\n<meta property=\"og:site_name\" content=\"La Prensa Cristiana\" \/>\n<meta property=\"article:published_time\" content=\"2021-08-16T15:40:28+00:00\" \/>\n<meta property=\"article:modified_time\" content=\"2021-08-16T15:40:29+00:00\" \/>\n<meta property=\"og:image\" content=\"https:\/\/laprensacristiana.com\/wp-content\/uploads\/2021\/06\/Blue-Experimental-Art-Deco-Consultancy-Business-Website.jpg\" \/>\n\t<meta property=\"og:image:width\" content=\"1350\" \/>\n\t<meta property=\"og:image:height\" content=\"650\" \/>\n\t<meta property=\"og:image:type\" content=\"image\/jpeg\" \/>\n<meta name=\"author\" content=\"EDITOR\" \/>\n<meta name=\"twitter:card\" content=\"summary_large_image\" \/>\n<meta name=\"twitter:label1\" content=\"Escrito por\" \/>\n\t<meta name=\"twitter:data1\" content=\"EDITOR\" \/>\n\t<meta name=\"twitter:label2\" content=\"Tiempo de lectura\" \/>\n\t<meta name=\"twitter:data2\" content=\"3 minutos\" \/>\n<script type=\"application\/ld+json\" class=\"yoast-schema-graph\">{\"@context\":\"https:\/\/schema.org\",\"@graph\":[{\"@type\":\"WebPage\",\"@id\":\"https:\/\/laprensacristiana.com\/?p=12385\",\"url\":\"https:\/\/laprensacristiana.com\/?p=12385\",\"name\":\"Afganist\u00e1n otra vez - La Prensa Cristiana\",\"isPartOf\":{\"@id\":\"https:\/\/laprensacristiana.com\/#website\"},\"datePublished\":\"2021-08-16T15:40:28+00:00\",\"dateModified\":\"2021-08-16T15:40:29+00:00\",\"author\":{\"@id\":\"https:\/\/laprensacristiana.com\/#\/schema\/person\/3e7d82c6bfd6b1fa67010f8f7cd5256e\"},\"breadcrumb\":{\"@id\":\"https:\/\/laprensacristiana.com\/?p=12385#breadcrumb\"},\"inLanguage\":\"es\",\"potentialAction\":[{\"@type\":\"ReadAction\",\"target\":[\"https:\/\/laprensacristiana.com\/?p=12385\"]}]},{\"@type\":\"BreadcrumbList\",\"@id\":\"https:\/\/laprensacristiana.com\/?p=12385#breadcrumb\",\"itemListElement\":[{\"@type\":\"ListItem\",\"position\":1,\"name\":\"Portada\",\"item\":\"https:\/\/laprensacristiana.com\/\"},{\"@type\":\"ListItem\",\"position\":2,\"name\":\"Afganist\u00e1n otra vez\"}]},{\"@type\":\"WebSite\",\"@id\":\"https:\/\/laprensacristiana.com\/#website\",\"url\":\"https:\/\/laprensacristiana.com\/\",\"name\":\"La Prensa Cristiana\",\"description\":\"Anunciando Las Buenas Nuevas\",\"potentialAction\":[{\"@type\":\"SearchAction\",\"target\":{\"@type\":\"EntryPoint\",\"urlTemplate\":\"https:\/\/laprensacristiana.com\/?s={search_term_string}\"},\"query-input\":\"required name=search_term_string\"}],\"inLanguage\":\"es\"},{\"@type\":\"Person\",\"@id\":\"https:\/\/laprensacristiana.com\/#\/schema\/person\/3e7d82c6bfd6b1fa67010f8f7cd5256e\",\"name\":\"EDITOR\",\"image\":{\"@type\":\"ImageObject\",\"inLanguage\":\"es\",\"@id\":\"https:\/\/laprensacristiana.com\/#\/schema\/person\/image\/\",\"url\":\"https:\/\/secure.gravatar.com\/avatar\/72069dfb6c13772d9e8381e3638666d2?s=96&d=mm&r=g\",\"contentUrl\":\"https:\/\/secure.gravatar.com\/avatar\/72069dfb6c13772d9e8381e3638666d2?s=96&d=mm&r=g\",\"caption\":\"EDITOR\"},\"url\":\"https:\/\/laprensacristiana.com\/?author=3\"}]}<\/script>\n<!-- \/ Yoast SEO plugin. -->","yoast_head_json":{"title":"Afganist\u00e1n otra vez - La Prensa Cristiana","robots":{"index":"index","follow":"follow","max-snippet":"max-snippet:-1","max-image-preview":"max-image-preview:large","max-video-preview":"max-video-preview:-1"},"canonical":"https:\/\/laprensacristiana.com\/?p=12385","og_locale":"es_ES","og_type":"article","og_title":"Afganist\u00e1n otra vez - La Prensa Cristiana","og_description":"Primero fueron los brit\u00e1nicos, luego los sovi\u00e9ticos y finalmente los norteamericanos. Todos llegaron con el dicho de los romanos: veni,vidi,vici (vine, vi y venc\u00ed). Y efectivamente, vencieron a las tropas (modernamente, los talibanes), para luego retirarse, y, nosotros agregar\u00edamos en alem\u00e1n: G\u00f6tterd\u00e4mmerung (el ocaso de los dioses). S\u00ed, porque los imperios modernos no han podido [&hellip;]","og_url":"https:\/\/laprensacristiana.com\/?p=12385","og_site_name":"La Prensa Cristiana","article_published_time":"2021-08-16T15:40:28+00:00","article_modified_time":"2021-08-16T15:40:29+00:00","og_image":[{"width":1350,"height":650,"url":"https:\/\/laprensacristiana.com\/wp-content\/uploads\/2021\/06\/Blue-Experimental-Art-Deco-Consultancy-Business-Website.jpg","type":"image\/jpeg"}],"author":"EDITOR","twitter_card":"summary_large_image","twitter_misc":{"Escrito por":"EDITOR","Tiempo de lectura":"3 minutos"},"schema":{"@context":"https:\/\/schema.org","@graph":[{"@type":"WebPage","@id":"https:\/\/laprensacristiana.com\/?p=12385","url":"https:\/\/laprensacristiana.com\/?p=12385","name":"Afganist\u00e1n otra vez - La Prensa Cristiana","isPartOf":{"@id":"https:\/\/laprensacristiana.com\/#website"},"datePublished":"2021-08-16T15:40:28+00:00","dateModified":"2021-08-16T15:40:29+00:00","author":{"@id":"https:\/\/laprensacristiana.com\/#\/schema\/person\/3e7d82c6bfd6b1fa67010f8f7cd5256e"},"breadcrumb":{"@id":"https:\/\/laprensacristiana.com\/?p=12385#breadcrumb"},"inLanguage":"es","potentialAction":[{"@type":"ReadAction","target":["https:\/\/laprensacristiana.com\/?p=12385"]}]},{"@type":"BreadcrumbList","@id":"https:\/\/laprensacristiana.com\/?p=12385#breadcrumb","itemListElement":[{"@type":"ListItem","position":1,"name":"Portada","item":"https:\/\/laprensacristiana.com\/"},{"@type":"ListItem","position":2,"name":"Afganist\u00e1n otra vez"}]},{"@type":"WebSite","@id":"https:\/\/laprensacristiana.com\/#website","url":"https:\/\/laprensacristiana.com\/","name":"La Prensa Cristiana","description":"Anunciando Las Buenas Nuevas","potentialAction":[{"@type":"SearchAction","target":{"@type":"EntryPoint","urlTemplate":"https:\/\/laprensacristiana.com\/?s={search_term_string}"},"query-input":"required name=search_term_string"}],"inLanguage":"es"},{"@type":"Person","@id":"https:\/\/laprensacristiana.com\/#\/schema\/person\/3e7d82c6bfd6b1fa67010f8f7cd5256e","name":"EDITOR","image":{"@type":"ImageObject","inLanguage":"es","@id":"https:\/\/laprensacristiana.com\/#\/schema\/person\/image\/","url":"https:\/\/secure.gravatar.com\/avatar\/72069dfb6c13772d9e8381e3638666d2?s=96&d=mm&r=g","contentUrl":"https:\/\/secure.gravatar.com\/avatar\/72069dfb6c13772d9e8381e3638666d2?s=96&d=mm&r=g","caption":"EDITOR"},"url":"https:\/\/laprensacristiana.com\/?author=3"}]}},"_links":{"self":[{"href":"https:\/\/laprensacristiana.com\/index.php?rest_route=\/wp\/v2\/posts\/12385"}],"collection":[{"href":"https:\/\/laprensacristiana.com\/index.php?rest_route=\/wp\/v2\/posts"}],"about":[{"href":"https:\/\/laprensacristiana.com\/index.php?rest_route=\/wp\/v2\/types\/post"}],"author":[{"embeddable":true,"href":"https:\/\/laprensacristiana.com\/index.php?rest_route=\/wp\/v2\/users\/3"}],"replies":[{"embeddable":true,"href":"https:\/\/laprensacristiana.com\/index.php?rest_route=%2Fwp%2Fv2%2Fcomments&post=12385"}],"version-history":[{"count":1,"href":"https:\/\/laprensacristiana.com\/index.php?rest_route=\/wp\/v2\/posts\/12385\/revisions"}],"predecessor-version":[{"id":12386,"href":"https:\/\/laprensacristiana.com\/index.php?rest_route=\/wp\/v2\/posts\/12385\/revisions\/12386"}],"wp:featuredmedia":[{"embeddable":true,"href":"https:\/\/laprensacristiana.com\/index.php?rest_route=\/wp\/v2\/media\/12089"}],"wp:attachment":[{"href":"https:\/\/laprensacristiana.com\/index.php?rest_route=%2Fwp%2Fv2%2Fmedia&parent=12385"}],"wp:term":[{"taxonomy":"category","embeddable":true,"href":"https:\/\/laprensacristiana.com\/index.php?rest_route=%2Fwp%2Fv2%2Fcategories&post=12385"},{"taxonomy":"post_tag","embeddable":true,"href":"https:\/\/laprensacristiana.com\/index.php?rest_route=%2Fwp%2Fv2%2Ftags&post=12385"}],"curies":[{"name":"wp","href":"https:\/\/api.w.org\/{rel}","templated":true}]}}