{"id":12403,"date":"2021-08-20T13:48:29","date_gmt":"2021-08-20T13:48:29","guid":{"rendered":"https:\/\/laprensacristiana.com\/?p=12403"},"modified":"2021-08-20T13:48:29","modified_gmt":"2021-08-20T13:48:29","slug":"no-nos-cansemos","status":"publish","type":"post","link":"https:\/\/laprensacristiana.com\/?p=12403","title":{"rendered":"No nos cansemos"},"content":{"rendered":"\n<p><\/p>\n\n\n\n<p>A menudo hemos o\u00eddo que la gracia se define como el favor inmerecido y la bendici\u00f3n de Dios, pero creo que la gracia es mucho m\u00e1s que esto. En mi opini\u00f3n, la gracia es todo lo que Cristo es para nosotros en nuestros tiempos de sufrimiento: poder, misericordia y amor; para ayudarnos a superar nuestras aflicciones.<\/p>\n\n\n\n<p>Al mirar atr\u00e1s a los a\u00f1os de grandes pruebas, tentaciones y aflicciones, puedo testificar que la gracia de Dios ha sido suficiente. S\u00e9&nbsp;lo que es cuestionar a Dios porque mi esposa sufri\u00f3&nbsp;c\u00e1ncer una y otra vez, y luego nuestras dos hijas tambi\u00e9n fueron afectadas. Hoy, todos est\u00e1n sanos y fuertes; y por eso doy gracias al Se\u00f1or. Tambi\u00e9n s\u00e9&nbsp;lo que es ser golpeado por un mensajero de Satan\u00e1s. He sido terriblemente tentado y acosado; y he tenido enemigos levantados contra m\u00ed&nbsp;por todos lados. Me han difamado con rumores, me han acusado falsamente y mis amigos me han rechazado. En esos tiempos oscuros, ca\u00eda de rodillas y clamaba a Dios.<\/p>\n\n\n\n<p>Todav\u00eda puedo preguntar por qu\u00e9, pero todo sigue siendo un misterio. Su gracia siempre me ha hecho avanzar, y eso es suficiente por hoy. Estoy dispuesto a aceptar eso hasta que Jes\u00fas venga por m\u00ed. No veo fin a mis pruebas y aflicciones. Las he tenido durante m\u00e1s de cincuenta a\u00f1os de ministerio y contin\u00faan.<\/p>\n\n\n\n<p>Sin embargo, a pesar de todo, todav\u00eda se me est\u00e1&nbsp;dando una medida cada vez mayor de la fuerza de Cristo. De hecho, mis grandes revelaciones de su gloria han llegado durante mis momentos m\u00e1s dif\u00edciles. As\u00ed&nbsp;tambi\u00e9n, en tus momentos m\u00e1s bajos, Jes\u00fas liberar\u00e1&nbsp;en ti la m\u00e1xima medida de su fuerza. La Escritura nos dice:&nbsp;\u201cAcerqu\u00e9monos, pues, confiadamente al trono de la gracia, para alcanzar misericordia y hallar gracia para el oportuno socorro\u201d&nbsp;(Hebreos 4:16).<\/p>\n\n\n\n<p>Es posible que nunca entendamos nuestro dolor, depresi\u00f3n e incomodidad en esta vida. Puede que no sepamos por qu\u00e9&nbsp;nuestras oraciones por sanidad no han sido respondidas aqu\u00ed&nbsp;y ahora, pero, en la tierra, no tenemos que saber el por qu\u00e9.<\/p>\n\n\n\n<p>Alg\u00fan d\u00eda en la gloria, mi Padre me revelar\u00e1&nbsp;el hermoso plan que tuvo todo el tiempo.&nbsp;\u00c9l me mostrar\u00e1&nbsp;c\u00f3mo obtuve paciencia a trav\u00e9s de todas mis pruebas, c\u00f3mo aprend\u00ed&nbsp;compasi\u00f3n por los dem\u00e1s, c\u00f3mo su fuerza se perfeccion\u00f3&nbsp;en mi debilidad, c\u00f3mo aprend\u00ed&nbsp;acerca de su extrema fidelidad hacia m\u00ed&nbsp;y c\u00f3mo estos eventos ayudaron a hacerme m\u00e1s como Jes\u00fas.<\/p>\n","protected":false},"excerpt":{"rendered":"<p>A menudo hemos o\u00eddo que la gracia se define como el favor inmerecido y la bendici\u00f3n de Dios, pero creo que la gracia es mucho m\u00e1s que esto. En mi opini\u00f3n, la gracia es todo lo que Cristo es para nosotros en nuestros tiempos de sufrimiento: poder, misericordia y amor; para ayudarnos a superar nuestras [&hellip;]<\/p>\n","protected":false},"author":3,"featured_media":11327,"comment_status":"open","ping_status":"open","sticky":false,"template":"","format":"standard","meta":[],"categories":[36],"tags":[],"yoast_head":"<!-- This site is optimized with the Yoast SEO plugin v20.8 - https:\/\/yoast.com\/wordpress\/plugins\/seo\/ -->\n<title>No nos cansemos - La Prensa Cristiana<\/title>\n<meta name=\"robots\" content=\"index, follow, max-snippet:-1, max-image-preview:large, max-video-preview:-1\" \/>\n<link rel=\"canonical\" href=\"https:\/\/laprensacristiana.com\/?p=12403\" \/>\n<meta property=\"og:locale\" content=\"es_ES\" \/>\n<meta property=\"og:type\" content=\"article\" \/>\n<meta property=\"og:title\" content=\"No nos cansemos - La Prensa Cristiana\" \/>\n<meta property=\"og:description\" content=\"A menudo hemos o\u00eddo que la gracia se define como el favor inmerecido y la bendici\u00f3n de Dios, pero creo que la gracia es mucho m\u00e1s que esto. En mi opini\u00f3n, la gracia es todo lo que Cristo es para nosotros en nuestros tiempos de sufrimiento: poder, misericordia y amor; para ayudarnos a superar nuestras [&hellip;]\" \/>\n<meta property=\"og:url\" content=\"https:\/\/laprensacristiana.com\/?p=12403\" \/>\n<meta property=\"og:site_name\" content=\"La Prensa Cristiana\" \/>\n<meta property=\"article:published_time\" content=\"2021-08-20T13:48:29+00:00\" \/>\n<meta property=\"og:image\" content=\"https:\/\/laprensacristiana.com\/wp-content\/uploads\/2021\/02\/IMG_20210215_163352_769.jpg\" \/>\n\t<meta property=\"og:image:width\" content=\"1280\" \/>\n\t<meta property=\"og:image:height\" content=\"714\" \/>\n\t<meta property=\"og:image:type\" content=\"image\/jpeg\" \/>\n<meta name=\"author\" content=\"EDITOR\" \/>\n<meta name=\"twitter:card\" content=\"summary_large_image\" \/>\n<meta name=\"twitter:label1\" content=\"Escrito por\" \/>\n\t<meta name=\"twitter:data1\" content=\"EDITOR\" \/>\n\t<meta name=\"twitter:label2\" content=\"Tiempo de lectura\" \/>\n\t<meta name=\"twitter:data2\" content=\"2 minutos\" \/>\n<script type=\"application\/ld+json\" class=\"yoast-schema-graph\">{\"@context\":\"https:\/\/schema.org\",\"@graph\":[{\"@type\":\"WebPage\",\"@id\":\"https:\/\/laprensacristiana.com\/?p=12403\",\"url\":\"https:\/\/laprensacristiana.com\/?p=12403\",\"name\":\"No nos cansemos - La Prensa Cristiana\",\"isPartOf\":{\"@id\":\"https:\/\/laprensacristiana.com\/#website\"},\"datePublished\":\"2021-08-20T13:48:29+00:00\",\"dateModified\":\"2021-08-20T13:48:29+00:00\",\"author\":{\"@id\":\"https:\/\/laprensacristiana.com\/#\/schema\/person\/3e7d82c6bfd6b1fa67010f8f7cd5256e\"},\"breadcrumb\":{\"@id\":\"https:\/\/laprensacristiana.com\/?p=12403#breadcrumb\"},\"inLanguage\":\"es\",\"potentialAction\":[{\"@type\":\"ReadAction\",\"target\":[\"https:\/\/laprensacristiana.com\/?p=12403\"]}]},{\"@type\":\"BreadcrumbList\",\"@id\":\"https:\/\/laprensacristiana.com\/?p=12403#breadcrumb\",\"itemListElement\":[{\"@type\":\"ListItem\",\"position\":1,\"name\":\"Portada\",\"item\":\"https:\/\/laprensacristiana.com\/\"},{\"@type\":\"ListItem\",\"position\":2,\"name\":\"No nos cansemos\"}]},{\"@type\":\"WebSite\",\"@id\":\"https:\/\/laprensacristiana.com\/#website\",\"url\":\"https:\/\/laprensacristiana.com\/\",\"name\":\"La Prensa Cristiana\",\"description\":\"Anunciando Las Buenas Nuevas\",\"potentialAction\":[{\"@type\":\"SearchAction\",\"target\":{\"@type\":\"EntryPoint\",\"urlTemplate\":\"https:\/\/laprensacristiana.com\/?s={search_term_string}\"},\"query-input\":\"required name=search_term_string\"}],\"inLanguage\":\"es\"},{\"@type\":\"Person\",\"@id\":\"https:\/\/laprensacristiana.com\/#\/schema\/person\/3e7d82c6bfd6b1fa67010f8f7cd5256e\",\"name\":\"EDITOR\",\"image\":{\"@type\":\"ImageObject\",\"inLanguage\":\"es\",\"@id\":\"https:\/\/laprensacristiana.com\/#\/schema\/person\/image\/\",\"url\":\"https:\/\/secure.gravatar.com\/avatar\/72069dfb6c13772d9e8381e3638666d2?s=96&d=mm&r=g\",\"contentUrl\":\"https:\/\/secure.gravatar.com\/avatar\/72069dfb6c13772d9e8381e3638666d2?s=96&d=mm&r=g\",\"caption\":\"EDITOR\"},\"url\":\"https:\/\/laprensacristiana.com\/?author=3\"}]}<\/script>\n<!-- \/ Yoast SEO plugin. -->","yoast_head_json":{"title":"No nos cansemos - La Prensa Cristiana","robots":{"index":"index","follow":"follow","max-snippet":"max-snippet:-1","max-image-preview":"max-image-preview:large","max-video-preview":"max-video-preview:-1"},"canonical":"https:\/\/laprensacristiana.com\/?p=12403","og_locale":"es_ES","og_type":"article","og_title":"No nos cansemos - La Prensa Cristiana","og_description":"A menudo hemos o\u00eddo que la gracia se define como el favor inmerecido y la bendici\u00f3n de Dios, pero creo que la gracia es mucho m\u00e1s que esto. En mi opini\u00f3n, la gracia es todo lo que Cristo es para nosotros en nuestros tiempos de sufrimiento: poder, misericordia y amor; para ayudarnos a superar nuestras [&hellip;]","og_url":"https:\/\/laprensacristiana.com\/?p=12403","og_site_name":"La Prensa Cristiana","article_published_time":"2021-08-20T13:48:29+00:00","og_image":[{"width":1280,"height":714,"url":"https:\/\/laprensacristiana.com\/wp-content\/uploads\/2021\/02\/IMG_20210215_163352_769.jpg","type":"image\/jpeg"}],"author":"EDITOR","twitter_card":"summary_large_image","twitter_misc":{"Escrito por":"EDITOR","Tiempo de lectura":"2 minutos"},"schema":{"@context":"https:\/\/schema.org","@graph":[{"@type":"WebPage","@id":"https:\/\/laprensacristiana.com\/?p=12403","url":"https:\/\/laprensacristiana.com\/?p=12403","name":"No nos cansemos - La Prensa Cristiana","isPartOf":{"@id":"https:\/\/laprensacristiana.com\/#website"},"datePublished":"2021-08-20T13:48:29+00:00","dateModified":"2021-08-20T13:48:29+00:00","author":{"@id":"https:\/\/laprensacristiana.com\/#\/schema\/person\/3e7d82c6bfd6b1fa67010f8f7cd5256e"},"breadcrumb":{"@id":"https:\/\/laprensacristiana.com\/?p=12403#breadcrumb"},"inLanguage":"es","potentialAction":[{"@type":"ReadAction","target":["https:\/\/laprensacristiana.com\/?p=12403"]}]},{"@type":"BreadcrumbList","@id":"https:\/\/laprensacristiana.com\/?p=12403#breadcrumb","itemListElement":[{"@type":"ListItem","position":1,"name":"Portada","item":"https:\/\/laprensacristiana.com\/"},{"@type":"ListItem","position":2,"name":"No nos cansemos"}]},{"@type":"WebSite","@id":"https:\/\/laprensacristiana.com\/#website","url":"https:\/\/laprensacristiana.com\/","name":"La Prensa Cristiana","description":"Anunciando Las Buenas Nuevas","potentialAction":[{"@type":"SearchAction","target":{"@type":"EntryPoint","urlTemplate":"https:\/\/laprensacristiana.com\/?s={search_term_string}"},"query-input":"required name=search_term_string"}],"inLanguage":"es"},{"@type":"Person","@id":"https:\/\/laprensacristiana.com\/#\/schema\/person\/3e7d82c6bfd6b1fa67010f8f7cd5256e","name":"EDITOR","image":{"@type":"ImageObject","inLanguage":"es","@id":"https:\/\/laprensacristiana.com\/#\/schema\/person\/image\/","url":"https:\/\/secure.gravatar.com\/avatar\/72069dfb6c13772d9e8381e3638666d2?s=96&d=mm&r=g","contentUrl":"https:\/\/secure.gravatar.com\/avatar\/72069dfb6c13772d9e8381e3638666d2?s=96&d=mm&r=g","caption":"EDITOR"},"url":"https:\/\/laprensacristiana.com\/?author=3"}]}},"_links":{"self":[{"href":"https:\/\/laprensacristiana.com\/index.php?rest_route=\/wp\/v2\/posts\/12403"}],"collection":[{"href":"https:\/\/laprensacristiana.com\/index.php?rest_route=\/wp\/v2\/posts"}],"about":[{"href":"https:\/\/laprensacristiana.com\/index.php?rest_route=\/wp\/v2\/types\/post"}],"author":[{"embeddable":true,"href":"https:\/\/laprensacristiana.com\/index.php?rest_route=\/wp\/v2\/users\/3"}],"replies":[{"embeddable":true,"href":"https:\/\/laprensacristiana.com\/index.php?rest_route=%2Fwp%2Fv2%2Fcomments&post=12403"}],"version-history":[{"count":1,"href":"https:\/\/laprensacristiana.com\/index.php?rest_route=\/wp\/v2\/posts\/12403\/revisions"}],"predecessor-version":[{"id":12404,"href":"https:\/\/laprensacristiana.com\/index.php?rest_route=\/wp\/v2\/posts\/12403\/revisions\/12404"}],"wp:featuredmedia":[{"embeddable":true,"href":"https:\/\/laprensacristiana.com\/index.php?rest_route=\/wp\/v2\/media\/11327"}],"wp:attachment":[{"href":"https:\/\/laprensacristiana.com\/index.php?rest_route=%2Fwp%2Fv2%2Fmedia&parent=12403"}],"wp:term":[{"taxonomy":"category","embeddable":true,"href":"https:\/\/laprensacristiana.com\/index.php?rest_route=%2Fwp%2Fv2%2Fcategories&post=12403"},{"taxonomy":"post_tag","embeddable":true,"href":"https:\/\/laprensacristiana.com\/index.php?rest_route=%2Fwp%2Fv2%2Ftags&post=12403"}],"curies":[{"name":"wp","href":"https:\/\/api.w.org\/{rel}","templated":true}]}}