{"id":12430,"date":"2021-08-27T13:35:03","date_gmt":"2021-08-27T13:35:03","guid":{"rendered":"https:\/\/laprensacristiana.com\/?p=12430"},"modified":"2021-08-27T13:35:03","modified_gmt":"2021-08-27T13:35:03","slug":"llagas-y-heridas","status":"publish","type":"post","link":"https:\/\/laprensacristiana.com\/?p=12430","title":{"rendered":"Llagas y heridas"},"content":{"rendered":"\n<p>Juan 20:27&nbsp;\u201cLuego dijo a Tom\u00e1s: Pon aqu\u00ed&nbsp;tu dedo, y mira mis manos; y acerca tu mano, y m\u00e9tela en mi costado; y no seas incr\u00e9dulo, sino creyente\u201d<\/p>\n\n\n\n<p>Hace poco estuve en la oficina de un pastor que dice que ha alcanzado el&nbsp;\u00e9xito en su ministerio. &nbsp;Lo dice porque su templo, si, su templo y no el del Se\u00f1or, estaba lleno de gente. Es un edificio muy bonito, con muchas comodidades en las que hace que la gente se sienta tranquila y que por unas dos horas se sumerjan en el ensue\u00f1o de que est\u00e1n en un pedazo de cielo.<\/p>\n\n\n\n<p>En un apartado hay una cafeter\u00eda en donde se les ofrece pan con caf\u00e9&nbsp;gratis. Tienen una hermosa sala cuna en donde sus ni\u00f1os son atendidos con mucho primor. Y no digamos que el parqueo es la envidia de cualquier centro comercial de nuestra ciudad. Hasta los carros reciben un trato especial.<\/p>\n\n\n\n<p>En su oficina pude ver una colecci\u00f3n enorme de diplomas y t\u00edtulos. Placas de bronce bien bru\u00f1idas. Diplomas bien enmarcados con sus sellos y firmas legibles. T\u00edtulos de logros adquiridos a base de, como decimos en Guatemala, de&nbsp;\u201cquemarse las pesta\u00f1as\u201d, haciendo alusi\u00f3n a las horas de estudio teol\u00f3gico.<\/p>\n\n\n\n<p>Una plataforma enorme con los mejores instrumentos musicales adornaban el templo. Personas del ministerio de alabanza ya preparados con sus ropas que los distingu\u00edan del resto de servidores y sin faltar por supuesto, de unos hombres vestidos de negro con unos aud\u00edfonos casi invisibles que cuidaban las gradas hacia el Altar para evitar quiz\u00e1, que alg\u00fan miembro de la congregaci\u00f3n quisiera ir a saludar personalmente a su pastor.&nbsp;<\/p>\n\n\n\n<p>Es lo que hoy se llama&nbsp;\u201cinfluencers\u201d. Son los pastores de&nbsp;\u00faltima moda. Dientes perfectamente blanqueados. Piel bronceada, un carro de alta gama en su parqueo bajo techo, una esposa radiante, llena de perlas y diamantes y un par de hijos malcriados que creen que son los dioses de la iglesia de su papi.<\/p>\n\n\n\n<p>Al ver todo eso, me puse a pensar en lo que hizo Jesus la vez que Tom\u00e1s, s\u00ed, Tom\u00e1s el incr\u00e9dulo le pidi\u00f3&nbsp;que le mostrara sus credenciales. &nbsp;Tom\u00e1s es el t\u00edpico caso del &nbsp;creyente que est\u00e1&nbsp;cansado de tanta parafernalia religiosa. Estaba cansado de los fariseos y sacerdotes que le cargaban con leyes y reglamentos dif\u00edciles de cumplir.<\/p>\n\n\n\n<p>Tom\u00e1s es el tipo que ya no cree en lo que le dicen. Porque estaba tan decepcionado de su religi\u00f3n que no ve\u00eda cambios en ninguno de sus l\u00edderes ni mucho menos en su propia vida. &nbsp;Tom\u00e1s necesita pruebas tangibles. Pruebas que demuestren que lo que los maestros de religi\u00f3n dicen es verdad, que ellos mismos han pasado por las pruebas que demuestren que lo que hablan transforma, cambia e impacta sus propias vidas.&nbsp;<\/p>\n\n\n\n<p>Y es cuando me vino a la mente la respuesta de Jesus. &nbsp;Jesus no le mostr\u00f3&nbsp;diplomas sobre maestr\u00edas ni doctorados. No le mostr\u00f3&nbsp;las comodidades del aposento alto. No le mostr\u00f3&nbsp;sus t\u00edtulos ni diplomas. No. Jesus le mostr\u00f3&nbsp;lo que verdaderamente eran las pruebas f\u00edsicas y visibles de que lo que hab\u00eda ense\u00f1ado durante tres a\u00f1os y medio era verdad.&nbsp;<\/p>\n\n\n\n<p>Jesus le mostr\u00f3&nbsp;las pruebas de que realmente era quien dec\u00eda ser. Que su Palabra no era de hombre sino del propio Dios. Que&nbsp;\u00c9l hab\u00eda dicho que resucitar\u00eda al tercer d\u00eda y que el Padre lo estaba esperando en el Cielo para presentar el Sacrificio Perfecto era verdad. Y Tom\u00e1s necesita verlo para creerlo. Para Tom\u00e1s ya &nbsp;no hay tiempo de escuchar m\u00e1s palabras, ahora quiere ver pruebas.<\/p>\n\n\n\n<p>Y Jesus se las da. T\u00f3came, Tom\u00e1s. Mete tu dedo en mi llaga de la mano. Mira las cicatrices de mi martirio. Mira la herida que el soldado me hizo en el costado. Observa, Tom\u00e1s, las huellas que dej\u00f3&nbsp;la corona de espinas en mi frente. Soy yo, el que dijo que iba a resucitar y que ahora estoy vivo. Y as\u00ed&nbsp;como Yo vivo, t\u00fa&nbsp;tambi\u00e9n vivir\u00e1s.&nbsp;<\/p>\n\n\n\n<p>Y Tom\u00e1s se convenci\u00f3&nbsp;de que era cierto. Que Jesus hab\u00eda resucitado de entre los muertos. Que hab\u00eda vuelto a la vida. Que no era un sofisma ni un truco religioso m\u00e1s. Ahora sabe que el&nbsp;\u00fanico que ha dicho la Verdad es Jesus. Y acto seguido, cae de rodillas y adora.<\/p>\n\n\n\n<p>\u00bfQue convencer\u00e1&nbsp;a las personas de las congregaciones actuales que Jesus cambia? No son los diplomas ni los t\u00edtulos ni los carros de alta gama. Son las cicatrices y las llagas que han dejado en la vida de su pastor. Son las huellas que han dejado sus ca\u00eddas y levantadas. Son las cicatrices de sus fracasos y victorias.&nbsp;<\/p>\n\n\n\n<p>Porque es cierto: Si mi pastor ha logrado mantenerse fiel a pesar de esas llagas en su conducta, su oveja tambi\u00e9n podr\u00e1&nbsp;levantarse y seguir adelante, hasta llegar al final de su camino en Cristo.<\/p>\n","protected":false},"excerpt":{"rendered":"<p>Juan 20:27&nbsp;\u201cLuego dijo a Tom\u00e1s: Pon aqu\u00ed&nbsp;tu dedo, y mira mis manos; y acerca tu mano, y m\u00e9tela en mi costado; y no seas incr\u00e9dulo, sino creyente\u201d Hace poco estuve en la oficina de un pastor que dice que ha alcanzado el&nbsp;\u00e9xito en su ministerio. &nbsp;Lo dice porque su templo, si, su templo y no [&hellip;]<\/p>\n","protected":false},"author":3,"featured_media":11327,"comment_status":"open","ping_status":"open","sticky":false,"template":"","format":"standard","meta":[],"categories":[36],"tags":[],"yoast_head":"<!-- This site is optimized with the Yoast SEO plugin v20.8 - https:\/\/yoast.com\/wordpress\/plugins\/seo\/ -->\n<title>Llagas y heridas - La Prensa Cristiana<\/title>\n<meta name=\"robots\" content=\"index, follow, max-snippet:-1, max-image-preview:large, max-video-preview:-1\" \/>\n<link rel=\"canonical\" href=\"https:\/\/laprensacristiana.com\/?p=12430\" \/>\n<meta property=\"og:locale\" content=\"es_ES\" \/>\n<meta property=\"og:type\" content=\"article\" \/>\n<meta property=\"og:title\" content=\"Llagas y heridas - La Prensa Cristiana\" \/>\n<meta property=\"og:description\" content=\"Juan 20:27&nbsp;\u201cLuego dijo a Tom\u00e1s: Pon aqu\u00ed&nbsp;tu dedo, y mira mis manos; y acerca tu mano, y m\u00e9tela en mi costado; y no seas incr\u00e9dulo, sino creyente\u201d Hace poco estuve en la oficina de un pastor que dice que ha alcanzado el&nbsp;\u00e9xito en su ministerio. &nbsp;Lo dice porque su templo, si, su templo y no [&hellip;]\" \/>\n<meta property=\"og:url\" content=\"https:\/\/laprensacristiana.com\/?p=12430\" \/>\n<meta property=\"og:site_name\" content=\"La Prensa Cristiana\" \/>\n<meta property=\"article:published_time\" content=\"2021-08-27T13:35:03+00:00\" \/>\n<meta property=\"og:image\" content=\"https:\/\/laprensacristiana.com\/wp-content\/uploads\/2021\/02\/IMG_20210215_163352_769.jpg\" \/>\n\t<meta property=\"og:image:width\" content=\"1280\" \/>\n\t<meta property=\"og:image:height\" content=\"714\" \/>\n\t<meta property=\"og:image:type\" content=\"image\/jpeg\" \/>\n<meta name=\"author\" content=\"EDITOR\" \/>\n<meta name=\"twitter:card\" content=\"summary_large_image\" \/>\n<meta name=\"twitter:label1\" content=\"Escrito por\" \/>\n\t<meta name=\"twitter:data1\" content=\"EDITOR\" \/>\n\t<meta name=\"twitter:label2\" content=\"Tiempo de lectura\" \/>\n\t<meta name=\"twitter:data2\" content=\"4 minutos\" \/>\n<script type=\"application\/ld+json\" class=\"yoast-schema-graph\">{\"@context\":\"https:\/\/schema.org\",\"@graph\":[{\"@type\":\"WebPage\",\"@id\":\"https:\/\/laprensacristiana.com\/?p=12430\",\"url\":\"https:\/\/laprensacristiana.com\/?p=12430\",\"name\":\"Llagas y heridas - La Prensa Cristiana\",\"isPartOf\":{\"@id\":\"https:\/\/laprensacristiana.com\/#website\"},\"datePublished\":\"2021-08-27T13:35:03+00:00\",\"dateModified\":\"2021-08-27T13:35:03+00:00\",\"author\":{\"@id\":\"https:\/\/laprensacristiana.com\/#\/schema\/person\/3e7d82c6bfd6b1fa67010f8f7cd5256e\"},\"breadcrumb\":{\"@id\":\"https:\/\/laprensacristiana.com\/?p=12430#breadcrumb\"},\"inLanguage\":\"es\",\"potentialAction\":[{\"@type\":\"ReadAction\",\"target\":[\"https:\/\/laprensacristiana.com\/?p=12430\"]}]},{\"@type\":\"BreadcrumbList\",\"@id\":\"https:\/\/laprensacristiana.com\/?p=12430#breadcrumb\",\"itemListElement\":[{\"@type\":\"ListItem\",\"position\":1,\"name\":\"Portada\",\"item\":\"https:\/\/laprensacristiana.com\/\"},{\"@type\":\"ListItem\",\"position\":2,\"name\":\"Llagas y heridas\"}]},{\"@type\":\"WebSite\",\"@id\":\"https:\/\/laprensacristiana.com\/#website\",\"url\":\"https:\/\/laprensacristiana.com\/\",\"name\":\"La Prensa Cristiana\",\"description\":\"Anunciando Las Buenas Nuevas\",\"potentialAction\":[{\"@type\":\"SearchAction\",\"target\":{\"@type\":\"EntryPoint\",\"urlTemplate\":\"https:\/\/laprensacristiana.com\/?s={search_term_string}\"},\"query-input\":\"required name=search_term_string\"}],\"inLanguage\":\"es\"},{\"@type\":\"Person\",\"@id\":\"https:\/\/laprensacristiana.com\/#\/schema\/person\/3e7d82c6bfd6b1fa67010f8f7cd5256e\",\"name\":\"EDITOR\",\"image\":{\"@type\":\"ImageObject\",\"inLanguage\":\"es\",\"@id\":\"https:\/\/laprensacristiana.com\/#\/schema\/person\/image\/\",\"url\":\"https:\/\/secure.gravatar.com\/avatar\/72069dfb6c13772d9e8381e3638666d2?s=96&d=mm&r=g\",\"contentUrl\":\"https:\/\/secure.gravatar.com\/avatar\/72069dfb6c13772d9e8381e3638666d2?s=96&d=mm&r=g\",\"caption\":\"EDITOR\"},\"url\":\"https:\/\/laprensacristiana.com\/?author=3\"}]}<\/script>\n<!-- \/ Yoast SEO plugin. -->","yoast_head_json":{"title":"Llagas y heridas - La Prensa Cristiana","robots":{"index":"index","follow":"follow","max-snippet":"max-snippet:-1","max-image-preview":"max-image-preview:large","max-video-preview":"max-video-preview:-1"},"canonical":"https:\/\/laprensacristiana.com\/?p=12430","og_locale":"es_ES","og_type":"article","og_title":"Llagas y heridas - La Prensa Cristiana","og_description":"Juan 20:27&nbsp;\u201cLuego dijo a Tom\u00e1s: Pon aqu\u00ed&nbsp;tu dedo, y mira mis manos; y acerca tu mano, y m\u00e9tela en mi costado; y no seas incr\u00e9dulo, sino creyente\u201d Hace poco estuve en la oficina de un pastor que dice que ha alcanzado el&nbsp;\u00e9xito en su ministerio. &nbsp;Lo dice porque su templo, si, su templo y no [&hellip;]","og_url":"https:\/\/laprensacristiana.com\/?p=12430","og_site_name":"La Prensa Cristiana","article_published_time":"2021-08-27T13:35:03+00:00","og_image":[{"width":1280,"height":714,"url":"https:\/\/laprensacristiana.com\/wp-content\/uploads\/2021\/02\/IMG_20210215_163352_769.jpg","type":"image\/jpeg"}],"author":"EDITOR","twitter_card":"summary_large_image","twitter_misc":{"Escrito por":"EDITOR","Tiempo de lectura":"4 minutos"},"schema":{"@context":"https:\/\/schema.org","@graph":[{"@type":"WebPage","@id":"https:\/\/laprensacristiana.com\/?p=12430","url":"https:\/\/laprensacristiana.com\/?p=12430","name":"Llagas y heridas - La Prensa Cristiana","isPartOf":{"@id":"https:\/\/laprensacristiana.com\/#website"},"datePublished":"2021-08-27T13:35:03+00:00","dateModified":"2021-08-27T13:35:03+00:00","author":{"@id":"https:\/\/laprensacristiana.com\/#\/schema\/person\/3e7d82c6bfd6b1fa67010f8f7cd5256e"},"breadcrumb":{"@id":"https:\/\/laprensacristiana.com\/?p=12430#breadcrumb"},"inLanguage":"es","potentialAction":[{"@type":"ReadAction","target":["https:\/\/laprensacristiana.com\/?p=12430"]}]},{"@type":"BreadcrumbList","@id":"https:\/\/laprensacristiana.com\/?p=12430#breadcrumb","itemListElement":[{"@type":"ListItem","position":1,"name":"Portada","item":"https:\/\/laprensacristiana.com\/"},{"@type":"ListItem","position":2,"name":"Llagas y heridas"}]},{"@type":"WebSite","@id":"https:\/\/laprensacristiana.com\/#website","url":"https:\/\/laprensacristiana.com\/","name":"La Prensa Cristiana","description":"Anunciando Las Buenas Nuevas","potentialAction":[{"@type":"SearchAction","target":{"@type":"EntryPoint","urlTemplate":"https:\/\/laprensacristiana.com\/?s={search_term_string}"},"query-input":"required name=search_term_string"}],"inLanguage":"es"},{"@type":"Person","@id":"https:\/\/laprensacristiana.com\/#\/schema\/person\/3e7d82c6bfd6b1fa67010f8f7cd5256e","name":"EDITOR","image":{"@type":"ImageObject","inLanguage":"es","@id":"https:\/\/laprensacristiana.com\/#\/schema\/person\/image\/","url":"https:\/\/secure.gravatar.com\/avatar\/72069dfb6c13772d9e8381e3638666d2?s=96&d=mm&r=g","contentUrl":"https:\/\/secure.gravatar.com\/avatar\/72069dfb6c13772d9e8381e3638666d2?s=96&d=mm&r=g","caption":"EDITOR"},"url":"https:\/\/laprensacristiana.com\/?author=3"}]}},"_links":{"self":[{"href":"https:\/\/laprensacristiana.com\/index.php?rest_route=\/wp\/v2\/posts\/12430"}],"collection":[{"href":"https:\/\/laprensacristiana.com\/index.php?rest_route=\/wp\/v2\/posts"}],"about":[{"href":"https:\/\/laprensacristiana.com\/index.php?rest_route=\/wp\/v2\/types\/post"}],"author":[{"embeddable":true,"href":"https:\/\/laprensacristiana.com\/index.php?rest_route=\/wp\/v2\/users\/3"}],"replies":[{"embeddable":true,"href":"https:\/\/laprensacristiana.com\/index.php?rest_route=%2Fwp%2Fv2%2Fcomments&post=12430"}],"version-history":[{"count":1,"href":"https:\/\/laprensacristiana.com\/index.php?rest_route=\/wp\/v2\/posts\/12430\/revisions"}],"predecessor-version":[{"id":12431,"href":"https:\/\/laprensacristiana.com\/index.php?rest_route=\/wp\/v2\/posts\/12430\/revisions\/12431"}],"wp:featuredmedia":[{"embeddable":true,"href":"https:\/\/laprensacristiana.com\/index.php?rest_route=\/wp\/v2\/media\/11327"}],"wp:attachment":[{"href":"https:\/\/laprensacristiana.com\/index.php?rest_route=%2Fwp%2Fv2%2Fmedia&parent=12430"}],"wp:term":[{"taxonomy":"category","embeddable":true,"href":"https:\/\/laprensacristiana.com\/index.php?rest_route=%2Fwp%2Fv2%2Fcategories&post=12430"},{"taxonomy":"post_tag","embeddable":true,"href":"https:\/\/laprensacristiana.com\/index.php?rest_route=%2Fwp%2Fv2%2Ftags&post=12430"}],"curies":[{"name":"wp","href":"https:\/\/api.w.org\/{rel}","templated":true}]}}