{"id":12436,"date":"2021-08-30T22:04:31","date_gmt":"2021-08-30T22:04:31","guid":{"rendered":"https:\/\/laprensacristiana.com\/?p=12436"},"modified":"2021-08-30T22:04:32","modified_gmt":"2021-08-30T22:04:32","slug":"ministerio-redimi2-lleva-alegria-a-comunidad-aguilas","status":"publish","type":"post","link":"https:\/\/laprensacristiana.com\/?p=12436","title":{"rendered":"Ministerio Redimi2 lleva alegr\u00eda a comunidad \u00c1guilas"},"content":{"rendered":"\n<p>El fin de semana pasado j\u00f3venes del ministerio Redimi2 de Iglesia Tierra de Bendici\u00f3n llevaron palabra de Dios y v\u00edveres a familias de comunidad \u00c1guilas en Lourdes Col\u00f3n.<\/p>\n\n\n\n<p>Realizaron una peque\u00f1a fiesta para los ni\u00f1os, compartieron un refrigerio y oraron por cada una de la necesidad de las familias presentes.<\/p>\n\n\n\n<p>Redimi2 es un ministerio juvenil que viene trabajando desde hace un tiempo, evangelizado en las calles y en diferentes comunidades no dejando de lado la necesidad de alimento f\u00edsico que las adultos y ni\u00f1os tienen.<\/p>\n\n\n\n<figure class=\"wp-block-gallery columns-2 is-cropped wp-block-gallery-1 is-layout-flex\"><ul class=\"blocks-gallery-grid\"><li class=\"blocks-gallery-item\"><figure><img decoding=\"async\" loading=\"lazy\" width=\"1024\" height=\"1024\" src=\"https:\/\/laprensacristiana.com\/wp-content\/uploads\/2021\/08\/WhatsApp-Image-2021-08-30-at-16.01.50-1024x1024.jpeg\" alt=\"\" data-id=\"12438\" data-link=\"https:\/\/laprensacristiana.com\/?attachment_id=12438\" class=\"wp-image-12438\" srcset=\"https:\/\/laprensacristiana.com\/wp-content\/uploads\/2021\/08\/WhatsApp-Image-2021-08-30-at-16.01.50-1024x1024.jpeg 1024w, https:\/\/laprensacristiana.com\/wp-content\/uploads\/2021\/08\/WhatsApp-Image-2021-08-30-at-16.01.50-300x300.jpeg 300w, https:\/\/laprensacristiana.com\/wp-content\/uploads\/2021\/08\/WhatsApp-Image-2021-08-30-at-16.01.50-150x150.jpeg 150w, https:\/\/laprensacristiana.com\/wp-content\/uploads\/2021\/08\/WhatsApp-Image-2021-08-30-at-16.01.50-768x768.jpeg 768w, https:\/\/laprensacristiana.com\/wp-content\/uploads\/2021\/08\/WhatsApp-Image-2021-08-30-at-16.01.50-696x696.jpeg 696w, https:\/\/laprensacristiana.com\/wp-content\/uploads\/2021\/08\/WhatsApp-Image-2021-08-30-at-16.01.50-1068x1068.jpeg 1068w, https:\/\/laprensacristiana.com\/wp-content\/uploads\/2021\/08\/WhatsApp-Image-2021-08-30-at-16.01.50-600x600.jpeg 600w, https:\/\/laprensacristiana.com\/wp-content\/uploads\/2021\/08\/WhatsApp-Image-2021-08-30-at-16.01.50-100x100.jpeg 100w, https:\/\/laprensacristiana.com\/wp-content\/uploads\/2021\/08\/WhatsApp-Image-2021-08-30-at-16.01.50.jpeg 1280w\" sizes=\"(max-width: 1024px) 100vw, 1024px\" \/><\/figure><\/li><li class=\"blocks-gallery-item\"><figure><img decoding=\"async\" loading=\"lazy\" width=\"1024\" height=\"1024\" src=\"https:\/\/laprensacristiana.com\/wp-content\/uploads\/2021\/08\/WhatsApp-Image-2021-08-30-at-16.01.38-1024x1024.jpeg\" alt=\"\" data-id=\"12439\" data-full-url=\"https:\/\/laprensacristiana.com\/wp-content\/uploads\/2021\/08\/WhatsApp-Image-2021-08-30-at-16.01.38.jpeg\" data-link=\"https:\/\/laprensacristiana.com\/?attachment_id=12439\" class=\"wp-image-12439\" srcset=\"https:\/\/laprensacristiana.com\/wp-content\/uploads\/2021\/08\/WhatsApp-Image-2021-08-30-at-16.01.38-1024x1024.jpeg 1024w, https:\/\/laprensacristiana.com\/wp-content\/uploads\/2021\/08\/WhatsApp-Image-2021-08-30-at-16.01.38-300x300.jpeg 300w, https:\/\/laprensacristiana.com\/wp-content\/uploads\/2021\/08\/WhatsApp-Image-2021-08-30-at-16.01.38-150x150.jpeg 150w, https:\/\/laprensacristiana.com\/wp-content\/uploads\/2021\/08\/WhatsApp-Image-2021-08-30-at-16.01.38-768x768.jpeg 768w, https:\/\/laprensacristiana.com\/wp-content\/uploads\/2021\/08\/WhatsApp-Image-2021-08-30-at-16.01.38-696x696.jpeg 696w, https:\/\/laprensacristiana.com\/wp-content\/uploads\/2021\/08\/WhatsApp-Image-2021-08-30-at-16.01.38-1068x1068.jpeg 1068w, https:\/\/laprensacristiana.com\/wp-content\/uploads\/2021\/08\/WhatsApp-Image-2021-08-30-at-16.01.38-600x600.jpeg 600w, https:\/\/laprensacristiana.com\/wp-content\/uploads\/2021\/08\/WhatsApp-Image-2021-08-30-at-16.01.38-100x100.jpeg 100w, https:\/\/laprensacristiana.com\/wp-content\/uploads\/2021\/08\/WhatsApp-Image-2021-08-30-at-16.01.38.jpeg 1280w\" sizes=\"(max-width: 1024px) 100vw, 1024px\" \/><\/figure><\/li><\/ul><\/figure>\n","protected":false},"excerpt":{"rendered":"<p>El fin de semana pasado j\u00f3venes del ministerio Redimi2 de Iglesia Tierra de Bendici\u00f3n llevaron palabra de Dios y v\u00edveres a familias de comunidad \u00c1guilas en Lourdes Col\u00f3n. Realizaron una peque\u00f1a fiesta para los ni\u00f1os, compartieron un refrigerio y oraron por cada una de la necesidad de las familias presentes. Redimi2 es un ministerio juvenil [&hellip;]<\/p>\n","protected":false},"author":3,"featured_media":12437,"comment_status":"open","ping_status":"open","sticky":false,"template":"","format":"standard","meta":[],"categories":[77],"tags":[],"yoast_head":"<!-- This site is optimized with the Yoast SEO plugin v20.8 - https:\/\/yoast.com\/wordpress\/plugins\/seo\/ -->\n<title>Ministerio Redimi2 lleva alegr\u00eda a comunidad \u00c1guilas - La Prensa Cristiana<\/title>\n<meta name=\"robots\" content=\"index, follow, max-snippet:-1, max-image-preview:large, max-video-preview:-1\" \/>\n<link rel=\"canonical\" href=\"https:\/\/laprensacristiana.com\/?p=12436\" \/>\n<meta property=\"og:locale\" content=\"es_ES\" \/>\n<meta property=\"og:type\" content=\"article\" \/>\n<meta property=\"og:title\" content=\"Ministerio Redimi2 lleva alegr\u00eda a comunidad \u00c1guilas - La Prensa Cristiana\" \/>\n<meta property=\"og:description\" content=\"El fin de semana pasado j\u00f3venes del ministerio Redimi2 de Iglesia Tierra de Bendici\u00f3n llevaron palabra de Dios y v\u00edveres a familias de comunidad \u00c1guilas en Lourdes Col\u00f3n. Realizaron una peque\u00f1a fiesta para los ni\u00f1os, compartieron un refrigerio y oraron por cada una de la necesidad de las familias presentes. Redimi2 es un ministerio juvenil [&hellip;]\" \/>\n<meta property=\"og:url\" content=\"https:\/\/laprensacristiana.com\/?p=12436\" \/>\n<meta property=\"og:site_name\" content=\"La Prensa Cristiana\" \/>\n<meta property=\"article:published_time\" content=\"2021-08-30T22:04:31+00:00\" \/>\n<meta property=\"article:modified_time\" content=\"2021-08-30T22:04:32+00:00\" \/>\n<meta property=\"og:image\" content=\"https:\/\/laprensacristiana.com\/wp-content\/uploads\/2021\/08\/WhatsApp-Image-2021-08-30-at-16.01.32.jpeg\" \/>\n\t<meta property=\"og:image:width\" content=\"1280\" \/>\n\t<meta property=\"og:image:height\" content=\"1280\" \/>\n\t<meta property=\"og:image:type\" content=\"image\/jpeg\" \/>\n<meta name=\"author\" content=\"EDITOR\" \/>\n<meta name=\"twitter:card\" content=\"summary_large_image\" \/>\n<meta name=\"twitter:label1\" content=\"Escrito por\" \/>\n\t<meta name=\"twitter:data1\" content=\"EDITOR\" \/>\n<script type=\"application\/ld+json\" class=\"yoast-schema-graph\">{\"@context\":\"https:\/\/schema.org\",\"@graph\":[{\"@type\":\"WebPage\",\"@id\":\"https:\/\/laprensacristiana.com\/?p=12436\",\"url\":\"https:\/\/laprensacristiana.com\/?p=12436\",\"name\":\"Ministerio Redimi2 lleva alegr\u00eda a comunidad \u00c1guilas - La Prensa Cristiana\",\"isPartOf\":{\"@id\":\"https:\/\/laprensacristiana.com\/#website\"},\"datePublished\":\"2021-08-30T22:04:31+00:00\",\"dateModified\":\"2021-08-30T22:04:32+00:00\",\"author\":{\"@id\":\"https:\/\/laprensacristiana.com\/#\/schema\/person\/3e7d82c6bfd6b1fa67010f8f7cd5256e\"},\"breadcrumb\":{\"@id\":\"https:\/\/laprensacristiana.com\/?p=12436#breadcrumb\"},\"inLanguage\":\"es\",\"potentialAction\":[{\"@type\":\"ReadAction\",\"target\":[\"https:\/\/laprensacristiana.com\/?p=12436\"]}]},{\"@type\":\"BreadcrumbList\",\"@id\":\"https:\/\/laprensacristiana.com\/?p=12436#breadcrumb\",\"itemListElement\":[{\"@type\":\"ListItem\",\"position\":1,\"name\":\"Portada\",\"item\":\"https:\/\/laprensacristiana.com\/\"},{\"@type\":\"ListItem\",\"position\":2,\"name\":\"Ministerio Redimi2 lleva alegr\u00eda a comunidad \u00c1guilas\"}]},{\"@type\":\"WebSite\",\"@id\":\"https:\/\/laprensacristiana.com\/#website\",\"url\":\"https:\/\/laprensacristiana.com\/\",\"name\":\"La Prensa Cristiana\",\"description\":\"Anunciando Las Buenas Nuevas\",\"potentialAction\":[{\"@type\":\"SearchAction\",\"target\":{\"@type\":\"EntryPoint\",\"urlTemplate\":\"https:\/\/laprensacristiana.com\/?s={search_term_string}\"},\"query-input\":\"required name=search_term_string\"}],\"inLanguage\":\"es\"},{\"@type\":\"Person\",\"@id\":\"https:\/\/laprensacristiana.com\/#\/schema\/person\/3e7d82c6bfd6b1fa67010f8f7cd5256e\",\"name\":\"EDITOR\",\"image\":{\"@type\":\"ImageObject\",\"inLanguage\":\"es\",\"@id\":\"https:\/\/laprensacristiana.com\/#\/schema\/person\/image\/\",\"url\":\"https:\/\/secure.gravatar.com\/avatar\/72069dfb6c13772d9e8381e3638666d2?s=96&d=mm&r=g\",\"contentUrl\":\"https:\/\/secure.gravatar.com\/avatar\/72069dfb6c13772d9e8381e3638666d2?s=96&d=mm&r=g\",\"caption\":\"EDITOR\"},\"url\":\"https:\/\/laprensacristiana.com\/?author=3\"}]}<\/script>\n<!-- \/ Yoast SEO plugin. -->","yoast_head_json":{"title":"Ministerio Redimi2 lleva alegr\u00eda a comunidad \u00c1guilas - La Prensa Cristiana","robots":{"index":"index","follow":"follow","max-snippet":"max-snippet:-1","max-image-preview":"max-image-preview:large","max-video-preview":"max-video-preview:-1"},"canonical":"https:\/\/laprensacristiana.com\/?p=12436","og_locale":"es_ES","og_type":"article","og_title":"Ministerio Redimi2 lleva alegr\u00eda a comunidad \u00c1guilas - La Prensa Cristiana","og_description":"El fin de semana pasado j\u00f3venes del ministerio Redimi2 de Iglesia Tierra de Bendici\u00f3n llevaron palabra de Dios y v\u00edveres a familias de comunidad \u00c1guilas en Lourdes Col\u00f3n. Realizaron una peque\u00f1a fiesta para los ni\u00f1os, compartieron un refrigerio y oraron por cada una de la necesidad de las familias presentes. Redimi2 es un ministerio juvenil [&hellip;]","og_url":"https:\/\/laprensacristiana.com\/?p=12436","og_site_name":"La Prensa Cristiana","article_published_time":"2021-08-30T22:04:31+00:00","article_modified_time":"2021-08-30T22:04:32+00:00","og_image":[{"width":1280,"height":1280,"url":"https:\/\/laprensacristiana.com\/wp-content\/uploads\/2021\/08\/WhatsApp-Image-2021-08-30-at-16.01.32.jpeg","type":"image\/jpeg"}],"author":"EDITOR","twitter_card":"summary_large_image","twitter_misc":{"Escrito por":"EDITOR"},"schema":{"@context":"https:\/\/schema.org","@graph":[{"@type":"WebPage","@id":"https:\/\/laprensacristiana.com\/?p=12436","url":"https:\/\/laprensacristiana.com\/?p=12436","name":"Ministerio Redimi2 lleva alegr\u00eda a comunidad \u00c1guilas - La Prensa Cristiana","isPartOf":{"@id":"https:\/\/laprensacristiana.com\/#website"},"datePublished":"2021-08-30T22:04:31+00:00","dateModified":"2021-08-30T22:04:32+00:00","author":{"@id":"https:\/\/laprensacristiana.com\/#\/schema\/person\/3e7d82c6bfd6b1fa67010f8f7cd5256e"},"breadcrumb":{"@id":"https:\/\/laprensacristiana.com\/?p=12436#breadcrumb"},"inLanguage":"es","potentialAction":[{"@type":"ReadAction","target":["https:\/\/laprensacristiana.com\/?p=12436"]}]},{"@type":"BreadcrumbList","@id":"https:\/\/laprensacristiana.com\/?p=12436#breadcrumb","itemListElement":[{"@type":"ListItem","position":1,"name":"Portada","item":"https:\/\/laprensacristiana.com\/"},{"@type":"ListItem","position":2,"name":"Ministerio Redimi2 lleva alegr\u00eda a comunidad \u00c1guilas"}]},{"@type":"WebSite","@id":"https:\/\/laprensacristiana.com\/#website","url":"https:\/\/laprensacristiana.com\/","name":"La Prensa Cristiana","description":"Anunciando Las Buenas Nuevas","potentialAction":[{"@type":"SearchAction","target":{"@type":"EntryPoint","urlTemplate":"https:\/\/laprensacristiana.com\/?s={search_term_string}"},"query-input":"required name=search_term_string"}],"inLanguage":"es"},{"@type":"Person","@id":"https:\/\/laprensacristiana.com\/#\/schema\/person\/3e7d82c6bfd6b1fa67010f8f7cd5256e","name":"EDITOR","image":{"@type":"ImageObject","inLanguage":"es","@id":"https:\/\/laprensacristiana.com\/#\/schema\/person\/image\/","url":"https:\/\/secure.gravatar.com\/avatar\/72069dfb6c13772d9e8381e3638666d2?s=96&d=mm&r=g","contentUrl":"https:\/\/secure.gravatar.com\/avatar\/72069dfb6c13772d9e8381e3638666d2?s=96&d=mm&r=g","caption":"EDITOR"},"url":"https:\/\/laprensacristiana.com\/?author=3"}]}},"_links":{"self":[{"href":"https:\/\/laprensacristiana.com\/index.php?rest_route=\/wp\/v2\/posts\/12436"}],"collection":[{"href":"https:\/\/laprensacristiana.com\/index.php?rest_route=\/wp\/v2\/posts"}],"about":[{"href":"https:\/\/laprensacristiana.com\/index.php?rest_route=\/wp\/v2\/types\/post"}],"author":[{"embeddable":true,"href":"https:\/\/laprensacristiana.com\/index.php?rest_route=\/wp\/v2\/users\/3"}],"replies":[{"embeddable":true,"href":"https:\/\/laprensacristiana.com\/index.php?rest_route=%2Fwp%2Fv2%2Fcomments&post=12436"}],"version-history":[{"count":1,"href":"https:\/\/laprensacristiana.com\/index.php?rest_route=\/wp\/v2\/posts\/12436\/revisions"}],"predecessor-version":[{"id":12440,"href":"https:\/\/laprensacristiana.com\/index.php?rest_route=\/wp\/v2\/posts\/12436\/revisions\/12440"}],"wp:featuredmedia":[{"embeddable":true,"href":"https:\/\/laprensacristiana.com\/index.php?rest_route=\/wp\/v2\/media\/12437"}],"wp:attachment":[{"href":"https:\/\/laprensacristiana.com\/index.php?rest_route=%2Fwp%2Fv2%2Fmedia&parent=12436"}],"wp:term":[{"taxonomy":"category","embeddable":true,"href":"https:\/\/laprensacristiana.com\/index.php?rest_route=%2Fwp%2Fv2%2Fcategories&post=12436"},{"taxonomy":"post_tag","embeddable":true,"href":"https:\/\/laprensacristiana.com\/index.php?rest_route=%2Fwp%2Fv2%2Ftags&post=12436"}],"curies":[{"name":"wp","href":"https:\/\/api.w.org\/{rel}","templated":true}]}}