{"id":12447,"date":"2021-09-01T14:13:20","date_gmt":"2021-09-01T14:13:20","guid":{"rendered":"https:\/\/laprensacristiana.com\/?p=12447"},"modified":"2021-09-01T14:13:21","modified_gmt":"2021-09-01T14:13:21","slug":"cuarenticinco-centimetros","status":"publish","type":"post","link":"https:\/\/laprensacristiana.com\/?p=12447","title":{"rendered":"Cuarenticinco cent\u00edmetros"},"content":{"rendered":"\n<p>Mateo 6:21 \u201c\u2026porque donde est\u00e9 tu tesoro, all\u00ed estar\u00e1 tambi\u00e9n tu coraz\u00f3n\u201d<\/p>\n\n\n\n<p>Hay sucesos en la vida que nos producen cierto grado de negatividad. O sea que aunque estemos viviendo una realidad que no nos agrada o que no esper\u00e1bamos, hay un espacio en nuestro interior que se llama \u201cestado de negatividad\u201d.<\/p>\n\n\n\n<p>Por ejemplo, es el primer paso cuando se muere un&nbsp; ser querido. Un padre, una madre o un hijo. Hay algo en nuestro interior que se niega a aceptarlo. Es por eso que muchos no lloran. No lloran no porque no hayan amado a su difunto sino porque se niegan a creer que est\u00e1 muerto.&nbsp; Mientras vean el cuerpo en el ata\u00fad esperan que suceda un milagro para que despierte, porque para su mente y sus emociones, seguramente solo est\u00e1 dormido.<\/p>\n\n\n\n<p>Sin embargo, cuando llegan al cementerio y empiezan a echar tierra sobre el ata\u00fad, all\u00ed se desarman porque entienden que ya no hay vuelta a atr\u00e1s.&nbsp; Que con esa tierra se est\u00e1n enterrando tambi\u00e9n sus esperanzas de que pueda vivir y regresar a casa.<\/p>\n\n\n\n<p>\u00bfQue es lo que sucede realmente?<\/p>\n\n\n\n<p>Los expertos nos han ense\u00f1ado que del cerebro al coraz\u00f3n hay cuarenticinco cent\u00edmetros de distancia. Eso explica por qu\u00e9 muchos episodios que nos suceden, que nos duelen profundamente y nos producen estadios de soledad, incredulidad, agon\u00eda y ansiedad, mientras la mente los procesa, el coraz\u00f3n se niega a aceptar la realidad.<\/p>\n\n\n\n<p>La muerte, especialmente, es un episodio tan traum\u00e1tico para nuestro coraz\u00f3n que aunque nuestra mente nos diga que ya no existe la persona, que ya no volver\u00e1 a casa, que no volveremos a tenerlo cerca, nuestro coraz\u00f3n nos enga\u00f1a porque se niega a creer lo que la mente dice.<\/p>\n\n\n\n<p>Esto aplica para la fe. Por eso dice Pablo: Con la boca (mente) se confiesa pero con el coraz\u00f3n se cree. Hay un canto que dice: \u201cmi mente dice no, no es posible, pero mi coraz\u00f3n dice s\u00ed, si es posible\u201d.<\/p>\n\n\n\n<p>Y es que hay una lucha entre lo que dice la mente y lo que cree el coraz\u00f3n.<\/p>\n\n\n\n<p>Cuando alguien ha pasado por el episodio de perder un trabajo, al d\u00eda siguiente que amanece, lo hace pensando que su trabajo sigue all\u00ed, que lo est\u00e1n esperando y que tiene que salir pronto para no llegar tarde, hasta que dolorosamente se da cuenta que no es cierto, ya no tiene empleo y es cuando cae seguramente en ansiedad y estr\u00e9s.&nbsp; Es lo que han descubierto los estudiosos con respecto a las enfermedades provocadas por una acci\u00f3n traumatizante. Le llaman \u201cestr\u00e9s postraum\u00e1tico\u201d.<\/p>\n\n\n\n<p>Esto es as\u00ed porque la distancia, repito, entre lo que dice la mente y lo que cree el coraz\u00f3n es de esa distancia para poder asimilar el trauma.<\/p>\n\n\n\n<p>Ahora bien, \u00bfpor qu\u00e9 Dios nos hizo de esta manera? Porque es necesario que vayamos asimilando poco a poco aquellas cosas que nos duelen. Si nuestro coraz\u00f3n creyera o aceptara inmediatamente los sucesos dolorosos, si no tuvi\u00e9ramos el filtro de la mente, el coraz\u00f3n sufrir\u00eda un colapso y hasta llevarnos a la muerte por un ataque al coraz\u00f3n. Dios es tan sabio que con tal de preservarnos la vida ha dejado esos cuarenticinco cent\u00edmetros entre nuestros pensamientos y la fe que reside en nuestro interior.<\/p>\n\n\n\n<p>Por eso no podemos juzgar a aquellos que vemos en una funeraria velando el cuerpo de un ser querido y que&nbsp; no llora. No llora porque no puede. Su coraz\u00f3n no ha comprendido la magnitud de la p\u00e9rdida. Perder el trabajo, perder el matrimonio, perder un hijo, perder la salud son episodios tan dolorosos e imprevistos que se necesita procesarlos lentamente para no sufrir un colapso arterial fulminante.<\/p>\n\n\n\n<p>Cuando una madre ha dado a luz y no escucha llorar a su beb\u00e9: \u00bfQue siente, o que cree? Que no est\u00e1 vivo. Porque el llanto de ese beb\u00e9 demuestra que sus pulmones est\u00e1n sanos, que su coraz\u00f3n palpita y que naci\u00f3 bien de salud.<\/p>\n\n\n\n<p>Es por eso que el Se\u00f1or nos invita a llorar. A mostrarnos vivos ante nosotros mismos. Llorar es necesario para aliviar la tensi\u00f3n y la ansiedad que nos puede consumir hasta la muerte.<\/p>\n","protected":false},"excerpt":{"rendered":"<p>Mateo 6:21 \u201c\u2026porque donde est\u00e9 tu tesoro, all\u00ed estar\u00e1 tambi\u00e9n tu coraz\u00f3n\u201d Hay sucesos en la vida que nos producen cierto grado de negatividad. O sea que aunque estemos viviendo una realidad que no nos agrada o que no esper\u00e1bamos, hay un espacio en nuestro interior que se llama \u201cestado de negatividad\u201d. Por ejemplo, es [&hellip;]<\/p>\n","protected":false},"author":3,"featured_media":11327,"comment_status":"open","ping_status":"open","sticky":false,"template":"","format":"standard","meta":[],"categories":[36],"tags":[],"yoast_head":"<!-- This site is optimized with the Yoast SEO plugin v20.8 - https:\/\/yoast.com\/wordpress\/plugins\/seo\/ -->\n<title>Cuarenticinco cent\u00edmetros - La Prensa Cristiana<\/title>\n<meta name=\"robots\" content=\"index, follow, max-snippet:-1, max-image-preview:large, max-video-preview:-1\" \/>\n<link rel=\"canonical\" href=\"https:\/\/laprensacristiana.com\/?p=12447\" \/>\n<meta property=\"og:locale\" content=\"es_ES\" \/>\n<meta property=\"og:type\" content=\"article\" \/>\n<meta property=\"og:title\" content=\"Cuarenticinco cent\u00edmetros - La Prensa Cristiana\" \/>\n<meta property=\"og:description\" content=\"Mateo 6:21 \u201c\u2026porque donde est\u00e9 tu tesoro, all\u00ed estar\u00e1 tambi\u00e9n tu coraz\u00f3n\u201d Hay sucesos en la vida que nos producen cierto grado de negatividad. O sea que aunque estemos viviendo una realidad que no nos agrada o que no esper\u00e1bamos, hay un espacio en nuestro interior que se llama \u201cestado de negatividad\u201d. Por ejemplo, es [&hellip;]\" \/>\n<meta property=\"og:url\" content=\"https:\/\/laprensacristiana.com\/?p=12447\" \/>\n<meta property=\"og:site_name\" content=\"La Prensa Cristiana\" \/>\n<meta property=\"article:published_time\" content=\"2021-09-01T14:13:20+00:00\" \/>\n<meta property=\"article:modified_time\" content=\"2021-09-01T14:13:21+00:00\" \/>\n<meta property=\"og:image\" content=\"https:\/\/laprensacristiana.com\/wp-content\/uploads\/2021\/02\/IMG_20210215_163352_769.jpg\" \/>\n\t<meta property=\"og:image:width\" content=\"1280\" \/>\n\t<meta property=\"og:image:height\" content=\"714\" \/>\n\t<meta property=\"og:image:type\" content=\"image\/jpeg\" \/>\n<meta name=\"author\" content=\"EDITOR\" \/>\n<meta name=\"twitter:card\" content=\"summary_large_image\" \/>\n<meta name=\"twitter:label1\" content=\"Escrito por\" \/>\n\t<meta name=\"twitter:data1\" content=\"EDITOR\" \/>\n\t<meta name=\"twitter:label2\" content=\"Tiempo de lectura\" \/>\n\t<meta name=\"twitter:data2\" content=\"4 minutos\" \/>\n<script type=\"application\/ld+json\" class=\"yoast-schema-graph\">{\"@context\":\"https:\/\/schema.org\",\"@graph\":[{\"@type\":\"WebPage\",\"@id\":\"https:\/\/laprensacristiana.com\/?p=12447\",\"url\":\"https:\/\/laprensacristiana.com\/?p=12447\",\"name\":\"Cuarenticinco cent\u00edmetros - La Prensa Cristiana\",\"isPartOf\":{\"@id\":\"https:\/\/laprensacristiana.com\/#website\"},\"datePublished\":\"2021-09-01T14:13:20+00:00\",\"dateModified\":\"2021-09-01T14:13:21+00:00\",\"author\":{\"@id\":\"https:\/\/laprensacristiana.com\/#\/schema\/person\/3e7d82c6bfd6b1fa67010f8f7cd5256e\"},\"breadcrumb\":{\"@id\":\"https:\/\/laprensacristiana.com\/?p=12447#breadcrumb\"},\"inLanguage\":\"es\",\"potentialAction\":[{\"@type\":\"ReadAction\",\"target\":[\"https:\/\/laprensacristiana.com\/?p=12447\"]}]},{\"@type\":\"BreadcrumbList\",\"@id\":\"https:\/\/laprensacristiana.com\/?p=12447#breadcrumb\",\"itemListElement\":[{\"@type\":\"ListItem\",\"position\":1,\"name\":\"Portada\",\"item\":\"https:\/\/laprensacristiana.com\/\"},{\"@type\":\"ListItem\",\"position\":2,\"name\":\"Cuarenticinco cent\u00edmetros\"}]},{\"@type\":\"WebSite\",\"@id\":\"https:\/\/laprensacristiana.com\/#website\",\"url\":\"https:\/\/laprensacristiana.com\/\",\"name\":\"La Prensa Cristiana\",\"description\":\"Anunciando Las Buenas Nuevas\",\"potentialAction\":[{\"@type\":\"SearchAction\",\"target\":{\"@type\":\"EntryPoint\",\"urlTemplate\":\"https:\/\/laprensacristiana.com\/?s={search_term_string}\"},\"query-input\":\"required name=search_term_string\"}],\"inLanguage\":\"es\"},{\"@type\":\"Person\",\"@id\":\"https:\/\/laprensacristiana.com\/#\/schema\/person\/3e7d82c6bfd6b1fa67010f8f7cd5256e\",\"name\":\"EDITOR\",\"image\":{\"@type\":\"ImageObject\",\"inLanguage\":\"es\",\"@id\":\"https:\/\/laprensacristiana.com\/#\/schema\/person\/image\/\",\"url\":\"https:\/\/secure.gravatar.com\/avatar\/72069dfb6c13772d9e8381e3638666d2?s=96&d=mm&r=g\",\"contentUrl\":\"https:\/\/secure.gravatar.com\/avatar\/72069dfb6c13772d9e8381e3638666d2?s=96&d=mm&r=g\",\"caption\":\"EDITOR\"},\"url\":\"https:\/\/laprensacristiana.com\/?author=3\"}]}<\/script>\n<!-- \/ Yoast SEO plugin. -->","yoast_head_json":{"title":"Cuarenticinco cent\u00edmetros - La Prensa Cristiana","robots":{"index":"index","follow":"follow","max-snippet":"max-snippet:-1","max-image-preview":"max-image-preview:large","max-video-preview":"max-video-preview:-1"},"canonical":"https:\/\/laprensacristiana.com\/?p=12447","og_locale":"es_ES","og_type":"article","og_title":"Cuarenticinco cent\u00edmetros - La Prensa Cristiana","og_description":"Mateo 6:21 \u201c\u2026porque donde est\u00e9 tu tesoro, all\u00ed estar\u00e1 tambi\u00e9n tu coraz\u00f3n\u201d Hay sucesos en la vida que nos producen cierto grado de negatividad. O sea que aunque estemos viviendo una realidad que no nos agrada o que no esper\u00e1bamos, hay un espacio en nuestro interior que se llama \u201cestado de negatividad\u201d. Por ejemplo, es [&hellip;]","og_url":"https:\/\/laprensacristiana.com\/?p=12447","og_site_name":"La Prensa Cristiana","article_published_time":"2021-09-01T14:13:20+00:00","article_modified_time":"2021-09-01T14:13:21+00:00","og_image":[{"width":1280,"height":714,"url":"https:\/\/laprensacristiana.com\/wp-content\/uploads\/2021\/02\/IMG_20210215_163352_769.jpg","type":"image\/jpeg"}],"author":"EDITOR","twitter_card":"summary_large_image","twitter_misc":{"Escrito por":"EDITOR","Tiempo de lectura":"4 minutos"},"schema":{"@context":"https:\/\/schema.org","@graph":[{"@type":"WebPage","@id":"https:\/\/laprensacristiana.com\/?p=12447","url":"https:\/\/laprensacristiana.com\/?p=12447","name":"Cuarenticinco cent\u00edmetros - La Prensa Cristiana","isPartOf":{"@id":"https:\/\/laprensacristiana.com\/#website"},"datePublished":"2021-09-01T14:13:20+00:00","dateModified":"2021-09-01T14:13:21+00:00","author":{"@id":"https:\/\/laprensacristiana.com\/#\/schema\/person\/3e7d82c6bfd6b1fa67010f8f7cd5256e"},"breadcrumb":{"@id":"https:\/\/laprensacristiana.com\/?p=12447#breadcrumb"},"inLanguage":"es","potentialAction":[{"@type":"ReadAction","target":["https:\/\/laprensacristiana.com\/?p=12447"]}]},{"@type":"BreadcrumbList","@id":"https:\/\/laprensacristiana.com\/?p=12447#breadcrumb","itemListElement":[{"@type":"ListItem","position":1,"name":"Portada","item":"https:\/\/laprensacristiana.com\/"},{"@type":"ListItem","position":2,"name":"Cuarenticinco cent\u00edmetros"}]},{"@type":"WebSite","@id":"https:\/\/laprensacristiana.com\/#website","url":"https:\/\/laprensacristiana.com\/","name":"La Prensa Cristiana","description":"Anunciando Las Buenas Nuevas","potentialAction":[{"@type":"SearchAction","target":{"@type":"EntryPoint","urlTemplate":"https:\/\/laprensacristiana.com\/?s={search_term_string}"},"query-input":"required name=search_term_string"}],"inLanguage":"es"},{"@type":"Person","@id":"https:\/\/laprensacristiana.com\/#\/schema\/person\/3e7d82c6bfd6b1fa67010f8f7cd5256e","name":"EDITOR","image":{"@type":"ImageObject","inLanguage":"es","@id":"https:\/\/laprensacristiana.com\/#\/schema\/person\/image\/","url":"https:\/\/secure.gravatar.com\/avatar\/72069dfb6c13772d9e8381e3638666d2?s=96&d=mm&r=g","contentUrl":"https:\/\/secure.gravatar.com\/avatar\/72069dfb6c13772d9e8381e3638666d2?s=96&d=mm&r=g","caption":"EDITOR"},"url":"https:\/\/laprensacristiana.com\/?author=3"}]}},"_links":{"self":[{"href":"https:\/\/laprensacristiana.com\/index.php?rest_route=\/wp\/v2\/posts\/12447"}],"collection":[{"href":"https:\/\/laprensacristiana.com\/index.php?rest_route=\/wp\/v2\/posts"}],"about":[{"href":"https:\/\/laprensacristiana.com\/index.php?rest_route=\/wp\/v2\/types\/post"}],"author":[{"embeddable":true,"href":"https:\/\/laprensacristiana.com\/index.php?rest_route=\/wp\/v2\/users\/3"}],"replies":[{"embeddable":true,"href":"https:\/\/laprensacristiana.com\/index.php?rest_route=%2Fwp%2Fv2%2Fcomments&post=12447"}],"version-history":[{"count":1,"href":"https:\/\/laprensacristiana.com\/index.php?rest_route=\/wp\/v2\/posts\/12447\/revisions"}],"predecessor-version":[{"id":12448,"href":"https:\/\/laprensacristiana.com\/index.php?rest_route=\/wp\/v2\/posts\/12447\/revisions\/12448"}],"wp:featuredmedia":[{"embeddable":true,"href":"https:\/\/laprensacristiana.com\/index.php?rest_route=\/wp\/v2\/media\/11327"}],"wp:attachment":[{"href":"https:\/\/laprensacristiana.com\/index.php?rest_route=%2Fwp%2Fv2%2Fmedia&parent=12447"}],"wp:term":[{"taxonomy":"category","embeddable":true,"href":"https:\/\/laprensacristiana.com\/index.php?rest_route=%2Fwp%2Fv2%2Fcategories&post=12447"},{"taxonomy":"post_tag","embeddable":true,"href":"https:\/\/laprensacristiana.com\/index.php?rest_route=%2Fwp%2Fv2%2Ftags&post=12447"}],"curies":[{"name":"wp","href":"https:\/\/api.w.org\/{rel}","templated":true}]}}