{"id":12454,"date":"2021-09-02T12:13:22","date_gmt":"2021-09-02T12:13:22","guid":{"rendered":"https:\/\/laprensacristiana.com\/?p=12454"},"modified":"2021-09-02T12:13:23","modified_gmt":"2021-09-02T12:13:23","slug":"la-fuerza-de-la-amistad","status":"publish","type":"post","link":"https:\/\/laprensacristiana.com\/?p=12454","title":{"rendered":"La fuerza de la amistad"},"content":{"rendered":"\n<p>Recientemente estuve en una reuni\u00f3n de pastores donde uno de ellos mencionaba que el discipulado es m\u00e1s que dar lecciones o ense\u00f1anzas relacionadas con teolog\u00eda, doctrina, Jesucristo les dijo a sus disc\u00edpulos ya no les llamar\u00e9 mis disc\u00edpulos sino mis amigos, porque a trav\u00e9s del discipulado es inevitable que se pueda desarrollar el vinculo de la amistad, la amistad es un sentimiento lleno del amor de Dios.<\/p>\n\n\n\n<p>El amigo es aquel que seg\u00fan lo describe la Biblia es m\u00e1s unido que un hermano, porque el vinculo va m\u00e1s all\u00e1 de ser sangu\u00edneo o por intereses en espec\u00edfico, es algo que el Esp\u00edritu Santo permite, no todas las personas que conocemos podemos llamarlas amigos o ellos a nosotros, pero cuando el Esp\u00edritu Santo va haciendo que el desarrollo de la vivencia testimonial, de compa\u00f1erismo, solidaridad y tomarse el tiempo para escuchar al otro, se va desarrollando el v\u00ednculo llamado amistad.<\/p>\n\n\n\n<p>La armon\u00eda es como una nota musical que a pesar que existen 4 o 5 instrumentos que suenan diferente y hasta extra\u00f1o solos, un bajo, una guitarra, un piano, una bater\u00eda, un acorde\u00f3n, cuando juntos tocan notas musicales y mantienen los acordes, cada uno haciendo lo suyo, no pretendiendo el piano sonar como guitarra, la guitarra como bater\u00eda, se crea m\u00fasica, y eso es lo que encuentro en grupos en las iglesias, y en otros lugares, buenos momentos, donde 4 o 5 personas tienen cosas en com\u00fan y tienen cosas que no comparten, pero esa armon\u00eda hace un v\u00ednculo fuerte, cord\u00f3n de tres dobleces no se rompe f\u00e1cilmente, y eso hace que puedan pasar los meses, los a\u00f1os, puedan estar juntos.<\/p>\n\n\n\n<p>No es correcto que las personas se a\u00edslen, creo que en alg\u00fan momento uno lo puede hacer por circunstancias particulares, pero no es correcto que las personas se a\u00edslen, el mismo Job en sus momentos de mayor dolor, esa visita especial de sus amigos le sirvi\u00f3 para mucho, siento que al aislarse la persona puede hundirse en m\u00e1s en dolor, tristeza y depresi\u00f3n, aunque hay momentos que no queremos escuchar a nadie, cuando salimos del aislamiento o si tenemos la responsabilidad de sacar del aislamiento a alguien es un gran bien porque el ser humano ha sido dise\u00f1ado para interactuar, para coexistir en este planeta, el mandato de Dios es de fructificarnos y reproducirnos es una parte, pero vemos en la Biblia como personas como Josu\u00e9 que se vuelve el sucesor de Mois\u00e9s, con Caleb toman posici\u00f3n diferente a los otros 10 esp\u00edas, teniendo un vinculo en com\u00fan, esto gener\u00f3 transformaci\u00f3n en toda una ciudad y en todo un pa\u00eds que tenia promesas, como es Israel y la tierra.<\/p>\n\n\n\n<p>Ser sociable es importante pero no debemos confundirnos que la sociabilidad est\u00e1 en las redes sociales, es un t\u00e9rmino incorrecto, est\u00e1 en el v\u00ednculo perfecto en el amor y a trav\u00e9s de espacios donde podamos coexistir ministerios, por ejemplo, es bonito ver como alg\u00fan ministerio en una iglesia mantienen v\u00ednculos, y eso es muy importante.<\/p>\n\n\n\n<p>Tiempos dif\u00edciles siempre llegan de vez en cuando, pero cuando uno ve hacia atr\u00e1s se tiene en memoria a quien estuvo con uno, probablemente uno se lleva sorpresas y quien uno humanamente cree que estar\u00eda Dios no permiti\u00f3 que estuviera, probablemente para mostrarnos algo, pero de repente aparecen cuervos como yo les llam\u00f3 en el sentido de 1ra de Reyes, que llegan enviados por Dios para alimentarnos, nos proveen, eso es muy importante, creo que lo mejor de los tiempos dif\u00edciles es saber quien est\u00e1 con nosotros en ellos y la vida nos permite honrarlos y agradecerles profundamente.<\/p>\n","protected":false},"excerpt":{"rendered":"<p>Recientemente estuve en una reuni\u00f3n de pastores donde uno de ellos mencionaba que el discipulado es m\u00e1s que dar lecciones o ense\u00f1anzas relacionadas con teolog\u00eda, doctrina, Jesucristo les dijo a sus disc\u00edpulos ya no les llamar\u00e9 mis disc\u00edpulos sino mis amigos, porque a trav\u00e9s del discipulado es inevitable que se pueda desarrollar el vinculo de [&hellip;]<\/p>\n","protected":false},"author":3,"featured_media":9965,"comment_status":"open","ping_status":"open","sticky":false,"template":"","format":"standard","meta":[],"categories":[23],"tags":[],"yoast_head":"<!-- This site is optimized with the Yoast SEO plugin v20.8 - https:\/\/yoast.com\/wordpress\/plugins\/seo\/ -->\n<title>La fuerza de la amistad - La Prensa Cristiana<\/title>\n<meta name=\"robots\" content=\"index, follow, max-snippet:-1, max-image-preview:large, max-video-preview:-1\" \/>\n<link rel=\"canonical\" href=\"https:\/\/laprensacristiana.com\/?p=12454\" \/>\n<meta property=\"og:locale\" content=\"es_ES\" \/>\n<meta property=\"og:type\" content=\"article\" \/>\n<meta property=\"og:title\" content=\"La fuerza de la amistad - La Prensa Cristiana\" \/>\n<meta property=\"og:description\" content=\"Recientemente estuve en una reuni\u00f3n de pastores donde uno de ellos mencionaba que el discipulado es m\u00e1s que dar lecciones o ense\u00f1anzas relacionadas con teolog\u00eda, doctrina, Jesucristo les dijo a sus disc\u00edpulos ya no les llamar\u00e9 mis disc\u00edpulos sino mis amigos, porque a trav\u00e9s del discipulado es inevitable que se pueda desarrollar el vinculo de [&hellip;]\" \/>\n<meta property=\"og:url\" content=\"https:\/\/laprensacristiana.com\/?p=12454\" \/>\n<meta property=\"og:site_name\" content=\"La Prensa Cristiana\" \/>\n<meta property=\"article:published_time\" content=\"2021-09-02T12:13:22+00:00\" \/>\n<meta property=\"article:modified_time\" content=\"2021-09-02T12:13:23+00:00\" \/>\n<meta property=\"og:image\" content=\"https:\/\/laprensacristiana.com\/wp-content\/uploads\/2020\/08\/IMG-20200806-WA0055.jpg\" \/>\n\t<meta property=\"og:image:width\" content=\"776\" \/>\n\t<meta property=\"og:image:height\" content=\"393\" \/>\n\t<meta property=\"og:image:type\" content=\"image\/jpeg\" \/>\n<meta name=\"author\" content=\"EDITOR\" \/>\n<meta name=\"twitter:card\" content=\"summary_large_image\" \/>\n<meta name=\"twitter:label1\" content=\"Escrito por\" \/>\n\t<meta name=\"twitter:data1\" content=\"EDITOR\" \/>\n\t<meta name=\"twitter:label2\" content=\"Tiempo de lectura\" \/>\n\t<meta name=\"twitter:data2\" content=\"3 minutos\" \/>\n<script type=\"application\/ld+json\" class=\"yoast-schema-graph\">{\"@context\":\"https:\/\/schema.org\",\"@graph\":[{\"@type\":\"WebPage\",\"@id\":\"https:\/\/laprensacristiana.com\/?p=12454\",\"url\":\"https:\/\/laprensacristiana.com\/?p=12454\",\"name\":\"La fuerza de la amistad - La Prensa Cristiana\",\"isPartOf\":{\"@id\":\"https:\/\/laprensacristiana.com\/#website\"},\"datePublished\":\"2021-09-02T12:13:22+00:00\",\"dateModified\":\"2021-09-02T12:13:23+00:00\",\"author\":{\"@id\":\"https:\/\/laprensacristiana.com\/#\/schema\/person\/3e7d82c6bfd6b1fa67010f8f7cd5256e\"},\"breadcrumb\":{\"@id\":\"https:\/\/laprensacristiana.com\/?p=12454#breadcrumb\"},\"inLanguage\":\"es\",\"potentialAction\":[{\"@type\":\"ReadAction\",\"target\":[\"https:\/\/laprensacristiana.com\/?p=12454\"]}]},{\"@type\":\"BreadcrumbList\",\"@id\":\"https:\/\/laprensacristiana.com\/?p=12454#breadcrumb\",\"itemListElement\":[{\"@type\":\"ListItem\",\"position\":1,\"name\":\"Portada\",\"item\":\"https:\/\/laprensacristiana.com\/\"},{\"@type\":\"ListItem\",\"position\":2,\"name\":\"La fuerza de la amistad\"}]},{\"@type\":\"WebSite\",\"@id\":\"https:\/\/laprensacristiana.com\/#website\",\"url\":\"https:\/\/laprensacristiana.com\/\",\"name\":\"La Prensa Cristiana\",\"description\":\"Anunciando Las Buenas Nuevas\",\"potentialAction\":[{\"@type\":\"SearchAction\",\"target\":{\"@type\":\"EntryPoint\",\"urlTemplate\":\"https:\/\/laprensacristiana.com\/?s={search_term_string}\"},\"query-input\":\"required name=search_term_string\"}],\"inLanguage\":\"es\"},{\"@type\":\"Person\",\"@id\":\"https:\/\/laprensacristiana.com\/#\/schema\/person\/3e7d82c6bfd6b1fa67010f8f7cd5256e\",\"name\":\"EDITOR\",\"image\":{\"@type\":\"ImageObject\",\"inLanguage\":\"es\",\"@id\":\"https:\/\/laprensacristiana.com\/#\/schema\/person\/image\/\",\"url\":\"https:\/\/secure.gravatar.com\/avatar\/72069dfb6c13772d9e8381e3638666d2?s=96&d=mm&r=g\",\"contentUrl\":\"https:\/\/secure.gravatar.com\/avatar\/72069dfb6c13772d9e8381e3638666d2?s=96&d=mm&r=g\",\"caption\":\"EDITOR\"},\"url\":\"https:\/\/laprensacristiana.com\/?author=3\"}]}<\/script>\n<!-- \/ Yoast SEO plugin. -->","yoast_head_json":{"title":"La fuerza de la amistad - La Prensa Cristiana","robots":{"index":"index","follow":"follow","max-snippet":"max-snippet:-1","max-image-preview":"max-image-preview:large","max-video-preview":"max-video-preview:-1"},"canonical":"https:\/\/laprensacristiana.com\/?p=12454","og_locale":"es_ES","og_type":"article","og_title":"La fuerza de la amistad - La Prensa Cristiana","og_description":"Recientemente estuve en una reuni\u00f3n de pastores donde uno de ellos mencionaba que el discipulado es m\u00e1s que dar lecciones o ense\u00f1anzas relacionadas con teolog\u00eda, doctrina, Jesucristo les dijo a sus disc\u00edpulos ya no les llamar\u00e9 mis disc\u00edpulos sino mis amigos, porque a trav\u00e9s del discipulado es inevitable que se pueda desarrollar el vinculo de [&hellip;]","og_url":"https:\/\/laprensacristiana.com\/?p=12454","og_site_name":"La Prensa Cristiana","article_published_time":"2021-09-02T12:13:22+00:00","article_modified_time":"2021-09-02T12:13:23+00:00","og_image":[{"width":776,"height":393,"url":"https:\/\/laprensacristiana.com\/wp-content\/uploads\/2020\/08\/IMG-20200806-WA0055.jpg","type":"image\/jpeg"}],"author":"EDITOR","twitter_card":"summary_large_image","twitter_misc":{"Escrito por":"EDITOR","Tiempo de lectura":"3 minutos"},"schema":{"@context":"https:\/\/schema.org","@graph":[{"@type":"WebPage","@id":"https:\/\/laprensacristiana.com\/?p=12454","url":"https:\/\/laprensacristiana.com\/?p=12454","name":"La fuerza de la amistad - La Prensa Cristiana","isPartOf":{"@id":"https:\/\/laprensacristiana.com\/#website"},"datePublished":"2021-09-02T12:13:22+00:00","dateModified":"2021-09-02T12:13:23+00:00","author":{"@id":"https:\/\/laprensacristiana.com\/#\/schema\/person\/3e7d82c6bfd6b1fa67010f8f7cd5256e"},"breadcrumb":{"@id":"https:\/\/laprensacristiana.com\/?p=12454#breadcrumb"},"inLanguage":"es","potentialAction":[{"@type":"ReadAction","target":["https:\/\/laprensacristiana.com\/?p=12454"]}]},{"@type":"BreadcrumbList","@id":"https:\/\/laprensacristiana.com\/?p=12454#breadcrumb","itemListElement":[{"@type":"ListItem","position":1,"name":"Portada","item":"https:\/\/laprensacristiana.com\/"},{"@type":"ListItem","position":2,"name":"La fuerza de la amistad"}]},{"@type":"WebSite","@id":"https:\/\/laprensacristiana.com\/#website","url":"https:\/\/laprensacristiana.com\/","name":"La Prensa Cristiana","description":"Anunciando Las Buenas Nuevas","potentialAction":[{"@type":"SearchAction","target":{"@type":"EntryPoint","urlTemplate":"https:\/\/laprensacristiana.com\/?s={search_term_string}"},"query-input":"required name=search_term_string"}],"inLanguage":"es"},{"@type":"Person","@id":"https:\/\/laprensacristiana.com\/#\/schema\/person\/3e7d82c6bfd6b1fa67010f8f7cd5256e","name":"EDITOR","image":{"@type":"ImageObject","inLanguage":"es","@id":"https:\/\/laprensacristiana.com\/#\/schema\/person\/image\/","url":"https:\/\/secure.gravatar.com\/avatar\/72069dfb6c13772d9e8381e3638666d2?s=96&d=mm&r=g","contentUrl":"https:\/\/secure.gravatar.com\/avatar\/72069dfb6c13772d9e8381e3638666d2?s=96&d=mm&r=g","caption":"EDITOR"},"url":"https:\/\/laprensacristiana.com\/?author=3"}]}},"_links":{"self":[{"href":"https:\/\/laprensacristiana.com\/index.php?rest_route=\/wp\/v2\/posts\/12454"}],"collection":[{"href":"https:\/\/laprensacristiana.com\/index.php?rest_route=\/wp\/v2\/posts"}],"about":[{"href":"https:\/\/laprensacristiana.com\/index.php?rest_route=\/wp\/v2\/types\/post"}],"author":[{"embeddable":true,"href":"https:\/\/laprensacristiana.com\/index.php?rest_route=\/wp\/v2\/users\/3"}],"replies":[{"embeddable":true,"href":"https:\/\/laprensacristiana.com\/index.php?rest_route=%2Fwp%2Fv2%2Fcomments&post=12454"}],"version-history":[{"count":1,"href":"https:\/\/laprensacristiana.com\/index.php?rest_route=\/wp\/v2\/posts\/12454\/revisions"}],"predecessor-version":[{"id":12455,"href":"https:\/\/laprensacristiana.com\/index.php?rest_route=\/wp\/v2\/posts\/12454\/revisions\/12455"}],"wp:featuredmedia":[{"embeddable":true,"href":"https:\/\/laprensacristiana.com\/index.php?rest_route=\/wp\/v2\/media\/9965"}],"wp:attachment":[{"href":"https:\/\/laprensacristiana.com\/index.php?rest_route=%2Fwp%2Fv2%2Fmedia&parent=12454"}],"wp:term":[{"taxonomy":"category","embeddable":true,"href":"https:\/\/laprensacristiana.com\/index.php?rest_route=%2Fwp%2Fv2%2Fcategories&post=12454"},{"taxonomy":"post_tag","embeddable":true,"href":"https:\/\/laprensacristiana.com\/index.php?rest_route=%2Fwp%2Fv2%2Ftags&post=12454"}],"curies":[{"name":"wp","href":"https:\/\/api.w.org\/{rel}","templated":true}]}}