{"id":12477,"date":"2021-09-06T01:32:06","date_gmt":"2021-09-06T01:32:06","guid":{"rendered":"https:\/\/laprensacristiana.com\/?p=12477"},"modified":"2021-09-06T01:34:29","modified_gmt":"2021-09-06T01:34:29","slug":"alex-campos-presenta-el-album-renovado-lanzando-el-sencillo-tiempo-de-la-cruz","status":"publish","type":"post","link":"https:\/\/laprensacristiana.com\/?p=12477","title":{"rendered":"Alex Campos presenta el \u00e1lbum \u201cRenovado\u201d lanzando el sencillo \u201cTiempo de la Cruz\u201d."},"content":{"rendered":"\n<p>Por: ((Franja Group Agencia))<\/p>\n\n\n\n<p>Con este nuevo \u00e1lbum titulado \u201cRenovado\u201d el artista y compositor&nbsp;Alex Campos&nbsp;suma 16 producciones en 21 a\u00f1os de carrera musical.<\/p>\n\n\n\n<p>\u201cRenovado\u201d presenta 9 canciones con nuevos arreglos y algunas nuevas letras que las llevan a otro nivel. Una oportunidad de tener una versi\u00f3n actual, que cuenta precisamente con toda esta experiencia y madurez art\u00edstica que el tiempo le ha otorgado a su compositor.<\/p>\n\n\n\n<p>Quiz\u00e1s hoy, lo que para algunos seguidores es un sonido totalmente nuevo, para otros, los fieles de hace varios a\u00f1os ser\u00e1 revivir letras muy especiales con m\u00fasica totalmente nueva.<\/p>\n\n\n\n<p>\u00abRenovado\u00bb, m\u00e1s que un \u00e1lbum, es un testimonio que nos demuestra lo que Jes\u00fas puede hacer en nuestras vidas. Solo \u00c9l es capaz de darnos una nueva perspectiva, una nueva manera de actuar y sobre todo, UNA NUEVA IDENTIDAD\u201d.\u00a0Comparte Alex Campos.<\/p>\n\n\n\n<p>Con el lanzamiento de&nbsp;\u201cRenovado\u201d, el ganador de cinco premios Grammy, lanza su tercer sencillo \u201cTiempo de la Cruz\u201d, canci\u00f3n que apareci\u00f3 inicialmente en el primer \u00e1lbum del artista en 1999 y que lleva el mismo nombre de la canci\u00f3n. Ahora con un sonido renovado, Alex hace un llamado a volver nuestros ojos a Jes\u00fas, \u00a1Es tiempo de reconocer qui\u00e9n es \u00c9l!<\/p>\n\n\n\n<p>La producci\u00f3n junto a Anthony Townix; y otra parte con su f\u00f3rmula ya conocida del gran equipo que lo ha acompa\u00f1ado en anteriores \u00e1lbumes: Juan Botello y Javier Serrano, mezclado por Kiko Cibrian, Luis Barrera y Juan Botello. Todos encargados de darle personalidad a un disco cargado de sonidos de fusi\u00f3n de banda con samplers y distintos arreglos. Un disco\u00a0\u201cRenovado\u201d.<\/p>\n\n\n\n<figure class=\"wp-block-embed-youtube wp-block-embed is-type-video is-provider-youtube wp-embed-aspect-16-9 wp-has-aspect-ratio\"><div class=\"wp-block-embed__wrapper\">\n<div class=\"youtube-embed\" data-video_id=\"dnLWXMfaiJk\"><iframe loading=\"lazy\" title=\"Tiempo de la Cruz - Alex Campos (Video Oficial) | M\u00fasica Cristiana 2021\" width=\"696\" height=\"392\" src=\"https:\/\/www.youtube.com\/embed\/dnLWXMfaiJk?feature=oembed&#038;enablejsapi=1&#038;enablejsapi=1\" frameborder=\"0\" allow=\"accelerometer; autoplay; clipboard-write; encrypted-media; gyroscope; picture-in-picture\" allowfullscreen><\/iframe><\/div>\n<\/div><\/figure>\n","protected":false},"excerpt":{"rendered":"<p>Por: ((Franja Group Agencia)) Con este nuevo \u00e1lbum titulado \u201cRenovado\u201d el artista y compositor&nbsp;Alex Campos&nbsp;suma 16 producciones en 21 a\u00f1os de carrera musical. \u201cRenovado\u201d presenta 9 canciones con nuevos arreglos y algunas nuevas letras que las llevan a otro nivel. Una oportunidad de tener una versi\u00f3n actual, que cuenta precisamente con toda esta experiencia y [&hellip;]<\/p>\n","protected":false},"author":3,"featured_media":12478,"comment_status":"open","ping_status":"open","sticky":false,"template":"","format":"standard","meta":[],"categories":[114],"tags":[],"yoast_head":"<!-- This site is optimized with the Yoast SEO plugin v20.8 - https:\/\/yoast.com\/wordpress\/plugins\/seo\/ -->\n<title>Alex Campos presenta el \u00e1lbum \u201cRenovado\u201d lanzando el sencillo \u201cTiempo de la Cruz\u201d. - La Prensa Cristiana<\/title>\n<meta name=\"robots\" content=\"index, follow, max-snippet:-1, max-image-preview:large, max-video-preview:-1\" \/>\n<link rel=\"canonical\" href=\"https:\/\/laprensacristiana.com\/?p=12477\" \/>\n<meta property=\"og:locale\" content=\"es_ES\" \/>\n<meta property=\"og:type\" content=\"article\" \/>\n<meta property=\"og:title\" content=\"Alex Campos presenta el \u00e1lbum \u201cRenovado\u201d lanzando el sencillo \u201cTiempo de la Cruz\u201d. - La Prensa Cristiana\" \/>\n<meta property=\"og:description\" content=\"Por: ((Franja Group Agencia)) Con este nuevo \u00e1lbum titulado \u201cRenovado\u201d el artista y compositor&nbsp;Alex Campos&nbsp;suma 16 producciones en 21 a\u00f1os de carrera musical. \u201cRenovado\u201d presenta 9 canciones con nuevos arreglos y algunas nuevas letras que las llevan a otro nivel. Una oportunidad de tener una versi\u00f3n actual, que cuenta precisamente con toda esta experiencia y [&hellip;]\" \/>\n<meta property=\"og:url\" content=\"https:\/\/laprensacristiana.com\/?p=12477\" \/>\n<meta property=\"og:site_name\" content=\"La Prensa Cristiana\" \/>\n<meta property=\"article:published_time\" content=\"2021-09-06T01:32:06+00:00\" \/>\n<meta property=\"article:modified_time\" content=\"2021-09-06T01:34:29+00:00\" \/>\n<meta property=\"og:image\" content=\"https:\/\/laprensacristiana.com\/wp-content\/uploads\/2021\/09\/Cover-RENOVADO-scaled.jpg\" \/>\n\t<meta property=\"og:image:width\" content=\"2560\" \/>\n\t<meta property=\"og:image:height\" content=\"2560\" \/>\n\t<meta property=\"og:image:type\" content=\"image\/jpeg\" \/>\n<meta name=\"author\" content=\"EDITOR\" \/>\n<meta name=\"twitter:card\" content=\"summary_large_image\" \/>\n<meta name=\"twitter:label1\" content=\"Escrito por\" \/>\n\t<meta name=\"twitter:data1\" content=\"EDITOR\" \/>\n\t<meta name=\"twitter:label2\" content=\"Tiempo de lectura\" \/>\n\t<meta name=\"twitter:data2\" content=\"1 minuto\" \/>\n<script type=\"application\/ld+json\" class=\"yoast-schema-graph\">{\"@context\":\"https:\/\/schema.org\",\"@graph\":[{\"@type\":\"WebPage\",\"@id\":\"https:\/\/laprensacristiana.com\/?p=12477\",\"url\":\"https:\/\/laprensacristiana.com\/?p=12477\",\"name\":\"Alex Campos presenta el \u00e1lbum \u201cRenovado\u201d lanzando el sencillo \u201cTiempo de la Cruz\u201d. - La Prensa Cristiana\",\"isPartOf\":{\"@id\":\"https:\/\/laprensacristiana.com\/#website\"},\"datePublished\":\"2021-09-06T01:32:06+00:00\",\"dateModified\":\"2021-09-06T01:34:29+00:00\",\"author\":{\"@id\":\"https:\/\/laprensacristiana.com\/#\/schema\/person\/3e7d82c6bfd6b1fa67010f8f7cd5256e\"},\"breadcrumb\":{\"@id\":\"https:\/\/laprensacristiana.com\/?p=12477#breadcrumb\"},\"inLanguage\":\"es\",\"potentialAction\":[{\"@type\":\"ReadAction\",\"target\":[\"https:\/\/laprensacristiana.com\/?p=12477\"]}]},{\"@type\":\"BreadcrumbList\",\"@id\":\"https:\/\/laprensacristiana.com\/?p=12477#breadcrumb\",\"itemListElement\":[{\"@type\":\"ListItem\",\"position\":1,\"name\":\"Portada\",\"item\":\"https:\/\/laprensacristiana.com\/\"},{\"@type\":\"ListItem\",\"position\":2,\"name\":\"Alex Campos presenta el \u00e1lbum \u201cRenovado\u201d lanzando el sencillo \u201cTiempo de la Cruz\u201d.\"}]},{\"@type\":\"WebSite\",\"@id\":\"https:\/\/laprensacristiana.com\/#website\",\"url\":\"https:\/\/laprensacristiana.com\/\",\"name\":\"La Prensa Cristiana\",\"description\":\"Anunciando Las Buenas Nuevas\",\"potentialAction\":[{\"@type\":\"SearchAction\",\"target\":{\"@type\":\"EntryPoint\",\"urlTemplate\":\"https:\/\/laprensacristiana.com\/?s={search_term_string}\"},\"query-input\":\"required name=search_term_string\"}],\"inLanguage\":\"es\"},{\"@type\":\"Person\",\"@id\":\"https:\/\/laprensacristiana.com\/#\/schema\/person\/3e7d82c6bfd6b1fa67010f8f7cd5256e\",\"name\":\"EDITOR\",\"image\":{\"@type\":\"ImageObject\",\"inLanguage\":\"es\",\"@id\":\"https:\/\/laprensacristiana.com\/#\/schema\/person\/image\/\",\"url\":\"https:\/\/secure.gravatar.com\/avatar\/72069dfb6c13772d9e8381e3638666d2?s=96&d=mm&r=g\",\"contentUrl\":\"https:\/\/secure.gravatar.com\/avatar\/72069dfb6c13772d9e8381e3638666d2?s=96&d=mm&r=g\",\"caption\":\"EDITOR\"},\"url\":\"https:\/\/laprensacristiana.com\/?author=3\"}]}<\/script>\n<!-- \/ Yoast SEO plugin. -->","yoast_head_json":{"title":"Alex Campos presenta el \u00e1lbum \u201cRenovado\u201d lanzando el sencillo \u201cTiempo de la Cruz\u201d. - La Prensa Cristiana","robots":{"index":"index","follow":"follow","max-snippet":"max-snippet:-1","max-image-preview":"max-image-preview:large","max-video-preview":"max-video-preview:-1"},"canonical":"https:\/\/laprensacristiana.com\/?p=12477","og_locale":"es_ES","og_type":"article","og_title":"Alex Campos presenta el \u00e1lbum \u201cRenovado\u201d lanzando el sencillo \u201cTiempo de la Cruz\u201d. - La Prensa Cristiana","og_description":"Por: ((Franja Group Agencia)) Con este nuevo \u00e1lbum titulado \u201cRenovado\u201d el artista y compositor&nbsp;Alex Campos&nbsp;suma 16 producciones en 21 a\u00f1os de carrera musical. \u201cRenovado\u201d presenta 9 canciones con nuevos arreglos y algunas nuevas letras que las llevan a otro nivel. Una oportunidad de tener una versi\u00f3n actual, que cuenta precisamente con toda esta experiencia y [&hellip;]","og_url":"https:\/\/laprensacristiana.com\/?p=12477","og_site_name":"La Prensa Cristiana","article_published_time":"2021-09-06T01:32:06+00:00","article_modified_time":"2021-09-06T01:34:29+00:00","og_image":[{"width":2560,"height":2560,"url":"https:\/\/laprensacristiana.com\/wp-content\/uploads\/2021\/09\/Cover-RENOVADO-scaled.jpg","type":"image\/jpeg"}],"author":"EDITOR","twitter_card":"summary_large_image","twitter_misc":{"Escrito por":"EDITOR","Tiempo de lectura":"1 minuto"},"schema":{"@context":"https:\/\/schema.org","@graph":[{"@type":"WebPage","@id":"https:\/\/laprensacristiana.com\/?p=12477","url":"https:\/\/laprensacristiana.com\/?p=12477","name":"Alex Campos presenta el \u00e1lbum \u201cRenovado\u201d lanzando el sencillo \u201cTiempo de la Cruz\u201d. - La Prensa Cristiana","isPartOf":{"@id":"https:\/\/laprensacristiana.com\/#website"},"datePublished":"2021-09-06T01:32:06+00:00","dateModified":"2021-09-06T01:34:29+00:00","author":{"@id":"https:\/\/laprensacristiana.com\/#\/schema\/person\/3e7d82c6bfd6b1fa67010f8f7cd5256e"},"breadcrumb":{"@id":"https:\/\/laprensacristiana.com\/?p=12477#breadcrumb"},"inLanguage":"es","potentialAction":[{"@type":"ReadAction","target":["https:\/\/laprensacristiana.com\/?p=12477"]}]},{"@type":"BreadcrumbList","@id":"https:\/\/laprensacristiana.com\/?p=12477#breadcrumb","itemListElement":[{"@type":"ListItem","position":1,"name":"Portada","item":"https:\/\/laprensacristiana.com\/"},{"@type":"ListItem","position":2,"name":"Alex Campos presenta el \u00e1lbum \u201cRenovado\u201d lanzando el sencillo \u201cTiempo de la Cruz\u201d."}]},{"@type":"WebSite","@id":"https:\/\/laprensacristiana.com\/#website","url":"https:\/\/laprensacristiana.com\/","name":"La Prensa Cristiana","description":"Anunciando Las Buenas Nuevas","potentialAction":[{"@type":"SearchAction","target":{"@type":"EntryPoint","urlTemplate":"https:\/\/laprensacristiana.com\/?s={search_term_string}"},"query-input":"required name=search_term_string"}],"inLanguage":"es"},{"@type":"Person","@id":"https:\/\/laprensacristiana.com\/#\/schema\/person\/3e7d82c6bfd6b1fa67010f8f7cd5256e","name":"EDITOR","image":{"@type":"ImageObject","inLanguage":"es","@id":"https:\/\/laprensacristiana.com\/#\/schema\/person\/image\/","url":"https:\/\/secure.gravatar.com\/avatar\/72069dfb6c13772d9e8381e3638666d2?s=96&d=mm&r=g","contentUrl":"https:\/\/secure.gravatar.com\/avatar\/72069dfb6c13772d9e8381e3638666d2?s=96&d=mm&r=g","caption":"EDITOR"},"url":"https:\/\/laprensacristiana.com\/?author=3"}]}},"_links":{"self":[{"href":"https:\/\/laprensacristiana.com\/index.php?rest_route=\/wp\/v2\/posts\/12477"}],"collection":[{"href":"https:\/\/laprensacristiana.com\/index.php?rest_route=\/wp\/v2\/posts"}],"about":[{"href":"https:\/\/laprensacristiana.com\/index.php?rest_route=\/wp\/v2\/types\/post"}],"author":[{"embeddable":true,"href":"https:\/\/laprensacristiana.com\/index.php?rest_route=\/wp\/v2\/users\/3"}],"replies":[{"embeddable":true,"href":"https:\/\/laprensacristiana.com\/index.php?rest_route=%2Fwp%2Fv2%2Fcomments&post=12477"}],"version-history":[{"count":2,"href":"https:\/\/laprensacristiana.com\/index.php?rest_route=\/wp\/v2\/posts\/12477\/revisions"}],"predecessor-version":[{"id":12480,"href":"https:\/\/laprensacristiana.com\/index.php?rest_route=\/wp\/v2\/posts\/12477\/revisions\/12480"}],"wp:featuredmedia":[{"embeddable":true,"href":"https:\/\/laprensacristiana.com\/index.php?rest_route=\/wp\/v2\/media\/12478"}],"wp:attachment":[{"href":"https:\/\/laprensacristiana.com\/index.php?rest_route=%2Fwp%2Fv2%2Fmedia&parent=12477"}],"wp:term":[{"taxonomy":"category","embeddable":true,"href":"https:\/\/laprensacristiana.com\/index.php?rest_route=%2Fwp%2Fv2%2Fcategories&post=12477"},{"taxonomy":"post_tag","embeddable":true,"href":"https:\/\/laprensacristiana.com\/index.php?rest_route=%2Fwp%2Fv2%2Ftags&post=12477"}],"curies":[{"name":"wp","href":"https:\/\/api.w.org\/{rel}","templated":true}]}}