{"id":12481,"date":"2021-09-06T02:19:54","date_gmt":"2021-09-06T02:19:54","guid":{"rendered":"https:\/\/laprensacristiana.com\/?p=12481"},"modified":"2021-09-06T02:19:55","modified_gmt":"2021-09-06T02:19:55","slug":"como-limpiar-el-camino","status":"publish","type":"post","link":"https:\/\/laprensacristiana.com\/?p=12481","title":{"rendered":"\u00bfC\u00f3mo limpiar el camino?"},"content":{"rendered":"\n<p>Por: Edgar L\u00f3pez Bertrand Jr. *Pastor General Tabern\u00e1culo B\u00edblico Bautista Amigos de Israel<\/p>\n\n\n\n<p>\u00bfCon qu\u00e9 limpiar\u00e1 el joven su camino? Con guardar tu palabra.<\/p>\n\n\n\n<p>Salmos 119:9<\/p>\n\n\n\n<p>En el Salmo 119, la Tor\u00e1 se resalta junto con el n\u00famero ocho, porque Dios quer\u00eda comunicarnos un mensaje espiritual a Su pueblo a trav\u00e9s del Esp\u00edritu Santo, que la Tor\u00e1 de Dios es eterna. La Tor\u00e1 de Dios ser\u00e1 guardada por su pueblo por toda la eternidad cuando Dios cree los nuevos cielos y la nueva tierra.<\/p>\n\n\n\n<p>La complementariedad entre lo divino y lo humano. Nuestra quinta letra del alfabeto hebreo es: \u05d4 y es conocida como la He, o la Hey. El significado de esta quinta letra del alfabeto hebreo es: La convergencia o encuentro, entre lo divino y lo creado<\/p>\n\n\n\n<p>Guardar la palabra De Dios no garantiza que los obst\u00e1culos del camino ser\u00e1n removidos por Dios, esta es la garant\u00eda que un hombre como David nos narra en el cap\u00edtulo m\u00e1s largo de la Biblia; un cap\u00edtulo lleno de tanta sabidur\u00eda y buen consejo que es dif\u00edcil no detenernos a leer y aprender.<\/p>\n\n\n\n<p>Este hombre que nos recomienda guardar la palabra, en otras palabras, nos est\u00e1 sugiriendo memorizarla, aplicarla al coraz\u00f3n, compartirla, recomendarla. El poder de guardar la palabra es similar a lo que los humanos hacemos con nuestros ahorros, es tener algo guardado para el d\u00eda malo, es contar con un respaldo en momentos de necesidad.<\/p>\n\n\n\n<p>Despu\u00e9s de haber vivido desprecios de parte de sus familiares al no ser tomado en cuenta para salir a la guerra, si no m\u00e1s bien ser enviado simplemente a dejar alimentos a sus hermanos, que s\u00ed estaban al frente de la batalla, David pudo marcar su vida y coraz\u00f3n a pesar de recibir haber recibido una herida tan profunda y dif\u00edcil; y a pesar de este sentimiento que pudo haber estado presente durante su juventud y reinado hoy nos dice \u201cguarda su palabra\u201d.<\/p>\n\n\n\n<p>Pareciera que estamos guardando las cosas equivocadas en nuestras vidas; cosas como recuerdos, ofensas, rencor, odio, y sin querer queriendo estas cosas est\u00e1n causando mucho da\u00f1o a otros, es decir, a los que nos acompa\u00f1an en la carrera de la vida que llevamos. No guardes las cosas equivocadas, guarda su palabra; es ella la que nos sana, ministra, transforma, anima, confronta y corrige. Es ella el camino a seguir, no importando d\u00f3nde te encuentres hoy.<\/p>\n\n\n\n<p>David est\u00e1 tan seguro de lo que nos recomienda en el Salmo 119:9 debido a que, entre otras cosas, el logr\u00f3 superar el asesinato de Ur\u00edas, despu\u00e9s de haber tomado a su esposa y embarazarla; \u00e9l hab\u00eda pasado una terrible temporada de errores y pecado, situaciones que tomaron lugar quiz\u00e1 por el hecho de no haber sanado las heridas anteriormente mencionadas en este blog.<\/p>\n\n\n\n<p>La palabra de Dios es poderosa, la palabra de Dios es vida, la palabra de Dios es la respuesta, la palabra de Dios es el camino, la palabra de Dios es lo que todo hombre necesita para salir de la zona donde hoy se encuentra; ella nos guiar\u00e1, ella nos sanar\u00e1, ella nos empujar\u00e1, ella nos encaminar\u00e1, ella es la salida que t\u00fa y yo necesitamos. No guardes las cosas equivocadas, guarda hoy la palabra de Dios y experimentar\u00e1s sanidad.<\/p>\n\n\n\n<p>No guardes rencor, guarda la palabra de Dios en tu mente, vida y coraz\u00f3n.<\/p>\n","protected":false},"excerpt":{"rendered":"<p>Por: Edgar L\u00f3pez Bertrand Jr. *Pastor General Tabern\u00e1culo B\u00edblico Bautista Amigos de Israel \u00bfCon qu\u00e9 limpiar\u00e1 el joven su camino? Con guardar tu palabra. Salmos 119:9 En el Salmo 119, la Tor\u00e1 se resalta junto con el n\u00famero ocho, porque Dios quer\u00eda comunicarnos un mensaje espiritual a Su pueblo a trav\u00e9s del Esp\u00edritu Santo, que [&hellip;]<\/p>\n","protected":false},"author":3,"featured_media":12482,"comment_status":"open","ping_status":"open","sticky":false,"template":"","format":"standard","meta":[],"categories":[23],"tags":[],"yoast_head":"<!-- This site is optimized with the Yoast SEO plugin v20.8 - https:\/\/yoast.com\/wordpress\/plugins\/seo\/ -->\n<title>\u00bfC\u00f3mo limpiar el camino? - La Prensa Cristiana<\/title>\n<meta name=\"robots\" content=\"index, follow, max-snippet:-1, max-image-preview:large, max-video-preview:-1\" \/>\n<link rel=\"canonical\" href=\"https:\/\/laprensacristiana.com\/?p=12481\" \/>\n<meta property=\"og:locale\" content=\"es_ES\" \/>\n<meta property=\"og:type\" content=\"article\" \/>\n<meta property=\"og:title\" content=\"\u00bfC\u00f3mo limpiar el camino? - La Prensa Cristiana\" \/>\n<meta property=\"og:description\" content=\"Por: Edgar L\u00f3pez Bertrand Jr. *Pastor General Tabern\u00e1culo B\u00edblico Bautista Amigos de Israel \u00bfCon qu\u00e9 limpiar\u00e1 el joven su camino? Con guardar tu palabra. Salmos 119:9 En el Salmo 119, la Tor\u00e1 se resalta junto con el n\u00famero ocho, porque Dios quer\u00eda comunicarnos un mensaje espiritual a Su pueblo a trav\u00e9s del Esp\u00edritu Santo, que [&hellip;]\" \/>\n<meta property=\"og:url\" content=\"https:\/\/laprensacristiana.com\/?p=12481\" \/>\n<meta property=\"og:site_name\" content=\"La Prensa Cristiana\" \/>\n<meta property=\"article:published_time\" content=\"2021-09-06T02:19:54+00:00\" \/>\n<meta property=\"article:modified_time\" content=\"2021-09-06T02:19:55+00:00\" \/>\n<meta property=\"og:image\" content=\"https:\/\/laprensacristiana.com\/wp-content\/uploads\/2021\/09\/WhatsApp-Image-2020-01-08-at-10.49.18.jpeg\" \/>\n\t<meta property=\"og:image:width\" content=\"696\" \/>\n\t<meta property=\"og:image:height\" content=\"389\" \/>\n\t<meta property=\"og:image:type\" content=\"image\/jpeg\" \/>\n<meta name=\"author\" content=\"EDITOR\" \/>\n<meta name=\"twitter:card\" content=\"summary_large_image\" \/>\n<meta name=\"twitter:label1\" content=\"Escrito por\" \/>\n\t<meta name=\"twitter:data1\" content=\"EDITOR\" \/>\n\t<meta name=\"twitter:label2\" content=\"Tiempo de lectura\" \/>\n\t<meta name=\"twitter:data2\" content=\"3 minutos\" \/>\n<script type=\"application\/ld+json\" class=\"yoast-schema-graph\">{\"@context\":\"https:\/\/schema.org\",\"@graph\":[{\"@type\":\"WebPage\",\"@id\":\"https:\/\/laprensacristiana.com\/?p=12481\",\"url\":\"https:\/\/laprensacristiana.com\/?p=12481\",\"name\":\"\u00bfC\u00f3mo limpiar el camino? - La Prensa Cristiana\",\"isPartOf\":{\"@id\":\"https:\/\/laprensacristiana.com\/#website\"},\"datePublished\":\"2021-09-06T02:19:54+00:00\",\"dateModified\":\"2021-09-06T02:19:55+00:00\",\"author\":{\"@id\":\"https:\/\/laprensacristiana.com\/#\/schema\/person\/3e7d82c6bfd6b1fa67010f8f7cd5256e\"},\"breadcrumb\":{\"@id\":\"https:\/\/laprensacristiana.com\/?p=12481#breadcrumb\"},\"inLanguage\":\"es\",\"potentialAction\":[{\"@type\":\"ReadAction\",\"target\":[\"https:\/\/laprensacristiana.com\/?p=12481\"]}]},{\"@type\":\"BreadcrumbList\",\"@id\":\"https:\/\/laprensacristiana.com\/?p=12481#breadcrumb\",\"itemListElement\":[{\"@type\":\"ListItem\",\"position\":1,\"name\":\"Portada\",\"item\":\"https:\/\/laprensacristiana.com\/\"},{\"@type\":\"ListItem\",\"position\":2,\"name\":\"\u00bfC\u00f3mo limpiar el camino?\"}]},{\"@type\":\"WebSite\",\"@id\":\"https:\/\/laprensacristiana.com\/#website\",\"url\":\"https:\/\/laprensacristiana.com\/\",\"name\":\"La Prensa Cristiana\",\"description\":\"Anunciando Las Buenas Nuevas\",\"potentialAction\":[{\"@type\":\"SearchAction\",\"target\":{\"@type\":\"EntryPoint\",\"urlTemplate\":\"https:\/\/laprensacristiana.com\/?s={search_term_string}\"},\"query-input\":\"required name=search_term_string\"}],\"inLanguage\":\"es\"},{\"@type\":\"Person\",\"@id\":\"https:\/\/laprensacristiana.com\/#\/schema\/person\/3e7d82c6bfd6b1fa67010f8f7cd5256e\",\"name\":\"EDITOR\",\"image\":{\"@type\":\"ImageObject\",\"inLanguage\":\"es\",\"@id\":\"https:\/\/laprensacristiana.com\/#\/schema\/person\/image\/\",\"url\":\"https:\/\/secure.gravatar.com\/avatar\/72069dfb6c13772d9e8381e3638666d2?s=96&d=mm&r=g\",\"contentUrl\":\"https:\/\/secure.gravatar.com\/avatar\/72069dfb6c13772d9e8381e3638666d2?s=96&d=mm&r=g\",\"caption\":\"EDITOR\"},\"url\":\"https:\/\/laprensacristiana.com\/?author=3\"}]}<\/script>\n<!-- \/ Yoast SEO plugin. -->","yoast_head_json":{"title":"\u00bfC\u00f3mo limpiar el camino? - La Prensa Cristiana","robots":{"index":"index","follow":"follow","max-snippet":"max-snippet:-1","max-image-preview":"max-image-preview:large","max-video-preview":"max-video-preview:-1"},"canonical":"https:\/\/laprensacristiana.com\/?p=12481","og_locale":"es_ES","og_type":"article","og_title":"\u00bfC\u00f3mo limpiar el camino? - La Prensa Cristiana","og_description":"Por: Edgar L\u00f3pez Bertrand Jr. *Pastor General Tabern\u00e1culo B\u00edblico Bautista Amigos de Israel \u00bfCon qu\u00e9 limpiar\u00e1 el joven su camino? Con guardar tu palabra. Salmos 119:9 En el Salmo 119, la Tor\u00e1 se resalta junto con el n\u00famero ocho, porque Dios quer\u00eda comunicarnos un mensaje espiritual a Su pueblo a trav\u00e9s del Esp\u00edritu Santo, que [&hellip;]","og_url":"https:\/\/laprensacristiana.com\/?p=12481","og_site_name":"La Prensa Cristiana","article_published_time":"2021-09-06T02:19:54+00:00","article_modified_time":"2021-09-06T02:19:55+00:00","og_image":[{"width":696,"height":389,"url":"https:\/\/laprensacristiana.com\/wp-content\/uploads\/2021\/09\/WhatsApp-Image-2020-01-08-at-10.49.18.jpeg","type":"image\/jpeg"}],"author":"EDITOR","twitter_card":"summary_large_image","twitter_misc":{"Escrito por":"EDITOR","Tiempo de lectura":"3 minutos"},"schema":{"@context":"https:\/\/schema.org","@graph":[{"@type":"WebPage","@id":"https:\/\/laprensacristiana.com\/?p=12481","url":"https:\/\/laprensacristiana.com\/?p=12481","name":"\u00bfC\u00f3mo limpiar el camino? - La Prensa Cristiana","isPartOf":{"@id":"https:\/\/laprensacristiana.com\/#website"},"datePublished":"2021-09-06T02:19:54+00:00","dateModified":"2021-09-06T02:19:55+00:00","author":{"@id":"https:\/\/laprensacristiana.com\/#\/schema\/person\/3e7d82c6bfd6b1fa67010f8f7cd5256e"},"breadcrumb":{"@id":"https:\/\/laprensacristiana.com\/?p=12481#breadcrumb"},"inLanguage":"es","potentialAction":[{"@type":"ReadAction","target":["https:\/\/laprensacristiana.com\/?p=12481"]}]},{"@type":"BreadcrumbList","@id":"https:\/\/laprensacristiana.com\/?p=12481#breadcrumb","itemListElement":[{"@type":"ListItem","position":1,"name":"Portada","item":"https:\/\/laprensacristiana.com\/"},{"@type":"ListItem","position":2,"name":"\u00bfC\u00f3mo limpiar el camino?"}]},{"@type":"WebSite","@id":"https:\/\/laprensacristiana.com\/#website","url":"https:\/\/laprensacristiana.com\/","name":"La Prensa Cristiana","description":"Anunciando Las Buenas Nuevas","potentialAction":[{"@type":"SearchAction","target":{"@type":"EntryPoint","urlTemplate":"https:\/\/laprensacristiana.com\/?s={search_term_string}"},"query-input":"required name=search_term_string"}],"inLanguage":"es"},{"@type":"Person","@id":"https:\/\/laprensacristiana.com\/#\/schema\/person\/3e7d82c6bfd6b1fa67010f8f7cd5256e","name":"EDITOR","image":{"@type":"ImageObject","inLanguage":"es","@id":"https:\/\/laprensacristiana.com\/#\/schema\/person\/image\/","url":"https:\/\/secure.gravatar.com\/avatar\/72069dfb6c13772d9e8381e3638666d2?s=96&d=mm&r=g","contentUrl":"https:\/\/secure.gravatar.com\/avatar\/72069dfb6c13772d9e8381e3638666d2?s=96&d=mm&r=g","caption":"EDITOR"},"url":"https:\/\/laprensacristiana.com\/?author=3"}]}},"_links":{"self":[{"href":"https:\/\/laprensacristiana.com\/index.php?rest_route=\/wp\/v2\/posts\/12481"}],"collection":[{"href":"https:\/\/laprensacristiana.com\/index.php?rest_route=\/wp\/v2\/posts"}],"about":[{"href":"https:\/\/laprensacristiana.com\/index.php?rest_route=\/wp\/v2\/types\/post"}],"author":[{"embeddable":true,"href":"https:\/\/laprensacristiana.com\/index.php?rest_route=\/wp\/v2\/users\/3"}],"replies":[{"embeddable":true,"href":"https:\/\/laprensacristiana.com\/index.php?rest_route=%2Fwp%2Fv2%2Fcomments&post=12481"}],"version-history":[{"count":1,"href":"https:\/\/laprensacristiana.com\/index.php?rest_route=\/wp\/v2\/posts\/12481\/revisions"}],"predecessor-version":[{"id":12483,"href":"https:\/\/laprensacristiana.com\/index.php?rest_route=\/wp\/v2\/posts\/12481\/revisions\/12483"}],"wp:featuredmedia":[{"embeddable":true,"href":"https:\/\/laprensacristiana.com\/index.php?rest_route=\/wp\/v2\/media\/12482"}],"wp:attachment":[{"href":"https:\/\/laprensacristiana.com\/index.php?rest_route=%2Fwp%2Fv2%2Fmedia&parent=12481"}],"wp:term":[{"taxonomy":"category","embeddable":true,"href":"https:\/\/laprensacristiana.com\/index.php?rest_route=%2Fwp%2Fv2%2Fcategories&post=12481"},{"taxonomy":"post_tag","embeddable":true,"href":"https:\/\/laprensacristiana.com\/index.php?rest_route=%2Fwp%2Fv2%2Ftags&post=12481"}],"curies":[{"name":"wp","href":"https:\/\/api.w.org\/{rel}","templated":true}]}}