{"id":12487,"date":"2021-09-06T14:25:05","date_gmt":"2021-09-06T14:25:05","guid":{"rendered":"https:\/\/laprensacristiana.com\/?p=12487"},"modified":"2021-09-06T14:26:17","modified_gmt":"2021-09-06T14:26:17","slug":"las-vacunas-son-efectivas","status":"publish","type":"post","link":"https:\/\/laprensacristiana.com\/?p=12487","title":{"rendered":"Las vacunas, \u00bfson efectivas?"},"content":{"rendered":"\n<p>Muchas son las preguntas que la gente de hoy se hace con respecto a las vacunas. Todas ellas, no solo contra el virus moderno del covid-19, sino contra muchas otras plagas y enfermedades que se han cobrado la vida de proponentes de las vacunas y de sus detractores.<\/p>\n\n\n\n<p>\u00bfFueron efectivas \u2013en su tiempo- la vacunas que se utilizaron para erradicar, el sarampi\u00f3n, la tos ferina, la tuberculosis, el herpes z\u00f3sters, (\u201cEl&nbsp;<strong>herpes z\u00f3ster<\/strong><a href=\"https:\/\/es.wikipedia.org\/wiki\/Herpes_z%C3%B3ster#cite_note-1\"><sup>1<\/sup><\/a>\u200b es una enfermedad producida por una reactivaci\u00f3n del&nbsp;<a href=\"https:\/\/es.wikipedia.org\/wiki\/Virus_varicela-z%C3%B3ster\">virus latente varicela-z\u00f3ster<\/a>, que afecta a los&nbsp;<a href=\"https:\/\/es.wikipedia.org\/wiki\/Nervio\">nervios<\/a>&nbsp;perif\u00e9ricos \u2014<a href=\"https:\/\/es.wikipedia.org\/wiki\/Neuropat%C3%ADa\">neuropat\u00eda<\/a>&nbsp;<a href=\"https:\/\/es.wikipedia.org\/w\/index.php?title=Neuropat%C3%ADa_gangliorradicular&amp;action=edit&amp;redlink=1\">gangliorradicular<\/a>\u2014<a href=\"https:\/\/es.wikipedia.org\/wiki\/Herpes_z%C3%B3ster#cite_note-2\"><sup>2<\/sup><\/a>\u200b y a la piel, donde puede producir peque\u00f1as&nbsp;<a href=\"https:\/\/es.wikipedia.org\/wiki\/Ampolla_(piel)\">ampollas<\/a>&nbsp;dolorosas en forma de anillo agrupadas a lo largo de un&nbsp;<a href=\"https:\/\/es.wikipedia.org\/wiki\/Dermatoma\">dermatoma<\/a>. Coloquialmente, es conocido como&nbsp;<strong>culebrilla<\/strong>,&nbsp;<strong>culebrina<\/strong>&nbsp;o&nbsp;<strong>culebr\u00f3n<\/strong>. En algunas zonas del&nbsp;<a href=\"https:\/\/es.wikipedia.org\/wiki\/Mar_Mediterr%C3%A1neo\">Mediterr\u00e1neo<\/a>, como&nbsp;<a href=\"https:\/\/es.wikipedia.org\/wiki\/Espa%C3%B1a\">Espa\u00f1a<\/a>,&nbsp;<a href=\"https:\/\/es.wikipedia.org\/wiki\/Italia\">Italia<\/a>&nbsp;y&nbsp;<a href=\"https:\/\/es.wikipedia.org\/wiki\/Malta\">Malta<\/a>, tambi\u00e9n se le denomina \u00ab<strong>fuego de San Antonio<\/strong>\u00bb\u201d (Fuente: wikipedia).<\/p>\n\n\n\n<p>Nosotros creemos que s\u00ed, que son efectivas y que todo aquel que pueda, debe vacunarse, ahora contra la r\u00e1pida infecci\u00f3n o re-infecci\u00f3n del covid-19. Con su variante \u201cdelta\u201d&nbsp; ahora, el covid-19 amenaza a todo el mundo. Sin embargo, hablamos ahora de una tercera dosis para \u201creforzar\u201d el sistema defensivo\u2026<\/p>\n\n\n\n<p>\u00bfHay mucho dinero envuelto en esta aplicaci\u00f3n de dosis y refuerzo de dosis? \u00bfManipulaci\u00f3n de los gobiernos para llegar al final a un control de la sociedad? Porque los principales documentos cient\u00edficos dicen&nbsp; ahora que se necesita un \u201cb\u00faster\u201d o refuerzo, que, en la pr\u00e1ctica, es una nueva dosis de las mismas vacunas aplicadas antes. Y todo esto, ante el retraso de algunas vacunas programadas para este mes de Septiembre.<\/p>\n\n\n\n<p>El Dr. Anthony Fauci, el asesor m\u00e9dico del Presidente Biden de los Estados Unidos dijo: \u00abSin embargo, cuando miras los datos israel\u00edes, y est\u00e1n aproximadamente un mes por delante de nosotros en todos los aspectos de esto (vacunas, refuerzos, etc.), los datos de los estudios israel\u00edes indican que hay un disminuci\u00f3n de la protecci\u00f3n contra la infecci\u00f3n y una indiscutible disminuci\u00f3n de la protecci\u00f3n contra la hospitalizaci\u00f3n\u00bb.<\/p>\n\n\n\n<p>Fauci dijo que la buena noticia es que los datos de Israel muestran que las dosis de refuerzo ofrecen una protecci\u00f3n \u00abprofunda\u00bb contra la infecci\u00f3n y la hospitalizaci\u00f3n.<\/p>\n\n\n\n<p>\u00abEs importante destacar que sus datos tambi\u00e9n muestran que cuando se administran esos refuerzos, se reconstituye, a un nivel a\u00fan m\u00e1s alto que antes, la protecci\u00f3n contra infecciones y hospitalizaciones\u00bb, dijo Fauci. \u00abLos refuerzos realmente aumentan la respuesta muy, muy alta, y esperamos que esa respuesta sea duradera\u00bb (CNN).<\/p>\n\n\n\n<p>Los cient\u00edficos del mundo corren para tener una respuesta pronta ante los que se infectan, aquellos que requieren de hospitalizaci\u00f3n y una marat\u00f3n que se pierde cuando alguien muere.<\/p>\n\n\n\n<p>No se si mi ejemplo sirva para algo, pero despu\u00e9s de las dos dosis aplicadas a trav\u00e9s de mi brazo, estoy dispuesto a ponerme todas la dosis de refuerzo que sean necesarias. Para evitar contagiar a otros, para no contagiarme yo, y, para no ir a parar a un hospital.<\/p>\n\n\n\n<p>Suena un poco ego\u00edsta, \u00bfverdad? Y a lo mejor lo es, pero tambi\u00e9n creo que la evidencia cient\u00edfica ya ha sido puesta sobre la mesa para que cada uno tome la decisi\u00f3n correcta. Despu\u00e9s de todo se trata de defender la vida: la tuya, la m\u00eda y la de aquellos con quienes compartimos hogar, escuela o lugar de trabajo. Es ayuda al pr\u00f3jimo porque as\u00ed demostramos&nbsp; que estamos haciendo lo que manda la fraternidad entre los seres humanos.<\/p>\n\n\n\n<p>(guillermo.serrano@ideasyvoces.com)<\/p>\n","protected":false},"excerpt":{"rendered":"<p>Muchas son las preguntas que la gente de hoy se hace con respecto a las vacunas. Todas ellas, no solo contra el virus moderno del covid-19, sino contra muchas otras plagas y enfermedades que se han cobrado la vida de proponentes de las vacunas y de sus detractores. \u00bfFueron efectivas \u2013en su tiempo- la vacunas [&hellip;]<\/p>\n","protected":false},"author":3,"featured_media":12089,"comment_status":"open","ping_status":"open","sticky":false,"template":"","format":"standard","meta":[],"categories":[113],"tags":[],"yoast_head":"<!-- This site is optimized with the Yoast SEO plugin v20.8 - https:\/\/yoast.com\/wordpress\/plugins\/seo\/ -->\n<title>Las vacunas, \u00bfson efectivas? - La Prensa Cristiana<\/title>\n<meta name=\"robots\" content=\"index, follow, max-snippet:-1, max-image-preview:large, max-video-preview:-1\" \/>\n<link rel=\"canonical\" href=\"https:\/\/laprensacristiana.com\/?p=12487\" \/>\n<meta property=\"og:locale\" content=\"es_ES\" \/>\n<meta property=\"og:type\" content=\"article\" \/>\n<meta property=\"og:title\" content=\"Las vacunas, \u00bfson efectivas? - La Prensa Cristiana\" \/>\n<meta property=\"og:description\" content=\"Muchas son las preguntas que la gente de hoy se hace con respecto a las vacunas. Todas ellas, no solo contra el virus moderno del covid-19, sino contra muchas otras plagas y enfermedades que se han cobrado la vida de proponentes de las vacunas y de sus detractores. \u00bfFueron efectivas \u2013en su tiempo- la vacunas [&hellip;]\" \/>\n<meta property=\"og:url\" content=\"https:\/\/laprensacristiana.com\/?p=12487\" \/>\n<meta property=\"og:site_name\" content=\"La Prensa Cristiana\" \/>\n<meta property=\"article:published_time\" content=\"2021-09-06T14:25:05+00:00\" \/>\n<meta property=\"article:modified_time\" content=\"2021-09-06T14:26:17+00:00\" \/>\n<meta property=\"og:image\" content=\"https:\/\/laprensacristiana.com\/wp-content\/uploads\/2021\/06\/Blue-Experimental-Art-Deco-Consultancy-Business-Website.jpg\" \/>\n\t<meta property=\"og:image:width\" content=\"1350\" \/>\n\t<meta property=\"og:image:height\" content=\"650\" \/>\n\t<meta property=\"og:image:type\" content=\"image\/jpeg\" \/>\n<meta name=\"author\" content=\"EDITOR\" \/>\n<meta name=\"twitter:card\" content=\"summary_large_image\" \/>\n<meta name=\"twitter:label1\" content=\"Escrito por\" \/>\n\t<meta name=\"twitter:data1\" content=\"EDITOR\" \/>\n\t<meta name=\"twitter:label2\" content=\"Tiempo de lectura\" \/>\n\t<meta name=\"twitter:data2\" content=\"3 minutos\" \/>\n<script type=\"application\/ld+json\" class=\"yoast-schema-graph\">{\"@context\":\"https:\/\/schema.org\",\"@graph\":[{\"@type\":\"WebPage\",\"@id\":\"https:\/\/laprensacristiana.com\/?p=12487\",\"url\":\"https:\/\/laprensacristiana.com\/?p=12487\",\"name\":\"Las vacunas, \u00bfson efectivas? - La Prensa Cristiana\",\"isPartOf\":{\"@id\":\"https:\/\/laprensacristiana.com\/#website\"},\"datePublished\":\"2021-09-06T14:25:05+00:00\",\"dateModified\":\"2021-09-06T14:26:17+00:00\",\"author\":{\"@id\":\"https:\/\/laprensacristiana.com\/#\/schema\/person\/3e7d82c6bfd6b1fa67010f8f7cd5256e\"},\"breadcrumb\":{\"@id\":\"https:\/\/laprensacristiana.com\/?p=12487#breadcrumb\"},\"inLanguage\":\"es\",\"potentialAction\":[{\"@type\":\"ReadAction\",\"target\":[\"https:\/\/laprensacristiana.com\/?p=12487\"]}]},{\"@type\":\"BreadcrumbList\",\"@id\":\"https:\/\/laprensacristiana.com\/?p=12487#breadcrumb\",\"itemListElement\":[{\"@type\":\"ListItem\",\"position\":1,\"name\":\"Portada\",\"item\":\"https:\/\/laprensacristiana.com\/\"},{\"@type\":\"ListItem\",\"position\":2,\"name\":\"Las vacunas, \u00bfson efectivas?\"}]},{\"@type\":\"WebSite\",\"@id\":\"https:\/\/laprensacristiana.com\/#website\",\"url\":\"https:\/\/laprensacristiana.com\/\",\"name\":\"La Prensa Cristiana\",\"description\":\"Anunciando Las Buenas Nuevas\",\"potentialAction\":[{\"@type\":\"SearchAction\",\"target\":{\"@type\":\"EntryPoint\",\"urlTemplate\":\"https:\/\/laprensacristiana.com\/?s={search_term_string}\"},\"query-input\":\"required name=search_term_string\"}],\"inLanguage\":\"es\"},{\"@type\":\"Person\",\"@id\":\"https:\/\/laprensacristiana.com\/#\/schema\/person\/3e7d82c6bfd6b1fa67010f8f7cd5256e\",\"name\":\"EDITOR\",\"image\":{\"@type\":\"ImageObject\",\"inLanguage\":\"es\",\"@id\":\"https:\/\/laprensacristiana.com\/#\/schema\/person\/image\/\",\"url\":\"https:\/\/secure.gravatar.com\/avatar\/72069dfb6c13772d9e8381e3638666d2?s=96&d=mm&r=g\",\"contentUrl\":\"https:\/\/secure.gravatar.com\/avatar\/72069dfb6c13772d9e8381e3638666d2?s=96&d=mm&r=g\",\"caption\":\"EDITOR\"},\"url\":\"https:\/\/laprensacristiana.com\/?author=3\"}]}<\/script>\n<!-- \/ Yoast SEO plugin. -->","yoast_head_json":{"title":"Las vacunas, \u00bfson efectivas? - La Prensa Cristiana","robots":{"index":"index","follow":"follow","max-snippet":"max-snippet:-1","max-image-preview":"max-image-preview:large","max-video-preview":"max-video-preview:-1"},"canonical":"https:\/\/laprensacristiana.com\/?p=12487","og_locale":"es_ES","og_type":"article","og_title":"Las vacunas, \u00bfson efectivas? - La Prensa Cristiana","og_description":"Muchas son las preguntas que la gente de hoy se hace con respecto a las vacunas. Todas ellas, no solo contra el virus moderno del covid-19, sino contra muchas otras plagas y enfermedades que se han cobrado la vida de proponentes de las vacunas y de sus detractores. \u00bfFueron efectivas \u2013en su tiempo- la vacunas [&hellip;]","og_url":"https:\/\/laprensacristiana.com\/?p=12487","og_site_name":"La Prensa Cristiana","article_published_time":"2021-09-06T14:25:05+00:00","article_modified_time":"2021-09-06T14:26:17+00:00","og_image":[{"width":1350,"height":650,"url":"https:\/\/laprensacristiana.com\/wp-content\/uploads\/2021\/06\/Blue-Experimental-Art-Deco-Consultancy-Business-Website.jpg","type":"image\/jpeg"}],"author":"EDITOR","twitter_card":"summary_large_image","twitter_misc":{"Escrito por":"EDITOR","Tiempo de lectura":"3 minutos"},"schema":{"@context":"https:\/\/schema.org","@graph":[{"@type":"WebPage","@id":"https:\/\/laprensacristiana.com\/?p=12487","url":"https:\/\/laprensacristiana.com\/?p=12487","name":"Las vacunas, \u00bfson efectivas? - La Prensa Cristiana","isPartOf":{"@id":"https:\/\/laprensacristiana.com\/#website"},"datePublished":"2021-09-06T14:25:05+00:00","dateModified":"2021-09-06T14:26:17+00:00","author":{"@id":"https:\/\/laprensacristiana.com\/#\/schema\/person\/3e7d82c6bfd6b1fa67010f8f7cd5256e"},"breadcrumb":{"@id":"https:\/\/laprensacristiana.com\/?p=12487#breadcrumb"},"inLanguage":"es","potentialAction":[{"@type":"ReadAction","target":["https:\/\/laprensacristiana.com\/?p=12487"]}]},{"@type":"BreadcrumbList","@id":"https:\/\/laprensacristiana.com\/?p=12487#breadcrumb","itemListElement":[{"@type":"ListItem","position":1,"name":"Portada","item":"https:\/\/laprensacristiana.com\/"},{"@type":"ListItem","position":2,"name":"Las vacunas, \u00bfson efectivas?"}]},{"@type":"WebSite","@id":"https:\/\/laprensacristiana.com\/#website","url":"https:\/\/laprensacristiana.com\/","name":"La Prensa Cristiana","description":"Anunciando Las Buenas Nuevas","potentialAction":[{"@type":"SearchAction","target":{"@type":"EntryPoint","urlTemplate":"https:\/\/laprensacristiana.com\/?s={search_term_string}"},"query-input":"required name=search_term_string"}],"inLanguage":"es"},{"@type":"Person","@id":"https:\/\/laprensacristiana.com\/#\/schema\/person\/3e7d82c6bfd6b1fa67010f8f7cd5256e","name":"EDITOR","image":{"@type":"ImageObject","inLanguage":"es","@id":"https:\/\/laprensacristiana.com\/#\/schema\/person\/image\/","url":"https:\/\/secure.gravatar.com\/avatar\/72069dfb6c13772d9e8381e3638666d2?s=96&d=mm&r=g","contentUrl":"https:\/\/secure.gravatar.com\/avatar\/72069dfb6c13772d9e8381e3638666d2?s=96&d=mm&r=g","caption":"EDITOR"},"url":"https:\/\/laprensacristiana.com\/?author=3"}]}},"_links":{"self":[{"href":"https:\/\/laprensacristiana.com\/index.php?rest_route=\/wp\/v2\/posts\/12487"}],"collection":[{"href":"https:\/\/laprensacristiana.com\/index.php?rest_route=\/wp\/v2\/posts"}],"about":[{"href":"https:\/\/laprensacristiana.com\/index.php?rest_route=\/wp\/v2\/types\/post"}],"author":[{"embeddable":true,"href":"https:\/\/laprensacristiana.com\/index.php?rest_route=\/wp\/v2\/users\/3"}],"replies":[{"embeddable":true,"href":"https:\/\/laprensacristiana.com\/index.php?rest_route=%2Fwp%2Fv2%2Fcomments&post=12487"}],"version-history":[{"count":2,"href":"https:\/\/laprensacristiana.com\/index.php?rest_route=\/wp\/v2\/posts\/12487\/revisions"}],"predecessor-version":[{"id":12489,"href":"https:\/\/laprensacristiana.com\/index.php?rest_route=\/wp\/v2\/posts\/12487\/revisions\/12489"}],"wp:featuredmedia":[{"embeddable":true,"href":"https:\/\/laprensacristiana.com\/index.php?rest_route=\/wp\/v2\/media\/12089"}],"wp:attachment":[{"href":"https:\/\/laprensacristiana.com\/index.php?rest_route=%2Fwp%2Fv2%2Fmedia&parent=12487"}],"wp:term":[{"taxonomy":"category","embeddable":true,"href":"https:\/\/laprensacristiana.com\/index.php?rest_route=%2Fwp%2Fv2%2Fcategories&post=12487"},{"taxonomy":"post_tag","embeddable":true,"href":"https:\/\/laprensacristiana.com\/index.php?rest_route=%2Fwp%2Fv2%2Ftags&post=12487"}],"curies":[{"name":"wp","href":"https:\/\/api.w.org\/{rel}","templated":true}]}}