{"id":12509,"date":"2021-09-11T03:16:24","date_gmt":"2021-09-11T03:16:24","guid":{"rendered":"https:\/\/laprensacristiana.com\/?p=12509"},"modified":"2021-09-11T03:16:25","modified_gmt":"2021-09-11T03:16:25","slug":"max-lucado-agradece-oraciones-por-su-salud","status":"publish","type":"post","link":"https:\/\/laprensacristiana.com\/?p=12509","title":{"rendered":"Max Lucado agradece oraciones por su salud"},"content":{"rendered":"\n<p>Hace tres d\u00edas Max Lucado a trav\u00e9s de un comunicado dio a conocer su estado de salud, recientemente fue diagnosticado con aneurisma a\u00f3rtico ascendente.&nbsp;<\/p>\n\n\n\n<p>El aneurisma de la aorta ascendente es una dilataci\u00f3n de esta arteria, la causa principal es la arteriosclerosis. Un porcentaje elevado de pacientes la atraviesa de manera asintom\u00e1tica, a pesar de ser potencialmente mortal.<\/p>\n\n\n\n<p>La cirug\u00eda es una posibilidad para Max Lucado pero a\u00fan no se ha previsto por el momento. Actualmente se tendr\u00e1 en observaci\u00f3n y deber\u00e1 esperar a que el aneurisma no aumente de tama\u00f1o.&nbsp;<\/p>\n\n\n\n<p>\u00abMantengo mis rutinas y compromisos normales; mi ministerio no ha sido perturbado por esta noticia. Estas son las buenas noticias: me siento bien. Estoy al cuidado de un destacado equipo m\u00e9dico y, sobre todo, estoy en manos de un buen Dios, por ahora, sepan que conf\u00edo plenamente en nuestro Padre celestial. Estoy agradecido por sus oraciones por m\u00ed y por mi familia\u00bb, expres\u00f3 el reconocido autor de libros.&nbsp;<\/p>\n\n\n\n<p>Max Lucado es pastor, orador y autor de best-sellers que, en sus propias palabras, \u00abescribe libros para personas que no leen libros\u00bb. Sirve a la gente de la Iglesia Oak Hills en San Antonio, Texas, y su mensaje es para los heridos, los culpables, los solitarios y los desanimados.<\/p>\n\n\n\n<p>Los libros de Max han vendido m\u00e1s de 120 millones de copias en 54 idiomas en todo el mundo.<\/p>\n\n\n\n<figure class=\"wp-block-embed-youtube wp-block-embed is-type-video is-provider-youtube wp-embed-aspect-16-9 wp-has-aspect-ratio\"><div class=\"wp-block-embed__wrapper\">\n<iframe loading=\"lazy\" title=\"An Update from Max\" width=\"696\" height=\"392\" src=\"https:\/\/www.youtube.com\/embed\/W1nqXVWcQX0?feature=oembed&#038;enablejsapi=1\" frameborder=\"0\" allow=\"accelerometer; autoplay; clipboard-write; encrypted-media; gyroscope; picture-in-picture\" allowfullscreen><\/iframe>\n<\/div><\/figure>\n","protected":false},"excerpt":{"rendered":"<p>Hace tres d\u00edas Max Lucado a trav\u00e9s de un comunicado dio a conocer su estado de salud, recientemente fue diagnosticado con aneurisma a\u00f3rtico ascendente.&nbsp; El aneurisma de la aorta ascendente es una dilataci\u00f3n de esta arteria, la causa principal es la arteriosclerosis. Un porcentaje elevado de pacientes la atraviesa de manera asintom\u00e1tica, a pesar de [&hellip;]<\/p>\n","protected":false},"author":3,"featured_media":12510,"comment_status":"open","ping_status":"open","sticky":false,"template":"","format":"standard","meta":[],"categories":[56],"tags":[],"yoast_head":"<!-- This site is optimized with the Yoast SEO plugin v20.8 - https:\/\/yoast.com\/wordpress\/plugins\/seo\/ -->\n<title>Max Lucado agradece oraciones por su salud - La Prensa Cristiana<\/title>\n<meta name=\"robots\" content=\"index, follow, max-snippet:-1, max-image-preview:large, max-video-preview:-1\" \/>\n<link rel=\"canonical\" href=\"https:\/\/laprensacristiana.com\/?p=12509\" \/>\n<meta property=\"og:locale\" content=\"es_ES\" \/>\n<meta property=\"og:type\" content=\"article\" \/>\n<meta property=\"og:title\" content=\"Max Lucado agradece oraciones por su salud - La Prensa Cristiana\" \/>\n<meta property=\"og:description\" content=\"Hace tres d\u00edas Max Lucado a trav\u00e9s de un comunicado dio a conocer su estado de salud, recientemente fue diagnosticado con aneurisma a\u00f3rtico ascendente.&nbsp; El aneurisma de la aorta ascendente es una dilataci\u00f3n de esta arteria, la causa principal es la arteriosclerosis. Un porcentaje elevado de pacientes la atraviesa de manera asintom\u00e1tica, a pesar de [&hellip;]\" \/>\n<meta property=\"og:url\" content=\"https:\/\/laprensacristiana.com\/?p=12509\" \/>\n<meta property=\"og:site_name\" content=\"La Prensa Cristiana\" \/>\n<meta property=\"article:published_time\" content=\"2021-09-11T03:16:24+00:00\" \/>\n<meta property=\"article:modified_time\" content=\"2021-09-11T03:16:25+00:00\" \/>\n<meta property=\"og:image\" content=\"https:\/\/laprensacristiana.com\/wp-content\/uploads\/2021\/09\/FB_IMG_1631328609715.jpg\" \/>\n\t<meta property=\"og:image:width\" content=\"720\" \/>\n\t<meta property=\"og:image:height\" content=\"720\" \/>\n\t<meta property=\"og:image:type\" content=\"image\/jpeg\" \/>\n<meta name=\"author\" content=\"EDITOR\" \/>\n<meta name=\"twitter:card\" content=\"summary_large_image\" \/>\n<meta name=\"twitter:label1\" content=\"Escrito por\" \/>\n\t<meta name=\"twitter:data1\" content=\"EDITOR\" \/>\n\t<meta name=\"twitter:label2\" content=\"Tiempo de lectura\" \/>\n\t<meta name=\"twitter:data2\" content=\"1 minuto\" \/>\n<script type=\"application\/ld+json\" class=\"yoast-schema-graph\">{\"@context\":\"https:\/\/schema.org\",\"@graph\":[{\"@type\":\"WebPage\",\"@id\":\"https:\/\/laprensacristiana.com\/?p=12509\",\"url\":\"https:\/\/laprensacristiana.com\/?p=12509\",\"name\":\"Max Lucado agradece oraciones por su salud - La Prensa Cristiana\",\"isPartOf\":{\"@id\":\"https:\/\/laprensacristiana.com\/#website\"},\"datePublished\":\"2021-09-11T03:16:24+00:00\",\"dateModified\":\"2021-09-11T03:16:25+00:00\",\"author\":{\"@id\":\"https:\/\/laprensacristiana.com\/#\/schema\/person\/3e7d82c6bfd6b1fa67010f8f7cd5256e\"},\"breadcrumb\":{\"@id\":\"https:\/\/laprensacristiana.com\/?p=12509#breadcrumb\"},\"inLanguage\":\"es\",\"potentialAction\":[{\"@type\":\"ReadAction\",\"target\":[\"https:\/\/laprensacristiana.com\/?p=12509\"]}]},{\"@type\":\"BreadcrumbList\",\"@id\":\"https:\/\/laprensacristiana.com\/?p=12509#breadcrumb\",\"itemListElement\":[{\"@type\":\"ListItem\",\"position\":1,\"name\":\"Portada\",\"item\":\"https:\/\/laprensacristiana.com\/\"},{\"@type\":\"ListItem\",\"position\":2,\"name\":\"Max Lucado agradece oraciones por su salud\"}]},{\"@type\":\"WebSite\",\"@id\":\"https:\/\/laprensacristiana.com\/#website\",\"url\":\"https:\/\/laprensacristiana.com\/\",\"name\":\"La Prensa Cristiana\",\"description\":\"Anunciando Las Buenas Nuevas\",\"potentialAction\":[{\"@type\":\"SearchAction\",\"target\":{\"@type\":\"EntryPoint\",\"urlTemplate\":\"https:\/\/laprensacristiana.com\/?s={search_term_string}\"},\"query-input\":\"required name=search_term_string\"}],\"inLanguage\":\"es\"},{\"@type\":\"Person\",\"@id\":\"https:\/\/laprensacristiana.com\/#\/schema\/person\/3e7d82c6bfd6b1fa67010f8f7cd5256e\",\"name\":\"EDITOR\",\"image\":{\"@type\":\"ImageObject\",\"inLanguage\":\"es\",\"@id\":\"https:\/\/laprensacristiana.com\/#\/schema\/person\/image\/\",\"url\":\"https:\/\/secure.gravatar.com\/avatar\/72069dfb6c13772d9e8381e3638666d2?s=96&d=mm&r=g\",\"contentUrl\":\"https:\/\/secure.gravatar.com\/avatar\/72069dfb6c13772d9e8381e3638666d2?s=96&d=mm&r=g\",\"caption\":\"EDITOR\"},\"url\":\"https:\/\/laprensacristiana.com\/?author=3\"}]}<\/script>\n<!-- \/ Yoast SEO plugin. -->","yoast_head_json":{"title":"Max Lucado agradece oraciones por su salud - La Prensa Cristiana","robots":{"index":"index","follow":"follow","max-snippet":"max-snippet:-1","max-image-preview":"max-image-preview:large","max-video-preview":"max-video-preview:-1"},"canonical":"https:\/\/laprensacristiana.com\/?p=12509","og_locale":"es_ES","og_type":"article","og_title":"Max Lucado agradece oraciones por su salud - La Prensa Cristiana","og_description":"Hace tres d\u00edas Max Lucado a trav\u00e9s de un comunicado dio a conocer su estado de salud, recientemente fue diagnosticado con aneurisma a\u00f3rtico ascendente.&nbsp; El aneurisma de la aorta ascendente es una dilataci\u00f3n de esta arteria, la causa principal es la arteriosclerosis. Un porcentaje elevado de pacientes la atraviesa de manera asintom\u00e1tica, a pesar de [&hellip;]","og_url":"https:\/\/laprensacristiana.com\/?p=12509","og_site_name":"La Prensa Cristiana","article_published_time":"2021-09-11T03:16:24+00:00","article_modified_time":"2021-09-11T03:16:25+00:00","og_image":[{"width":720,"height":720,"url":"https:\/\/laprensacristiana.com\/wp-content\/uploads\/2021\/09\/FB_IMG_1631328609715.jpg","type":"image\/jpeg"}],"author":"EDITOR","twitter_card":"summary_large_image","twitter_misc":{"Escrito por":"EDITOR","Tiempo de lectura":"1 minuto"},"schema":{"@context":"https:\/\/schema.org","@graph":[{"@type":"WebPage","@id":"https:\/\/laprensacristiana.com\/?p=12509","url":"https:\/\/laprensacristiana.com\/?p=12509","name":"Max Lucado agradece oraciones por su salud - La Prensa Cristiana","isPartOf":{"@id":"https:\/\/laprensacristiana.com\/#website"},"datePublished":"2021-09-11T03:16:24+00:00","dateModified":"2021-09-11T03:16:25+00:00","author":{"@id":"https:\/\/laprensacristiana.com\/#\/schema\/person\/3e7d82c6bfd6b1fa67010f8f7cd5256e"},"breadcrumb":{"@id":"https:\/\/laprensacristiana.com\/?p=12509#breadcrumb"},"inLanguage":"es","potentialAction":[{"@type":"ReadAction","target":["https:\/\/laprensacristiana.com\/?p=12509"]}]},{"@type":"BreadcrumbList","@id":"https:\/\/laprensacristiana.com\/?p=12509#breadcrumb","itemListElement":[{"@type":"ListItem","position":1,"name":"Portada","item":"https:\/\/laprensacristiana.com\/"},{"@type":"ListItem","position":2,"name":"Max Lucado agradece oraciones por su salud"}]},{"@type":"WebSite","@id":"https:\/\/laprensacristiana.com\/#website","url":"https:\/\/laprensacristiana.com\/","name":"La Prensa Cristiana","description":"Anunciando Las Buenas Nuevas","potentialAction":[{"@type":"SearchAction","target":{"@type":"EntryPoint","urlTemplate":"https:\/\/laprensacristiana.com\/?s={search_term_string}"},"query-input":"required name=search_term_string"}],"inLanguage":"es"},{"@type":"Person","@id":"https:\/\/laprensacristiana.com\/#\/schema\/person\/3e7d82c6bfd6b1fa67010f8f7cd5256e","name":"EDITOR","image":{"@type":"ImageObject","inLanguage":"es","@id":"https:\/\/laprensacristiana.com\/#\/schema\/person\/image\/","url":"https:\/\/secure.gravatar.com\/avatar\/72069dfb6c13772d9e8381e3638666d2?s=96&d=mm&r=g","contentUrl":"https:\/\/secure.gravatar.com\/avatar\/72069dfb6c13772d9e8381e3638666d2?s=96&d=mm&r=g","caption":"EDITOR"},"url":"https:\/\/laprensacristiana.com\/?author=3"}]}},"_links":{"self":[{"href":"https:\/\/laprensacristiana.com\/index.php?rest_route=\/wp\/v2\/posts\/12509"}],"collection":[{"href":"https:\/\/laprensacristiana.com\/index.php?rest_route=\/wp\/v2\/posts"}],"about":[{"href":"https:\/\/laprensacristiana.com\/index.php?rest_route=\/wp\/v2\/types\/post"}],"author":[{"embeddable":true,"href":"https:\/\/laprensacristiana.com\/index.php?rest_route=\/wp\/v2\/users\/3"}],"replies":[{"embeddable":true,"href":"https:\/\/laprensacristiana.com\/index.php?rest_route=%2Fwp%2Fv2%2Fcomments&post=12509"}],"version-history":[{"count":1,"href":"https:\/\/laprensacristiana.com\/index.php?rest_route=\/wp\/v2\/posts\/12509\/revisions"}],"predecessor-version":[{"id":12511,"href":"https:\/\/laprensacristiana.com\/index.php?rest_route=\/wp\/v2\/posts\/12509\/revisions\/12511"}],"wp:featuredmedia":[{"embeddable":true,"href":"https:\/\/laprensacristiana.com\/index.php?rest_route=\/wp\/v2\/media\/12510"}],"wp:attachment":[{"href":"https:\/\/laprensacristiana.com\/index.php?rest_route=%2Fwp%2Fv2%2Fmedia&parent=12509"}],"wp:term":[{"taxonomy":"category","embeddable":true,"href":"https:\/\/laprensacristiana.com\/index.php?rest_route=%2Fwp%2Fv2%2Fcategories&post=12509"},{"taxonomy":"post_tag","embeddable":true,"href":"https:\/\/laprensacristiana.com\/index.php?rest_route=%2Fwp%2Fv2%2Ftags&post=12509"}],"curies":[{"name":"wp","href":"https:\/\/api.w.org\/{rel}","templated":true}]}}