{"id":12547,"date":"2021-09-16T01:02:39","date_gmt":"2021-09-16T01:02:39","guid":{"rendered":"https:\/\/laprensacristiana.com\/?p=12547"},"modified":"2021-09-16T01:02:40","modified_gmt":"2021-09-16T01:02:40","slug":"suprema-corte-de-mexico-determina-que-es-inconstitucional-penalizar-el-aborto","status":"publish","type":"post","link":"https:\/\/laprensacristiana.com\/?p=12547","title":{"rendered":"Suprema Corte de M\u00e9xico determina que es inconstitucional penalizar el aborto"},"content":{"rendered":"\n<p>Por: Javier Bola\u00f1os \/ GNA<\/p>\n\n\n\n<figure class=\"wp-block-embed-youtube wp-block-embed is-type-video is-provider-youtube wp-embed-aspect-16-9 wp-has-aspect-ratio\"><div class=\"wp-block-embed__wrapper\">\n<iframe loading=\"lazy\" title=\"Suprema Corte de M\u00e9xico determina que es inconstitucional penalizar el aborto\" width=\"696\" height=\"392\" src=\"https:\/\/www.youtube.com\/embed\/vCEWD9VF0fw?feature=oembed&#038;enablejsapi=1\" frameborder=\"0\" allow=\"accelerometer; autoplay; clipboard-write; encrypted-media; gyroscope; picture-in-picture\" allowfullscreen><\/iframe>\n<\/div><\/figure>\n\n\n\n<p>La Suprema Corte anula la c\u00e1rcel con la que se castiga el aborto en algunos Estados de M\u00e9xico y sienta un precedente para toda la naci\u00f3n. El fallo \u00abmarca la etapa m\u00e1s regresiva en las pol\u00edticas p\u00fablicas de M\u00e9xico\u201d, lament\u00f3 Aar\u00f3n Lara, presidente del Congreso Iberoamericano por la Vida y la Familia.<\/p>\n","protected":false},"excerpt":{"rendered":"<p>Por: Javier Bola\u00f1os \/ GNA La Suprema Corte anula la c\u00e1rcel con la que se castiga el aborto en algunos Estados de M\u00e9xico y sienta un precedente para toda la naci\u00f3n. El fallo \u00abmarca la etapa m\u00e1s regresiva en las pol\u00edticas p\u00fablicas de M\u00e9xico\u201d, lament\u00f3 Aar\u00f3n Lara, presidente del Congreso Iberoamericano por la Vida y [&hellip;]<\/p>\n","protected":false},"author":3,"featured_media":12548,"comment_status":"open","ping_status":"open","sticky":false,"template":"","format":"standard","meta":[],"categories":[56],"tags":[],"yoast_head":"<!-- This site is optimized with the Yoast SEO plugin v20.8 - https:\/\/yoast.com\/wordpress\/plugins\/seo\/ -->\n<title>Suprema Corte de M\u00e9xico determina que es inconstitucional penalizar el aborto - La Prensa Cristiana<\/title>\n<meta name=\"robots\" content=\"index, follow, max-snippet:-1, max-image-preview:large, max-video-preview:-1\" \/>\n<link rel=\"canonical\" href=\"https:\/\/laprensacristiana.com\/?p=12547\" \/>\n<meta property=\"og:locale\" content=\"es_ES\" \/>\n<meta property=\"og:type\" content=\"article\" \/>\n<meta property=\"og:title\" content=\"Suprema Corte de M\u00e9xico determina que es inconstitucional penalizar el aborto - La Prensa Cristiana\" \/>\n<meta property=\"og:description\" content=\"Por: Javier Bola\u00f1os \/ GNA La Suprema Corte anula la c\u00e1rcel con la que se castiga el aborto en algunos Estados de M\u00e9xico y sienta un precedente para toda la naci\u00f3n. El fallo \u00abmarca la etapa m\u00e1s regresiva en las pol\u00edticas p\u00fablicas de M\u00e9xico\u201d, lament\u00f3 Aar\u00f3n Lara, presidente del Congreso Iberoamericano por la Vida y [&hellip;]\" \/>\n<meta property=\"og:url\" content=\"https:\/\/laprensacristiana.com\/?p=12547\" \/>\n<meta property=\"og:site_name\" content=\"La Prensa Cristiana\" \/>\n<meta property=\"article:published_time\" content=\"2021-09-16T01:02:39+00:00\" \/>\n<meta property=\"article:modified_time\" content=\"2021-09-16T01:02:40+00:00\" \/>\n<meta property=\"og:image\" content=\"https:\/\/laprensacristiana.com\/wp-content\/uploads\/2021\/09\/unnamed.png\" \/>\n\t<meta property=\"og:image:width\" content=\"1280\" \/>\n\t<meta property=\"og:image:height\" content=\"720\" \/>\n\t<meta property=\"og:image:type\" content=\"image\/png\" \/>\n<meta name=\"author\" content=\"EDITOR\" \/>\n<meta name=\"twitter:card\" content=\"summary_large_image\" \/>\n<meta name=\"twitter:label1\" content=\"Escrito por\" \/>\n\t<meta name=\"twitter:data1\" content=\"EDITOR\" \/>\n<script type=\"application\/ld+json\" class=\"yoast-schema-graph\">{\"@context\":\"https:\/\/schema.org\",\"@graph\":[{\"@type\":\"WebPage\",\"@id\":\"https:\/\/laprensacristiana.com\/?p=12547\",\"url\":\"https:\/\/laprensacristiana.com\/?p=12547\",\"name\":\"Suprema Corte de M\u00e9xico determina que es inconstitucional penalizar el aborto - La Prensa Cristiana\",\"isPartOf\":{\"@id\":\"https:\/\/laprensacristiana.com\/#website\"},\"datePublished\":\"2021-09-16T01:02:39+00:00\",\"dateModified\":\"2021-09-16T01:02:40+00:00\",\"author\":{\"@id\":\"https:\/\/laprensacristiana.com\/#\/schema\/person\/3e7d82c6bfd6b1fa67010f8f7cd5256e\"},\"breadcrumb\":{\"@id\":\"https:\/\/laprensacristiana.com\/?p=12547#breadcrumb\"},\"inLanguage\":\"es\",\"potentialAction\":[{\"@type\":\"ReadAction\",\"target\":[\"https:\/\/laprensacristiana.com\/?p=12547\"]}]},{\"@type\":\"BreadcrumbList\",\"@id\":\"https:\/\/laprensacristiana.com\/?p=12547#breadcrumb\",\"itemListElement\":[{\"@type\":\"ListItem\",\"position\":1,\"name\":\"Portada\",\"item\":\"https:\/\/laprensacristiana.com\/\"},{\"@type\":\"ListItem\",\"position\":2,\"name\":\"Suprema Corte de M\u00e9xico determina que es inconstitucional penalizar el aborto\"}]},{\"@type\":\"WebSite\",\"@id\":\"https:\/\/laprensacristiana.com\/#website\",\"url\":\"https:\/\/laprensacristiana.com\/\",\"name\":\"La Prensa Cristiana\",\"description\":\"Anunciando Las Buenas Nuevas\",\"potentialAction\":[{\"@type\":\"SearchAction\",\"target\":{\"@type\":\"EntryPoint\",\"urlTemplate\":\"https:\/\/laprensacristiana.com\/?s={search_term_string}\"},\"query-input\":\"required name=search_term_string\"}],\"inLanguage\":\"es\"},{\"@type\":\"Person\",\"@id\":\"https:\/\/laprensacristiana.com\/#\/schema\/person\/3e7d82c6bfd6b1fa67010f8f7cd5256e\",\"name\":\"EDITOR\",\"image\":{\"@type\":\"ImageObject\",\"inLanguage\":\"es\",\"@id\":\"https:\/\/laprensacristiana.com\/#\/schema\/person\/image\/\",\"url\":\"https:\/\/secure.gravatar.com\/avatar\/72069dfb6c13772d9e8381e3638666d2?s=96&d=mm&r=g\",\"contentUrl\":\"https:\/\/secure.gravatar.com\/avatar\/72069dfb6c13772d9e8381e3638666d2?s=96&d=mm&r=g\",\"caption\":\"EDITOR\"},\"url\":\"https:\/\/laprensacristiana.com\/?author=3\"}]}<\/script>\n<!-- \/ Yoast SEO plugin. -->","yoast_head_json":{"title":"Suprema Corte de M\u00e9xico determina que es inconstitucional penalizar el aborto - La Prensa Cristiana","robots":{"index":"index","follow":"follow","max-snippet":"max-snippet:-1","max-image-preview":"max-image-preview:large","max-video-preview":"max-video-preview:-1"},"canonical":"https:\/\/laprensacristiana.com\/?p=12547","og_locale":"es_ES","og_type":"article","og_title":"Suprema Corte de M\u00e9xico determina que es inconstitucional penalizar el aborto - La Prensa Cristiana","og_description":"Por: Javier Bola\u00f1os \/ GNA La Suprema Corte anula la c\u00e1rcel con la que se castiga el aborto en algunos Estados de M\u00e9xico y sienta un precedente para toda la naci\u00f3n. El fallo \u00abmarca la etapa m\u00e1s regresiva en las pol\u00edticas p\u00fablicas de M\u00e9xico\u201d, lament\u00f3 Aar\u00f3n Lara, presidente del Congreso Iberoamericano por la Vida y [&hellip;]","og_url":"https:\/\/laprensacristiana.com\/?p=12547","og_site_name":"La Prensa Cristiana","article_published_time":"2021-09-16T01:02:39+00:00","article_modified_time":"2021-09-16T01:02:40+00:00","og_image":[{"width":1280,"height":720,"url":"https:\/\/laprensacristiana.com\/wp-content\/uploads\/2021\/09\/unnamed.png","type":"image\/png"}],"author":"EDITOR","twitter_card":"summary_large_image","twitter_misc":{"Escrito por":"EDITOR"},"schema":{"@context":"https:\/\/schema.org","@graph":[{"@type":"WebPage","@id":"https:\/\/laprensacristiana.com\/?p=12547","url":"https:\/\/laprensacristiana.com\/?p=12547","name":"Suprema Corte de M\u00e9xico determina que es inconstitucional penalizar el aborto - La Prensa Cristiana","isPartOf":{"@id":"https:\/\/laprensacristiana.com\/#website"},"datePublished":"2021-09-16T01:02:39+00:00","dateModified":"2021-09-16T01:02:40+00:00","author":{"@id":"https:\/\/laprensacristiana.com\/#\/schema\/person\/3e7d82c6bfd6b1fa67010f8f7cd5256e"},"breadcrumb":{"@id":"https:\/\/laprensacristiana.com\/?p=12547#breadcrumb"},"inLanguage":"es","potentialAction":[{"@type":"ReadAction","target":["https:\/\/laprensacristiana.com\/?p=12547"]}]},{"@type":"BreadcrumbList","@id":"https:\/\/laprensacristiana.com\/?p=12547#breadcrumb","itemListElement":[{"@type":"ListItem","position":1,"name":"Portada","item":"https:\/\/laprensacristiana.com\/"},{"@type":"ListItem","position":2,"name":"Suprema Corte de M\u00e9xico determina que es inconstitucional penalizar el aborto"}]},{"@type":"WebSite","@id":"https:\/\/laprensacristiana.com\/#website","url":"https:\/\/laprensacristiana.com\/","name":"La Prensa Cristiana","description":"Anunciando Las Buenas Nuevas","potentialAction":[{"@type":"SearchAction","target":{"@type":"EntryPoint","urlTemplate":"https:\/\/laprensacristiana.com\/?s={search_term_string}"},"query-input":"required name=search_term_string"}],"inLanguage":"es"},{"@type":"Person","@id":"https:\/\/laprensacristiana.com\/#\/schema\/person\/3e7d82c6bfd6b1fa67010f8f7cd5256e","name":"EDITOR","image":{"@type":"ImageObject","inLanguage":"es","@id":"https:\/\/laprensacristiana.com\/#\/schema\/person\/image\/","url":"https:\/\/secure.gravatar.com\/avatar\/72069dfb6c13772d9e8381e3638666d2?s=96&d=mm&r=g","contentUrl":"https:\/\/secure.gravatar.com\/avatar\/72069dfb6c13772d9e8381e3638666d2?s=96&d=mm&r=g","caption":"EDITOR"},"url":"https:\/\/laprensacristiana.com\/?author=3"}]}},"_links":{"self":[{"href":"https:\/\/laprensacristiana.com\/index.php?rest_route=\/wp\/v2\/posts\/12547"}],"collection":[{"href":"https:\/\/laprensacristiana.com\/index.php?rest_route=\/wp\/v2\/posts"}],"about":[{"href":"https:\/\/laprensacristiana.com\/index.php?rest_route=\/wp\/v2\/types\/post"}],"author":[{"embeddable":true,"href":"https:\/\/laprensacristiana.com\/index.php?rest_route=\/wp\/v2\/users\/3"}],"replies":[{"embeddable":true,"href":"https:\/\/laprensacristiana.com\/index.php?rest_route=%2Fwp%2Fv2%2Fcomments&post=12547"}],"version-history":[{"count":1,"href":"https:\/\/laprensacristiana.com\/index.php?rest_route=\/wp\/v2\/posts\/12547\/revisions"}],"predecessor-version":[{"id":12549,"href":"https:\/\/laprensacristiana.com\/index.php?rest_route=\/wp\/v2\/posts\/12547\/revisions\/12549"}],"wp:featuredmedia":[{"embeddable":true,"href":"https:\/\/laprensacristiana.com\/index.php?rest_route=\/wp\/v2\/media\/12548"}],"wp:attachment":[{"href":"https:\/\/laprensacristiana.com\/index.php?rest_route=%2Fwp%2Fv2%2Fmedia&parent=12547"}],"wp:term":[{"taxonomy":"category","embeddable":true,"href":"https:\/\/laprensacristiana.com\/index.php?rest_route=%2Fwp%2Fv2%2Fcategories&post=12547"},{"taxonomy":"post_tag","embeddable":true,"href":"https:\/\/laprensacristiana.com\/index.php?rest_route=%2Fwp%2Fv2%2Ftags&post=12547"}],"curies":[{"name":"wp","href":"https:\/\/api.w.org\/{rel}","templated":true}]}}