{"id":12553,"date":"2021-09-17T14:32:21","date_gmt":"2021-09-17T14:32:21","guid":{"rendered":"https:\/\/laprensacristiana.com\/?p=12553"},"modified":"2021-09-17T14:32:21","modified_gmt":"2021-09-17T14:32:21","slug":"presidente-de-la-republica-nayib-bukele-no-permitira-cambios-a-articulos-sobre-la-vida-matrimonio-y-eutanasia","status":"publish","type":"post","link":"https:\/\/laprensacristiana.com\/?p=12553","title":{"rendered":"Presidente de la Rep\u00fablica Nayib Bukele no permitir\u00e1 cambios a art\u00edculos sobre la vida, matrimonio y eutanasia."},"content":{"rendered":"\n<p>Junto con la celebraci\u00f3n del bicentenario, el presidente de la Rep\u00fablica Nayib Bukele recibi\u00f3 de manos del vicepresidente F\u00e9lix Ulloa la propuesta de reformas constitucionales, el pasado 15 de septiembre.<\/p>\n\n\n\n<p>la iglesia evang\u00e9lica se hab\u00eda expresado con preocupaci\u00f3n sobre 3 temas: 1. El derecho a una muerte digna, 2. La colisi\u00f3n de derechos entre la vida de la madre y de su beb\u00e9 en gestaci\u00f3n, 3. Los matrimonios igualitarios entre parejas del mismo sexo.<\/p>\n\n\n\n<p> Este viernes, en horas de la ma\u00f1ana, el presidente, expres\u00f3 su postura ante estos aspectos: \u201cUstedes me conocen desde hace muchos a\u00f1os y saben que no propondr\u00eda ninguna de esas cosas, por m\u00e1s presiones internacionales que tenga. Y aunque yo no particip\u00e9 en la creaci\u00f3n de este proyecto de reforma constitucional, ahora que ya est\u00e1 en mis manos, me toca revisarlo, consultarlo y modificarlo, antes de enviarlo a los diputados para su estudio. Pero la campa\u00f1a es fuerte e incluso alguna gente buena, que tal vez se preocupa de verdad, cay\u00f3 presa de los enga\u00f1os y ha dicho que si bien la propuesta no incluye y ni siquiera menciona esos temas, si pudiera prestarse a interpretaciones en un futuro y abrir la puerta para su adopci\u00f3n. Por lo tanto, he decidido, para que no quede NINGUNA DUDA, NO PROPONER NING\u00daN TIPO DE REFORMA a NING\u00daN ART\u00cdCULO que tenga que ver con el DERECHO A LA VIDA (desde el momento de la concepci\u00f3n), con el matrimonio (manteniendo \u00fanicamente el dise\u00f1o original, UN HOMBRE Y UNA MUJER) o con la eutanasia\u201d aclar\u00f3 el mandatario.<\/p>\n\n\n\n<p><\/p>\n","protected":false},"excerpt":{"rendered":"<p>Junto con la celebraci\u00f3n del bicentenario, el presidente de la Rep\u00fablica Nayib Bukele recibi\u00f3 de manos del vicepresidente F\u00e9lix Ulloa la propuesta de reformas constitucionales, el pasado 15 de septiembre. la iglesia evang\u00e9lica se hab\u00eda expresado con preocupaci\u00f3n sobre 3 temas: 1. El derecho a una muerte digna, 2. La colisi\u00f3n de derechos entre la [&hellip;]<\/p>\n","protected":false},"author":3,"featured_media":12554,"comment_status":"open","ping_status":"open","sticky":false,"template":"","format":"standard","meta":[],"categories":[56],"tags":[],"yoast_head":"<!-- This site is optimized with the Yoast SEO plugin v20.8 - https:\/\/yoast.com\/wordpress\/plugins\/seo\/ -->\n<title>Presidente de la Rep\u00fablica Nayib Bukele no permitir\u00e1 cambios a art\u00edculos sobre la vida, matrimonio y eutanasia. - La Prensa Cristiana<\/title>\n<meta name=\"robots\" content=\"index, follow, max-snippet:-1, max-image-preview:large, max-video-preview:-1\" \/>\n<link rel=\"canonical\" href=\"https:\/\/laprensacristiana.com\/?p=12553\" \/>\n<meta property=\"og:locale\" content=\"es_ES\" \/>\n<meta property=\"og:type\" content=\"article\" \/>\n<meta property=\"og:title\" content=\"Presidente de la Rep\u00fablica Nayib Bukele no permitir\u00e1 cambios a art\u00edculos sobre la vida, matrimonio y eutanasia. - La Prensa Cristiana\" \/>\n<meta property=\"og:description\" content=\"Junto con la celebraci\u00f3n del bicentenario, el presidente de la Rep\u00fablica Nayib Bukele recibi\u00f3 de manos del vicepresidente F\u00e9lix Ulloa la propuesta de reformas constitucionales, el pasado 15 de septiembre. la iglesia evang\u00e9lica se hab\u00eda expresado con preocupaci\u00f3n sobre 3 temas: 1. El derecho a una muerte digna, 2. La colisi\u00f3n de derechos entre la [&hellip;]\" \/>\n<meta property=\"og:url\" content=\"https:\/\/laprensacristiana.com\/?p=12553\" \/>\n<meta property=\"og:site_name\" content=\"La Prensa Cristiana\" \/>\n<meta property=\"article:published_time\" content=\"2021-09-17T14:32:21+00:00\" \/>\n<meta property=\"og:image\" content=\"https:\/\/laprensacristiana.com\/wp-content\/uploads\/2021\/09\/WhatsApp-Image-2021-09-17-at-06.13.29.jpeg\" \/>\n\t<meta property=\"og:image:width\" content=\"1277\" \/>\n\t<meta property=\"og:image:height\" content=\"1280\" \/>\n\t<meta property=\"og:image:type\" content=\"image\/jpeg\" \/>\n<meta name=\"author\" content=\"EDITOR\" \/>\n<meta name=\"twitter:card\" content=\"summary_large_image\" \/>\n<meta name=\"twitter:label1\" content=\"Escrito por\" \/>\n\t<meta name=\"twitter:data1\" content=\"EDITOR\" \/>\n\t<meta name=\"twitter:label2\" content=\"Tiempo de lectura\" \/>\n\t<meta name=\"twitter:data2\" content=\"1 minuto\" \/>\n<script type=\"application\/ld+json\" class=\"yoast-schema-graph\">{\"@context\":\"https:\/\/schema.org\",\"@graph\":[{\"@type\":\"WebPage\",\"@id\":\"https:\/\/laprensacristiana.com\/?p=12553\",\"url\":\"https:\/\/laprensacristiana.com\/?p=12553\",\"name\":\"Presidente de la Rep\u00fablica Nayib Bukele no permitir\u00e1 cambios a art\u00edculos sobre la vida, matrimonio y eutanasia. - La Prensa Cristiana\",\"isPartOf\":{\"@id\":\"https:\/\/laprensacristiana.com\/#website\"},\"datePublished\":\"2021-09-17T14:32:21+00:00\",\"dateModified\":\"2021-09-17T14:32:21+00:00\",\"author\":{\"@id\":\"https:\/\/laprensacristiana.com\/#\/schema\/person\/3e7d82c6bfd6b1fa67010f8f7cd5256e\"},\"breadcrumb\":{\"@id\":\"https:\/\/laprensacristiana.com\/?p=12553#breadcrumb\"},\"inLanguage\":\"es\",\"potentialAction\":[{\"@type\":\"ReadAction\",\"target\":[\"https:\/\/laprensacristiana.com\/?p=12553\"]}]},{\"@type\":\"BreadcrumbList\",\"@id\":\"https:\/\/laprensacristiana.com\/?p=12553#breadcrumb\",\"itemListElement\":[{\"@type\":\"ListItem\",\"position\":1,\"name\":\"Portada\",\"item\":\"https:\/\/laprensacristiana.com\/\"},{\"@type\":\"ListItem\",\"position\":2,\"name\":\"Presidente de la Rep\u00fablica Nayib Bukele no permitir\u00e1 cambios a art\u00edculos sobre la vida, matrimonio y eutanasia.\"}]},{\"@type\":\"WebSite\",\"@id\":\"https:\/\/laprensacristiana.com\/#website\",\"url\":\"https:\/\/laprensacristiana.com\/\",\"name\":\"La Prensa Cristiana\",\"description\":\"Anunciando Las Buenas Nuevas\",\"potentialAction\":[{\"@type\":\"SearchAction\",\"target\":{\"@type\":\"EntryPoint\",\"urlTemplate\":\"https:\/\/laprensacristiana.com\/?s={search_term_string}\"},\"query-input\":\"required name=search_term_string\"}],\"inLanguage\":\"es\"},{\"@type\":\"Person\",\"@id\":\"https:\/\/laprensacristiana.com\/#\/schema\/person\/3e7d82c6bfd6b1fa67010f8f7cd5256e\",\"name\":\"EDITOR\",\"image\":{\"@type\":\"ImageObject\",\"inLanguage\":\"es\",\"@id\":\"https:\/\/laprensacristiana.com\/#\/schema\/person\/image\/\",\"url\":\"https:\/\/secure.gravatar.com\/avatar\/72069dfb6c13772d9e8381e3638666d2?s=96&d=mm&r=g\",\"contentUrl\":\"https:\/\/secure.gravatar.com\/avatar\/72069dfb6c13772d9e8381e3638666d2?s=96&d=mm&r=g\",\"caption\":\"EDITOR\"},\"url\":\"https:\/\/laprensacristiana.com\/?author=3\"}]}<\/script>\n<!-- \/ Yoast SEO plugin. -->","yoast_head_json":{"title":"Presidente de la Rep\u00fablica Nayib Bukele no permitir\u00e1 cambios a art\u00edculos sobre la vida, matrimonio y eutanasia. - La Prensa Cristiana","robots":{"index":"index","follow":"follow","max-snippet":"max-snippet:-1","max-image-preview":"max-image-preview:large","max-video-preview":"max-video-preview:-1"},"canonical":"https:\/\/laprensacristiana.com\/?p=12553","og_locale":"es_ES","og_type":"article","og_title":"Presidente de la Rep\u00fablica Nayib Bukele no permitir\u00e1 cambios a art\u00edculos sobre la vida, matrimonio y eutanasia. - La Prensa Cristiana","og_description":"Junto con la celebraci\u00f3n del bicentenario, el presidente de la Rep\u00fablica Nayib Bukele recibi\u00f3 de manos del vicepresidente F\u00e9lix Ulloa la propuesta de reformas constitucionales, el pasado 15 de septiembre. la iglesia evang\u00e9lica se hab\u00eda expresado con preocupaci\u00f3n sobre 3 temas: 1. El derecho a una muerte digna, 2. La colisi\u00f3n de derechos entre la [&hellip;]","og_url":"https:\/\/laprensacristiana.com\/?p=12553","og_site_name":"La Prensa Cristiana","article_published_time":"2021-09-17T14:32:21+00:00","og_image":[{"width":1277,"height":1280,"url":"https:\/\/laprensacristiana.com\/wp-content\/uploads\/2021\/09\/WhatsApp-Image-2021-09-17-at-06.13.29.jpeg","type":"image\/jpeg"}],"author":"EDITOR","twitter_card":"summary_large_image","twitter_misc":{"Escrito por":"EDITOR","Tiempo de lectura":"1 minuto"},"schema":{"@context":"https:\/\/schema.org","@graph":[{"@type":"WebPage","@id":"https:\/\/laprensacristiana.com\/?p=12553","url":"https:\/\/laprensacristiana.com\/?p=12553","name":"Presidente de la Rep\u00fablica Nayib Bukele no permitir\u00e1 cambios a art\u00edculos sobre la vida, matrimonio y eutanasia. - La Prensa Cristiana","isPartOf":{"@id":"https:\/\/laprensacristiana.com\/#website"},"datePublished":"2021-09-17T14:32:21+00:00","dateModified":"2021-09-17T14:32:21+00:00","author":{"@id":"https:\/\/laprensacristiana.com\/#\/schema\/person\/3e7d82c6bfd6b1fa67010f8f7cd5256e"},"breadcrumb":{"@id":"https:\/\/laprensacristiana.com\/?p=12553#breadcrumb"},"inLanguage":"es","potentialAction":[{"@type":"ReadAction","target":["https:\/\/laprensacristiana.com\/?p=12553"]}]},{"@type":"BreadcrumbList","@id":"https:\/\/laprensacristiana.com\/?p=12553#breadcrumb","itemListElement":[{"@type":"ListItem","position":1,"name":"Portada","item":"https:\/\/laprensacristiana.com\/"},{"@type":"ListItem","position":2,"name":"Presidente de la Rep\u00fablica Nayib Bukele no permitir\u00e1 cambios a art\u00edculos sobre la vida, matrimonio y eutanasia."}]},{"@type":"WebSite","@id":"https:\/\/laprensacristiana.com\/#website","url":"https:\/\/laprensacristiana.com\/","name":"La Prensa Cristiana","description":"Anunciando Las Buenas Nuevas","potentialAction":[{"@type":"SearchAction","target":{"@type":"EntryPoint","urlTemplate":"https:\/\/laprensacristiana.com\/?s={search_term_string}"},"query-input":"required name=search_term_string"}],"inLanguage":"es"},{"@type":"Person","@id":"https:\/\/laprensacristiana.com\/#\/schema\/person\/3e7d82c6bfd6b1fa67010f8f7cd5256e","name":"EDITOR","image":{"@type":"ImageObject","inLanguage":"es","@id":"https:\/\/laprensacristiana.com\/#\/schema\/person\/image\/","url":"https:\/\/secure.gravatar.com\/avatar\/72069dfb6c13772d9e8381e3638666d2?s=96&d=mm&r=g","contentUrl":"https:\/\/secure.gravatar.com\/avatar\/72069dfb6c13772d9e8381e3638666d2?s=96&d=mm&r=g","caption":"EDITOR"},"url":"https:\/\/laprensacristiana.com\/?author=3"}]}},"_links":{"self":[{"href":"https:\/\/laprensacristiana.com\/index.php?rest_route=\/wp\/v2\/posts\/12553"}],"collection":[{"href":"https:\/\/laprensacristiana.com\/index.php?rest_route=\/wp\/v2\/posts"}],"about":[{"href":"https:\/\/laprensacristiana.com\/index.php?rest_route=\/wp\/v2\/types\/post"}],"author":[{"embeddable":true,"href":"https:\/\/laprensacristiana.com\/index.php?rest_route=\/wp\/v2\/users\/3"}],"replies":[{"embeddable":true,"href":"https:\/\/laprensacristiana.com\/index.php?rest_route=%2Fwp%2Fv2%2Fcomments&post=12553"}],"version-history":[{"count":1,"href":"https:\/\/laprensacristiana.com\/index.php?rest_route=\/wp\/v2\/posts\/12553\/revisions"}],"predecessor-version":[{"id":12555,"href":"https:\/\/laprensacristiana.com\/index.php?rest_route=\/wp\/v2\/posts\/12553\/revisions\/12555"}],"wp:featuredmedia":[{"embeddable":true,"href":"https:\/\/laprensacristiana.com\/index.php?rest_route=\/wp\/v2\/media\/12554"}],"wp:attachment":[{"href":"https:\/\/laprensacristiana.com\/index.php?rest_route=%2Fwp%2Fv2%2Fmedia&parent=12553"}],"wp:term":[{"taxonomy":"category","embeddable":true,"href":"https:\/\/laprensacristiana.com\/index.php?rest_route=%2Fwp%2Fv2%2Fcategories&post=12553"},{"taxonomy":"post_tag","embeddable":true,"href":"https:\/\/laprensacristiana.com\/index.php?rest_route=%2Fwp%2Fv2%2Ftags&post=12553"}],"curies":[{"name":"wp","href":"https:\/\/api.w.org\/{rel}","templated":true}]}}