{"id":12556,"date":"2021-09-17T15:33:24","date_gmt":"2021-09-17T15:33:24","guid":{"rendered":"https:\/\/laprensacristiana.com\/?p=12556"},"modified":"2021-09-17T15:33:25","modified_gmt":"2021-09-17T15:33:25","slug":"saul-y-su-encargo","status":"publish","type":"post","link":"https:\/\/laprensacristiana.com\/?p=12556","title":{"rendered":"Sa\u00fal y su encargo"},"content":{"rendered":"\n<p>1 Sam.&nbsp; 9:5 \u201cCuando llegaron a la tierra de Zuf, Sa\u00fal dijo al criado que estaba con \u00e9l: Ven, regresemos, no sea que mi padre deje de preocuparse por las asnas y se angustie por nosotros\u201d<\/p>\n\n\n\n<p>Hay cristianos que nunca alcanzan sus metas.&nbsp; Nunca terminan de lograr sus sue\u00f1os.&nbsp; Empiezan algo y a medio camino abandonan su visi\u00f3n. Son nubes sin agua que van de un lado a otro buscando siempre algo sin saber qu\u00e9.<\/p>\n\n\n\n<p>Son cristianos mediocres que no tienen una clara visi\u00f3n de lo que son o de lo que deben ser. Son los hombres y mujeres que hoy prueban una cosa y ma\u00f1ana otra. No tienen un camino bien definido de lo que desean ser o hacer.<\/p>\n\n\n\n<p>Fueron dise\u00f1ados por Dios para lograr grandes metas pero por su poco inter\u00e9s en lograr llegar a su destino abortan f\u00e1cilmente&nbsp; sus planes. Y luego, c\u00ednicamente, le echan la culpa a Dios porque no les responde, no les env\u00eda sus respuestas que desean y se quedan postrados con las manos vac\u00edas en medio de aquellos que triunfan, que dejan huella a su paso, que dejan paradigmas y ejemplos dignos de ser imitados.<\/p>\n\n\n\n<p>Son los cristianos que esperan que todo les baje del cielo, y, al contrario de lo que cant\u00f3 Napole\u00f3n, nunca toman su piocha y se ponen a trabajar. Son imitadores de los israelitas del desierto que pidieron pan a Mois\u00e9s y cuando Dios les respondi\u00f3, ya no quer\u00edan salir a recogerlo y se les engusan\u00f3 porque se negaron a ser diligentes en obedecer, en cumplir las reglas que el Se\u00f1or les hab\u00eda indicado.<\/p>\n\n\n\n<p>Son los hombres que van a la iglesia del Se\u00f1or cada domingo, pero de lunes a s\u00e1bado salen al mundo a vivir como los del mundo. Se olvidan de los mandamientos, de las instrucciones de la Palabra y se quedan vegetando para siempre entre dos pensamientos. El domingo cantan coros pero el resto de la semana le cantan al mundo. Son los que empiezan un matrimonio pero cuando vienen las adversidades abortan sus proyectos familiares y abandonan a sus esposas e hijos para volver a vivir bajo la protecci\u00f3n de sus padres.<\/p>\n\n\n\n<p>Estas personas son imitadoras de Sa\u00fal.<\/p>\n\n\n\n<p>Sa\u00fal hab\u00eda nacido para grandes cosas. \u00c9l no lo sab\u00eda, pero Dios ya hab\u00eda ordenado a Samuel que lo ungiera para que fuera el primer rey de Israel. Que subiera a Gilgal para encontrarlo a \u00e9l y su siervo que andaban buscando unas asnas que se le hab\u00edan perdido a su padre Cis. La Escritura lo detalla as\u00ed: \u201c1 Samuel 9:2 (LBLA) Y ten\u00eda un hijo que se llamaba Sa\u00fal, favorecido y hermoso. No hab\u00eda otro m\u00e1s hermoso que \u00e9l entre los hijos de Israel; de los hombros arriba sobrepasaba a cualquiera del pueblo\u201d&nbsp; Vemos que Sa\u00fal era un hombre de apariencia extraordinaria. Bueno, no hay que agregar nada a lo que nos dicen los escritores.<\/p>\n\n\n\n<p>Pero ten\u00eda un peque\u00f1o y gran problema dentro de su coraz\u00f3n: Era un mediocre. Por fuera Sa\u00fal era hermoso.&nbsp; Por dentro era acomplejado. Por fuera era un hombre de singular altura, pero por dentro se sent\u00eda una cucaracha. Su apariencia exterior era digna de ser observada, sin duda muchas mujeres lo admiraban por su belleza, pero por dentro Sa\u00fal se cre\u00eda insignificante.<\/p>\n\n\n\n<p>Exactamente como muchos de nosotros. Si no arreglamos nuestra autoestima escuchando lo que dice el Se\u00f1or de nosotros, seguiremos creyendo lo que dicen nuestra emociones. \u201cYo no sirvo para eso\u201d. \u201cYo no nac\u00ed para esas cosas\u201d. \u201cNo fui estudiado\u201d. \u201cNunca fui a la escuela\u201d. \u201cNo pude ir a la Universidad\u201d \u201cYo no nac\u00ed para casarme y tener hijos\u201d.<\/p>\n\n\n\n<p>Y, como Sa\u00fal, a medio camino abandonan la b\u00fasqueda de sus asnas. \u00bfQue son las asnas para muchos? Sus planes, sus sue\u00f1os, sus proyectos, lo que Dios les dijo que buscaran, lo que el Se\u00f1or les indic\u00f3 que encontraran para su propio beneficio. Se conforman con un titulito que lograron sacar hace muchos a\u00f1os y se quedaron a medio camino de lograr otros estudios, otras metas, un Diplomado, una Maestr\u00eda, un Doctorado o algo m\u00e1s para poder escalar las gradas que llevan a cumplir los Sue\u00f1os de Dios para ellos.&nbsp; Pero debido a su inmadurez, debido a que no tienen la suficiente fortaleza que la Palabra de Dios nos imparte, viven creyendo que no merecen ser ungidos para hacer grandes cosas.<\/p>\n\n\n\n<p>Hay mucho m\u00e1s que aprender de Sa\u00fal, pero basta este otro bot\u00f3n de muestra de su mediocridad:&nbsp; Era un pobre. No ten\u00eda ni un centavo en su mano. Cuando el siervo le dice que vayan a preguntar al Profeta por las asnas, Sa\u00fal le dice: \u201c1 Samuel 9:7-8 (LBLA) Entonces Sa\u00fal dijo a su criado: Pero he aqu\u00ed, si vamos, \u00bfqu\u00e9 le llevaremos al hombre? Porque el pan de nuestras alforjas se ha acabado y no hay presente para llevar al hombre de Dios. \u00bfQu\u00e9 tenemos? Y el criado volvi\u00f3 a responder a Sa\u00fal, y dijo: He aqu\u00ed, tengo en mi mano la cuarta parte de un siclo de plata; se lo dar\u00e9 al hombre de Dios, y \u00e9l nos indicar\u00e1 nuestro camino\u201d.<\/p>\n\n\n\n<p>\u00bfQuien ten\u00eda el dinero suficiente para ofrendar al Profeta? No era el hermoso y gallardo mediocre de Sa\u00fal. Fue su criado. Fue su sirviente quien ten\u00eda los recursos para presentar un regalo o una ofrenda al siervo del Se\u00f1or.<\/p>\n\n\n\n<p>Es una verg\u00fcenza que muchos cristianos que han sido llamados por Dios para vivir en un nivel de grandeza se conformen con lo menos. No estoy hablando de grandeza humana, estoy pensando en la grandeza de car\u00e1cter, grandeza de estilo de vida, grandeza de humildad, de servicio, de empat\u00eda, de compartir lo que Dios nos ha enviado a buscar: Hacer su Voluntad.<\/p>\n\n\n\n<p>\u00bfQu\u00e9 ha pasado con sus \u201casnas\u201d, queridos hermanos?<\/p>\n","protected":false},"excerpt":{"rendered":"<p>1 Sam.&nbsp; 9:5 \u201cCuando llegaron a la tierra de Zuf, Sa\u00fal dijo al criado que estaba con \u00e9l: Ven, regresemos, no sea que mi padre deje de preocuparse por las asnas y se angustie por nosotros\u201d Hay cristianos que nunca alcanzan sus metas.&nbsp; Nunca terminan de lograr sus sue\u00f1os.&nbsp; Empiezan algo y a medio camino [&hellip;]<\/p>\n","protected":false},"author":3,"featured_media":11327,"comment_status":"open","ping_status":"open","sticky":false,"template":"","format":"standard","meta":[],"categories":[36],"tags":[],"yoast_head":"<!-- This site is optimized with the Yoast SEO plugin v20.8 - https:\/\/yoast.com\/wordpress\/plugins\/seo\/ -->\n<title>Sa\u00fal y su encargo - La Prensa Cristiana<\/title>\n<meta name=\"robots\" content=\"index, follow, max-snippet:-1, max-image-preview:large, max-video-preview:-1\" \/>\n<link rel=\"canonical\" href=\"https:\/\/laprensacristiana.com\/?p=12556\" \/>\n<meta property=\"og:locale\" content=\"es_ES\" \/>\n<meta property=\"og:type\" content=\"article\" \/>\n<meta property=\"og:title\" content=\"Sa\u00fal y su encargo - La Prensa Cristiana\" \/>\n<meta property=\"og:description\" content=\"1 Sam.&nbsp; 9:5 \u201cCuando llegaron a la tierra de Zuf, Sa\u00fal dijo al criado que estaba con \u00e9l: Ven, regresemos, no sea que mi padre deje de preocuparse por las asnas y se angustie por nosotros\u201d Hay cristianos que nunca alcanzan sus metas.&nbsp; Nunca terminan de lograr sus sue\u00f1os.&nbsp; Empiezan algo y a medio camino [&hellip;]\" \/>\n<meta property=\"og:url\" content=\"https:\/\/laprensacristiana.com\/?p=12556\" \/>\n<meta property=\"og:site_name\" content=\"La Prensa Cristiana\" \/>\n<meta property=\"article:published_time\" content=\"2021-09-17T15:33:24+00:00\" \/>\n<meta property=\"article:modified_time\" content=\"2021-09-17T15:33:25+00:00\" \/>\n<meta property=\"og:image\" content=\"https:\/\/laprensacristiana.com\/wp-content\/uploads\/2021\/02\/IMG_20210215_163352_769.jpg\" \/>\n\t<meta property=\"og:image:width\" content=\"1280\" \/>\n\t<meta property=\"og:image:height\" content=\"714\" \/>\n\t<meta property=\"og:image:type\" content=\"image\/jpeg\" \/>\n<meta name=\"author\" content=\"EDITOR\" \/>\n<meta name=\"twitter:card\" content=\"summary_large_image\" \/>\n<meta name=\"twitter:label1\" content=\"Escrito por\" \/>\n\t<meta name=\"twitter:data1\" content=\"EDITOR\" \/>\n\t<meta name=\"twitter:label2\" content=\"Tiempo de lectura\" \/>\n\t<meta name=\"twitter:data2\" content=\"5 minutos\" \/>\n<script type=\"application\/ld+json\" class=\"yoast-schema-graph\">{\"@context\":\"https:\/\/schema.org\",\"@graph\":[{\"@type\":\"WebPage\",\"@id\":\"https:\/\/laprensacristiana.com\/?p=12556\",\"url\":\"https:\/\/laprensacristiana.com\/?p=12556\",\"name\":\"Sa\u00fal y su encargo - La Prensa Cristiana\",\"isPartOf\":{\"@id\":\"https:\/\/laprensacristiana.com\/#website\"},\"datePublished\":\"2021-09-17T15:33:24+00:00\",\"dateModified\":\"2021-09-17T15:33:25+00:00\",\"author\":{\"@id\":\"https:\/\/laprensacristiana.com\/#\/schema\/person\/3e7d82c6bfd6b1fa67010f8f7cd5256e\"},\"breadcrumb\":{\"@id\":\"https:\/\/laprensacristiana.com\/?p=12556#breadcrumb\"},\"inLanguage\":\"es\",\"potentialAction\":[{\"@type\":\"ReadAction\",\"target\":[\"https:\/\/laprensacristiana.com\/?p=12556\"]}]},{\"@type\":\"BreadcrumbList\",\"@id\":\"https:\/\/laprensacristiana.com\/?p=12556#breadcrumb\",\"itemListElement\":[{\"@type\":\"ListItem\",\"position\":1,\"name\":\"Portada\",\"item\":\"https:\/\/laprensacristiana.com\/\"},{\"@type\":\"ListItem\",\"position\":2,\"name\":\"Sa\u00fal y su encargo\"}]},{\"@type\":\"WebSite\",\"@id\":\"https:\/\/laprensacristiana.com\/#website\",\"url\":\"https:\/\/laprensacristiana.com\/\",\"name\":\"La Prensa Cristiana\",\"description\":\"Anunciando Las Buenas Nuevas\",\"potentialAction\":[{\"@type\":\"SearchAction\",\"target\":{\"@type\":\"EntryPoint\",\"urlTemplate\":\"https:\/\/laprensacristiana.com\/?s={search_term_string}\"},\"query-input\":\"required name=search_term_string\"}],\"inLanguage\":\"es\"},{\"@type\":\"Person\",\"@id\":\"https:\/\/laprensacristiana.com\/#\/schema\/person\/3e7d82c6bfd6b1fa67010f8f7cd5256e\",\"name\":\"EDITOR\",\"image\":{\"@type\":\"ImageObject\",\"inLanguage\":\"es\",\"@id\":\"https:\/\/laprensacristiana.com\/#\/schema\/person\/image\/\",\"url\":\"https:\/\/secure.gravatar.com\/avatar\/72069dfb6c13772d9e8381e3638666d2?s=96&d=mm&r=g\",\"contentUrl\":\"https:\/\/secure.gravatar.com\/avatar\/72069dfb6c13772d9e8381e3638666d2?s=96&d=mm&r=g\",\"caption\":\"EDITOR\"},\"url\":\"https:\/\/laprensacristiana.com\/?author=3\"}]}<\/script>\n<!-- \/ Yoast SEO plugin. -->","yoast_head_json":{"title":"Sa\u00fal y su encargo - La Prensa Cristiana","robots":{"index":"index","follow":"follow","max-snippet":"max-snippet:-1","max-image-preview":"max-image-preview:large","max-video-preview":"max-video-preview:-1"},"canonical":"https:\/\/laprensacristiana.com\/?p=12556","og_locale":"es_ES","og_type":"article","og_title":"Sa\u00fal y su encargo - La Prensa Cristiana","og_description":"1 Sam.&nbsp; 9:5 \u201cCuando llegaron a la tierra de Zuf, Sa\u00fal dijo al criado que estaba con \u00e9l: Ven, regresemos, no sea que mi padre deje de preocuparse por las asnas y se angustie por nosotros\u201d Hay cristianos que nunca alcanzan sus metas.&nbsp; Nunca terminan de lograr sus sue\u00f1os.&nbsp; Empiezan algo y a medio camino [&hellip;]","og_url":"https:\/\/laprensacristiana.com\/?p=12556","og_site_name":"La Prensa Cristiana","article_published_time":"2021-09-17T15:33:24+00:00","article_modified_time":"2021-09-17T15:33:25+00:00","og_image":[{"width":1280,"height":714,"url":"https:\/\/laprensacristiana.com\/wp-content\/uploads\/2021\/02\/IMG_20210215_163352_769.jpg","type":"image\/jpeg"}],"author":"EDITOR","twitter_card":"summary_large_image","twitter_misc":{"Escrito por":"EDITOR","Tiempo de lectura":"5 minutos"},"schema":{"@context":"https:\/\/schema.org","@graph":[{"@type":"WebPage","@id":"https:\/\/laprensacristiana.com\/?p=12556","url":"https:\/\/laprensacristiana.com\/?p=12556","name":"Sa\u00fal y su encargo - La Prensa Cristiana","isPartOf":{"@id":"https:\/\/laprensacristiana.com\/#website"},"datePublished":"2021-09-17T15:33:24+00:00","dateModified":"2021-09-17T15:33:25+00:00","author":{"@id":"https:\/\/laprensacristiana.com\/#\/schema\/person\/3e7d82c6bfd6b1fa67010f8f7cd5256e"},"breadcrumb":{"@id":"https:\/\/laprensacristiana.com\/?p=12556#breadcrumb"},"inLanguage":"es","potentialAction":[{"@type":"ReadAction","target":["https:\/\/laprensacristiana.com\/?p=12556"]}]},{"@type":"BreadcrumbList","@id":"https:\/\/laprensacristiana.com\/?p=12556#breadcrumb","itemListElement":[{"@type":"ListItem","position":1,"name":"Portada","item":"https:\/\/laprensacristiana.com\/"},{"@type":"ListItem","position":2,"name":"Sa\u00fal y su encargo"}]},{"@type":"WebSite","@id":"https:\/\/laprensacristiana.com\/#website","url":"https:\/\/laprensacristiana.com\/","name":"La Prensa Cristiana","description":"Anunciando Las Buenas Nuevas","potentialAction":[{"@type":"SearchAction","target":{"@type":"EntryPoint","urlTemplate":"https:\/\/laprensacristiana.com\/?s={search_term_string}"},"query-input":"required name=search_term_string"}],"inLanguage":"es"},{"@type":"Person","@id":"https:\/\/laprensacristiana.com\/#\/schema\/person\/3e7d82c6bfd6b1fa67010f8f7cd5256e","name":"EDITOR","image":{"@type":"ImageObject","inLanguage":"es","@id":"https:\/\/laprensacristiana.com\/#\/schema\/person\/image\/","url":"https:\/\/secure.gravatar.com\/avatar\/72069dfb6c13772d9e8381e3638666d2?s=96&d=mm&r=g","contentUrl":"https:\/\/secure.gravatar.com\/avatar\/72069dfb6c13772d9e8381e3638666d2?s=96&d=mm&r=g","caption":"EDITOR"},"url":"https:\/\/laprensacristiana.com\/?author=3"}]}},"_links":{"self":[{"href":"https:\/\/laprensacristiana.com\/index.php?rest_route=\/wp\/v2\/posts\/12556"}],"collection":[{"href":"https:\/\/laprensacristiana.com\/index.php?rest_route=\/wp\/v2\/posts"}],"about":[{"href":"https:\/\/laprensacristiana.com\/index.php?rest_route=\/wp\/v2\/types\/post"}],"author":[{"embeddable":true,"href":"https:\/\/laprensacristiana.com\/index.php?rest_route=\/wp\/v2\/users\/3"}],"replies":[{"embeddable":true,"href":"https:\/\/laprensacristiana.com\/index.php?rest_route=%2Fwp%2Fv2%2Fcomments&post=12556"}],"version-history":[{"count":1,"href":"https:\/\/laprensacristiana.com\/index.php?rest_route=\/wp\/v2\/posts\/12556\/revisions"}],"predecessor-version":[{"id":12557,"href":"https:\/\/laprensacristiana.com\/index.php?rest_route=\/wp\/v2\/posts\/12556\/revisions\/12557"}],"wp:featuredmedia":[{"embeddable":true,"href":"https:\/\/laprensacristiana.com\/index.php?rest_route=\/wp\/v2\/media\/11327"}],"wp:attachment":[{"href":"https:\/\/laprensacristiana.com\/index.php?rest_route=%2Fwp%2Fv2%2Fmedia&parent=12556"}],"wp:term":[{"taxonomy":"category","embeddable":true,"href":"https:\/\/laprensacristiana.com\/index.php?rest_route=%2Fwp%2Fv2%2Fcategories&post=12556"},{"taxonomy":"post_tag","embeddable":true,"href":"https:\/\/laprensacristiana.com\/index.php?rest_route=%2Fwp%2Fv2%2Ftags&post=12556"}],"curies":[{"name":"wp","href":"https:\/\/api.w.org\/{rel}","templated":true}]}}