{"id":12572,"date":"2021-09-22T03:14:15","date_gmt":"2021-09-22T03:14:15","guid":{"rendered":"https:\/\/laprensacristiana.com\/?p=12572"},"modified":"2021-09-22T03:20:14","modified_gmt":"2021-09-22T03:20:14","slug":"piden-oracion-por-sanidad-de-covid-19-para-pastor-rogelio-rivera","status":"publish","type":"post","link":"https:\/\/laprensacristiana.com\/?p=12572","title":{"rendered":"Piden oraci\u00f3n por sanidad de Covid-19 para pastor Rogelio Rivera"},"content":{"rendered":"\n<p>El pastor de Iglesia Pueblo de Dios, Visi\u00f3n de Fe, Rogelio Rivera, ha dado positivo a Covid-19, de momento se encuentra con neumon\u00eda grave.<\/p>\n\n\n\n<p>El tambi\u00e9n presidente de la Uni\u00f3n de Pastores de Lourdes Colon (UNIPALCO), se encuentra ingresado en el Hospital Nacional General de Neumolog\u00eda y Medicina Familiar \u00abDr. Jos\u00e9 Antonio Salda\u00f1a\u201d, en el cual han tenido que usar mascarilla con reservorio al 100% para administrar altas concentraciones de ox\u00edgeno.<\/p>\n\n\n\n<p>Diferentes lideres cristianos se han unido para pedir por la vida del pastor, \u201cpedimos a todos nuestros hermanos nos ayuden a clamar por la vida del Pastor Rogelio Rivera por sanidad de COVID quien est\u00e1 muy delicado, ingresado en el Hospital\u201d, indic\u00f3 el pastor Edwin Serpas de Iglesia MCI PENIEL en Santa Tecla.<\/p>\n","protected":false},"excerpt":{"rendered":"<p>El pastor de Iglesia Pueblo de Dios, Visi\u00f3n de Fe, Rogelio Rivera, ha dado positivo a Covid-19, de momento se encuentra con neumon\u00eda grave. El tambi\u00e9n presidente de la Uni\u00f3n de Pastores de Lourdes Colon (UNIPALCO), se encuentra ingresado en el Hospital Nacional General de Neumolog\u00eda y Medicina Familiar \u00abDr. Jos\u00e9 Antonio Salda\u00f1a\u201d, en el [&hellip;]<\/p>\n","protected":false},"author":3,"featured_media":12576,"comment_status":"open","ping_status":"open","sticky":false,"template":"","format":"standard","meta":[],"categories":[115],"tags":[],"yoast_head":"<!-- This site is optimized with the Yoast SEO plugin v20.8 - https:\/\/yoast.com\/wordpress\/plugins\/seo\/ -->\n<title>Piden oraci\u00f3n por sanidad de Covid-19 para pastor Rogelio Rivera - La Prensa Cristiana<\/title>\n<meta name=\"robots\" content=\"index, follow, max-snippet:-1, max-image-preview:large, max-video-preview:-1\" \/>\n<link rel=\"canonical\" href=\"https:\/\/laprensacristiana.com\/?p=12572\" \/>\n<meta property=\"og:locale\" content=\"es_ES\" \/>\n<meta property=\"og:type\" content=\"article\" \/>\n<meta property=\"og:title\" content=\"Piden oraci\u00f3n por sanidad de Covid-19 para pastor Rogelio Rivera - La Prensa Cristiana\" \/>\n<meta property=\"og:description\" content=\"El pastor de Iglesia Pueblo de Dios, Visi\u00f3n de Fe, Rogelio Rivera, ha dado positivo a Covid-19, de momento se encuentra con neumon\u00eda grave. El tambi\u00e9n presidente de la Uni\u00f3n de Pastores de Lourdes Colon (UNIPALCO), se encuentra ingresado en el Hospital Nacional General de Neumolog\u00eda y Medicina Familiar \u00abDr. Jos\u00e9 Antonio Salda\u00f1a\u201d, en el [&hellip;]\" \/>\n<meta property=\"og:url\" content=\"https:\/\/laprensacristiana.com\/?p=12572\" \/>\n<meta property=\"og:site_name\" content=\"La Prensa Cristiana\" \/>\n<meta property=\"article:published_time\" content=\"2021-09-22T03:14:15+00:00\" \/>\n<meta property=\"article:modified_time\" content=\"2021-09-22T03:20:14+00:00\" \/>\n<meta property=\"og:image\" content=\"https:\/\/laprensacristiana.com\/wp-content\/uploads\/2021\/09\/Blue-Experimental-Art-Deco-Consultancy-Business-Website.jpg\" \/>\n\t<meta property=\"og:image:width\" content=\"1350\" \/>\n\t<meta property=\"og:image:height\" content=\"650\" \/>\n\t<meta property=\"og:image:type\" content=\"image\/jpeg\" \/>\n<meta name=\"author\" content=\"EDITOR\" \/>\n<meta name=\"twitter:card\" content=\"summary_large_image\" \/>\n<meta name=\"twitter:label1\" content=\"Escrito por\" \/>\n\t<meta name=\"twitter:data1\" content=\"EDITOR\" \/>\n\t<meta name=\"twitter:label2\" content=\"Tiempo de lectura\" \/>\n\t<meta name=\"twitter:data2\" content=\"1 minuto\" \/>\n<script type=\"application\/ld+json\" class=\"yoast-schema-graph\">{\"@context\":\"https:\/\/schema.org\",\"@graph\":[{\"@type\":\"WebPage\",\"@id\":\"https:\/\/laprensacristiana.com\/?p=12572\",\"url\":\"https:\/\/laprensacristiana.com\/?p=12572\",\"name\":\"Piden oraci\u00f3n por sanidad de Covid-19 para pastor Rogelio Rivera - La Prensa Cristiana\",\"isPartOf\":{\"@id\":\"https:\/\/laprensacristiana.com\/#website\"},\"datePublished\":\"2021-09-22T03:14:15+00:00\",\"dateModified\":\"2021-09-22T03:20:14+00:00\",\"author\":{\"@id\":\"https:\/\/laprensacristiana.com\/#\/schema\/person\/3e7d82c6bfd6b1fa67010f8f7cd5256e\"},\"breadcrumb\":{\"@id\":\"https:\/\/laprensacristiana.com\/?p=12572#breadcrumb\"},\"inLanguage\":\"es\",\"potentialAction\":[{\"@type\":\"ReadAction\",\"target\":[\"https:\/\/laprensacristiana.com\/?p=12572\"]}]},{\"@type\":\"BreadcrumbList\",\"@id\":\"https:\/\/laprensacristiana.com\/?p=12572#breadcrumb\",\"itemListElement\":[{\"@type\":\"ListItem\",\"position\":1,\"name\":\"Portada\",\"item\":\"https:\/\/laprensacristiana.com\/\"},{\"@type\":\"ListItem\",\"position\":2,\"name\":\"Piden oraci\u00f3n por sanidad de Covid-19 para pastor Rogelio Rivera\"}]},{\"@type\":\"WebSite\",\"@id\":\"https:\/\/laprensacristiana.com\/#website\",\"url\":\"https:\/\/laprensacristiana.com\/\",\"name\":\"La Prensa Cristiana\",\"description\":\"Anunciando Las Buenas Nuevas\",\"potentialAction\":[{\"@type\":\"SearchAction\",\"target\":{\"@type\":\"EntryPoint\",\"urlTemplate\":\"https:\/\/laprensacristiana.com\/?s={search_term_string}\"},\"query-input\":\"required name=search_term_string\"}],\"inLanguage\":\"es\"},{\"@type\":\"Person\",\"@id\":\"https:\/\/laprensacristiana.com\/#\/schema\/person\/3e7d82c6bfd6b1fa67010f8f7cd5256e\",\"name\":\"EDITOR\",\"image\":{\"@type\":\"ImageObject\",\"inLanguage\":\"es\",\"@id\":\"https:\/\/laprensacristiana.com\/#\/schema\/person\/image\/\",\"url\":\"https:\/\/secure.gravatar.com\/avatar\/72069dfb6c13772d9e8381e3638666d2?s=96&d=mm&r=g\",\"contentUrl\":\"https:\/\/secure.gravatar.com\/avatar\/72069dfb6c13772d9e8381e3638666d2?s=96&d=mm&r=g\",\"caption\":\"EDITOR\"},\"url\":\"https:\/\/laprensacristiana.com\/?author=3\"}]}<\/script>\n<!-- \/ Yoast SEO plugin. -->","yoast_head_json":{"title":"Piden oraci\u00f3n por sanidad de Covid-19 para pastor Rogelio Rivera - La Prensa Cristiana","robots":{"index":"index","follow":"follow","max-snippet":"max-snippet:-1","max-image-preview":"max-image-preview:large","max-video-preview":"max-video-preview:-1"},"canonical":"https:\/\/laprensacristiana.com\/?p=12572","og_locale":"es_ES","og_type":"article","og_title":"Piden oraci\u00f3n por sanidad de Covid-19 para pastor Rogelio Rivera - La Prensa Cristiana","og_description":"El pastor de Iglesia Pueblo de Dios, Visi\u00f3n de Fe, Rogelio Rivera, ha dado positivo a Covid-19, de momento se encuentra con neumon\u00eda grave. El tambi\u00e9n presidente de la Uni\u00f3n de Pastores de Lourdes Colon (UNIPALCO), se encuentra ingresado en el Hospital Nacional General de Neumolog\u00eda y Medicina Familiar \u00abDr. Jos\u00e9 Antonio Salda\u00f1a\u201d, en el [&hellip;]","og_url":"https:\/\/laprensacristiana.com\/?p=12572","og_site_name":"La Prensa Cristiana","article_published_time":"2021-09-22T03:14:15+00:00","article_modified_time":"2021-09-22T03:20:14+00:00","og_image":[{"width":1350,"height":650,"url":"https:\/\/laprensacristiana.com\/wp-content\/uploads\/2021\/09\/Blue-Experimental-Art-Deco-Consultancy-Business-Website.jpg","type":"image\/jpeg"}],"author":"EDITOR","twitter_card":"summary_large_image","twitter_misc":{"Escrito por":"EDITOR","Tiempo de lectura":"1 minuto"},"schema":{"@context":"https:\/\/schema.org","@graph":[{"@type":"WebPage","@id":"https:\/\/laprensacristiana.com\/?p=12572","url":"https:\/\/laprensacristiana.com\/?p=12572","name":"Piden oraci\u00f3n por sanidad de Covid-19 para pastor Rogelio Rivera - La Prensa Cristiana","isPartOf":{"@id":"https:\/\/laprensacristiana.com\/#website"},"datePublished":"2021-09-22T03:14:15+00:00","dateModified":"2021-09-22T03:20:14+00:00","author":{"@id":"https:\/\/laprensacristiana.com\/#\/schema\/person\/3e7d82c6bfd6b1fa67010f8f7cd5256e"},"breadcrumb":{"@id":"https:\/\/laprensacristiana.com\/?p=12572#breadcrumb"},"inLanguage":"es","potentialAction":[{"@type":"ReadAction","target":["https:\/\/laprensacristiana.com\/?p=12572"]}]},{"@type":"BreadcrumbList","@id":"https:\/\/laprensacristiana.com\/?p=12572#breadcrumb","itemListElement":[{"@type":"ListItem","position":1,"name":"Portada","item":"https:\/\/laprensacristiana.com\/"},{"@type":"ListItem","position":2,"name":"Piden oraci\u00f3n por sanidad de Covid-19 para pastor Rogelio Rivera"}]},{"@type":"WebSite","@id":"https:\/\/laprensacristiana.com\/#website","url":"https:\/\/laprensacristiana.com\/","name":"La Prensa Cristiana","description":"Anunciando Las Buenas Nuevas","potentialAction":[{"@type":"SearchAction","target":{"@type":"EntryPoint","urlTemplate":"https:\/\/laprensacristiana.com\/?s={search_term_string}"},"query-input":"required name=search_term_string"}],"inLanguage":"es"},{"@type":"Person","@id":"https:\/\/laprensacristiana.com\/#\/schema\/person\/3e7d82c6bfd6b1fa67010f8f7cd5256e","name":"EDITOR","image":{"@type":"ImageObject","inLanguage":"es","@id":"https:\/\/laprensacristiana.com\/#\/schema\/person\/image\/","url":"https:\/\/secure.gravatar.com\/avatar\/72069dfb6c13772d9e8381e3638666d2?s=96&d=mm&r=g","contentUrl":"https:\/\/secure.gravatar.com\/avatar\/72069dfb6c13772d9e8381e3638666d2?s=96&d=mm&r=g","caption":"EDITOR"},"url":"https:\/\/laprensacristiana.com\/?author=3"}]}},"_links":{"self":[{"href":"https:\/\/laprensacristiana.com\/index.php?rest_route=\/wp\/v2\/posts\/12572"}],"collection":[{"href":"https:\/\/laprensacristiana.com\/index.php?rest_route=\/wp\/v2\/posts"}],"about":[{"href":"https:\/\/laprensacristiana.com\/index.php?rest_route=\/wp\/v2\/types\/post"}],"author":[{"embeddable":true,"href":"https:\/\/laprensacristiana.com\/index.php?rest_route=\/wp\/v2\/users\/3"}],"replies":[{"embeddable":true,"href":"https:\/\/laprensacristiana.com\/index.php?rest_route=%2Fwp%2Fv2%2Fcomments&post=12572"}],"version-history":[{"count":1,"href":"https:\/\/laprensacristiana.com\/index.php?rest_route=\/wp\/v2\/posts\/12572\/revisions"}],"predecessor-version":[{"id":12574,"href":"https:\/\/laprensacristiana.com\/index.php?rest_route=\/wp\/v2\/posts\/12572\/revisions\/12574"}],"wp:featuredmedia":[{"embeddable":true,"href":"https:\/\/laprensacristiana.com\/index.php?rest_route=\/wp\/v2\/media\/12576"}],"wp:attachment":[{"href":"https:\/\/laprensacristiana.com\/index.php?rest_route=%2Fwp%2Fv2%2Fmedia&parent=12572"}],"wp:term":[{"taxonomy":"category","embeddable":true,"href":"https:\/\/laprensacristiana.com\/index.php?rest_route=%2Fwp%2Fv2%2Fcategories&post=12572"},{"taxonomy":"post_tag","embeddable":true,"href":"https:\/\/laprensacristiana.com\/index.php?rest_route=%2Fwp%2Fv2%2Ftags&post=12572"}],"curies":[{"name":"wp","href":"https:\/\/api.w.org\/{rel}","templated":true}]}}