{"id":12584,"date":"2021-09-22T23:56:57","date_gmt":"2021-09-22T23:56:57","guid":{"rendered":"https:\/\/laprensacristiana.com\/?p=12584"},"modified":"2021-09-22T23:56:58","modified_gmt":"2021-09-22T23:56:58","slug":"la-casa-primero","status":"publish","type":"post","link":"https:\/\/laprensacristiana.com\/?p=12584","title":{"rendered":"La casa primero"},"content":{"rendered":"\n<p>Lucas 8:39 \u201cVuelve a tu casa\u2026\u201d<\/p>\n\n\n\n<p>La historia es harto conocida. Un hombre de pronto empieza a sentir cosas raras dentro de s\u00ed. Su familia no sabe como enfrentar esas cosas raras.&nbsp; Su esposa nota que de pronto tiene arrebatos de violencia verbal, f\u00edsica y emocional. Nunca hab\u00eda visto a su esposo actuar de esa manera.<\/p>\n\n\n\n<p>Sus hijos tambi\u00e9n empiezan a notar sus lagunas mentales.&nbsp; Su conducta ha cambiado radicalmente.&nbsp; Ha dejado de ba\u00f1arse, rasurarse y abandona todos los buenos h\u00e1bitos que siempre hab\u00eda tenido.<\/p>\n\n\n\n<p>A la hora de comer se ha vuelto sucio, descuidado y parece que su raz\u00f3n se est\u00e1 perdiendo poco a poco.&nbsp; No duerme en paz. Dice que escucha voces dentro de su mente que le empujan a hacer cosas que antes no pensaba hacer.&nbsp; Su familia sufre el shock de ver a su amado esposo y padre declinar constantemente en su conducta.<\/p>\n\n\n\n<p>Ha abandonado el trabajo. Las deudas se acumulan y la esposa tiene que salir a trabajar para sostener el hogar y proveer lo poco que pueda porque su marido ya no tiene control sobre su voluntad.<\/p>\n\n\n\n<p>\u00bfQu\u00e9 ha pasado? Algo siniestro se ha apoderado del pobre hombre. En aquellos tiempos no hab\u00eda tratamientos sicol\u00f3gicos, psiqui\u00e1tricos&nbsp; ni m\u00e9dicos que ayudaran a los que entraban en esos trances espirituales. Era una situaci\u00f3n peligrosa para la familia tanto como para la v\u00edctima de tal posesi\u00f3n. No, no estoy hablando de Hollywood y sus pel\u00edculas estilo Poltergeist.&nbsp; Estoy hablando de demonios que han tomado el cuerpo y la mente de un hombre.&nbsp; De un padre de familia que amaba a su esposa, sus hijos y su hogar.&nbsp; Pero algo sucedi\u00f3 en aquella ciudad en donde la industria era el cuidado, la venta y el procesamiento de la carne de cerdo.<\/p>\n\n\n\n<p>Hablo del gadareno.<\/p>\n\n\n\n<p>Afortunadamente, en aquella \u00e9poca Jesus ya andaba por esos lares.&nbsp; Su Ministerio de liberaci\u00f3n lo hab\u00eda llevado a diferentes lugares en donde sanaba y liberaba de demonios a aquellos que eran afectados por el infierno.&nbsp; Y ahora necesitaba ir a Gadara.&nbsp; Los disc\u00edpulos no saben a que se enfrentar\u00e1n muy pronto. Jesus solo les orden\u00f3 que tomaran su barca y navegaran en el lago para pasar al otro lado, a la ciudad de Gadara.&nbsp; Una tormenta se levanta en el trayecto que seg\u00fan los te\u00f3logos, era Satanas tratando de impedir que Jesus llegara a su destino.<\/p>\n\n\n\n<p>Pero Jesus, con su poder Divino, reprende la tormenta y al d\u00eda siguiente, de madrugada llegan a la playa de Gadara. All\u00ed empieza la historia del hombre atormentado. Y all\u00ed empieza a fraguarse uno de los ministerios evangelisticos m\u00e1s impactantes de la vida de Jesus y sus disc\u00edpulos.&nbsp;<\/p>\n\n\n\n<p>Lo interesante de toda esta historia quiz\u00e1, para m\u00ed, no fue tanto la liberaci\u00f3n del hombre. Tampoco la situaci\u00f3n que vivieron los habitantes de la ciudad cuando le pidieron a Jesus que se fuera de su lugar porque les estaba arruinando su industria de jamones y chorizos. A pesar que conoc\u00edan a la v\u00edctima de los demonios, lo que ellos protegieron no fue a sus habitantes sino sus puercos.&nbsp; As\u00ed es la vida en muchos lugares.<\/p>\n\n\n\n<p>Lo que me impresiona y me atrapa apasionadamente, es cuando Jesus no le dice al exendemoniado, despu\u00e9s de haber sido liberado, cuando \u00e9ste le pide que le permita irse con \u00e9l, con Jesus, lo que le dir\u00edamos nosotros.<\/p>\n\n\n\n<p>Hay esl\u00f3ganes que se han vuelto manuales en muchas congregaciones.&nbsp; Despu\u00e9s de predicar un mensaje por radio o TV, lo primero que le dicen a la gente es: \u201cCongr\u00e9guese con nosotros,<\/p>\n\n\n\n<p>Venga a nuestra iglesia. Le invitamos a formar parte de nuestra familia. Lo esperamos el pr\u00f3ximo domingo. Aqui le regalaremos una biblia y un separador. Lo invitaremos a tomar un caf\u00e9 con pan\u201d y muchos otros artilugios o sofismas para atraer m\u00e1s gente a los edificios evang\u00e9licos.<\/p>\n\n\n\n<p>Pero no Jesus. Jesus no le dijo: \u201cest\u00e1 bien, vente conmigo. Vamos a la sinagoga. Vente a congregarte conmigo y mis amigos. \u00danete a mi grupo de pastores. Ven a estudiar teolog\u00eda a mi instituto. No le dijo nada de eso. Jesus es diferente a nosotros. A \u00e9l no le interesa tanto que la gente se congregue en edificios hechos de manos humanas. Ese ha sido el fracaso de la Iglesia contempor\u00e1nea.&nbsp; Por supuesto, no estoy negando la necesidad de congregarse, pero estoy dando \u00e9nfasis a lo que le dijo Jesus a aquel hombre:<\/p>\n\n\n\n<p>\u201cVuelve a tu casa. Anda a tu familia y que vean lo que Dios ha hecho en tu vida. Anda y ense\u00f1a tu cambio. Vete a tu casa y que tu esposa y tus hijos vean de lo que Dios es capaz de hacer con un hombre como lo eras t\u00fa. Anda y habla de mi a tu familia. Despu\u00e9s de haber hecho eso, nos vemos en la sinagoga\u201d.<\/p>\n\n\n\n<p>Y es que Jesus es Jesus\u2026Y sus prioridades son diferentes a las nuestras. Su prioridad es la familia antes que el edificio. Porque para Jesus, la verdadera Iglesia est\u00e1 en la familia. Punto.<\/p>\n","protected":false},"excerpt":{"rendered":"<p>Lucas 8:39 \u201cVuelve a tu casa\u2026\u201d La historia es harto conocida. Un hombre de pronto empieza a sentir cosas raras dentro de s\u00ed. Su familia no sabe como enfrentar esas cosas raras.&nbsp; Su esposa nota que de pronto tiene arrebatos de violencia verbal, f\u00edsica y emocional. Nunca hab\u00eda visto a su esposo actuar de esa [&hellip;]<\/p>\n","protected":false},"author":3,"featured_media":11327,"comment_status":"open","ping_status":"open","sticky":false,"template":"","format":"standard","meta":[],"categories":[36],"tags":[],"yoast_head":"<!-- This site is optimized with the Yoast SEO plugin v20.8 - https:\/\/yoast.com\/wordpress\/plugins\/seo\/ -->\n<title>La casa primero - La Prensa Cristiana<\/title>\n<meta name=\"robots\" content=\"index, follow, max-snippet:-1, max-image-preview:large, max-video-preview:-1\" \/>\n<link rel=\"canonical\" href=\"https:\/\/laprensacristiana.com\/?p=12584\" \/>\n<meta property=\"og:locale\" content=\"es_ES\" \/>\n<meta property=\"og:type\" content=\"article\" \/>\n<meta property=\"og:title\" content=\"La casa primero - La Prensa Cristiana\" \/>\n<meta property=\"og:description\" content=\"Lucas 8:39 \u201cVuelve a tu casa\u2026\u201d La historia es harto conocida. Un hombre de pronto empieza a sentir cosas raras dentro de s\u00ed. Su familia no sabe como enfrentar esas cosas raras.&nbsp; Su esposa nota que de pronto tiene arrebatos de violencia verbal, f\u00edsica y emocional. Nunca hab\u00eda visto a su esposo actuar de esa [&hellip;]\" \/>\n<meta property=\"og:url\" content=\"https:\/\/laprensacristiana.com\/?p=12584\" \/>\n<meta property=\"og:site_name\" content=\"La Prensa Cristiana\" \/>\n<meta property=\"article:published_time\" content=\"2021-09-22T23:56:57+00:00\" \/>\n<meta property=\"article:modified_time\" content=\"2021-09-22T23:56:58+00:00\" \/>\n<meta property=\"og:image\" content=\"https:\/\/laprensacristiana.com\/wp-content\/uploads\/2021\/02\/IMG_20210215_163352_769.jpg\" \/>\n\t<meta property=\"og:image:width\" content=\"1280\" \/>\n\t<meta property=\"og:image:height\" content=\"714\" \/>\n\t<meta property=\"og:image:type\" content=\"image\/jpeg\" \/>\n<meta name=\"author\" content=\"EDITOR\" \/>\n<meta name=\"twitter:card\" content=\"summary_large_image\" \/>\n<meta name=\"twitter:label1\" content=\"Escrito por\" \/>\n\t<meta name=\"twitter:data1\" content=\"EDITOR\" \/>\n\t<meta name=\"twitter:label2\" content=\"Tiempo de lectura\" \/>\n\t<meta name=\"twitter:data2\" content=\"4 minutos\" \/>\n<script type=\"application\/ld+json\" class=\"yoast-schema-graph\">{\"@context\":\"https:\/\/schema.org\",\"@graph\":[{\"@type\":\"WebPage\",\"@id\":\"https:\/\/laprensacristiana.com\/?p=12584\",\"url\":\"https:\/\/laprensacristiana.com\/?p=12584\",\"name\":\"La casa primero - La Prensa Cristiana\",\"isPartOf\":{\"@id\":\"https:\/\/laprensacristiana.com\/#website\"},\"datePublished\":\"2021-09-22T23:56:57+00:00\",\"dateModified\":\"2021-09-22T23:56:58+00:00\",\"author\":{\"@id\":\"https:\/\/laprensacristiana.com\/#\/schema\/person\/3e7d82c6bfd6b1fa67010f8f7cd5256e\"},\"breadcrumb\":{\"@id\":\"https:\/\/laprensacristiana.com\/?p=12584#breadcrumb\"},\"inLanguage\":\"es\",\"potentialAction\":[{\"@type\":\"ReadAction\",\"target\":[\"https:\/\/laprensacristiana.com\/?p=12584\"]}]},{\"@type\":\"BreadcrumbList\",\"@id\":\"https:\/\/laprensacristiana.com\/?p=12584#breadcrumb\",\"itemListElement\":[{\"@type\":\"ListItem\",\"position\":1,\"name\":\"Portada\",\"item\":\"https:\/\/laprensacristiana.com\/\"},{\"@type\":\"ListItem\",\"position\":2,\"name\":\"La casa primero\"}]},{\"@type\":\"WebSite\",\"@id\":\"https:\/\/laprensacristiana.com\/#website\",\"url\":\"https:\/\/laprensacristiana.com\/\",\"name\":\"La Prensa Cristiana\",\"description\":\"Anunciando Las Buenas Nuevas\",\"potentialAction\":[{\"@type\":\"SearchAction\",\"target\":{\"@type\":\"EntryPoint\",\"urlTemplate\":\"https:\/\/laprensacristiana.com\/?s={search_term_string}\"},\"query-input\":\"required name=search_term_string\"}],\"inLanguage\":\"es\"},{\"@type\":\"Person\",\"@id\":\"https:\/\/laprensacristiana.com\/#\/schema\/person\/3e7d82c6bfd6b1fa67010f8f7cd5256e\",\"name\":\"EDITOR\",\"image\":{\"@type\":\"ImageObject\",\"inLanguage\":\"es\",\"@id\":\"https:\/\/laprensacristiana.com\/#\/schema\/person\/image\/\",\"url\":\"https:\/\/secure.gravatar.com\/avatar\/72069dfb6c13772d9e8381e3638666d2?s=96&d=mm&r=g\",\"contentUrl\":\"https:\/\/secure.gravatar.com\/avatar\/72069dfb6c13772d9e8381e3638666d2?s=96&d=mm&r=g\",\"caption\":\"EDITOR\"},\"url\":\"https:\/\/laprensacristiana.com\/?author=3\"}]}<\/script>\n<!-- \/ Yoast SEO plugin. -->","yoast_head_json":{"title":"La casa primero - La Prensa Cristiana","robots":{"index":"index","follow":"follow","max-snippet":"max-snippet:-1","max-image-preview":"max-image-preview:large","max-video-preview":"max-video-preview:-1"},"canonical":"https:\/\/laprensacristiana.com\/?p=12584","og_locale":"es_ES","og_type":"article","og_title":"La casa primero - La Prensa Cristiana","og_description":"Lucas 8:39 \u201cVuelve a tu casa\u2026\u201d La historia es harto conocida. Un hombre de pronto empieza a sentir cosas raras dentro de s\u00ed. Su familia no sabe como enfrentar esas cosas raras.&nbsp; Su esposa nota que de pronto tiene arrebatos de violencia verbal, f\u00edsica y emocional. Nunca hab\u00eda visto a su esposo actuar de esa [&hellip;]","og_url":"https:\/\/laprensacristiana.com\/?p=12584","og_site_name":"La Prensa Cristiana","article_published_time":"2021-09-22T23:56:57+00:00","article_modified_time":"2021-09-22T23:56:58+00:00","og_image":[{"width":1280,"height":714,"url":"https:\/\/laprensacristiana.com\/wp-content\/uploads\/2021\/02\/IMG_20210215_163352_769.jpg","type":"image\/jpeg"}],"author":"EDITOR","twitter_card":"summary_large_image","twitter_misc":{"Escrito por":"EDITOR","Tiempo de lectura":"4 minutos"},"schema":{"@context":"https:\/\/schema.org","@graph":[{"@type":"WebPage","@id":"https:\/\/laprensacristiana.com\/?p=12584","url":"https:\/\/laprensacristiana.com\/?p=12584","name":"La casa primero - La Prensa Cristiana","isPartOf":{"@id":"https:\/\/laprensacristiana.com\/#website"},"datePublished":"2021-09-22T23:56:57+00:00","dateModified":"2021-09-22T23:56:58+00:00","author":{"@id":"https:\/\/laprensacristiana.com\/#\/schema\/person\/3e7d82c6bfd6b1fa67010f8f7cd5256e"},"breadcrumb":{"@id":"https:\/\/laprensacristiana.com\/?p=12584#breadcrumb"},"inLanguage":"es","potentialAction":[{"@type":"ReadAction","target":["https:\/\/laprensacristiana.com\/?p=12584"]}]},{"@type":"BreadcrumbList","@id":"https:\/\/laprensacristiana.com\/?p=12584#breadcrumb","itemListElement":[{"@type":"ListItem","position":1,"name":"Portada","item":"https:\/\/laprensacristiana.com\/"},{"@type":"ListItem","position":2,"name":"La casa primero"}]},{"@type":"WebSite","@id":"https:\/\/laprensacristiana.com\/#website","url":"https:\/\/laprensacristiana.com\/","name":"La Prensa Cristiana","description":"Anunciando Las Buenas Nuevas","potentialAction":[{"@type":"SearchAction","target":{"@type":"EntryPoint","urlTemplate":"https:\/\/laprensacristiana.com\/?s={search_term_string}"},"query-input":"required name=search_term_string"}],"inLanguage":"es"},{"@type":"Person","@id":"https:\/\/laprensacristiana.com\/#\/schema\/person\/3e7d82c6bfd6b1fa67010f8f7cd5256e","name":"EDITOR","image":{"@type":"ImageObject","inLanguage":"es","@id":"https:\/\/laprensacristiana.com\/#\/schema\/person\/image\/","url":"https:\/\/secure.gravatar.com\/avatar\/72069dfb6c13772d9e8381e3638666d2?s=96&d=mm&r=g","contentUrl":"https:\/\/secure.gravatar.com\/avatar\/72069dfb6c13772d9e8381e3638666d2?s=96&d=mm&r=g","caption":"EDITOR"},"url":"https:\/\/laprensacristiana.com\/?author=3"}]}},"_links":{"self":[{"href":"https:\/\/laprensacristiana.com\/index.php?rest_route=\/wp\/v2\/posts\/12584"}],"collection":[{"href":"https:\/\/laprensacristiana.com\/index.php?rest_route=\/wp\/v2\/posts"}],"about":[{"href":"https:\/\/laprensacristiana.com\/index.php?rest_route=\/wp\/v2\/types\/post"}],"author":[{"embeddable":true,"href":"https:\/\/laprensacristiana.com\/index.php?rest_route=\/wp\/v2\/users\/3"}],"replies":[{"embeddable":true,"href":"https:\/\/laprensacristiana.com\/index.php?rest_route=%2Fwp%2Fv2%2Fcomments&post=12584"}],"version-history":[{"count":1,"href":"https:\/\/laprensacristiana.com\/index.php?rest_route=\/wp\/v2\/posts\/12584\/revisions"}],"predecessor-version":[{"id":12585,"href":"https:\/\/laprensacristiana.com\/index.php?rest_route=\/wp\/v2\/posts\/12584\/revisions\/12585"}],"wp:featuredmedia":[{"embeddable":true,"href":"https:\/\/laprensacristiana.com\/index.php?rest_route=\/wp\/v2\/media\/11327"}],"wp:attachment":[{"href":"https:\/\/laprensacristiana.com\/index.php?rest_route=%2Fwp%2Fv2%2Fmedia&parent=12584"}],"wp:term":[{"taxonomy":"category","embeddable":true,"href":"https:\/\/laprensacristiana.com\/index.php?rest_route=%2Fwp%2Fv2%2Fcategories&post=12584"},{"taxonomy":"post_tag","embeddable":true,"href":"https:\/\/laprensacristiana.com\/index.php?rest_route=%2Fwp%2Fv2%2Ftags&post=12584"}],"curies":[{"name":"wp","href":"https:\/\/api.w.org\/{rel}","templated":true}]}}