{"id":12588,"date":"2021-09-26T23:55:40","date_gmt":"2021-09-26T23:55:40","guid":{"rendered":"https:\/\/laprensacristiana.com\/?p=12588"},"modified":"2021-09-26T23:55:40","modified_gmt":"2021-09-26T23:55:40","slug":"presidente-nayib-bukele-reafirma-que-se-respetara-la-vida-la-libertad-religiosa-y-matrimonio-entre-hombre-y-mujer-en-nueva-constitucion","status":"publish","type":"post","link":"https:\/\/laprensacristiana.com\/?p=12588","title":{"rendered":"Presidente Nayib Bukele reafirma que se respetar\u00e1 la vida, la libertad religiosa y matrimonio entre hombre y mujer en nueva Constituci\u00f3n"},"content":{"rendered":"\n<p>El presidente de la Rep\u00fablica de El Salvador, Nayib Bukele, reafirm\u00f3 este domingo su compromiso con mantener intactos en la nueva Constituci\u00f3n los art\u00edculos en favor de la vida, la libertad religiosa y el matrimonio entre un hombre y una mujer.<\/p>\n\n\n\n<p>\u201cComo lo hab\u00eda dicho anteriormente, NO PROPONDREMOS cambios constitucionales que, aunque ni siquiera lo mencionaban, algunas personas dicen que podr\u00edan dejar la puerta abierta a que, en un futuro, se pueda aprobar v\u00eda nuevas leyes, el aborto, el matrimonio entre personas del mismo sexo y la eutanasia\u201d expres\u00f3 el presidente.<\/p>\n\n\n\n<p>A su vez indic\u00f3 que el tomar una decisi\u00f3n como esta de no abrir la puerta a dichas \u00e1reas para que no sean aprobadas, no ser\u00e1 del agrado de muchos pol\u00edticos, pa\u00edses, organizaciones internacionales, ONGS, medios de comunicaci\u00f3n y de toda la maquinaria internacional que impulsa esta agenda seg\u00fan lo expres\u00f3, por ello mencion\u00f3 que ser\u00e1 necesario el apoyo del pueblo salvadore\u00f1o para resistir esta presi\u00f3n.<\/p>\n\n\n\n<p>\u201cLa pregunta del mill\u00f3n: \u00bfESTAMOS LISTOS PARA DEFENDER EL DERECHO A LA VIDA, A DECIDIR SOBRE LA EDUCACI\u00d3N DE NUESTROS HIJOS, A MANTENER EL DISE\u00d1O ORIGINAL DEL MATRIMONIO Y A DEFENDER NUESTRA LIBERTAD RELIGIOSA?\u201d concluy\u00f3 el mandatario.<\/p>\n","protected":false},"excerpt":{"rendered":"<p>El presidente de la Rep\u00fablica de El Salvador, Nayib Bukele, reafirm\u00f3 este domingo su compromiso con mantener intactos en la nueva Constituci\u00f3n los art\u00edculos en favor de la vida, la libertad religiosa y el matrimonio entre un hombre y una mujer. \u201cComo lo hab\u00eda dicho anteriormente, NO PROPONDREMOS cambios constitucionales que, aunque ni siquiera lo [&hellip;]<\/p>\n","protected":false},"author":3,"featured_media":12554,"comment_status":"open","ping_status":"open","sticky":false,"template":"","format":"standard","meta":[],"categories":[56],"tags":[],"yoast_head":"<!-- This site is optimized with the Yoast SEO plugin v20.8 - https:\/\/yoast.com\/wordpress\/plugins\/seo\/ -->\n<title>Presidente Nayib Bukele reafirma que se respetar\u00e1 la vida, la libertad religiosa y matrimonio entre hombre y mujer en nueva Constituci\u00f3n - La Prensa Cristiana<\/title>\n<meta name=\"robots\" content=\"index, follow, max-snippet:-1, max-image-preview:large, max-video-preview:-1\" \/>\n<link rel=\"canonical\" href=\"https:\/\/laprensacristiana.com\/?p=12588\" \/>\n<meta property=\"og:locale\" content=\"es_ES\" \/>\n<meta property=\"og:type\" content=\"article\" \/>\n<meta property=\"og:title\" content=\"Presidente Nayib Bukele reafirma que se respetar\u00e1 la vida, la libertad religiosa y matrimonio entre hombre y mujer en nueva Constituci\u00f3n - La Prensa Cristiana\" \/>\n<meta property=\"og:description\" content=\"El presidente de la Rep\u00fablica de El Salvador, Nayib Bukele, reafirm\u00f3 este domingo su compromiso con mantener intactos en la nueva Constituci\u00f3n los art\u00edculos en favor de la vida, la libertad religiosa y el matrimonio entre un hombre y una mujer. \u201cComo lo hab\u00eda dicho anteriormente, NO PROPONDREMOS cambios constitucionales que, aunque ni siquiera lo [&hellip;]\" \/>\n<meta property=\"og:url\" content=\"https:\/\/laprensacristiana.com\/?p=12588\" \/>\n<meta property=\"og:site_name\" content=\"La Prensa Cristiana\" \/>\n<meta property=\"article:published_time\" content=\"2021-09-26T23:55:40+00:00\" \/>\n<meta property=\"og:image\" content=\"https:\/\/laprensacristiana.com\/wp-content\/uploads\/2021\/09\/WhatsApp-Image-2021-09-17-at-06.13.29.jpeg\" \/>\n\t<meta property=\"og:image:width\" content=\"1277\" \/>\n\t<meta property=\"og:image:height\" content=\"1280\" \/>\n\t<meta property=\"og:image:type\" content=\"image\/jpeg\" \/>\n<meta name=\"author\" content=\"EDITOR\" \/>\n<meta name=\"twitter:card\" content=\"summary_large_image\" \/>\n<meta name=\"twitter:label1\" content=\"Escrito por\" \/>\n\t<meta name=\"twitter:data1\" content=\"EDITOR\" \/>\n\t<meta name=\"twitter:label2\" content=\"Tiempo de lectura\" \/>\n\t<meta name=\"twitter:data2\" content=\"1 minuto\" \/>\n<script type=\"application\/ld+json\" class=\"yoast-schema-graph\">{\"@context\":\"https:\/\/schema.org\",\"@graph\":[{\"@type\":\"WebPage\",\"@id\":\"https:\/\/laprensacristiana.com\/?p=12588\",\"url\":\"https:\/\/laprensacristiana.com\/?p=12588\",\"name\":\"Presidente Nayib Bukele reafirma que se respetar\u00e1 la vida, la libertad religiosa y matrimonio entre hombre y mujer en nueva Constituci\u00f3n - La Prensa Cristiana\",\"isPartOf\":{\"@id\":\"https:\/\/laprensacristiana.com\/#website\"},\"datePublished\":\"2021-09-26T23:55:40+00:00\",\"dateModified\":\"2021-09-26T23:55:40+00:00\",\"author\":{\"@id\":\"https:\/\/laprensacristiana.com\/#\/schema\/person\/3e7d82c6bfd6b1fa67010f8f7cd5256e\"},\"breadcrumb\":{\"@id\":\"https:\/\/laprensacristiana.com\/?p=12588#breadcrumb\"},\"inLanguage\":\"es\",\"potentialAction\":[{\"@type\":\"ReadAction\",\"target\":[\"https:\/\/laprensacristiana.com\/?p=12588\"]}]},{\"@type\":\"BreadcrumbList\",\"@id\":\"https:\/\/laprensacristiana.com\/?p=12588#breadcrumb\",\"itemListElement\":[{\"@type\":\"ListItem\",\"position\":1,\"name\":\"Portada\",\"item\":\"https:\/\/laprensacristiana.com\/\"},{\"@type\":\"ListItem\",\"position\":2,\"name\":\"Presidente Nayib Bukele reafirma que se respetar\u00e1 la vida, la libertad religiosa y matrimonio entre hombre y mujer en nueva Constituci\u00f3n\"}]},{\"@type\":\"WebSite\",\"@id\":\"https:\/\/laprensacristiana.com\/#website\",\"url\":\"https:\/\/laprensacristiana.com\/\",\"name\":\"La Prensa Cristiana\",\"description\":\"Anunciando Las Buenas Nuevas\",\"potentialAction\":[{\"@type\":\"SearchAction\",\"target\":{\"@type\":\"EntryPoint\",\"urlTemplate\":\"https:\/\/laprensacristiana.com\/?s={search_term_string}\"},\"query-input\":\"required name=search_term_string\"}],\"inLanguage\":\"es\"},{\"@type\":\"Person\",\"@id\":\"https:\/\/laprensacristiana.com\/#\/schema\/person\/3e7d82c6bfd6b1fa67010f8f7cd5256e\",\"name\":\"EDITOR\",\"image\":{\"@type\":\"ImageObject\",\"inLanguage\":\"es\",\"@id\":\"https:\/\/laprensacristiana.com\/#\/schema\/person\/image\/\",\"url\":\"https:\/\/secure.gravatar.com\/avatar\/72069dfb6c13772d9e8381e3638666d2?s=96&d=mm&r=g\",\"contentUrl\":\"https:\/\/secure.gravatar.com\/avatar\/72069dfb6c13772d9e8381e3638666d2?s=96&d=mm&r=g\",\"caption\":\"EDITOR\"},\"url\":\"https:\/\/laprensacristiana.com\/?author=3\"}]}<\/script>\n<!-- \/ Yoast SEO plugin. -->","yoast_head_json":{"title":"Presidente Nayib Bukele reafirma que se respetar\u00e1 la vida, la libertad religiosa y matrimonio entre hombre y mujer en nueva Constituci\u00f3n - La Prensa Cristiana","robots":{"index":"index","follow":"follow","max-snippet":"max-snippet:-1","max-image-preview":"max-image-preview:large","max-video-preview":"max-video-preview:-1"},"canonical":"https:\/\/laprensacristiana.com\/?p=12588","og_locale":"es_ES","og_type":"article","og_title":"Presidente Nayib Bukele reafirma que se respetar\u00e1 la vida, la libertad religiosa y matrimonio entre hombre y mujer en nueva Constituci\u00f3n - La Prensa Cristiana","og_description":"El presidente de la Rep\u00fablica de El Salvador, Nayib Bukele, reafirm\u00f3 este domingo su compromiso con mantener intactos en la nueva Constituci\u00f3n los art\u00edculos en favor de la vida, la libertad religiosa y el matrimonio entre un hombre y una mujer. \u201cComo lo hab\u00eda dicho anteriormente, NO PROPONDREMOS cambios constitucionales que, aunque ni siquiera lo [&hellip;]","og_url":"https:\/\/laprensacristiana.com\/?p=12588","og_site_name":"La Prensa Cristiana","article_published_time":"2021-09-26T23:55:40+00:00","og_image":[{"width":1277,"height":1280,"url":"https:\/\/laprensacristiana.com\/wp-content\/uploads\/2021\/09\/WhatsApp-Image-2021-09-17-at-06.13.29.jpeg","type":"image\/jpeg"}],"author":"EDITOR","twitter_card":"summary_large_image","twitter_misc":{"Escrito por":"EDITOR","Tiempo de lectura":"1 minuto"},"schema":{"@context":"https:\/\/schema.org","@graph":[{"@type":"WebPage","@id":"https:\/\/laprensacristiana.com\/?p=12588","url":"https:\/\/laprensacristiana.com\/?p=12588","name":"Presidente Nayib Bukele reafirma que se respetar\u00e1 la vida, la libertad religiosa y matrimonio entre hombre y mujer en nueva Constituci\u00f3n - La Prensa Cristiana","isPartOf":{"@id":"https:\/\/laprensacristiana.com\/#website"},"datePublished":"2021-09-26T23:55:40+00:00","dateModified":"2021-09-26T23:55:40+00:00","author":{"@id":"https:\/\/laprensacristiana.com\/#\/schema\/person\/3e7d82c6bfd6b1fa67010f8f7cd5256e"},"breadcrumb":{"@id":"https:\/\/laprensacristiana.com\/?p=12588#breadcrumb"},"inLanguage":"es","potentialAction":[{"@type":"ReadAction","target":["https:\/\/laprensacristiana.com\/?p=12588"]}]},{"@type":"BreadcrumbList","@id":"https:\/\/laprensacristiana.com\/?p=12588#breadcrumb","itemListElement":[{"@type":"ListItem","position":1,"name":"Portada","item":"https:\/\/laprensacristiana.com\/"},{"@type":"ListItem","position":2,"name":"Presidente Nayib Bukele reafirma que se respetar\u00e1 la vida, la libertad religiosa y matrimonio entre hombre y mujer en nueva Constituci\u00f3n"}]},{"@type":"WebSite","@id":"https:\/\/laprensacristiana.com\/#website","url":"https:\/\/laprensacristiana.com\/","name":"La Prensa Cristiana","description":"Anunciando Las Buenas Nuevas","potentialAction":[{"@type":"SearchAction","target":{"@type":"EntryPoint","urlTemplate":"https:\/\/laprensacristiana.com\/?s={search_term_string}"},"query-input":"required name=search_term_string"}],"inLanguage":"es"},{"@type":"Person","@id":"https:\/\/laprensacristiana.com\/#\/schema\/person\/3e7d82c6bfd6b1fa67010f8f7cd5256e","name":"EDITOR","image":{"@type":"ImageObject","inLanguage":"es","@id":"https:\/\/laprensacristiana.com\/#\/schema\/person\/image\/","url":"https:\/\/secure.gravatar.com\/avatar\/72069dfb6c13772d9e8381e3638666d2?s=96&d=mm&r=g","contentUrl":"https:\/\/secure.gravatar.com\/avatar\/72069dfb6c13772d9e8381e3638666d2?s=96&d=mm&r=g","caption":"EDITOR"},"url":"https:\/\/laprensacristiana.com\/?author=3"}]}},"_links":{"self":[{"href":"https:\/\/laprensacristiana.com\/index.php?rest_route=\/wp\/v2\/posts\/12588"}],"collection":[{"href":"https:\/\/laprensacristiana.com\/index.php?rest_route=\/wp\/v2\/posts"}],"about":[{"href":"https:\/\/laprensacristiana.com\/index.php?rest_route=\/wp\/v2\/types\/post"}],"author":[{"embeddable":true,"href":"https:\/\/laprensacristiana.com\/index.php?rest_route=\/wp\/v2\/users\/3"}],"replies":[{"embeddable":true,"href":"https:\/\/laprensacristiana.com\/index.php?rest_route=%2Fwp%2Fv2%2Fcomments&post=12588"}],"version-history":[{"count":1,"href":"https:\/\/laprensacristiana.com\/index.php?rest_route=\/wp\/v2\/posts\/12588\/revisions"}],"predecessor-version":[{"id":12589,"href":"https:\/\/laprensacristiana.com\/index.php?rest_route=\/wp\/v2\/posts\/12588\/revisions\/12589"}],"wp:featuredmedia":[{"embeddable":true,"href":"https:\/\/laprensacristiana.com\/index.php?rest_route=\/wp\/v2\/media\/12554"}],"wp:attachment":[{"href":"https:\/\/laprensacristiana.com\/index.php?rest_route=%2Fwp%2Fv2%2Fmedia&parent=12588"}],"wp:term":[{"taxonomy":"category","embeddable":true,"href":"https:\/\/laprensacristiana.com\/index.php?rest_route=%2Fwp%2Fv2%2Fcategories&post=12588"},{"taxonomy":"post_tag","embeddable":true,"href":"https:\/\/laprensacristiana.com\/index.php?rest_route=%2Fwp%2Fv2%2Ftags&post=12588"}],"curies":[{"name":"wp","href":"https:\/\/api.w.org\/{rel}","templated":true}]}}