{"id":12594,"date":"2021-09-27T14:04:43","date_gmt":"2021-09-27T14:04:43","guid":{"rendered":"https:\/\/laprensacristiana.com\/?p=12594"},"modified":"2021-09-27T14:04:44","modified_gmt":"2021-09-27T14:04:44","slug":"los-4-ciclos-de-la-vida","status":"publish","type":"post","link":"https:\/\/laprensacristiana.com\/?p=12594","title":{"rendered":"\u00a1Los 4 ciclos de la vida!"},"content":{"rendered":"\n<p>Por: Edgar L\u00f3pez Bertrand Jr. *Pastor General Tabern\u00e1culo B\u00edblico Bautista Amigos de Israel<\/p>\n\n\n\n<p>INICIACI\u00d3N\u2013 DESARROLLO- TRABAJO-&nbsp;MULTIPLICACI\u00d3N<\/p>\n\n\n\n<p><strong>Cualquiera que se salta de un ciclo complicar\u00e1 su destino y desarrollo personal<\/strong><\/p>\n\n\n\n<p>Platicando con el Pastor Ben\u00edtez del TBB Atlacatl, en un desayuno de pastores motociclistas y amigos en la ciudad de San Salvador, me comparti\u00f3 una historia maravillosa: hablamos de los que nos enredamos con personas que no est\u00e1n en nuestro mismo ciclo de vida, y luego juntos llegamos a la conclusi\u00f3n que los hombres o mujeres viudos, divorciados o separados, no deber\u00edan escoger con ligereza a la persona con quien desean pasar el resto de sus d\u00edas.<\/p>\n\n\n\n<p><strong>NO est\u00e1s listo para el segundo ciclo antes del primero<\/strong><\/p>\n\n\n\n<p>De igual manera llegamos a la conclusi\u00f3n que los ciclos de vida dise\u00f1ados por Dios tienen un prop\u00f3sito y objetivo para cada uno de nosotros, y todo aquel que altera los ciclos de vida dise\u00f1ados por Dios est\u00e1 en una carrera que puede llegar a ser dolorosa y complicada.<\/p>\n\n\n\n<p><strong>Si lograste entender que esto ya termina, estas listo para seguir avanzando<\/strong><\/p>\n\n\n\n<p>El ciclo de iniciaci\u00f3n: vemos a Mois\u00e9s siendo entregado en manos de los Egipcios por medio del descuido aparente de su familiar, este ni\u00f1o lleg\u00f3 al lugar donde Dios le necesitaba para poder utilizarle para la liberaci\u00f3n de su pueblo escogido de manos de Fara\u00f3n; y en nuestra vida de fe nos sirve para reconocer y conocer el poder de Dios sobre los lideres poderosos de la tierra.<\/p>\n\n\n\n<p><strong>No des todo por sentado, es necesario experimentarlo<\/strong><\/p>\n\n\n\n<p>El ciclo del desarrollo: este inicia en la vida de Mois\u00e9s cuando durante su juventud desarrolla una cultura de primer mundo en su \u00e9poca como vemos hasta hoy; este es la etapa donde desarrollamos nuestros talentos y aprendemos los que no traemos con nosotros de tal manera que nos educamos y preparamos para el siguiente nivel.<\/p>\n\n\n\n<p><strong>\u00a1Si Dios te escogi\u00f3 para la misi\u00f3n \u00c9l ira contigo!<\/strong><\/p>\n\n\n\n<p>El ciclo del trabajo: este es el que inicia cuando se da el gran debate de sacar al pueblo de la cautividad hacia la tierra prometida, tierra que fluye leche y miel. Mois\u00e9s y su compa\u00f1ero debaten ante Fara\u00f3n por esa liberaci\u00f3n experimentando las plagas que la Biblia nos describe, fue esta la etapa m\u00e1s dif\u00edcil para \u00e9l ya que tuvo que aprender a depender de Dios en todas las \u00e1reas de la vida.<\/p>\n\n\n\n<p><strong>No desmayes, esto est\u00e1 por terminar<\/strong><\/p>\n\n\n\n<p>El ciclo de la Multiplicaci\u00f3n: este es el momento donde ya estas preparando a tu sucesor en la empresa o ministerio; este es el momento de mentorear y capacitar a los que est\u00e1n surgiendo para cumplir el prop\u00f3sito de Dios en su plan para la nueva generaci\u00f3n. En este ciclo, aquel que ya curs\u00f3 y super\u00f3 los tres ciclos anteriores ya no trabaja al mismo de ritmo de antes, ya que su edad no se lo permite.<\/p>\n\n\n\n<p><strong>Si le\u00edste hasta aqu\u00ed pon atenci\u00f3n al final para entender los ciclos de vida que Dios dise\u00f1\u00f3 para nosotros<\/strong><\/p>\n\n\n\n<p>Entonces habiendo visto los cuatro ciclos de vida que Dios hizo atravesar a Mois\u00e9s, podemos concluir que los que optamos saltarnos un ciclo, estar\u00edamos cometiendo un grave error; si as\u00ed lo hacemos no estamos listos para avanzar. Seria doloroso que tengamos que repetir un proceso ya superado. Todo aquel que opta por no cursar o atravesar estos ciclos jam\u00e1s entender\u00e1 los prop\u00f3sitos que Dios tiene y ten\u00eda para cada uno de nosotros.<\/p>\n\n\n\n<p><strong>No ha sido en vano, vali\u00f3 la pena atravesar cada uno de los ciclos y proceso experimentados<\/strong><\/p>\n\n\n\n<p>Cometer el error de enamorarse, acompa\u00f1arse, cambiar, preferir a alguien, o algo que no est\u00e1 en tu ciclo de vida; es exponernos al dolor, vituperio o traici\u00f3n. Encontraras dolor y sobre todo abandono, siendo lo m\u00e1s peligroso que cuando lleguen los d\u00edas en que digas: no tengo en ellos contentamiento, culpar\u00e1s a Dios por cosas que Dios jam\u00e1s ordeno en tu vida; te recomiendo, te pido, te exhorto: completa tu ciclo de vida en victoria y avanza.<\/p>\n","protected":false},"excerpt":{"rendered":"<p>Por: Edgar L\u00f3pez Bertrand Jr. *Pastor General Tabern\u00e1culo B\u00edblico Bautista Amigos de Israel INICIACI\u00d3N\u2013 DESARROLLO- TRABAJO-&nbsp;MULTIPLICACI\u00d3N Cualquiera que se salta de un ciclo complicar\u00e1 su destino y desarrollo personal Platicando con el Pastor Ben\u00edtez del TBB Atlacatl, en un desayuno de pastores motociclistas y amigos en la ciudad de San Salvador, me comparti\u00f3 una historia [&hellip;]<\/p>\n","protected":false},"author":3,"featured_media":12563,"comment_status":"open","ping_status":"open","sticky":false,"template":"","format":"standard","meta":[],"categories":[23],"tags":[],"yoast_head":"<!-- This site is optimized with the Yoast SEO plugin v20.8 - https:\/\/yoast.com\/wordpress\/plugins\/seo\/ -->\n<title>\u00a1Los 4 ciclos de la vida! - La Prensa Cristiana<\/title>\n<meta name=\"robots\" content=\"index, follow, max-snippet:-1, max-image-preview:large, max-video-preview:-1\" \/>\n<link rel=\"canonical\" href=\"https:\/\/laprensacristiana.com\/?p=12594\" \/>\n<meta property=\"og:locale\" content=\"es_ES\" \/>\n<meta property=\"og:type\" content=\"article\" \/>\n<meta property=\"og:title\" content=\"\u00a1Los 4 ciclos de la vida! - La Prensa Cristiana\" \/>\n<meta property=\"og:description\" content=\"Por: Edgar L\u00f3pez Bertrand Jr. *Pastor General Tabern\u00e1culo B\u00edblico Bautista Amigos de Israel INICIACI\u00d3N\u2013 DESARROLLO- TRABAJO-&nbsp;MULTIPLICACI\u00d3N Cualquiera que se salta de un ciclo complicar\u00e1 su destino y desarrollo personal Platicando con el Pastor Ben\u00edtez del TBB Atlacatl, en un desayuno de pastores motociclistas y amigos en la ciudad de San Salvador, me comparti\u00f3 una historia [&hellip;]\" \/>\n<meta property=\"og:url\" content=\"https:\/\/laprensacristiana.com\/?p=12594\" \/>\n<meta property=\"og:site_name\" content=\"La Prensa Cristiana\" \/>\n<meta property=\"article:published_time\" content=\"2021-09-27T14:04:43+00:00\" \/>\n<meta property=\"article:modified_time\" content=\"2021-09-27T14:04:44+00:00\" \/>\n<meta property=\"og:image\" content=\"https:\/\/laprensacristiana.com\/wp-content\/uploads\/2021\/09\/WhatsApp-Image-2020-01-08-at-10.49.18-1.jpeg\" \/>\n\t<meta property=\"og:image:width\" content=\"696\" \/>\n\t<meta property=\"og:image:height\" content=\"389\" \/>\n\t<meta property=\"og:image:type\" content=\"image\/jpeg\" \/>\n<meta name=\"author\" content=\"EDITOR\" \/>\n<meta name=\"twitter:card\" content=\"summary_large_image\" \/>\n<meta name=\"twitter:label1\" content=\"Escrito por\" \/>\n\t<meta name=\"twitter:data1\" content=\"EDITOR\" \/>\n\t<meta name=\"twitter:label2\" content=\"Tiempo de lectura\" \/>\n\t<meta name=\"twitter:data2\" content=\"4 minutos\" \/>\n<script type=\"application\/ld+json\" class=\"yoast-schema-graph\">{\"@context\":\"https:\/\/schema.org\",\"@graph\":[{\"@type\":\"WebPage\",\"@id\":\"https:\/\/laprensacristiana.com\/?p=12594\",\"url\":\"https:\/\/laprensacristiana.com\/?p=12594\",\"name\":\"\u00a1Los 4 ciclos de la vida! - La Prensa Cristiana\",\"isPartOf\":{\"@id\":\"https:\/\/laprensacristiana.com\/#website\"},\"datePublished\":\"2021-09-27T14:04:43+00:00\",\"dateModified\":\"2021-09-27T14:04:44+00:00\",\"author\":{\"@id\":\"https:\/\/laprensacristiana.com\/#\/schema\/person\/3e7d82c6bfd6b1fa67010f8f7cd5256e\"},\"breadcrumb\":{\"@id\":\"https:\/\/laprensacristiana.com\/?p=12594#breadcrumb\"},\"inLanguage\":\"es\",\"potentialAction\":[{\"@type\":\"ReadAction\",\"target\":[\"https:\/\/laprensacristiana.com\/?p=12594\"]}]},{\"@type\":\"BreadcrumbList\",\"@id\":\"https:\/\/laprensacristiana.com\/?p=12594#breadcrumb\",\"itemListElement\":[{\"@type\":\"ListItem\",\"position\":1,\"name\":\"Portada\",\"item\":\"https:\/\/laprensacristiana.com\/\"},{\"@type\":\"ListItem\",\"position\":2,\"name\":\"\u00a1Los 4 ciclos de la vida!\"}]},{\"@type\":\"WebSite\",\"@id\":\"https:\/\/laprensacristiana.com\/#website\",\"url\":\"https:\/\/laprensacristiana.com\/\",\"name\":\"La Prensa Cristiana\",\"description\":\"Anunciando Las Buenas Nuevas\",\"potentialAction\":[{\"@type\":\"SearchAction\",\"target\":{\"@type\":\"EntryPoint\",\"urlTemplate\":\"https:\/\/laprensacristiana.com\/?s={search_term_string}\"},\"query-input\":\"required name=search_term_string\"}],\"inLanguage\":\"es\"},{\"@type\":\"Person\",\"@id\":\"https:\/\/laprensacristiana.com\/#\/schema\/person\/3e7d82c6bfd6b1fa67010f8f7cd5256e\",\"name\":\"EDITOR\",\"image\":{\"@type\":\"ImageObject\",\"inLanguage\":\"es\",\"@id\":\"https:\/\/laprensacristiana.com\/#\/schema\/person\/image\/\",\"url\":\"https:\/\/secure.gravatar.com\/avatar\/72069dfb6c13772d9e8381e3638666d2?s=96&d=mm&r=g\",\"contentUrl\":\"https:\/\/secure.gravatar.com\/avatar\/72069dfb6c13772d9e8381e3638666d2?s=96&d=mm&r=g\",\"caption\":\"EDITOR\"},\"url\":\"https:\/\/laprensacristiana.com\/?author=3\"}]}<\/script>\n<!-- \/ Yoast SEO plugin. -->","yoast_head_json":{"title":"\u00a1Los 4 ciclos de la vida! - La Prensa Cristiana","robots":{"index":"index","follow":"follow","max-snippet":"max-snippet:-1","max-image-preview":"max-image-preview:large","max-video-preview":"max-video-preview:-1"},"canonical":"https:\/\/laprensacristiana.com\/?p=12594","og_locale":"es_ES","og_type":"article","og_title":"\u00a1Los 4 ciclos de la vida! - La Prensa Cristiana","og_description":"Por: Edgar L\u00f3pez Bertrand Jr. *Pastor General Tabern\u00e1culo B\u00edblico Bautista Amigos de Israel INICIACI\u00d3N\u2013 DESARROLLO- TRABAJO-&nbsp;MULTIPLICACI\u00d3N Cualquiera que se salta de un ciclo complicar\u00e1 su destino y desarrollo personal Platicando con el Pastor Ben\u00edtez del TBB Atlacatl, en un desayuno de pastores motociclistas y amigos en la ciudad de San Salvador, me comparti\u00f3 una historia [&hellip;]","og_url":"https:\/\/laprensacristiana.com\/?p=12594","og_site_name":"La Prensa Cristiana","article_published_time":"2021-09-27T14:04:43+00:00","article_modified_time":"2021-09-27T14:04:44+00:00","og_image":[{"width":696,"height":389,"url":"https:\/\/laprensacristiana.com\/wp-content\/uploads\/2021\/09\/WhatsApp-Image-2020-01-08-at-10.49.18-1.jpeg","type":"image\/jpeg"}],"author":"EDITOR","twitter_card":"summary_large_image","twitter_misc":{"Escrito por":"EDITOR","Tiempo de lectura":"4 minutos"},"schema":{"@context":"https:\/\/schema.org","@graph":[{"@type":"WebPage","@id":"https:\/\/laprensacristiana.com\/?p=12594","url":"https:\/\/laprensacristiana.com\/?p=12594","name":"\u00a1Los 4 ciclos de la vida! - La Prensa Cristiana","isPartOf":{"@id":"https:\/\/laprensacristiana.com\/#website"},"datePublished":"2021-09-27T14:04:43+00:00","dateModified":"2021-09-27T14:04:44+00:00","author":{"@id":"https:\/\/laprensacristiana.com\/#\/schema\/person\/3e7d82c6bfd6b1fa67010f8f7cd5256e"},"breadcrumb":{"@id":"https:\/\/laprensacristiana.com\/?p=12594#breadcrumb"},"inLanguage":"es","potentialAction":[{"@type":"ReadAction","target":["https:\/\/laprensacristiana.com\/?p=12594"]}]},{"@type":"BreadcrumbList","@id":"https:\/\/laprensacristiana.com\/?p=12594#breadcrumb","itemListElement":[{"@type":"ListItem","position":1,"name":"Portada","item":"https:\/\/laprensacristiana.com\/"},{"@type":"ListItem","position":2,"name":"\u00a1Los 4 ciclos de la vida!"}]},{"@type":"WebSite","@id":"https:\/\/laprensacristiana.com\/#website","url":"https:\/\/laprensacristiana.com\/","name":"La Prensa Cristiana","description":"Anunciando Las Buenas Nuevas","potentialAction":[{"@type":"SearchAction","target":{"@type":"EntryPoint","urlTemplate":"https:\/\/laprensacristiana.com\/?s={search_term_string}"},"query-input":"required name=search_term_string"}],"inLanguage":"es"},{"@type":"Person","@id":"https:\/\/laprensacristiana.com\/#\/schema\/person\/3e7d82c6bfd6b1fa67010f8f7cd5256e","name":"EDITOR","image":{"@type":"ImageObject","inLanguage":"es","@id":"https:\/\/laprensacristiana.com\/#\/schema\/person\/image\/","url":"https:\/\/secure.gravatar.com\/avatar\/72069dfb6c13772d9e8381e3638666d2?s=96&d=mm&r=g","contentUrl":"https:\/\/secure.gravatar.com\/avatar\/72069dfb6c13772d9e8381e3638666d2?s=96&d=mm&r=g","caption":"EDITOR"},"url":"https:\/\/laprensacristiana.com\/?author=3"}]}},"_links":{"self":[{"href":"https:\/\/laprensacristiana.com\/index.php?rest_route=\/wp\/v2\/posts\/12594"}],"collection":[{"href":"https:\/\/laprensacristiana.com\/index.php?rest_route=\/wp\/v2\/posts"}],"about":[{"href":"https:\/\/laprensacristiana.com\/index.php?rest_route=\/wp\/v2\/types\/post"}],"author":[{"embeddable":true,"href":"https:\/\/laprensacristiana.com\/index.php?rest_route=\/wp\/v2\/users\/3"}],"replies":[{"embeddable":true,"href":"https:\/\/laprensacristiana.com\/index.php?rest_route=%2Fwp%2Fv2%2Fcomments&post=12594"}],"version-history":[{"count":1,"href":"https:\/\/laprensacristiana.com\/index.php?rest_route=\/wp\/v2\/posts\/12594\/revisions"}],"predecessor-version":[{"id":12595,"href":"https:\/\/laprensacristiana.com\/index.php?rest_route=\/wp\/v2\/posts\/12594\/revisions\/12595"}],"wp:featuredmedia":[{"embeddable":true,"href":"https:\/\/laprensacristiana.com\/index.php?rest_route=\/wp\/v2\/media\/12563"}],"wp:attachment":[{"href":"https:\/\/laprensacristiana.com\/index.php?rest_route=%2Fwp%2Fv2%2Fmedia&parent=12594"}],"wp:term":[{"taxonomy":"category","embeddable":true,"href":"https:\/\/laprensacristiana.com\/index.php?rest_route=%2Fwp%2Fv2%2Fcategories&post=12594"},{"taxonomy":"post_tag","embeddable":true,"href":"https:\/\/laprensacristiana.com\/index.php?rest_route=%2Fwp%2Fv2%2Ftags&post=12594"}],"curies":[{"name":"wp","href":"https:\/\/api.w.org\/{rel}","templated":true}]}}