{"id":12604,"date":"2021-09-29T12:25:44","date_gmt":"2021-09-29T12:25:44","guid":{"rendered":"https:\/\/laprensacristiana.com\/?p=12604"},"modified":"2021-09-29T12:25:45","modified_gmt":"2021-09-29T12:25:45","slug":"pobres-en-espiritu","status":"publish","type":"post","link":"https:\/\/laprensacristiana.com\/?p=12604","title":{"rendered":"Pobres en esp\u00edritu"},"content":{"rendered":"\n<p>Mateo 5:3 &nbsp;\u201cBienaventurados los pobres en esp\u00edritu, pues de ellos es el reino de los cielos\u201d<\/p>\n\n\n\n<p>\u00bfTres veces dichosos los pobres?<\/p>\n\n\n\n<p>Ah\u2026 entonces hay que ser pobres para ser dichosos.&nbsp; Eso era lo que ense\u00f1aban en aquella iglesia en donde me convert\u00ed al Se\u00f1or hace ya unos cuarenticinco a\u00f1os. Nuestro pastor nos dec\u00eda que el oro, la plata y el dinero eran del Diablo.&nbsp; Y nosotros le cre\u00edmos. As\u00ed que cuando alguien llegaba -como yo, reci\u00e9n convertido- con una cadena de oro al cuello, los di\u00e1conos se nos quedaban viendo como que llev\u00e1bamos una serpiente enrollada.&nbsp; Paso seguido nos la ped\u00edan para echarla al infierno.&nbsp; Nunca supe si en realidad lo hac\u00edan o se quedaban con ella.<\/p>\n\n\n\n<p>Ahora que tengo otra perspectiva sobre el Evangelio de Cristo me doy cuenta que me enga\u00f1aron.&nbsp; Como aquella historia de Juan.&nbsp; \u00bfLa conocen?<\/p>\n\n\n\n<p>El pobre Juan se convierte a Cristo en una aldea de su ciudad y le dicen que es pecado re\u00edrse, porque la risa es del Diablo, que es pecado comer bastante, as\u00ed que hay que ayunar todo lo que se pueda para ser santo. Que mientras m\u00e1s flaco menos pesar\u00e1 a la hora de irse al cielo. Le enga\u00f1aron dici\u00e9ndole que era pecado vestirse con ropa elegante, que lo correcto era el blanco y el negro. Que estrenar zapatos no era lo que Dios aceptaba, que hab\u00eda que andar roto, macilento, m\u00e1s p\u00e1lido que una papaya verde, que usar enjuage bucal era del infierno, que echarse vaselina en el pelo para andar bien peinado lo aborrec\u00eda Dios. No era bueno disfrutar de un buen chiste, una sabrosa coca cola, de enamorarse de una bonita mujer.<\/p>\n\n\n\n<p>Como al pobre Juan, a m\u00ed tambi\u00e9n me dijeron que la barba era del infierno, porque era lo primero que agarra fuego por las llamas, as\u00ed que cuando me convert\u00ed al Se\u00f1or, fui r\u00e1pido a mi casa y me rasur\u00e9, me rasur\u00e9 tanto, que hasta la fecha, a mis setenticinco a\u00f1os no he podido dejarme otra vez la barba. Ahora por las canas, pero nunca olvidar\u00e9 esa falsa ense\u00f1anza.<\/p>\n\n\n\n<p>Y cuando quise estudiar Teolog\u00eda en el Seteca, all\u00e1 en Guatemala, mi pastor me rega\u00f1\u00f3 dici\u00e9ndome que all\u00ed me iban a ense\u00f1ar cosas del mundo y no del Cielo. As\u00ed que por gusto pagu\u00e9 mi inscripci\u00f3n porque no me dejaron poner un pie en ese instituto. Pasados muchos a\u00f1os pude concretar mi sue\u00f1o y ahora tengo una Maestr\u00eda en Divinidades, un Doctorado en Ministerio Pastoral y varios Diplomados en consejer\u00eda familiar.<\/p>\n\n\n\n<p>Si el pastor que me gan\u00f3 para Cristo lo supiera me los pedir\u00eda para prenderles fuego. Porque para \u00e9l, solo la Reina Valera del \u00b459 es lo que vale.&nbsp; Todas las dem\u00e1s Biblias son del mundo.<\/p>\n\n\n\n<p>A\u00f1os despu\u00e9s me di cuenta que me enga\u00f1aron.&nbsp; La ignorancia escritural de aquel entonces provoc\u00f3 que muchos de nosotros imit\u00e1ramos lo que nos ense\u00f1aban en aquellos p\u00falpitos. Entonces, consecuencia l\u00f3gica, tambi\u00e9n tuvimos nuestros momentos de legalistas.&nbsp; No acept\u00e1bamos ser pr\u00f3speros ni so\u00f1ar con disfrutar la vida. No. Todo eso es malo. Si vamos a la playa, que sea el lugar m\u00e1s sucio y asqueroso porque solo los hijos del Diablo pueden tener una playa limpia y de arenas blancas. Nosotros, los evang\u00e9licos, los que s\u00ed somos hijos de Dios, podemos ba\u00f1arnos en arena y no en agua. Caminar entre las piedras para purificar nuestros pecados, antes que caminar en senderos de hierba verde e irnos al infierno.<\/p>\n\n\n\n<p>Total, que para aquel tiempo, todo era del Diablo. Es decir, Dios, el Creador de todas las cosas para que las disfrut\u00e1ramos con placer no era due\u00f1o de nada. Result\u00f3 que nos enga\u00f1aron porque entonces quer\u00eda decir que Dios no hizo nada bueno. Al contrario de lo que dice el Libro de G\u00e9nesis que \u201cvio que todo era bueno\u201d era mentira.<\/p>\n\n\n\n<p>Hasta que, como dijo Pablo, \u00a1gracias doy por Jesucristo! que me abri\u00f3 los ojos y me hizo ver que la ley mata. Mata el gozo, la alegr\u00eda, los sue\u00f1os, los proyectos, los deseos de disfrutar de un Evangelio que produce paz, que quiere que los que creamos en el Hijo de Dios tengamos todas las a\u00f1adiduras que su Reino promete.<\/p>\n\n\n\n<p>Hasta entonces entend\u00ed lo que dice Jesus en Mateo. Que lo verdadero es ser pobres en esp\u00edritu no en billetera. Que aunque la billetera est\u00e9 rebosante de dinero mi coraz\u00f3n y mi alma deben sentirse tan pobres que siempre necesitar\u00e9 de la bendici\u00f3n del Se\u00f1or.&nbsp; Que la pobreza no es virtud sino maldici\u00f3n. Que la prosperidad es un deseo de Dios porque lo dijo en Juan: \u201cAmados, yo deseo que sean prosperados en todo\u2026\u201d<\/p>\n\n\n\n<p>As\u00ed que si usted que me lee, ha estado creyendo que no tiene derecho a comerse un buen asado en el mejor restaurante de la ciudad, un buen trozo de entra\u00f1a con tortillas salidas del comal, de disfrutar de una buena limonada con sabor a fresa, de vestir un buen traje de quinientos d\u00f3lares, un par de zapatos de cien d\u00f3lares y una hermosa esposa que le haga presumir de ella\u2026le han enga\u00f1ado tambi\u00e9n, mi querido hermano Juan.&nbsp; No deje de ser humilde y sencillo, pero disfrute de su bienestar f\u00edsico, emocional, espiritual y financiero.<\/p>\n\n\n\n<p>A eso vino Jesus: a deshacer las obras del Diablo.<\/p>\n","protected":false},"excerpt":{"rendered":"<p>Mateo 5:3 &nbsp;\u201cBienaventurados los pobres en esp\u00edritu, pues de ellos es el reino de los cielos\u201d \u00bfTres veces dichosos los pobres? Ah\u2026 entonces hay que ser pobres para ser dichosos.&nbsp; Eso era lo que ense\u00f1aban en aquella iglesia en donde me convert\u00ed al Se\u00f1or hace ya unos cuarenticinco a\u00f1os. Nuestro pastor nos dec\u00eda que el [&hellip;]<\/p>\n","protected":false},"author":3,"featured_media":11327,"comment_status":"open","ping_status":"open","sticky":false,"template":"","format":"standard","meta":[],"categories":[36],"tags":[],"yoast_head":"<!-- This site is optimized with the Yoast SEO plugin v20.8 - https:\/\/yoast.com\/wordpress\/plugins\/seo\/ -->\n<title>Pobres en esp\u00edritu - La Prensa Cristiana<\/title>\n<meta name=\"robots\" content=\"index, follow, max-snippet:-1, max-image-preview:large, max-video-preview:-1\" \/>\n<link rel=\"canonical\" href=\"https:\/\/laprensacristiana.com\/?p=12604\" \/>\n<meta property=\"og:locale\" content=\"es_ES\" \/>\n<meta property=\"og:type\" content=\"article\" \/>\n<meta property=\"og:title\" content=\"Pobres en esp\u00edritu - La Prensa Cristiana\" \/>\n<meta property=\"og:description\" content=\"Mateo 5:3 &nbsp;\u201cBienaventurados los pobres en esp\u00edritu, pues de ellos es el reino de los cielos\u201d \u00bfTres veces dichosos los pobres? Ah\u2026 entonces hay que ser pobres para ser dichosos.&nbsp; Eso era lo que ense\u00f1aban en aquella iglesia en donde me convert\u00ed al Se\u00f1or hace ya unos cuarenticinco a\u00f1os. Nuestro pastor nos dec\u00eda que el [&hellip;]\" \/>\n<meta property=\"og:url\" content=\"https:\/\/laprensacristiana.com\/?p=12604\" \/>\n<meta property=\"og:site_name\" content=\"La Prensa Cristiana\" \/>\n<meta property=\"article:published_time\" content=\"2021-09-29T12:25:44+00:00\" \/>\n<meta property=\"article:modified_time\" content=\"2021-09-29T12:25:45+00:00\" \/>\n<meta property=\"og:image\" content=\"https:\/\/laprensacristiana.com\/wp-content\/uploads\/2021\/02\/IMG_20210215_163352_769.jpg\" \/>\n\t<meta property=\"og:image:width\" content=\"1280\" \/>\n\t<meta property=\"og:image:height\" content=\"714\" \/>\n\t<meta property=\"og:image:type\" content=\"image\/jpeg\" \/>\n<meta name=\"author\" content=\"EDITOR\" \/>\n<meta name=\"twitter:card\" content=\"summary_large_image\" \/>\n<meta name=\"twitter:label1\" content=\"Escrito por\" \/>\n\t<meta name=\"twitter:data1\" content=\"EDITOR\" \/>\n\t<meta name=\"twitter:label2\" content=\"Tiempo de lectura\" \/>\n\t<meta name=\"twitter:data2\" content=\"5 minutos\" \/>\n<script type=\"application\/ld+json\" class=\"yoast-schema-graph\">{\"@context\":\"https:\/\/schema.org\",\"@graph\":[{\"@type\":\"WebPage\",\"@id\":\"https:\/\/laprensacristiana.com\/?p=12604\",\"url\":\"https:\/\/laprensacristiana.com\/?p=12604\",\"name\":\"Pobres en esp\u00edritu - La Prensa Cristiana\",\"isPartOf\":{\"@id\":\"https:\/\/laprensacristiana.com\/#website\"},\"datePublished\":\"2021-09-29T12:25:44+00:00\",\"dateModified\":\"2021-09-29T12:25:45+00:00\",\"author\":{\"@id\":\"https:\/\/laprensacristiana.com\/#\/schema\/person\/3e7d82c6bfd6b1fa67010f8f7cd5256e\"},\"breadcrumb\":{\"@id\":\"https:\/\/laprensacristiana.com\/?p=12604#breadcrumb\"},\"inLanguage\":\"es\",\"potentialAction\":[{\"@type\":\"ReadAction\",\"target\":[\"https:\/\/laprensacristiana.com\/?p=12604\"]}]},{\"@type\":\"BreadcrumbList\",\"@id\":\"https:\/\/laprensacristiana.com\/?p=12604#breadcrumb\",\"itemListElement\":[{\"@type\":\"ListItem\",\"position\":1,\"name\":\"Portada\",\"item\":\"https:\/\/laprensacristiana.com\/\"},{\"@type\":\"ListItem\",\"position\":2,\"name\":\"Pobres en esp\u00edritu\"}]},{\"@type\":\"WebSite\",\"@id\":\"https:\/\/laprensacristiana.com\/#website\",\"url\":\"https:\/\/laprensacristiana.com\/\",\"name\":\"La Prensa Cristiana\",\"description\":\"Anunciando Las Buenas Nuevas\",\"potentialAction\":[{\"@type\":\"SearchAction\",\"target\":{\"@type\":\"EntryPoint\",\"urlTemplate\":\"https:\/\/laprensacristiana.com\/?s={search_term_string}\"},\"query-input\":\"required name=search_term_string\"}],\"inLanguage\":\"es\"},{\"@type\":\"Person\",\"@id\":\"https:\/\/laprensacristiana.com\/#\/schema\/person\/3e7d82c6bfd6b1fa67010f8f7cd5256e\",\"name\":\"EDITOR\",\"image\":{\"@type\":\"ImageObject\",\"inLanguage\":\"es\",\"@id\":\"https:\/\/laprensacristiana.com\/#\/schema\/person\/image\/\",\"url\":\"https:\/\/secure.gravatar.com\/avatar\/72069dfb6c13772d9e8381e3638666d2?s=96&d=mm&r=g\",\"contentUrl\":\"https:\/\/secure.gravatar.com\/avatar\/72069dfb6c13772d9e8381e3638666d2?s=96&d=mm&r=g\",\"caption\":\"EDITOR\"},\"url\":\"https:\/\/laprensacristiana.com\/?author=3\"}]}<\/script>\n<!-- \/ Yoast SEO plugin. -->","yoast_head_json":{"title":"Pobres en esp\u00edritu - La Prensa Cristiana","robots":{"index":"index","follow":"follow","max-snippet":"max-snippet:-1","max-image-preview":"max-image-preview:large","max-video-preview":"max-video-preview:-1"},"canonical":"https:\/\/laprensacristiana.com\/?p=12604","og_locale":"es_ES","og_type":"article","og_title":"Pobres en esp\u00edritu - La Prensa Cristiana","og_description":"Mateo 5:3 &nbsp;\u201cBienaventurados los pobres en esp\u00edritu, pues de ellos es el reino de los cielos\u201d \u00bfTres veces dichosos los pobres? Ah\u2026 entonces hay que ser pobres para ser dichosos.&nbsp; Eso era lo que ense\u00f1aban en aquella iglesia en donde me convert\u00ed al Se\u00f1or hace ya unos cuarenticinco a\u00f1os. Nuestro pastor nos dec\u00eda que el [&hellip;]","og_url":"https:\/\/laprensacristiana.com\/?p=12604","og_site_name":"La Prensa Cristiana","article_published_time":"2021-09-29T12:25:44+00:00","article_modified_time":"2021-09-29T12:25:45+00:00","og_image":[{"width":1280,"height":714,"url":"https:\/\/laprensacristiana.com\/wp-content\/uploads\/2021\/02\/IMG_20210215_163352_769.jpg","type":"image\/jpeg"}],"author":"EDITOR","twitter_card":"summary_large_image","twitter_misc":{"Escrito por":"EDITOR","Tiempo de lectura":"5 minutos"},"schema":{"@context":"https:\/\/schema.org","@graph":[{"@type":"WebPage","@id":"https:\/\/laprensacristiana.com\/?p=12604","url":"https:\/\/laprensacristiana.com\/?p=12604","name":"Pobres en esp\u00edritu - La Prensa Cristiana","isPartOf":{"@id":"https:\/\/laprensacristiana.com\/#website"},"datePublished":"2021-09-29T12:25:44+00:00","dateModified":"2021-09-29T12:25:45+00:00","author":{"@id":"https:\/\/laprensacristiana.com\/#\/schema\/person\/3e7d82c6bfd6b1fa67010f8f7cd5256e"},"breadcrumb":{"@id":"https:\/\/laprensacristiana.com\/?p=12604#breadcrumb"},"inLanguage":"es","potentialAction":[{"@type":"ReadAction","target":["https:\/\/laprensacristiana.com\/?p=12604"]}]},{"@type":"BreadcrumbList","@id":"https:\/\/laprensacristiana.com\/?p=12604#breadcrumb","itemListElement":[{"@type":"ListItem","position":1,"name":"Portada","item":"https:\/\/laprensacristiana.com\/"},{"@type":"ListItem","position":2,"name":"Pobres en esp\u00edritu"}]},{"@type":"WebSite","@id":"https:\/\/laprensacristiana.com\/#website","url":"https:\/\/laprensacristiana.com\/","name":"La Prensa Cristiana","description":"Anunciando Las Buenas Nuevas","potentialAction":[{"@type":"SearchAction","target":{"@type":"EntryPoint","urlTemplate":"https:\/\/laprensacristiana.com\/?s={search_term_string}"},"query-input":"required name=search_term_string"}],"inLanguage":"es"},{"@type":"Person","@id":"https:\/\/laprensacristiana.com\/#\/schema\/person\/3e7d82c6bfd6b1fa67010f8f7cd5256e","name":"EDITOR","image":{"@type":"ImageObject","inLanguage":"es","@id":"https:\/\/laprensacristiana.com\/#\/schema\/person\/image\/","url":"https:\/\/secure.gravatar.com\/avatar\/72069dfb6c13772d9e8381e3638666d2?s=96&d=mm&r=g","contentUrl":"https:\/\/secure.gravatar.com\/avatar\/72069dfb6c13772d9e8381e3638666d2?s=96&d=mm&r=g","caption":"EDITOR"},"url":"https:\/\/laprensacristiana.com\/?author=3"}]}},"_links":{"self":[{"href":"https:\/\/laprensacristiana.com\/index.php?rest_route=\/wp\/v2\/posts\/12604"}],"collection":[{"href":"https:\/\/laprensacristiana.com\/index.php?rest_route=\/wp\/v2\/posts"}],"about":[{"href":"https:\/\/laprensacristiana.com\/index.php?rest_route=\/wp\/v2\/types\/post"}],"author":[{"embeddable":true,"href":"https:\/\/laprensacristiana.com\/index.php?rest_route=\/wp\/v2\/users\/3"}],"replies":[{"embeddable":true,"href":"https:\/\/laprensacristiana.com\/index.php?rest_route=%2Fwp%2Fv2%2Fcomments&post=12604"}],"version-history":[{"count":1,"href":"https:\/\/laprensacristiana.com\/index.php?rest_route=\/wp\/v2\/posts\/12604\/revisions"}],"predecessor-version":[{"id":12605,"href":"https:\/\/laprensacristiana.com\/index.php?rest_route=\/wp\/v2\/posts\/12604\/revisions\/12605"}],"wp:featuredmedia":[{"embeddable":true,"href":"https:\/\/laprensacristiana.com\/index.php?rest_route=\/wp\/v2\/media\/11327"}],"wp:attachment":[{"href":"https:\/\/laprensacristiana.com\/index.php?rest_route=%2Fwp%2Fv2%2Fmedia&parent=12604"}],"wp:term":[{"taxonomy":"category","embeddable":true,"href":"https:\/\/laprensacristiana.com\/index.php?rest_route=%2Fwp%2Fv2%2Fcategories&post=12604"},{"taxonomy":"post_tag","embeddable":true,"href":"https:\/\/laprensacristiana.com\/index.php?rest_route=%2Fwp%2Fv2%2Ftags&post=12604"}],"curies":[{"name":"wp","href":"https:\/\/api.w.org\/{rel}","templated":true}]}}