{"id":12606,"date":"2021-09-29T18:02:23","date_gmt":"2021-09-29T18:02:23","guid":{"rendered":"https:\/\/laprensacristiana.com\/?p=12606"},"modified":"2021-09-29T18:02:24","modified_gmt":"2021-09-29T18:02:24","slug":"dejemos-volar-a-las-nuevas-generaciones","status":"publish","type":"post","link":"https:\/\/laprensacristiana.com\/?p=12606","title":{"rendered":"Dejemos volar a las nuevas generaciones"},"content":{"rendered":"\n<p>Entendemos por una generaci\u00f3n, un ciclo, un periodo que lleva lo mejor y lo peor de la humanidad, y las acciones y omisiones que pertenecen a esa generaci\u00f3n, las decisiones que tomen. En el ocaso de una generaci\u00f3n ya esta lista el alba de una nueva, el periodo complicado es cuando hay una transici\u00f3n sin tomar en cuenta lo que la generaci\u00f3n anterior ha hecho, en lo bueno y en sus errores para seguir construyendo o para no cometer los mismos.<\/p>\n\n\n\n<p>Estoy claro que desde la perspectiva pastoral venimos de una generaci\u00f3n que quebr\u00f3 la brecha entre la ausencia total de cristianismo y la relevancia que ahora pueda tener la fe en El Salvador, pero eso no quita que existe una generaci\u00f3n joven, so\u00f1adora, encaminada, que est\u00e1 haciendo su parte.<\/p>\n\n\n\n<p>Invitar a los mayores a que siempre apuesten y apoyen a las generaciones que est\u00e1n creciendo, jam\u00e1s verlos como competencia, sino que por el contrario ver c\u00f3mo nos estamos reproduciendo en lo que creemos y predicamos. Este es un tiempo interesante para las nuevas generaciones, es un tiempo donde debemos avivar sus sue\u00f1os y su fe, encuentro personas que les gusta ahogar los sue\u00f1os de otros, disminuy\u00e9ndolos, obstaculiz\u00e1ndolos; siempre he cre\u00eddo que si es de Dios va a prosperar, y si no es de Dios no va a funcionar, pero no estoy yo para decirle que no lo haga, o det\u00e9ngase, alrededor de los proyectos y prop\u00f3sitos.<\/p>\n\n\n\n<p>Estamos en una \u00e9poca donde vemos una nueva generaci\u00f3n tomando el control, en redes sociales, en posici\u00f3n, si algo a m\u00ed me preocupar\u00eda es que se levanten grupos arcaicos, anacr\u00f3nicos, que quieran que sus acciones funcionen como lo asimilaban. Esta es una generaci\u00f3n m\u00e1s introvertida, no &nbsp;es tanto de eventos masivos, esta es una generaci\u00f3n que no participa mucho de la colectividad, pero es muy genuina en el vinculo directo, por ejemplo: si yo le digo a esta generaci\u00f3n vamos a un evento probablemente no les interese, pero disfrutan la conversaci\u00f3n de dos o tres personas, y aqu\u00ed es donde debemos de aprender a jugar en la cancha de ellos para potenciarlos y no obligarlos a que jueguen en la nuestra.<\/p>\n\n\n\n<p>Muchas de las cosas que nosotros consideramos como absolutas o correctas, fueron hechas con columnas y bases que ya no existen, la ruta correcta fue fundamentalmente buena pero ya no existe la estructura en la que fueron hechas, es distinto, cada generaci\u00f3n encuentra su camino y su fundamento, es un error pensar que esta es una generaci\u00f3n apartada de Dios, interpreta a Dios distinto de como yo lo interpret\u00e9 o como lo interpretan mis padres, pero no es apartada, en las iglesias hay mucho joven, hay nuevas generaciones que est\u00e1n disfrutando y que son m\u00e1s honestos y genuinos en su cristianismo y no cargan la hipocres\u00eda moral que mi generaci\u00f3n probablemente tuvo, son m\u00e1s honestos consigo mismos.<\/p>\n\n\n\n<p>Es importante superar la incertidumbre de las generaciones anteriores, este no es un punto de quiebre para la iglesia, es para la humanidad, a veces siento que sobredimensionamos las cosas, si vi\u00e9ramos de arriba hacia abajo, probablemente ver\u00edamos cuan peque\u00f1a es la crisis de transici\u00f3n.<\/p>\n\n\n\n<p>Tengo mucho tiempo tratando de entender a esta nueva generaci\u00f3n, lo defini\u00f3 tan bien Juan El Bautista cuando dijo: \u201cEs necesario que yo mengue para que el crezca\u201d, ese mengue para que el crezca necesita de la consideraci\u00f3n que nuestro ciclo no ha terminado, mi generaci\u00f3n todav\u00eda tiene camino por recorrer, pero tenemos que saber que a la par nuestra, con el mismo fin y con la misma meta, corren ministerios y ministros j\u00f3venes, so\u00f1adores, que tienen incertidumbre, si usted me pregunta \u00bfC\u00f3mo lo hicimos otros? Yo no s\u00e9, no ten\u00eda las herramientas, la actitud si, pero las herramientas no, y Dios nos ha permitido avanzar porque es en \u00c9l.<\/p>\n\n\n\n<p>Es importante para la generaci\u00f3n que est\u00e1 emergiendo ir contando, dejando legado, para que cuando ellos tengan un problema conozcan la incertidumbre de las generaciones anteriores, y nos toca a nosotros ser los rompe brecha para que ellos puedan considerar sus opciones, creo fielmente que nos toca a nosotros abrirles paso.<\/p>\n","protected":false},"excerpt":{"rendered":"<p>Entendemos por una generaci\u00f3n, un ciclo, un periodo que lleva lo mejor y lo peor de la humanidad, y las acciones y omisiones que pertenecen a esa generaci\u00f3n, las decisiones que tomen. En el ocaso de una generaci\u00f3n ya esta lista el alba de una nueva, el periodo complicado es cuando hay una transici\u00f3n sin [&hellip;]<\/p>\n","protected":false},"author":3,"featured_media":9965,"comment_status":"open","ping_status":"open","sticky":false,"template":"","format":"standard","meta":[],"categories":[23],"tags":[],"yoast_head":"<!-- This site is optimized with the Yoast SEO plugin v20.8 - https:\/\/yoast.com\/wordpress\/plugins\/seo\/ -->\n<title>Dejemos volar a las nuevas generaciones - La Prensa Cristiana<\/title>\n<meta name=\"robots\" content=\"index, follow, max-snippet:-1, max-image-preview:large, max-video-preview:-1\" \/>\n<link rel=\"canonical\" href=\"https:\/\/laprensacristiana.com\/?p=12606\" \/>\n<meta property=\"og:locale\" content=\"es_ES\" \/>\n<meta property=\"og:type\" content=\"article\" \/>\n<meta property=\"og:title\" content=\"Dejemos volar a las nuevas generaciones - La Prensa Cristiana\" \/>\n<meta property=\"og:description\" content=\"Entendemos por una generaci\u00f3n, un ciclo, un periodo que lleva lo mejor y lo peor de la humanidad, y las acciones y omisiones que pertenecen a esa generaci\u00f3n, las decisiones que tomen. En el ocaso de una generaci\u00f3n ya esta lista el alba de una nueva, el periodo complicado es cuando hay una transici\u00f3n sin [&hellip;]\" \/>\n<meta property=\"og:url\" content=\"https:\/\/laprensacristiana.com\/?p=12606\" \/>\n<meta property=\"og:site_name\" content=\"La Prensa Cristiana\" \/>\n<meta property=\"article:published_time\" content=\"2021-09-29T18:02:23+00:00\" \/>\n<meta property=\"article:modified_time\" content=\"2021-09-29T18:02:24+00:00\" \/>\n<meta property=\"og:image\" content=\"https:\/\/laprensacristiana.com\/wp-content\/uploads\/2020\/08\/IMG-20200806-WA0055.jpg\" \/>\n\t<meta property=\"og:image:width\" content=\"776\" \/>\n\t<meta property=\"og:image:height\" content=\"393\" \/>\n\t<meta property=\"og:image:type\" content=\"image\/jpeg\" \/>\n<meta name=\"author\" content=\"EDITOR\" \/>\n<meta name=\"twitter:card\" content=\"summary_large_image\" \/>\n<meta name=\"twitter:label1\" content=\"Escrito por\" \/>\n\t<meta name=\"twitter:data1\" content=\"EDITOR\" \/>\n\t<meta name=\"twitter:label2\" content=\"Tiempo de lectura\" \/>\n\t<meta name=\"twitter:data2\" content=\"4 minutos\" \/>\n<script type=\"application\/ld+json\" class=\"yoast-schema-graph\">{\"@context\":\"https:\/\/schema.org\",\"@graph\":[{\"@type\":\"WebPage\",\"@id\":\"https:\/\/laprensacristiana.com\/?p=12606\",\"url\":\"https:\/\/laprensacristiana.com\/?p=12606\",\"name\":\"Dejemos volar a las nuevas generaciones - La Prensa Cristiana\",\"isPartOf\":{\"@id\":\"https:\/\/laprensacristiana.com\/#website\"},\"datePublished\":\"2021-09-29T18:02:23+00:00\",\"dateModified\":\"2021-09-29T18:02:24+00:00\",\"author\":{\"@id\":\"https:\/\/laprensacristiana.com\/#\/schema\/person\/3e7d82c6bfd6b1fa67010f8f7cd5256e\"},\"breadcrumb\":{\"@id\":\"https:\/\/laprensacristiana.com\/?p=12606#breadcrumb\"},\"inLanguage\":\"es\",\"potentialAction\":[{\"@type\":\"ReadAction\",\"target\":[\"https:\/\/laprensacristiana.com\/?p=12606\"]}]},{\"@type\":\"BreadcrumbList\",\"@id\":\"https:\/\/laprensacristiana.com\/?p=12606#breadcrumb\",\"itemListElement\":[{\"@type\":\"ListItem\",\"position\":1,\"name\":\"Portada\",\"item\":\"https:\/\/laprensacristiana.com\/\"},{\"@type\":\"ListItem\",\"position\":2,\"name\":\"Dejemos volar a las nuevas generaciones\"}]},{\"@type\":\"WebSite\",\"@id\":\"https:\/\/laprensacristiana.com\/#website\",\"url\":\"https:\/\/laprensacristiana.com\/\",\"name\":\"La Prensa Cristiana\",\"description\":\"Anunciando Las Buenas Nuevas\",\"potentialAction\":[{\"@type\":\"SearchAction\",\"target\":{\"@type\":\"EntryPoint\",\"urlTemplate\":\"https:\/\/laprensacristiana.com\/?s={search_term_string}\"},\"query-input\":\"required name=search_term_string\"}],\"inLanguage\":\"es\"},{\"@type\":\"Person\",\"@id\":\"https:\/\/laprensacristiana.com\/#\/schema\/person\/3e7d82c6bfd6b1fa67010f8f7cd5256e\",\"name\":\"EDITOR\",\"image\":{\"@type\":\"ImageObject\",\"inLanguage\":\"es\",\"@id\":\"https:\/\/laprensacristiana.com\/#\/schema\/person\/image\/\",\"url\":\"https:\/\/secure.gravatar.com\/avatar\/72069dfb6c13772d9e8381e3638666d2?s=96&d=mm&r=g\",\"contentUrl\":\"https:\/\/secure.gravatar.com\/avatar\/72069dfb6c13772d9e8381e3638666d2?s=96&d=mm&r=g\",\"caption\":\"EDITOR\"},\"url\":\"https:\/\/laprensacristiana.com\/?author=3\"}]}<\/script>\n<!-- \/ Yoast SEO plugin. -->","yoast_head_json":{"title":"Dejemos volar a las nuevas generaciones - La Prensa Cristiana","robots":{"index":"index","follow":"follow","max-snippet":"max-snippet:-1","max-image-preview":"max-image-preview:large","max-video-preview":"max-video-preview:-1"},"canonical":"https:\/\/laprensacristiana.com\/?p=12606","og_locale":"es_ES","og_type":"article","og_title":"Dejemos volar a las nuevas generaciones - La Prensa Cristiana","og_description":"Entendemos por una generaci\u00f3n, un ciclo, un periodo que lleva lo mejor y lo peor de la humanidad, y las acciones y omisiones que pertenecen a esa generaci\u00f3n, las decisiones que tomen. En el ocaso de una generaci\u00f3n ya esta lista el alba de una nueva, el periodo complicado es cuando hay una transici\u00f3n sin [&hellip;]","og_url":"https:\/\/laprensacristiana.com\/?p=12606","og_site_name":"La Prensa Cristiana","article_published_time":"2021-09-29T18:02:23+00:00","article_modified_time":"2021-09-29T18:02:24+00:00","og_image":[{"width":776,"height":393,"url":"https:\/\/laprensacristiana.com\/wp-content\/uploads\/2020\/08\/IMG-20200806-WA0055.jpg","type":"image\/jpeg"}],"author":"EDITOR","twitter_card":"summary_large_image","twitter_misc":{"Escrito por":"EDITOR","Tiempo de lectura":"4 minutos"},"schema":{"@context":"https:\/\/schema.org","@graph":[{"@type":"WebPage","@id":"https:\/\/laprensacristiana.com\/?p=12606","url":"https:\/\/laprensacristiana.com\/?p=12606","name":"Dejemos volar a las nuevas generaciones - La Prensa Cristiana","isPartOf":{"@id":"https:\/\/laprensacristiana.com\/#website"},"datePublished":"2021-09-29T18:02:23+00:00","dateModified":"2021-09-29T18:02:24+00:00","author":{"@id":"https:\/\/laprensacristiana.com\/#\/schema\/person\/3e7d82c6bfd6b1fa67010f8f7cd5256e"},"breadcrumb":{"@id":"https:\/\/laprensacristiana.com\/?p=12606#breadcrumb"},"inLanguage":"es","potentialAction":[{"@type":"ReadAction","target":["https:\/\/laprensacristiana.com\/?p=12606"]}]},{"@type":"BreadcrumbList","@id":"https:\/\/laprensacristiana.com\/?p=12606#breadcrumb","itemListElement":[{"@type":"ListItem","position":1,"name":"Portada","item":"https:\/\/laprensacristiana.com\/"},{"@type":"ListItem","position":2,"name":"Dejemos volar a las nuevas generaciones"}]},{"@type":"WebSite","@id":"https:\/\/laprensacristiana.com\/#website","url":"https:\/\/laprensacristiana.com\/","name":"La Prensa Cristiana","description":"Anunciando Las Buenas Nuevas","potentialAction":[{"@type":"SearchAction","target":{"@type":"EntryPoint","urlTemplate":"https:\/\/laprensacristiana.com\/?s={search_term_string}"},"query-input":"required name=search_term_string"}],"inLanguage":"es"},{"@type":"Person","@id":"https:\/\/laprensacristiana.com\/#\/schema\/person\/3e7d82c6bfd6b1fa67010f8f7cd5256e","name":"EDITOR","image":{"@type":"ImageObject","inLanguage":"es","@id":"https:\/\/laprensacristiana.com\/#\/schema\/person\/image\/","url":"https:\/\/secure.gravatar.com\/avatar\/72069dfb6c13772d9e8381e3638666d2?s=96&d=mm&r=g","contentUrl":"https:\/\/secure.gravatar.com\/avatar\/72069dfb6c13772d9e8381e3638666d2?s=96&d=mm&r=g","caption":"EDITOR"},"url":"https:\/\/laprensacristiana.com\/?author=3"}]}},"_links":{"self":[{"href":"https:\/\/laprensacristiana.com\/index.php?rest_route=\/wp\/v2\/posts\/12606"}],"collection":[{"href":"https:\/\/laprensacristiana.com\/index.php?rest_route=\/wp\/v2\/posts"}],"about":[{"href":"https:\/\/laprensacristiana.com\/index.php?rest_route=\/wp\/v2\/types\/post"}],"author":[{"embeddable":true,"href":"https:\/\/laprensacristiana.com\/index.php?rest_route=\/wp\/v2\/users\/3"}],"replies":[{"embeddable":true,"href":"https:\/\/laprensacristiana.com\/index.php?rest_route=%2Fwp%2Fv2%2Fcomments&post=12606"}],"version-history":[{"count":1,"href":"https:\/\/laprensacristiana.com\/index.php?rest_route=\/wp\/v2\/posts\/12606\/revisions"}],"predecessor-version":[{"id":12607,"href":"https:\/\/laprensacristiana.com\/index.php?rest_route=\/wp\/v2\/posts\/12606\/revisions\/12607"}],"wp:featuredmedia":[{"embeddable":true,"href":"https:\/\/laprensacristiana.com\/index.php?rest_route=\/wp\/v2\/media\/9965"}],"wp:attachment":[{"href":"https:\/\/laprensacristiana.com\/index.php?rest_route=%2Fwp%2Fv2%2Fmedia&parent=12606"}],"wp:term":[{"taxonomy":"category","embeddable":true,"href":"https:\/\/laprensacristiana.com\/index.php?rest_route=%2Fwp%2Fv2%2Fcategories&post=12606"},{"taxonomy":"post_tag","embeddable":true,"href":"https:\/\/laprensacristiana.com\/index.php?rest_route=%2Fwp%2Fv2%2Ftags&post=12606"}],"curies":[{"name":"wp","href":"https:\/\/api.w.org\/{rel}","templated":true}]}}