{"id":12609,"date":"2021-10-01T13:41:49","date_gmt":"2021-10-01T13:41:49","guid":{"rendered":"https:\/\/laprensacristiana.com\/?p=12609"},"modified":"2021-10-01T13:41:50","modified_gmt":"2021-10-01T13:41:50","slug":"preguntas-en-la-soledad","status":"publish","type":"post","link":"https:\/\/laprensacristiana.com\/?p=12609","title":{"rendered":"Preguntas en la soledad"},"content":{"rendered":"\n<p>Lucas 24:13-15 &nbsp;\u201cY he aqu\u00ed que aquel mismo d\u00eda dos de ellos iban a una aldea llamada Ema\u00fas, que estaba como a once kil\u00f3metros de Jerusal\u00e9n.&nbsp; Y conversaban entre s\u00ed acerca de todas estas cosas que hab\u00edan acontecido. Y sucedi\u00f3 que mientras conversaban y discut\u00edan, Jes\u00fas mismo se acerc\u00f3 y caminaba con ellos\u201d<\/p>\n\n\n\n<p>Lucas 24:17 &nbsp;\u201cY El les dijo: \u00bfQu\u00e9 discusiones son estas que ten\u00e9is entre vosotros mientras vais andando? Y ellos se detuvieron, con semblante triste\u201d<\/p>\n\n\n\n<p>El polvo del camino llenaba sus pies y sus sandalias. Era como una bruma que opacaba el horizonte. La noche est\u00e1 llegando y las nubes amenazan con oscurecer todo el firmamento. El semblante de estos dos amigos se nota apesadumbrado, triste y con la mirada perdida en el camino.<\/p>\n\n\n\n<p>Las monta\u00f1as que rodeaban el lugar parec\u00edan grandes muros que les hac\u00eda sentir a\u00fan m\u00e1s encerrados en sus dudas y conflictos.&nbsp; Han sucedido cosas que no se esperaban. As\u00ed son las cosas. Suceden porque s\u00ed. Sin mayor explicaci\u00f3n.&nbsp; En el coraz\u00f3n de todo ser humano hay como una necesidad de querer saber el por qu\u00e9 de la vida. No nos conformamos con solo vivirlos, queremos saber la raz\u00f3n que mueve todo detr\u00e1s de los hechos que afectan nuestra existencia.<\/p>\n\n\n\n<p>Estos dos hombres eran valientes.&nbsp; Se hab\u00edan quedado esas tres fat\u00eddicas horas al pie del cadalso en donde crucificaron a su Maestro. Es cierto, lo estuvieron de lejos por temor a los romanos que eran una raza despiadada con tal de mantener el orden imperial.<\/p>\n\n\n\n<p>Y se quedaron porque esperaban un milagro. El milagro que su amigo y mentor rompiera las leyes de la f\u00edsica y bajara triunfante de ese madero ingrato, que se soltara de esos clavos que taladraban sus manos y pies, que se quitara esa horrorosa corona que lastimaba sus sienes y que cerrara esa horrenda herida que ten\u00eda en el costado que un ingrato soldado hab\u00eda hecho con su lanza.<\/p>\n\n\n\n<p>\u00bfQue? \u00bfAcaso no abri\u00f3 los ojos a los ciegos?&nbsp; \u00bfNo hizo caminar cojos y rencos? \u00bfNo hizo resucitar muertos? \u00a1Claro que s\u00ed!&nbsp; Entonces, \u00bfpor qu\u00e9 no pudo hacer algo por \u00e9l mismo? \u00bfPor ellos que lo amaban entra\u00f1ablemente? No. Algo est\u00e1 pasando en el Universo que no entienden. La soledad del camino a Ema\u00fas les hace hacerse m\u00e1s y m\u00e1s preguntas.&nbsp; El camino se antoja duro, incierto y lleno de dudas. Dudas para las que aparentemente no hay respuestas.<\/p>\n\n\n\n<p>Iban tan ensimismados en sus cavilaciones, en sus frustraciones de no poder entender los hechos de esa tarde que no se dieron cuenta de un tercer caminante que se uni\u00f3 a ellos.&nbsp; Era un caminante aparentemente anodino. Sin ninguna parafernalia que mostrara lujo o elegancia. Era natural. As\u00ed como se ven los caminantes de las grandes ciudades. Solo que en este caminante hay algo diferente: se interesa por agregarse a la conversaci\u00f3n de los dos amigos. Y hace la pregunta de rigor: \u00bfQu\u00e9 discusiones son estas que ten\u00e9is mientras vais andando?<\/p>\n\n\n\n<p>Y esa pregunta nos la hace en este mismo d\u00eda que yo estoy escribiendo esto y usted ley\u00e9ndolo.<\/p>\n\n\n\n<p>\u00bfQue son esas discusiones por lo que ha sucedido en su vida?&nbsp; \u00bfQu\u00e9 son esas inquietudes que tienen porque pasaron cosas que ustedes no entienden? \u00bfQue es ese sentimiento de ira y enojo porque no logran entender los designios de la vida?&nbsp; Como a Job, el Se\u00f1or nos hace las mismas preguntas: \u00bfEn donde estaba t\u00fa cuando form\u00e9 los cielos?<\/p>\n\n\n\n<p>Y es que somos tan obtusos que queremos explicaciones a todo lo que nos inquieta. As\u00ed somos. Llenos de preguntas.&nbsp; Llenos de dilemas que no podemos resolver.&nbsp; Llenos de dudas por el futuro que no existe, porque solo existe el presente.<\/p>\n\n\n\n<p>Los dos varones siguen su camino y le cuentan a su tercer acompa\u00f1ante las cosas que no entienden\u2026<\/p>\n\n\n\n<p>En un momento dado, al llegar a la casa e invitarlo a que se quede con ellos, al partir el pan, dice la Escritura, los ojos de ellos fueron abiertos y reconocieron a su hu\u00e9sped: Era su Maestro, su mentor, su Se\u00f1or y Salvador. Hasta all\u00ed se dieron cuenta que s\u00ed hab\u00eda desprendido los clavos, hab\u00eda retirado la corona, hab\u00eda sellado la herida y hab\u00eda vuelto a la vida.<\/p>\n\n\n\n<p>Ese es el primer milagro de la resurrecci\u00f3n. As\u00ed resucitar\u00e1n nuestros sue\u00f1os frustrados. Nuestros proyectos desde hace a\u00f1os puestos en el congelador. Nuestras ilusiones de encontrar el verdadero amor. Nuestros deseos m\u00e1s escondido en el fondo de nuestro coraz\u00f3n. Porque Jesus no solo resucita muertos, tambi\u00e9n resucita ilusiones, sue\u00f1os y proyectos.<\/p>\n","protected":false},"excerpt":{"rendered":"<p>Lucas 24:13-15 &nbsp;\u201cY he aqu\u00ed que aquel mismo d\u00eda dos de ellos iban a una aldea llamada Ema\u00fas, que estaba como a once kil\u00f3metros de Jerusal\u00e9n.&nbsp; Y conversaban entre s\u00ed acerca de todas estas cosas que hab\u00edan acontecido. Y sucedi\u00f3 que mientras conversaban y discut\u00edan, Jes\u00fas mismo se acerc\u00f3 y caminaba con ellos\u201d Lucas 24:17 [&hellip;]<\/p>\n","protected":false},"author":3,"featured_media":11327,"comment_status":"open","ping_status":"open","sticky":false,"template":"","format":"standard","meta":[],"categories":[36],"tags":[],"yoast_head":"<!-- This site is optimized with the Yoast SEO plugin v20.8 - https:\/\/yoast.com\/wordpress\/plugins\/seo\/ -->\n<title>Preguntas en la soledad - La Prensa Cristiana<\/title>\n<meta name=\"robots\" content=\"index, follow, max-snippet:-1, max-image-preview:large, max-video-preview:-1\" \/>\n<link rel=\"canonical\" href=\"https:\/\/laprensacristiana.com\/?p=12609\" \/>\n<meta property=\"og:locale\" content=\"es_ES\" \/>\n<meta property=\"og:type\" content=\"article\" \/>\n<meta property=\"og:title\" content=\"Preguntas en la soledad - La Prensa Cristiana\" \/>\n<meta property=\"og:description\" content=\"Lucas 24:13-15 &nbsp;\u201cY he aqu\u00ed que aquel mismo d\u00eda dos de ellos iban a una aldea llamada Ema\u00fas, que estaba como a once kil\u00f3metros de Jerusal\u00e9n.&nbsp; Y conversaban entre s\u00ed acerca de todas estas cosas que hab\u00edan acontecido. Y sucedi\u00f3 que mientras conversaban y discut\u00edan, Jes\u00fas mismo se acerc\u00f3 y caminaba con ellos\u201d Lucas 24:17 [&hellip;]\" \/>\n<meta property=\"og:url\" content=\"https:\/\/laprensacristiana.com\/?p=12609\" \/>\n<meta property=\"og:site_name\" content=\"La Prensa Cristiana\" \/>\n<meta property=\"article:published_time\" content=\"2021-10-01T13:41:49+00:00\" \/>\n<meta property=\"article:modified_time\" content=\"2021-10-01T13:41:50+00:00\" \/>\n<meta property=\"og:image\" content=\"https:\/\/laprensacristiana.com\/wp-content\/uploads\/2021\/02\/IMG_20210215_163352_769.jpg\" \/>\n\t<meta property=\"og:image:width\" content=\"1280\" \/>\n\t<meta property=\"og:image:height\" content=\"714\" \/>\n\t<meta property=\"og:image:type\" content=\"image\/jpeg\" \/>\n<meta name=\"author\" content=\"EDITOR\" \/>\n<meta name=\"twitter:card\" content=\"summary_large_image\" \/>\n<meta name=\"twitter:label1\" content=\"Escrito por\" \/>\n\t<meta name=\"twitter:data1\" content=\"EDITOR\" \/>\n\t<meta name=\"twitter:label2\" content=\"Tiempo de lectura\" \/>\n\t<meta name=\"twitter:data2\" content=\"4 minutos\" \/>\n<script type=\"application\/ld+json\" class=\"yoast-schema-graph\">{\"@context\":\"https:\/\/schema.org\",\"@graph\":[{\"@type\":\"WebPage\",\"@id\":\"https:\/\/laprensacristiana.com\/?p=12609\",\"url\":\"https:\/\/laprensacristiana.com\/?p=12609\",\"name\":\"Preguntas en la soledad - La Prensa Cristiana\",\"isPartOf\":{\"@id\":\"https:\/\/laprensacristiana.com\/#website\"},\"datePublished\":\"2021-10-01T13:41:49+00:00\",\"dateModified\":\"2021-10-01T13:41:50+00:00\",\"author\":{\"@id\":\"https:\/\/laprensacristiana.com\/#\/schema\/person\/3e7d82c6bfd6b1fa67010f8f7cd5256e\"},\"breadcrumb\":{\"@id\":\"https:\/\/laprensacristiana.com\/?p=12609#breadcrumb\"},\"inLanguage\":\"es\",\"potentialAction\":[{\"@type\":\"ReadAction\",\"target\":[\"https:\/\/laprensacristiana.com\/?p=12609\"]}]},{\"@type\":\"BreadcrumbList\",\"@id\":\"https:\/\/laprensacristiana.com\/?p=12609#breadcrumb\",\"itemListElement\":[{\"@type\":\"ListItem\",\"position\":1,\"name\":\"Portada\",\"item\":\"https:\/\/laprensacristiana.com\/\"},{\"@type\":\"ListItem\",\"position\":2,\"name\":\"Preguntas en la soledad\"}]},{\"@type\":\"WebSite\",\"@id\":\"https:\/\/laprensacristiana.com\/#website\",\"url\":\"https:\/\/laprensacristiana.com\/\",\"name\":\"La Prensa Cristiana\",\"description\":\"Anunciando Las Buenas Nuevas\",\"potentialAction\":[{\"@type\":\"SearchAction\",\"target\":{\"@type\":\"EntryPoint\",\"urlTemplate\":\"https:\/\/laprensacristiana.com\/?s={search_term_string}\"},\"query-input\":\"required name=search_term_string\"}],\"inLanguage\":\"es\"},{\"@type\":\"Person\",\"@id\":\"https:\/\/laprensacristiana.com\/#\/schema\/person\/3e7d82c6bfd6b1fa67010f8f7cd5256e\",\"name\":\"EDITOR\",\"image\":{\"@type\":\"ImageObject\",\"inLanguage\":\"es\",\"@id\":\"https:\/\/laprensacristiana.com\/#\/schema\/person\/image\/\",\"url\":\"https:\/\/secure.gravatar.com\/avatar\/72069dfb6c13772d9e8381e3638666d2?s=96&d=mm&r=g\",\"contentUrl\":\"https:\/\/secure.gravatar.com\/avatar\/72069dfb6c13772d9e8381e3638666d2?s=96&d=mm&r=g\",\"caption\":\"EDITOR\"},\"url\":\"https:\/\/laprensacristiana.com\/?author=3\"}]}<\/script>\n<!-- \/ Yoast SEO plugin. -->","yoast_head_json":{"title":"Preguntas en la soledad - La Prensa Cristiana","robots":{"index":"index","follow":"follow","max-snippet":"max-snippet:-1","max-image-preview":"max-image-preview:large","max-video-preview":"max-video-preview:-1"},"canonical":"https:\/\/laprensacristiana.com\/?p=12609","og_locale":"es_ES","og_type":"article","og_title":"Preguntas en la soledad - La Prensa Cristiana","og_description":"Lucas 24:13-15 &nbsp;\u201cY he aqu\u00ed que aquel mismo d\u00eda dos de ellos iban a una aldea llamada Ema\u00fas, que estaba como a once kil\u00f3metros de Jerusal\u00e9n.&nbsp; Y conversaban entre s\u00ed acerca de todas estas cosas que hab\u00edan acontecido. Y sucedi\u00f3 que mientras conversaban y discut\u00edan, Jes\u00fas mismo se acerc\u00f3 y caminaba con ellos\u201d Lucas 24:17 [&hellip;]","og_url":"https:\/\/laprensacristiana.com\/?p=12609","og_site_name":"La Prensa Cristiana","article_published_time":"2021-10-01T13:41:49+00:00","article_modified_time":"2021-10-01T13:41:50+00:00","og_image":[{"width":1280,"height":714,"url":"https:\/\/laprensacristiana.com\/wp-content\/uploads\/2021\/02\/IMG_20210215_163352_769.jpg","type":"image\/jpeg"}],"author":"EDITOR","twitter_card":"summary_large_image","twitter_misc":{"Escrito por":"EDITOR","Tiempo de lectura":"4 minutos"},"schema":{"@context":"https:\/\/schema.org","@graph":[{"@type":"WebPage","@id":"https:\/\/laprensacristiana.com\/?p=12609","url":"https:\/\/laprensacristiana.com\/?p=12609","name":"Preguntas en la soledad - La Prensa Cristiana","isPartOf":{"@id":"https:\/\/laprensacristiana.com\/#website"},"datePublished":"2021-10-01T13:41:49+00:00","dateModified":"2021-10-01T13:41:50+00:00","author":{"@id":"https:\/\/laprensacristiana.com\/#\/schema\/person\/3e7d82c6bfd6b1fa67010f8f7cd5256e"},"breadcrumb":{"@id":"https:\/\/laprensacristiana.com\/?p=12609#breadcrumb"},"inLanguage":"es","potentialAction":[{"@type":"ReadAction","target":["https:\/\/laprensacristiana.com\/?p=12609"]}]},{"@type":"BreadcrumbList","@id":"https:\/\/laprensacristiana.com\/?p=12609#breadcrumb","itemListElement":[{"@type":"ListItem","position":1,"name":"Portada","item":"https:\/\/laprensacristiana.com\/"},{"@type":"ListItem","position":2,"name":"Preguntas en la soledad"}]},{"@type":"WebSite","@id":"https:\/\/laprensacristiana.com\/#website","url":"https:\/\/laprensacristiana.com\/","name":"La Prensa Cristiana","description":"Anunciando Las Buenas Nuevas","potentialAction":[{"@type":"SearchAction","target":{"@type":"EntryPoint","urlTemplate":"https:\/\/laprensacristiana.com\/?s={search_term_string}"},"query-input":"required name=search_term_string"}],"inLanguage":"es"},{"@type":"Person","@id":"https:\/\/laprensacristiana.com\/#\/schema\/person\/3e7d82c6bfd6b1fa67010f8f7cd5256e","name":"EDITOR","image":{"@type":"ImageObject","inLanguage":"es","@id":"https:\/\/laprensacristiana.com\/#\/schema\/person\/image\/","url":"https:\/\/secure.gravatar.com\/avatar\/72069dfb6c13772d9e8381e3638666d2?s=96&d=mm&r=g","contentUrl":"https:\/\/secure.gravatar.com\/avatar\/72069dfb6c13772d9e8381e3638666d2?s=96&d=mm&r=g","caption":"EDITOR"},"url":"https:\/\/laprensacristiana.com\/?author=3"}]}},"_links":{"self":[{"href":"https:\/\/laprensacristiana.com\/index.php?rest_route=\/wp\/v2\/posts\/12609"}],"collection":[{"href":"https:\/\/laprensacristiana.com\/index.php?rest_route=\/wp\/v2\/posts"}],"about":[{"href":"https:\/\/laprensacristiana.com\/index.php?rest_route=\/wp\/v2\/types\/post"}],"author":[{"embeddable":true,"href":"https:\/\/laprensacristiana.com\/index.php?rest_route=\/wp\/v2\/users\/3"}],"replies":[{"embeddable":true,"href":"https:\/\/laprensacristiana.com\/index.php?rest_route=%2Fwp%2Fv2%2Fcomments&post=12609"}],"version-history":[{"count":1,"href":"https:\/\/laprensacristiana.com\/index.php?rest_route=\/wp\/v2\/posts\/12609\/revisions"}],"predecessor-version":[{"id":12610,"href":"https:\/\/laprensacristiana.com\/index.php?rest_route=\/wp\/v2\/posts\/12609\/revisions\/12610"}],"wp:featuredmedia":[{"embeddable":true,"href":"https:\/\/laprensacristiana.com\/index.php?rest_route=\/wp\/v2\/media\/11327"}],"wp:attachment":[{"href":"https:\/\/laprensacristiana.com\/index.php?rest_route=%2Fwp%2Fv2%2Fmedia&parent=12609"}],"wp:term":[{"taxonomy":"category","embeddable":true,"href":"https:\/\/laprensacristiana.com\/index.php?rest_route=%2Fwp%2Fv2%2Fcategories&post=12609"},{"taxonomy":"post_tag","embeddable":true,"href":"https:\/\/laprensacristiana.com\/index.php?rest_route=%2Fwp%2Fv2%2Ftags&post=12609"}],"curies":[{"name":"wp","href":"https:\/\/api.w.org\/{rel}","templated":true}]}}