{"id":12611,"date":"2021-10-02T14:45:29","date_gmt":"2021-10-02T14:45:29","guid":{"rendered":"https:\/\/laprensacristiana.com\/?p=12611"},"modified":"2021-10-02T14:45:30","modified_gmt":"2021-10-02T14:45:30","slug":"alianza-evangelica-presenta-manifiesto-un-llamado-a-mantener-los-principios-biblicos","status":"publish","type":"post","link":"https:\/\/laprensacristiana.com\/?p=12611","title":{"rendered":"Alianza Evang\u00e9lica presenta manifiesto: \u201cUn llamado a mantener los principios b\u00edblicos\u201d"},"content":{"rendered":"\n<p>La Alianza Evang\u00e9lica de El Salvador present\u00f3 el jueves, en su conferencia presencial, un manifiesto a mantener los principios b\u00edblicos, referente a la propuesta de reforma a la Constituci\u00f3n de la Rep\u00fablica.<\/p>\n\n\n\n<p>Desarrollaron un foro, en el cual estuvieron como panelistas los pastores, Mauricio Castell\u00f3n (Iglesia Bautista Miramonte), Javier Dom\u00ednguez (Iglesia Gracia sobre Gracia), e Ismael Ticas (Iglesia de Dios de la Profec\u00eda Universal), el cual fue moderado por el pastor Carlos Navas, de Iglesia Del Camino.<\/p>\n\n\n\n<p>\u201cNosotros podr\u00edamos caer en el error de pensar que porque ya hubo un tweet en el cual se expresa que no se va a avalar o se va a vetar alguna iniciativa en contra del aborto, y estas cosas, el tema ya est\u00e1 resuelto, el tema no est\u00e1 resuelto, porque la agenda, es una agenda internacional y la batalla es una batalla que se libra desde el origen mismo de la humanidad, este tema de los antivalores solamente va a encontrar otra forma en la cual se va a plantear, pero nosotros tenemos tambi\u00e9n que decidir cuales son la batallas que vamos a librar\u201d, indic\u00f3 Mauricio Castell\u00f3n, pastor general de Iglesia Bautista Miramonte.<\/p>\n\n\n\n<p>La Alianza Evang\u00e9lica ha comenzado ha desarrollar sus reuniones de manera presencial, el ultimo jueves de cada mes, en las instalaciones de Compasi\u00f3n Internacional.<\/p>\n\n\n\n<p>\u201cSon 7 aspectos que se tocaron en el manifiesto, 1. La dignidad humana, 2. La sexualidad, 3. El matrimonio, 4. La familia, 5. La educaci\u00f3n, 6. El gobierno civil, y 7. La Libertad Religiosa. Nosotros queremos cumplir con la misi\u00f3n de la iglesia en ser columna y baluarte de la verdad, y ser sal y luz, muy probablemente este es un tiempo en el cual nosotros al observar lo que est\u00e1 ocurriendo, alguno sea por temor, otro sea por ingenuidad, debemos evaluarnos si nosotros como luz estamos debajo de la mesa, este no es un tiempo para estar debajo de la mesa, Jes\u00fas mismo dio la advertencia, que si la sal se vuelve ins\u00edpida, ya no sirve para nada, y nosotros somos sal y luz para este tiempo\u201d, expres\u00f3 Javier Dom\u00ednguez, pastor general de Iglesia Gracias Sobre Gracia.<\/p>\n\n\n\n<p>El manifiesto es un documento elaborado por la instituci\u00f3n en respuesta a su participaci\u00f3n en la comisi\u00f3n ADHOC a las propuestas de reformas a la Constituci\u00f3n de la Rep\u00fablica, a trav\u00e9s del cual destacan la postura que como iglesia tienen referente a temas que alteran el orden de los principios b\u00edblicos seg\u00fan destacan.<\/p>\n\n\n\n<p>\u201cLa Alianza Evang\u00e9lica con este manifiesto lo que busca es proteger la vida, proteger la familia, proteger la educaci\u00f3n, proteger la religi\u00f3n, este manifiesto es eminentemente b\u00edblico, es eminentemente cient\u00edfico y prioritariamente jur\u00eddico, porque resulta que nuestras constituciones tienen resumidos los derechos en varios grupos, derechos de primera generaci\u00f3n, derechos de segunda generaci\u00f3n y derechos de tercera generaci\u00f3n, los derechos de primera generaci\u00f3n est\u00e1n enmarcados en lo que nosotros estamos declarando en este manifiesto, porque sin esos derechos el estado no tiene raz\u00f3n de ser\u201d, concluy\u00f3 el pastor Ismael Ticas, Supervisor Nacional, Iglesia de Dios de la Profec\u00eda Universal.<\/p>\n","protected":false},"excerpt":{"rendered":"<p>La Alianza Evang\u00e9lica de El Salvador present\u00f3 el jueves, en su conferencia presencial, un manifiesto a mantener los principios b\u00edblicos, referente a la propuesta de reforma a la Constituci\u00f3n de la Rep\u00fablica. Desarrollaron un foro, en el cual estuvieron como panelistas los pastores, Mauricio Castell\u00f3n (Iglesia Bautista Miramonte), Javier Dom\u00ednguez (Iglesia Gracia sobre Gracia), e [&hellip;]<\/p>\n","protected":false},"author":3,"featured_media":12612,"comment_status":"open","ping_status":"open","sticky":false,"template":"","format":"standard","meta":[],"categories":[56],"tags":[],"yoast_head":"<!-- This site is optimized with the Yoast SEO plugin v20.8 - https:\/\/yoast.com\/wordpress\/plugins\/seo\/ -->\n<title>Alianza Evang\u00e9lica presenta manifiesto: \u201cUn llamado a mantener los principios b\u00edblicos\u201d - La Prensa Cristiana<\/title>\n<meta name=\"robots\" content=\"index, follow, max-snippet:-1, max-image-preview:large, max-video-preview:-1\" \/>\n<link rel=\"canonical\" href=\"https:\/\/laprensacristiana.com\/?p=12611\" \/>\n<meta property=\"og:locale\" content=\"es_ES\" \/>\n<meta property=\"og:type\" content=\"article\" \/>\n<meta property=\"og:title\" content=\"Alianza Evang\u00e9lica presenta manifiesto: \u201cUn llamado a mantener los principios b\u00edblicos\u201d - La Prensa Cristiana\" \/>\n<meta property=\"og:description\" content=\"La Alianza Evang\u00e9lica de El Salvador present\u00f3 el jueves, en su conferencia presencial, un manifiesto a mantener los principios b\u00edblicos, referente a la propuesta de reforma a la Constituci\u00f3n de la Rep\u00fablica. Desarrollaron un foro, en el cual estuvieron como panelistas los pastores, Mauricio Castell\u00f3n (Iglesia Bautista Miramonte), Javier Dom\u00ednguez (Iglesia Gracia sobre Gracia), e [&hellip;]\" \/>\n<meta property=\"og:url\" content=\"https:\/\/laprensacristiana.com\/?p=12611\" \/>\n<meta property=\"og:site_name\" content=\"La Prensa Cristiana\" \/>\n<meta property=\"article:published_time\" content=\"2021-10-02T14:45:29+00:00\" \/>\n<meta property=\"article:modified_time\" content=\"2021-10-02T14:45:30+00:00\" \/>\n<meta property=\"og:image\" content=\"https:\/\/laprensacristiana.com\/wp-content\/uploads\/2021\/10\/IMG_4603-scaled.jpg\" \/>\n\t<meta property=\"og:image:width\" content=\"2560\" \/>\n\t<meta property=\"og:image:height\" content=\"1707\" \/>\n\t<meta property=\"og:image:type\" content=\"image\/jpeg\" \/>\n<meta name=\"author\" content=\"EDITOR\" \/>\n<meta name=\"twitter:card\" content=\"summary_large_image\" \/>\n<meta name=\"twitter:label1\" content=\"Escrito por\" \/>\n\t<meta name=\"twitter:data1\" content=\"EDITOR\" \/>\n\t<meta name=\"twitter:label2\" content=\"Tiempo de lectura\" \/>\n\t<meta name=\"twitter:data2\" content=\"3 minutos\" \/>\n<script type=\"application\/ld+json\" class=\"yoast-schema-graph\">{\"@context\":\"https:\/\/schema.org\",\"@graph\":[{\"@type\":\"WebPage\",\"@id\":\"https:\/\/laprensacristiana.com\/?p=12611\",\"url\":\"https:\/\/laprensacristiana.com\/?p=12611\",\"name\":\"Alianza Evang\u00e9lica presenta manifiesto: \u201cUn llamado a mantener los principios b\u00edblicos\u201d - La Prensa Cristiana\",\"isPartOf\":{\"@id\":\"https:\/\/laprensacristiana.com\/#website\"},\"datePublished\":\"2021-10-02T14:45:29+00:00\",\"dateModified\":\"2021-10-02T14:45:30+00:00\",\"author\":{\"@id\":\"https:\/\/laprensacristiana.com\/#\/schema\/person\/3e7d82c6bfd6b1fa67010f8f7cd5256e\"},\"breadcrumb\":{\"@id\":\"https:\/\/laprensacristiana.com\/?p=12611#breadcrumb\"},\"inLanguage\":\"es\",\"potentialAction\":[{\"@type\":\"ReadAction\",\"target\":[\"https:\/\/laprensacristiana.com\/?p=12611\"]}]},{\"@type\":\"BreadcrumbList\",\"@id\":\"https:\/\/laprensacristiana.com\/?p=12611#breadcrumb\",\"itemListElement\":[{\"@type\":\"ListItem\",\"position\":1,\"name\":\"Portada\",\"item\":\"https:\/\/laprensacristiana.com\/\"},{\"@type\":\"ListItem\",\"position\":2,\"name\":\"Alianza Evang\u00e9lica presenta manifiesto: \u201cUn llamado a mantener los principios b\u00edblicos\u201d\"}]},{\"@type\":\"WebSite\",\"@id\":\"https:\/\/laprensacristiana.com\/#website\",\"url\":\"https:\/\/laprensacristiana.com\/\",\"name\":\"La Prensa Cristiana\",\"description\":\"Anunciando Las Buenas Nuevas\",\"potentialAction\":[{\"@type\":\"SearchAction\",\"target\":{\"@type\":\"EntryPoint\",\"urlTemplate\":\"https:\/\/laprensacristiana.com\/?s={search_term_string}\"},\"query-input\":\"required name=search_term_string\"}],\"inLanguage\":\"es\"},{\"@type\":\"Person\",\"@id\":\"https:\/\/laprensacristiana.com\/#\/schema\/person\/3e7d82c6bfd6b1fa67010f8f7cd5256e\",\"name\":\"EDITOR\",\"image\":{\"@type\":\"ImageObject\",\"inLanguage\":\"es\",\"@id\":\"https:\/\/laprensacristiana.com\/#\/schema\/person\/image\/\",\"url\":\"https:\/\/secure.gravatar.com\/avatar\/72069dfb6c13772d9e8381e3638666d2?s=96&d=mm&r=g\",\"contentUrl\":\"https:\/\/secure.gravatar.com\/avatar\/72069dfb6c13772d9e8381e3638666d2?s=96&d=mm&r=g\",\"caption\":\"EDITOR\"},\"url\":\"https:\/\/laprensacristiana.com\/?author=3\"}]}<\/script>\n<!-- \/ Yoast SEO plugin. -->","yoast_head_json":{"title":"Alianza Evang\u00e9lica presenta manifiesto: \u201cUn llamado a mantener los principios b\u00edblicos\u201d - La Prensa Cristiana","robots":{"index":"index","follow":"follow","max-snippet":"max-snippet:-1","max-image-preview":"max-image-preview:large","max-video-preview":"max-video-preview:-1"},"canonical":"https:\/\/laprensacristiana.com\/?p=12611","og_locale":"es_ES","og_type":"article","og_title":"Alianza Evang\u00e9lica presenta manifiesto: \u201cUn llamado a mantener los principios b\u00edblicos\u201d - La Prensa Cristiana","og_description":"La Alianza Evang\u00e9lica de El Salvador present\u00f3 el jueves, en su conferencia presencial, un manifiesto a mantener los principios b\u00edblicos, referente a la propuesta de reforma a la Constituci\u00f3n de la Rep\u00fablica. Desarrollaron un foro, en el cual estuvieron como panelistas los pastores, Mauricio Castell\u00f3n (Iglesia Bautista Miramonte), Javier Dom\u00ednguez (Iglesia Gracia sobre Gracia), e [&hellip;]","og_url":"https:\/\/laprensacristiana.com\/?p=12611","og_site_name":"La Prensa Cristiana","article_published_time":"2021-10-02T14:45:29+00:00","article_modified_time":"2021-10-02T14:45:30+00:00","og_image":[{"width":2560,"height":1707,"url":"https:\/\/laprensacristiana.com\/wp-content\/uploads\/2021\/10\/IMG_4603-scaled.jpg","type":"image\/jpeg"}],"author":"EDITOR","twitter_card":"summary_large_image","twitter_misc":{"Escrito por":"EDITOR","Tiempo de lectura":"3 minutos"},"schema":{"@context":"https:\/\/schema.org","@graph":[{"@type":"WebPage","@id":"https:\/\/laprensacristiana.com\/?p=12611","url":"https:\/\/laprensacristiana.com\/?p=12611","name":"Alianza Evang\u00e9lica presenta manifiesto: \u201cUn llamado a mantener los principios b\u00edblicos\u201d - La Prensa Cristiana","isPartOf":{"@id":"https:\/\/laprensacristiana.com\/#website"},"datePublished":"2021-10-02T14:45:29+00:00","dateModified":"2021-10-02T14:45:30+00:00","author":{"@id":"https:\/\/laprensacristiana.com\/#\/schema\/person\/3e7d82c6bfd6b1fa67010f8f7cd5256e"},"breadcrumb":{"@id":"https:\/\/laprensacristiana.com\/?p=12611#breadcrumb"},"inLanguage":"es","potentialAction":[{"@type":"ReadAction","target":["https:\/\/laprensacristiana.com\/?p=12611"]}]},{"@type":"BreadcrumbList","@id":"https:\/\/laprensacristiana.com\/?p=12611#breadcrumb","itemListElement":[{"@type":"ListItem","position":1,"name":"Portada","item":"https:\/\/laprensacristiana.com\/"},{"@type":"ListItem","position":2,"name":"Alianza Evang\u00e9lica presenta manifiesto: \u201cUn llamado a mantener los principios b\u00edblicos\u201d"}]},{"@type":"WebSite","@id":"https:\/\/laprensacristiana.com\/#website","url":"https:\/\/laprensacristiana.com\/","name":"La Prensa Cristiana","description":"Anunciando Las Buenas Nuevas","potentialAction":[{"@type":"SearchAction","target":{"@type":"EntryPoint","urlTemplate":"https:\/\/laprensacristiana.com\/?s={search_term_string}"},"query-input":"required name=search_term_string"}],"inLanguage":"es"},{"@type":"Person","@id":"https:\/\/laprensacristiana.com\/#\/schema\/person\/3e7d82c6bfd6b1fa67010f8f7cd5256e","name":"EDITOR","image":{"@type":"ImageObject","inLanguage":"es","@id":"https:\/\/laprensacristiana.com\/#\/schema\/person\/image\/","url":"https:\/\/secure.gravatar.com\/avatar\/72069dfb6c13772d9e8381e3638666d2?s=96&d=mm&r=g","contentUrl":"https:\/\/secure.gravatar.com\/avatar\/72069dfb6c13772d9e8381e3638666d2?s=96&d=mm&r=g","caption":"EDITOR"},"url":"https:\/\/laprensacristiana.com\/?author=3"}]}},"_links":{"self":[{"href":"https:\/\/laprensacristiana.com\/index.php?rest_route=\/wp\/v2\/posts\/12611"}],"collection":[{"href":"https:\/\/laprensacristiana.com\/index.php?rest_route=\/wp\/v2\/posts"}],"about":[{"href":"https:\/\/laprensacristiana.com\/index.php?rest_route=\/wp\/v2\/types\/post"}],"author":[{"embeddable":true,"href":"https:\/\/laprensacristiana.com\/index.php?rest_route=\/wp\/v2\/users\/3"}],"replies":[{"embeddable":true,"href":"https:\/\/laprensacristiana.com\/index.php?rest_route=%2Fwp%2Fv2%2Fcomments&post=12611"}],"version-history":[{"count":1,"href":"https:\/\/laprensacristiana.com\/index.php?rest_route=\/wp\/v2\/posts\/12611\/revisions"}],"predecessor-version":[{"id":12613,"href":"https:\/\/laprensacristiana.com\/index.php?rest_route=\/wp\/v2\/posts\/12611\/revisions\/12613"}],"wp:featuredmedia":[{"embeddable":true,"href":"https:\/\/laprensacristiana.com\/index.php?rest_route=\/wp\/v2\/media\/12612"}],"wp:attachment":[{"href":"https:\/\/laprensacristiana.com\/index.php?rest_route=%2Fwp%2Fv2%2Fmedia&parent=12611"}],"wp:term":[{"taxonomy":"category","embeddable":true,"href":"https:\/\/laprensacristiana.com\/index.php?rest_route=%2Fwp%2Fv2%2Fcategories&post=12611"},{"taxonomy":"post_tag","embeddable":true,"href":"https:\/\/laprensacristiana.com\/index.php?rest_route=%2Fwp%2Fv2%2Ftags&post=12611"}],"curies":[{"name":"wp","href":"https:\/\/api.w.org\/{rel}","templated":true}]}}