{"id":12621,"date":"2021-10-04T23:01:35","date_gmt":"2021-10-04T23:01:35","guid":{"rendered":"https:\/\/laprensacristiana.com\/?p=12621"},"modified":"2021-10-04T23:01:35","modified_gmt":"2021-10-04T23:01:35","slug":"raquel","status":"publish","type":"post","link":"https:\/\/laprensacristiana.com\/?p=12621","title":{"rendered":"Raquel"},"content":{"rendered":"\n<p>G\u00e9nesis 30:23-24 \u201cY ella concibi\u00f3 y dio a luz un hijo, y dijo: Dios ha quitado mi afrenta.<\/p>\n\n\n\n<p>Y le puso por nombre Jos\u00e9, diciendo: Que el SE\u00d1OR me a\u00f1ada otro hijo\u201d<\/p>\n\n\n\n<p>Era hermosa. En toda la extensi\u00f3n de la palabra. Bella como ninguna. De hermosa figura y hermoso semblante. Tanto que cuando Jacob la vio llor\u00f3. \u00bfSe puede llorar al ver tanta hermosura?&nbsp; Creo que s\u00ed. Las emociones se desbordan. Los ojos, al contemplar la belleza de una mujer hecha casi perfecta no logra controlar el torrente de l\u00e1grimas que pueden brotar del fondo del coraz\u00f3n.<\/p>\n\n\n\n<p>A los que nos gusta la est\u00e9tica nos pasa eso. Quedamos asombrados cuando vemos en alguna portada o anuncio un rostro casi perfecto. Ojos color de cielo. Labios sensuales. P\u00f3mulos que resaltan el marco de un rostro hermoso.<\/p>\n\n\n\n<p>No, no se preocupen.&nbsp; No estoy hablando de adulterio. Estoy hablando en el m\u00e1s puro y sencillo lenguaje de lo bello. De lo que Dios es capaz de hacer con un poco de barro. Creo que eso fue lo que quisieron descubrir los griegos cuando hicieron las estatuas que demostraban lo hermoso del cuerpo, de un rostro que iluminaba el d\u00eda del que lo imagin\u00f3. Los griegos fueron unos estetas formidables. Luego vino Miguel Angel con sus manos que supieron plasmar esos monumentos tan fabulosos que cuentan que un d\u00eda, cuando ya hab\u00eda terminado su \u201cDavid\u201d, se puso a llorar porque le pregunt\u00f3 sin recibir respuesta: \u201c\u00bfE perqu\u00e9 non parla? (\u00bfpor qu\u00e9 no hablas?).<\/p>\n\n\n\n<p>Esa es la frustraci\u00f3n m\u00e1s grande cuando alguien ve algo hermoso y no recibe ning\u00fan est\u00edmulo de parte de ese \u201calgo\u201d que le ha atra\u00eddo la atenci\u00f3n.<\/p>\n\n\n\n<p>Jacob vio a Raquel y llor\u00f3. Llor\u00f3 de emoci\u00f3n, de estupefacci\u00f3n ante tanta belleza e inmediatamente se sinti\u00f3 atra\u00eddo hacia ella. A partir de ese momento su coraz\u00f3n qued\u00f3 prendado por aquella joven de hermosa figura. Lo dem\u00e1s es agua pasada. Sus a\u00f1os de trabajo por ella, los sufrimientos que Lab\u00e1n le caus\u00f3, las l\u00e1grimas de dolor y enojo, todo val\u00eda la pena con tal de tener a su lado a esa hermosa muchacha.<\/p>\n\n\n\n<p>Y pidi\u00f3 la mano de la joven. Hicieron las concesiones del caso. Se habl\u00f3 de la dote, de las obligaciones y los privilegios. Todo qued\u00f3 plasmado ante testigos que en un tiempo se\u00f1alado Jacob recibir\u00eda el premio mayor cuando la tuviera en sus brazos.<\/p>\n\n\n\n<p>Usted&nbsp; y yo nos proponemos hacer algo y las eventualidades cambian nuestros planes.&nbsp; Le susurramos a la vida nuestras intenciones y ella, la vida, estudia si consentirlas o no. Elegimos qu\u00e9 hacer, s\u00ed, pero es la vida quien se encarga de allanarnos o no el camino.<\/p>\n\n\n\n<p>Dicen que somos due\u00f1os de nuestro destino, pero\u2026 de pronto todo se da vuelta. Como la tortilla en el comal, cambia de posici\u00f3n, porque todo cambia.&nbsp; Todo fluye.&nbsp; Sin embargo, \u00bfdecidimos libremente hacia donde ir?&nbsp; Vamos de aqu\u00ed para all\u00e1 como t\u00edteres controlados por fuerzas \u00bfinevitables?<\/p>\n\n\n\n<p>Tanto tiempo trabajando por Raquel que Jacob no se dio cuenta de cuan r\u00e1pido pasaba el tiempo.&nbsp; Porque para un enamorado el tiempo no es tiempo. No cuentan los minutos ni las horas. Lo que se anhela con tanta pasi\u00f3n nos hace perder el significado del tiempo. Y eso fue lo que vivi\u00f3 nuestro h\u00e9roe.<\/p>\n\n\n\n<p>Pero no todo lo que brilla es oro. Hay algo escondido en toda belleza. Por fuera se puede ser bello y hermoso, pero, como la historia de la \u201cBella y la Bestia\u201d, por dentro se esconde algo que no nos va a gustar de ninguna manera. Tenemos que estar preparados para esa eventualidad.&nbsp; El jorobado de Notre Dame escond\u00eda dentro de \u00e9l un coraz\u00f3n de oro aunque por fuera parec\u00eda un espanto.<\/p>\n\n\n\n<p>\u00bfCual fue la sorpresa de Jacob ante tanta belleza exterior? Dos cosas: Una, era est\u00e9ril. No pod\u00eda concebir hijos. Dos: Era insaciable. Y ese es el detalle que quiero se\u00f1alar en este escrito. No podemos confiar en la belleza exterior hasta no conocer lo que se esconde en el interior. Raquel era bella, s\u00ed, pero era ego\u00edsta e insatisfecha. \u00bfSe lo demuestro?<\/p>\n\n\n\n<p>Despu\u00e9s de un periplo con su hermana a causa de los hijos que ella ten\u00eda, Dios le concede \u00a1al fin! tener un ni\u00f1o. Y el nombre que le puso nos indica su car\u00e1cter. Le puso Jos\u00e9. Que significa ni m\u00e1s ni menos: Dios me a\u00f1ada.&nbsp; Eso quiere decir, parafraseando a Raquel: Gracias Se\u00f1or por este ni\u00f1o. Gracias por quitarme la esterilidad y darle a mi esposo un hijo. Pero, \u00bfsabes que? Quiero otro. Dame otro hijo. A mi hermana le has dado varios. A m\u00ed, ya que empezaste, a\u00f1\u00e1deme otro beb\u00e9.<\/p>\n\n\n\n<p>Esa es la tragedia que dominaba la vida y existencia de aquella belleza mencionada por las Escrituras. Ego\u00edsmo. Envidia. Insatisfacci\u00f3n. Pero el cascar\u00f3n era hermoso. Dicen que en los frascos m\u00e1s bellos y de vidrio labrado se puede esconder el veneno m\u00e1s mort\u00edfero.<\/p>\n\n\n\n<p>Tengamos cuidado muchachos y muchachas\u2026<\/p>\n","protected":false},"excerpt":{"rendered":"<p>G\u00e9nesis 30:23-24 \u201cY ella concibi\u00f3 y dio a luz un hijo, y dijo: Dios ha quitado mi afrenta. Y le puso por nombre Jos\u00e9, diciendo: Que el SE\u00d1OR me a\u00f1ada otro hijo\u201d Era hermosa. En toda la extensi\u00f3n de la palabra. Bella como ninguna. De hermosa figura y hermoso semblante. Tanto que cuando Jacob la [&hellip;]<\/p>\n","protected":false},"author":3,"featured_media":11327,"comment_status":"open","ping_status":"open","sticky":false,"template":"","format":"standard","meta":[],"categories":[36],"tags":[],"yoast_head":"<!-- This site is optimized with the Yoast SEO plugin v20.8 - https:\/\/yoast.com\/wordpress\/plugins\/seo\/ -->\n<title>Raquel - La Prensa Cristiana<\/title>\n<meta name=\"robots\" content=\"index, follow, max-snippet:-1, max-image-preview:large, max-video-preview:-1\" \/>\n<link rel=\"canonical\" href=\"https:\/\/laprensacristiana.com\/?p=12621\" \/>\n<meta property=\"og:locale\" content=\"es_ES\" \/>\n<meta property=\"og:type\" content=\"article\" \/>\n<meta property=\"og:title\" content=\"Raquel - La Prensa Cristiana\" \/>\n<meta property=\"og:description\" content=\"G\u00e9nesis 30:23-24 \u201cY ella concibi\u00f3 y dio a luz un hijo, y dijo: Dios ha quitado mi afrenta. Y le puso por nombre Jos\u00e9, diciendo: Que el SE\u00d1OR me a\u00f1ada otro hijo\u201d Era hermosa. En toda la extensi\u00f3n de la palabra. Bella como ninguna. De hermosa figura y hermoso semblante. Tanto que cuando Jacob la [&hellip;]\" \/>\n<meta property=\"og:url\" content=\"https:\/\/laprensacristiana.com\/?p=12621\" \/>\n<meta property=\"og:site_name\" content=\"La Prensa Cristiana\" \/>\n<meta property=\"article:published_time\" content=\"2021-10-04T23:01:35+00:00\" \/>\n<meta property=\"og:image\" content=\"https:\/\/laprensacristiana.com\/wp-content\/uploads\/2021\/02\/IMG_20210215_163352_769.jpg\" \/>\n\t<meta property=\"og:image:width\" content=\"1280\" \/>\n\t<meta property=\"og:image:height\" content=\"714\" \/>\n\t<meta property=\"og:image:type\" content=\"image\/jpeg\" \/>\n<meta name=\"author\" content=\"EDITOR\" \/>\n<meta name=\"twitter:card\" content=\"summary_large_image\" \/>\n<meta name=\"twitter:label1\" content=\"Escrito por\" \/>\n\t<meta name=\"twitter:data1\" content=\"EDITOR\" \/>\n\t<meta name=\"twitter:label2\" content=\"Tiempo de lectura\" \/>\n\t<meta name=\"twitter:data2\" content=\"4 minutos\" \/>\n<script type=\"application\/ld+json\" class=\"yoast-schema-graph\">{\"@context\":\"https:\/\/schema.org\",\"@graph\":[{\"@type\":\"WebPage\",\"@id\":\"https:\/\/laprensacristiana.com\/?p=12621\",\"url\":\"https:\/\/laprensacristiana.com\/?p=12621\",\"name\":\"Raquel - La Prensa Cristiana\",\"isPartOf\":{\"@id\":\"https:\/\/laprensacristiana.com\/#website\"},\"datePublished\":\"2021-10-04T23:01:35+00:00\",\"dateModified\":\"2021-10-04T23:01:35+00:00\",\"author\":{\"@id\":\"https:\/\/laprensacristiana.com\/#\/schema\/person\/3e7d82c6bfd6b1fa67010f8f7cd5256e\"},\"breadcrumb\":{\"@id\":\"https:\/\/laprensacristiana.com\/?p=12621#breadcrumb\"},\"inLanguage\":\"es\",\"potentialAction\":[{\"@type\":\"ReadAction\",\"target\":[\"https:\/\/laprensacristiana.com\/?p=12621\"]}]},{\"@type\":\"BreadcrumbList\",\"@id\":\"https:\/\/laprensacristiana.com\/?p=12621#breadcrumb\",\"itemListElement\":[{\"@type\":\"ListItem\",\"position\":1,\"name\":\"Portada\",\"item\":\"https:\/\/laprensacristiana.com\/\"},{\"@type\":\"ListItem\",\"position\":2,\"name\":\"Raquel\"}]},{\"@type\":\"WebSite\",\"@id\":\"https:\/\/laprensacristiana.com\/#website\",\"url\":\"https:\/\/laprensacristiana.com\/\",\"name\":\"La Prensa Cristiana\",\"description\":\"Anunciando Las Buenas Nuevas\",\"potentialAction\":[{\"@type\":\"SearchAction\",\"target\":{\"@type\":\"EntryPoint\",\"urlTemplate\":\"https:\/\/laprensacristiana.com\/?s={search_term_string}\"},\"query-input\":\"required name=search_term_string\"}],\"inLanguage\":\"es\"},{\"@type\":\"Person\",\"@id\":\"https:\/\/laprensacristiana.com\/#\/schema\/person\/3e7d82c6bfd6b1fa67010f8f7cd5256e\",\"name\":\"EDITOR\",\"image\":{\"@type\":\"ImageObject\",\"inLanguage\":\"es\",\"@id\":\"https:\/\/laprensacristiana.com\/#\/schema\/person\/image\/\",\"url\":\"https:\/\/secure.gravatar.com\/avatar\/72069dfb6c13772d9e8381e3638666d2?s=96&d=mm&r=g\",\"contentUrl\":\"https:\/\/secure.gravatar.com\/avatar\/72069dfb6c13772d9e8381e3638666d2?s=96&d=mm&r=g\",\"caption\":\"EDITOR\"},\"url\":\"https:\/\/laprensacristiana.com\/?author=3\"}]}<\/script>\n<!-- \/ Yoast SEO plugin. -->","yoast_head_json":{"title":"Raquel - La Prensa Cristiana","robots":{"index":"index","follow":"follow","max-snippet":"max-snippet:-1","max-image-preview":"max-image-preview:large","max-video-preview":"max-video-preview:-1"},"canonical":"https:\/\/laprensacristiana.com\/?p=12621","og_locale":"es_ES","og_type":"article","og_title":"Raquel - La Prensa Cristiana","og_description":"G\u00e9nesis 30:23-24 \u201cY ella concibi\u00f3 y dio a luz un hijo, y dijo: Dios ha quitado mi afrenta. Y le puso por nombre Jos\u00e9, diciendo: Que el SE\u00d1OR me a\u00f1ada otro hijo\u201d Era hermosa. En toda la extensi\u00f3n de la palabra. Bella como ninguna. De hermosa figura y hermoso semblante. Tanto que cuando Jacob la [&hellip;]","og_url":"https:\/\/laprensacristiana.com\/?p=12621","og_site_name":"La Prensa Cristiana","article_published_time":"2021-10-04T23:01:35+00:00","og_image":[{"width":1280,"height":714,"url":"https:\/\/laprensacristiana.com\/wp-content\/uploads\/2021\/02\/IMG_20210215_163352_769.jpg","type":"image\/jpeg"}],"author":"EDITOR","twitter_card":"summary_large_image","twitter_misc":{"Escrito por":"EDITOR","Tiempo de lectura":"4 minutos"},"schema":{"@context":"https:\/\/schema.org","@graph":[{"@type":"WebPage","@id":"https:\/\/laprensacristiana.com\/?p=12621","url":"https:\/\/laprensacristiana.com\/?p=12621","name":"Raquel - La Prensa Cristiana","isPartOf":{"@id":"https:\/\/laprensacristiana.com\/#website"},"datePublished":"2021-10-04T23:01:35+00:00","dateModified":"2021-10-04T23:01:35+00:00","author":{"@id":"https:\/\/laprensacristiana.com\/#\/schema\/person\/3e7d82c6bfd6b1fa67010f8f7cd5256e"},"breadcrumb":{"@id":"https:\/\/laprensacristiana.com\/?p=12621#breadcrumb"},"inLanguage":"es","potentialAction":[{"@type":"ReadAction","target":["https:\/\/laprensacristiana.com\/?p=12621"]}]},{"@type":"BreadcrumbList","@id":"https:\/\/laprensacristiana.com\/?p=12621#breadcrumb","itemListElement":[{"@type":"ListItem","position":1,"name":"Portada","item":"https:\/\/laprensacristiana.com\/"},{"@type":"ListItem","position":2,"name":"Raquel"}]},{"@type":"WebSite","@id":"https:\/\/laprensacristiana.com\/#website","url":"https:\/\/laprensacristiana.com\/","name":"La Prensa Cristiana","description":"Anunciando Las Buenas Nuevas","potentialAction":[{"@type":"SearchAction","target":{"@type":"EntryPoint","urlTemplate":"https:\/\/laprensacristiana.com\/?s={search_term_string}"},"query-input":"required name=search_term_string"}],"inLanguage":"es"},{"@type":"Person","@id":"https:\/\/laprensacristiana.com\/#\/schema\/person\/3e7d82c6bfd6b1fa67010f8f7cd5256e","name":"EDITOR","image":{"@type":"ImageObject","inLanguage":"es","@id":"https:\/\/laprensacristiana.com\/#\/schema\/person\/image\/","url":"https:\/\/secure.gravatar.com\/avatar\/72069dfb6c13772d9e8381e3638666d2?s=96&d=mm&r=g","contentUrl":"https:\/\/secure.gravatar.com\/avatar\/72069dfb6c13772d9e8381e3638666d2?s=96&d=mm&r=g","caption":"EDITOR"},"url":"https:\/\/laprensacristiana.com\/?author=3"}]}},"_links":{"self":[{"href":"https:\/\/laprensacristiana.com\/index.php?rest_route=\/wp\/v2\/posts\/12621"}],"collection":[{"href":"https:\/\/laprensacristiana.com\/index.php?rest_route=\/wp\/v2\/posts"}],"about":[{"href":"https:\/\/laprensacristiana.com\/index.php?rest_route=\/wp\/v2\/types\/post"}],"author":[{"embeddable":true,"href":"https:\/\/laprensacristiana.com\/index.php?rest_route=\/wp\/v2\/users\/3"}],"replies":[{"embeddable":true,"href":"https:\/\/laprensacristiana.com\/index.php?rest_route=%2Fwp%2Fv2%2Fcomments&post=12621"}],"version-history":[{"count":1,"href":"https:\/\/laprensacristiana.com\/index.php?rest_route=\/wp\/v2\/posts\/12621\/revisions"}],"predecessor-version":[{"id":12622,"href":"https:\/\/laprensacristiana.com\/index.php?rest_route=\/wp\/v2\/posts\/12621\/revisions\/12622"}],"wp:featuredmedia":[{"embeddable":true,"href":"https:\/\/laprensacristiana.com\/index.php?rest_route=\/wp\/v2\/media\/11327"}],"wp:attachment":[{"href":"https:\/\/laprensacristiana.com\/index.php?rest_route=%2Fwp%2Fv2%2Fmedia&parent=12621"}],"wp:term":[{"taxonomy":"category","embeddable":true,"href":"https:\/\/laprensacristiana.com\/index.php?rest_route=%2Fwp%2Fv2%2Fcategories&post=12621"},{"taxonomy":"post_tag","embeddable":true,"href":"https:\/\/laprensacristiana.com\/index.php?rest_route=%2Fwp%2Fv2%2Ftags&post=12621"}],"curies":[{"name":"wp","href":"https:\/\/api.w.org\/{rel}","templated":true}]}}