{"id":12633,"date":"2021-10-08T19:56:48","date_gmt":"2021-10-08T19:56:48","guid":{"rendered":"https:\/\/laprensacristiana.com\/?p=12633"},"modified":"2021-10-08T19:56:49","modified_gmt":"2021-10-08T19:56:49","slug":"carga-y-carga","status":"publish","type":"post","link":"https:\/\/laprensacristiana.com\/?p=12633","title":{"rendered":"Carga y carga"},"content":{"rendered":"\n<p>G\u00e1latas 6:2 \u201cLlevad los unos las cargas de los otros, y cumplid as\u00ed la ley de Cristo\u201d<\/p>\n\n\n\n<p>G\u00e1latas 6:5 \u201cPorque cada uno llevar\u00e1 su propia carga\u201d<\/p>\n\n\n\n<p>Hay dos clases de cargas.<\/p>\n\n\n\n<p>Parece que Pablo tiene un problema de ense\u00f1anza en estos dos textos, porque en uno dice una cosa y en el otro nos dice otra. \u00bfEn que quedamos?<\/p>\n\n\n\n<p>Bueno, sabemos que la Biblia es perfecta, no tiene errores ni se contradice en ninguna de sus partes.&nbsp; El problema somos nosotros que no sabemos discernir ni estudiar debidamente los originales en que fueron escritas esas cartas.<\/p>\n\n\n\n<p>Veamos.<\/p>\n\n\n\n<p>El problema de mucha gente dentro de las iglesias es que no son ense\u00f1adas en las doctrinas del Ap\u00f3stol Pablo. Son ense\u00f1adas en las doctrina que el pastor aprendi\u00f3 en su instituto de teolog\u00eda pero nada m\u00e1s. Por lo tanto, tenemos en las sillas de las congregaciones un mont\u00f3n de personas cargadas, sufriendo, rotas emocionalmente, sin saber como salir de las situaciones que la vida les presenta.<\/p>\n\n\n\n<p>Y es que el dicho de \u201clos trapos sucios se lavan en casa\u201d no debe aplicar a los cristianos. Porque se supone que el Se\u00f1or nos ha hecho habitar en familia, y es en la familia en donde se lavan esos trapos sucios.<\/p>\n\n\n\n<p>Pero el orgullo puede mas que la humildad y la necesidad de ser sanados, liberados y consolados.&nbsp; Es por gusto el mandamiento de Pablo cuando dice que debemos consolar con la consolaci\u00f3n con que fuimos consolados por Cristo. No. Eso no aplica en la vida de mucha gente que se est\u00e1 ahogando en problemas que cuando se comparten se hacen peque\u00f1os.<\/p>\n\n\n\n<p>Hay un adagio que dice que un problema compartido se empeque\u00f1ece, pero una alegr\u00eda compartida se agranda.<\/p>\n\n\n\n<p>Una primera acepci\u00f3n de \u201ccarga\u201d, seg\u00fan la etimolog\u00eda de la palabra es cuando se est\u00e1 cargando un barco. Un solo hombre no puede cargar toda la mercader\u00eda que ese barco debe llevar en sus bodegas. Es all\u00ed cuando Pablo toma la figura de que debemos llevar las cargas de otros para ayudarles a llevarlas. Es decir, si vamos a la figura del barco, entre todos podemos llenar esas bodegas sin fatigarnos completamente en el esfuerzo.<\/p>\n\n\n\n<p>Eso es llevar las cargas los unos de los otros.<\/p>\n\n\n\n<p>La otra acepci\u00f3n de la palabra carga es&nbsp; individual. Cada uno debe llevar su propia carga, es decir, su responsabilidad, sus obligaciones, sus compromisos familiares y financieros.<\/p>\n\n\n\n<p>Pero no entendiendo bien estos dos textos de las carta de Pablo nos hemos vuelto centr\u00edpetos, ego\u00edstas y soberbios al no aceptar que otros hermanos nos ayuden a llevar con nosotros nuestras cargas.&nbsp; Nuestras cargas emocionales, cargas que nos producen tristeza ante la p\u00e9rdida de un empleo, ante la muerte de un ser querido, ante la tragedia de un hijo enfermo o la visita de un c\u00e1ncer en nuestro cuerpo.<\/p>\n\n\n\n<p>\u00daltimamente mi esposa ha estado recibiendo solicitudes de oraci\u00f3n de otras personas que se apoyan en ella para que les ayude con sus oraciones.&nbsp; Son personas que de pronto la adversidad del virus les visita y necesitan que otros lleven esa carga que amenaza su salud. Otras le escriben pidi\u00e9ndole ayuda emocional ante la p\u00e9rdida de un padre que muri\u00f3 en un hospital sin haber recibido ninguna visita por los protocolos actuales de bioseguridad.<\/p>\n\n\n\n<p>Pero, \u00bfpor qu\u00e9 a\u00fan hay gente que se est\u00e1 ahogando en sus propios problemas sin pedir un poco de ayuda?&nbsp; \u00bfAcaso no han le\u00eddo lo que dice Pablo a los g\u00e1latas y por extensi\u00f3n a nosotros?<\/p>\n\n\n\n<p>Creo que nunca como hoy se hace necesario este recordatorio que solos, no podremos llevar toda la mercader\u00eda a las bodegas del barco. Necesitamos la ayuda de otros para poder terminar la faena que se nos presenta.<\/p>\n","protected":false},"excerpt":{"rendered":"<p>G\u00e1latas 6:2 \u201cLlevad los unos las cargas de los otros, y cumplid as\u00ed la ley de Cristo\u201d G\u00e1latas 6:5 \u201cPorque cada uno llevar\u00e1 su propia carga\u201d Hay dos clases de cargas. Parece que Pablo tiene un problema de ense\u00f1anza en estos dos textos, porque en uno dice una cosa y en el otro nos dice [&hellip;]<\/p>\n","protected":false},"author":3,"featured_media":11327,"comment_status":"open","ping_status":"open","sticky":false,"template":"","format":"standard","meta":[],"categories":[36],"tags":[],"yoast_head":"<!-- This site is optimized with the Yoast SEO plugin v20.8 - https:\/\/yoast.com\/wordpress\/plugins\/seo\/ -->\n<title>Carga y carga - La Prensa Cristiana<\/title>\n<meta name=\"robots\" content=\"index, follow, max-snippet:-1, max-image-preview:large, max-video-preview:-1\" \/>\n<link rel=\"canonical\" href=\"https:\/\/laprensacristiana.com\/?p=12633\" \/>\n<meta property=\"og:locale\" content=\"es_ES\" \/>\n<meta property=\"og:type\" content=\"article\" \/>\n<meta property=\"og:title\" content=\"Carga y carga - La Prensa Cristiana\" \/>\n<meta property=\"og:description\" content=\"G\u00e1latas 6:2 \u201cLlevad los unos las cargas de los otros, y cumplid as\u00ed la ley de Cristo\u201d G\u00e1latas 6:5 \u201cPorque cada uno llevar\u00e1 su propia carga\u201d Hay dos clases de cargas. Parece que Pablo tiene un problema de ense\u00f1anza en estos dos textos, porque en uno dice una cosa y en el otro nos dice [&hellip;]\" \/>\n<meta property=\"og:url\" content=\"https:\/\/laprensacristiana.com\/?p=12633\" \/>\n<meta property=\"og:site_name\" content=\"La Prensa Cristiana\" \/>\n<meta property=\"article:published_time\" content=\"2021-10-08T19:56:48+00:00\" \/>\n<meta property=\"article:modified_time\" content=\"2021-10-08T19:56:49+00:00\" \/>\n<meta property=\"og:image\" content=\"https:\/\/laprensacristiana.com\/wp-content\/uploads\/2021\/02\/IMG_20210215_163352_769.jpg\" \/>\n\t<meta property=\"og:image:width\" content=\"1280\" \/>\n\t<meta property=\"og:image:height\" content=\"714\" \/>\n\t<meta property=\"og:image:type\" content=\"image\/jpeg\" \/>\n<meta name=\"author\" content=\"EDITOR\" \/>\n<meta name=\"twitter:card\" content=\"summary_large_image\" \/>\n<meta name=\"twitter:label1\" content=\"Escrito por\" \/>\n\t<meta name=\"twitter:data1\" content=\"EDITOR\" \/>\n\t<meta name=\"twitter:label2\" content=\"Tiempo de lectura\" \/>\n\t<meta name=\"twitter:data2\" content=\"3 minutos\" \/>\n<script type=\"application\/ld+json\" class=\"yoast-schema-graph\">{\"@context\":\"https:\/\/schema.org\",\"@graph\":[{\"@type\":\"WebPage\",\"@id\":\"https:\/\/laprensacristiana.com\/?p=12633\",\"url\":\"https:\/\/laprensacristiana.com\/?p=12633\",\"name\":\"Carga y carga - La Prensa Cristiana\",\"isPartOf\":{\"@id\":\"https:\/\/laprensacristiana.com\/#website\"},\"datePublished\":\"2021-10-08T19:56:48+00:00\",\"dateModified\":\"2021-10-08T19:56:49+00:00\",\"author\":{\"@id\":\"https:\/\/laprensacristiana.com\/#\/schema\/person\/3e7d82c6bfd6b1fa67010f8f7cd5256e\"},\"breadcrumb\":{\"@id\":\"https:\/\/laprensacristiana.com\/?p=12633#breadcrumb\"},\"inLanguage\":\"es\",\"potentialAction\":[{\"@type\":\"ReadAction\",\"target\":[\"https:\/\/laprensacristiana.com\/?p=12633\"]}]},{\"@type\":\"BreadcrumbList\",\"@id\":\"https:\/\/laprensacristiana.com\/?p=12633#breadcrumb\",\"itemListElement\":[{\"@type\":\"ListItem\",\"position\":1,\"name\":\"Portada\",\"item\":\"https:\/\/laprensacristiana.com\/\"},{\"@type\":\"ListItem\",\"position\":2,\"name\":\"Carga y carga\"}]},{\"@type\":\"WebSite\",\"@id\":\"https:\/\/laprensacristiana.com\/#website\",\"url\":\"https:\/\/laprensacristiana.com\/\",\"name\":\"La Prensa Cristiana\",\"description\":\"Anunciando Las Buenas Nuevas\",\"potentialAction\":[{\"@type\":\"SearchAction\",\"target\":{\"@type\":\"EntryPoint\",\"urlTemplate\":\"https:\/\/laprensacristiana.com\/?s={search_term_string}\"},\"query-input\":\"required name=search_term_string\"}],\"inLanguage\":\"es\"},{\"@type\":\"Person\",\"@id\":\"https:\/\/laprensacristiana.com\/#\/schema\/person\/3e7d82c6bfd6b1fa67010f8f7cd5256e\",\"name\":\"EDITOR\",\"image\":{\"@type\":\"ImageObject\",\"inLanguage\":\"es\",\"@id\":\"https:\/\/laprensacristiana.com\/#\/schema\/person\/image\/\",\"url\":\"https:\/\/secure.gravatar.com\/avatar\/72069dfb6c13772d9e8381e3638666d2?s=96&d=mm&r=g\",\"contentUrl\":\"https:\/\/secure.gravatar.com\/avatar\/72069dfb6c13772d9e8381e3638666d2?s=96&d=mm&r=g\",\"caption\":\"EDITOR\"},\"url\":\"https:\/\/laprensacristiana.com\/?author=3\"}]}<\/script>\n<!-- \/ Yoast SEO plugin. -->","yoast_head_json":{"title":"Carga y carga - La Prensa Cristiana","robots":{"index":"index","follow":"follow","max-snippet":"max-snippet:-1","max-image-preview":"max-image-preview:large","max-video-preview":"max-video-preview:-1"},"canonical":"https:\/\/laprensacristiana.com\/?p=12633","og_locale":"es_ES","og_type":"article","og_title":"Carga y carga - La Prensa Cristiana","og_description":"G\u00e1latas 6:2 \u201cLlevad los unos las cargas de los otros, y cumplid as\u00ed la ley de Cristo\u201d G\u00e1latas 6:5 \u201cPorque cada uno llevar\u00e1 su propia carga\u201d Hay dos clases de cargas. Parece que Pablo tiene un problema de ense\u00f1anza en estos dos textos, porque en uno dice una cosa y en el otro nos dice [&hellip;]","og_url":"https:\/\/laprensacristiana.com\/?p=12633","og_site_name":"La Prensa Cristiana","article_published_time":"2021-10-08T19:56:48+00:00","article_modified_time":"2021-10-08T19:56:49+00:00","og_image":[{"width":1280,"height":714,"url":"https:\/\/laprensacristiana.com\/wp-content\/uploads\/2021\/02\/IMG_20210215_163352_769.jpg","type":"image\/jpeg"}],"author":"EDITOR","twitter_card":"summary_large_image","twitter_misc":{"Escrito por":"EDITOR","Tiempo de lectura":"3 minutos"},"schema":{"@context":"https:\/\/schema.org","@graph":[{"@type":"WebPage","@id":"https:\/\/laprensacristiana.com\/?p=12633","url":"https:\/\/laprensacristiana.com\/?p=12633","name":"Carga y carga - La Prensa Cristiana","isPartOf":{"@id":"https:\/\/laprensacristiana.com\/#website"},"datePublished":"2021-10-08T19:56:48+00:00","dateModified":"2021-10-08T19:56:49+00:00","author":{"@id":"https:\/\/laprensacristiana.com\/#\/schema\/person\/3e7d82c6bfd6b1fa67010f8f7cd5256e"},"breadcrumb":{"@id":"https:\/\/laprensacristiana.com\/?p=12633#breadcrumb"},"inLanguage":"es","potentialAction":[{"@type":"ReadAction","target":["https:\/\/laprensacristiana.com\/?p=12633"]}]},{"@type":"BreadcrumbList","@id":"https:\/\/laprensacristiana.com\/?p=12633#breadcrumb","itemListElement":[{"@type":"ListItem","position":1,"name":"Portada","item":"https:\/\/laprensacristiana.com\/"},{"@type":"ListItem","position":2,"name":"Carga y carga"}]},{"@type":"WebSite","@id":"https:\/\/laprensacristiana.com\/#website","url":"https:\/\/laprensacristiana.com\/","name":"La Prensa Cristiana","description":"Anunciando Las Buenas Nuevas","potentialAction":[{"@type":"SearchAction","target":{"@type":"EntryPoint","urlTemplate":"https:\/\/laprensacristiana.com\/?s={search_term_string}"},"query-input":"required name=search_term_string"}],"inLanguage":"es"},{"@type":"Person","@id":"https:\/\/laprensacristiana.com\/#\/schema\/person\/3e7d82c6bfd6b1fa67010f8f7cd5256e","name":"EDITOR","image":{"@type":"ImageObject","inLanguage":"es","@id":"https:\/\/laprensacristiana.com\/#\/schema\/person\/image\/","url":"https:\/\/secure.gravatar.com\/avatar\/72069dfb6c13772d9e8381e3638666d2?s=96&d=mm&r=g","contentUrl":"https:\/\/secure.gravatar.com\/avatar\/72069dfb6c13772d9e8381e3638666d2?s=96&d=mm&r=g","caption":"EDITOR"},"url":"https:\/\/laprensacristiana.com\/?author=3"}]}},"_links":{"self":[{"href":"https:\/\/laprensacristiana.com\/index.php?rest_route=\/wp\/v2\/posts\/12633"}],"collection":[{"href":"https:\/\/laprensacristiana.com\/index.php?rest_route=\/wp\/v2\/posts"}],"about":[{"href":"https:\/\/laprensacristiana.com\/index.php?rest_route=\/wp\/v2\/types\/post"}],"author":[{"embeddable":true,"href":"https:\/\/laprensacristiana.com\/index.php?rest_route=\/wp\/v2\/users\/3"}],"replies":[{"embeddable":true,"href":"https:\/\/laprensacristiana.com\/index.php?rest_route=%2Fwp%2Fv2%2Fcomments&post=12633"}],"version-history":[{"count":1,"href":"https:\/\/laprensacristiana.com\/index.php?rest_route=\/wp\/v2\/posts\/12633\/revisions"}],"predecessor-version":[{"id":12634,"href":"https:\/\/laprensacristiana.com\/index.php?rest_route=\/wp\/v2\/posts\/12633\/revisions\/12634"}],"wp:featuredmedia":[{"embeddable":true,"href":"https:\/\/laprensacristiana.com\/index.php?rest_route=\/wp\/v2\/media\/11327"}],"wp:attachment":[{"href":"https:\/\/laprensacristiana.com\/index.php?rest_route=%2Fwp%2Fv2%2Fmedia&parent=12633"}],"wp:term":[{"taxonomy":"category","embeddable":true,"href":"https:\/\/laprensacristiana.com\/index.php?rest_route=%2Fwp%2Fv2%2Fcategories&post=12633"},{"taxonomy":"post_tag","embeddable":true,"href":"https:\/\/laprensacristiana.com\/index.php?rest_route=%2Fwp%2Fv2%2Ftags&post=12633"}],"curies":[{"name":"wp","href":"https:\/\/api.w.org\/{rel}","templated":true}]}}