{"id":12653,"date":"2021-10-18T16:56:34","date_gmt":"2021-10-18T16:56:34","guid":{"rendered":"https:\/\/laprensacristiana.com\/?p=12653"},"modified":"2021-10-18T16:56:35","modified_gmt":"2021-10-18T16:56:35","slug":"oveja-perdida","status":"publish","type":"post","link":"https:\/\/laprensacristiana.com\/?p=12653","title":{"rendered":"Oveja perdida"},"content":{"rendered":"\n<p>Lucas 15:4 \u201c\u00bfQu\u00e9 hombre de vosotros, si tiene cien ovejas y una de ellas se pierde, no deja las noventa y nueve en el campo y va tras la que est\u00e1 perdida hasta que la halla?\u201d<\/p>\n\n\n\n<p>Hace a\u00f1os all\u00e1 en Guatemala escuch\u00e9 a mi pastor dar una ense\u00f1anza muy curiosa sobre el pastoreo de ovejas.&nbsp; Despu\u00e9s, picado por la curiosidad, en uno de mis viajes como vendedor viajero, pas\u00e9 por los pueblo de Chichicastenango, Solol\u00e1 y Tecp\u00e1n para observar si lo que nos hab\u00eda dicho era verdad: Ver de cerca a los pastores de ovejas cuando las sacan a alimentarse en los pastos verdes de aquellas fr\u00edas y verdes monta\u00f1as.<\/p>\n\n\n\n<p>All\u00ed pude ver de primera mano como los pastores ind\u00edgenas, le ponen a la oveja m\u00e1s vieja del reba\u00f1o una campana para que las dem\u00e1s le escuchen y le sigan dentro de la seguridad de la manada.&nbsp; Uno de los pastores me ense\u00f1\u00f3 que como las ovejas son miopes y no pueden ver muy bien de lejos, tienen desarrollado el sentido del o\u00eddo y es por ese medio que se dirigen a donde est\u00e1 el reba\u00f1o.&nbsp; Es por eso que las ovejas oyen el sonido de la voz del pastor y le siguen y le obedecen.<\/p>\n\n\n\n<p>Pero tambi\u00e9n me ense\u00f1\u00f3 que cuando una oveja es demasiado rebelde y se aleja constantemente del reba\u00f1o y pone en peligro a otras ovejas que le pueden seguir y perderse igualmente, la toma, le quiebra una pata para que no pueda caminar muy bien y la salva a ella y al resto de ovejas. \u00bfEs maldad acaso? No, me explic\u00f3, es para salvarla a ella y al resto de ovejitas que puedan seguirla y tomar un rumbo lejos del reba\u00f1o.<\/p>\n\n\n\n<p>\u00bfSabe por qu\u00e9 se hace esto? me pregunt\u00f3: Es que las ovejas no saben cuando se pierden. Como est\u00e1n pastando libremente y eso les agrada, poco a poco se van alejando del reba\u00f1o y como tampoco tienen buen olfato, ya no ven al resto de ovejas hermanas ni escuchan el sonido de la campana de la oveja gu\u00eda, cuando se vienen a dar cuenta est\u00e1n perdidas y no hallan el camino al corral.<\/p>\n\n\n\n<p>Corren el riesgo de ser atacadas por alg\u00fan animal o robadas por alg\u00fan ladr\u00f3n. Y mi deber, aunque les duela, es tenerlas seguras dentro del redil.<\/p>\n\n\n\n<p>Esa lecci\u00f3n me qued\u00f3 indeleble en mi mente y a\u00f1os despu\u00e9s sigo ense\u00f1ando sobre esa experiencia vivida hace ya tantos a\u00f1os\u2026 la oveja no sabe cuando se empieza a perder\u2026<\/p>\n\n\n\n<p>Y eso vino a mi mente ahora que leo ese pasaje en la Escritura. El pastor de la historia de Jesus tiene cien ovejas. Pero cuando se da cuenta de la realidad, le falta una y deja a las otras aseguradas dentro del redil y se va en busca de la oveja perdida.<\/p>\n\n\n\n<p>Sin m\u00e1s explicaciones al respecto, as\u00ed sucede con nosotros, las ovejas de Cristo. Empezamos a participar en fiestas del mundo. En reuniones sociales de la empresa. En celebraciones paganas y que no tienen nada que ver con nuestro nuevo estilo de vida cristiano.&nbsp; Cuando nos venimos a dar cuenta, hemos perdido la ruta. Nos hemos perdido en los tr\u00e1fagos del mundo, en los afanes de la sociedad, en deudas, en problemas matrimoniales, en adulterios y fornicaciones. Empezamos \u00a1Dios no lo quiera! a consumir alcohol, a fumarnos un cigarrillo y a decir malas palabras\u2026 Pero a todo esto, no nos hemos dado cuenta porque todav\u00eda estamos yendo a la Iglesia.<\/p>\n\n\n\n<p>Todav\u00eda cantamos los cantos dominicales. Todav\u00eda hacemos oraciones y liturgias evang\u00e9licas los domingos. Todav\u00eda los hermanos nos ven en nuestra silla adorando y haciendo toda la parafernalia evang\u00e9lica.<\/p>\n\n\n\n<p>Pero, sin darnos cuenta, ya nos perdimos. Ya perdimos los dones del Esp\u00edritu Santo.&nbsp; Ya perdimos la sensibilidad por la Palabra que se nos predica. Ya no nos hace mella en nuestro interior y entramos y salimos con el mismo aburrimiento que produce la rutina y el sopor del cansancio de siempre lo mismo.<\/p>\n\n\n\n<p>Nos perdimos y no nos dimos cuenta.<\/p>\n\n\n\n<p>Perdimos el primer amor. Perdimos la comuni\u00f3n con los hermanos. Si, es cierto, vamos al culto pero ya nos aburren los sermones muy largos. Queremos salir pronto de all\u00ed para ir a buscar pastos m\u00e1s agradables a nuestros sentidos. Queremos domingos de fut bol en vez de domingos en familia. Los vicios que encontramos en nuestras escapadas del redil nos han atrapado tanto que ya no nos sentimos a gusto en la comuni\u00f3n de la Iglesia.<\/p>\n\n\n\n<p>Las ovejas, mis queridos hermanos, no saben cuando se han perdido. Es por eso que necesitamos congregarnos y ser conscientes, como dijo Jesus, que sin \u00c9l, nada podemos hacer.<\/p>\n","protected":false},"excerpt":{"rendered":"<p>Lucas 15:4 \u201c\u00bfQu\u00e9 hombre de vosotros, si tiene cien ovejas y una de ellas se pierde, no deja las noventa y nueve en el campo y va tras la que est\u00e1 perdida hasta que la halla?\u201d Hace a\u00f1os all\u00e1 en Guatemala escuch\u00e9 a mi pastor dar una ense\u00f1anza muy curiosa sobre el pastoreo de ovejas.&nbsp; [&hellip;]<\/p>\n","protected":false},"author":3,"featured_media":11327,"comment_status":"open","ping_status":"open","sticky":false,"template":"","format":"standard","meta":[],"categories":[36],"tags":[],"yoast_head":"<!-- This site is optimized with the Yoast SEO plugin v20.8 - https:\/\/yoast.com\/wordpress\/plugins\/seo\/ -->\n<title>Oveja perdida - La Prensa Cristiana<\/title>\n<meta name=\"robots\" content=\"index, follow, max-snippet:-1, max-image-preview:large, max-video-preview:-1\" \/>\n<link rel=\"canonical\" href=\"https:\/\/laprensacristiana.com\/?p=12653\" \/>\n<meta property=\"og:locale\" content=\"es_ES\" \/>\n<meta property=\"og:type\" content=\"article\" \/>\n<meta property=\"og:title\" content=\"Oveja perdida - La Prensa Cristiana\" \/>\n<meta property=\"og:description\" content=\"Lucas 15:4 \u201c\u00bfQu\u00e9 hombre de vosotros, si tiene cien ovejas y una de ellas se pierde, no deja las noventa y nueve en el campo y va tras la que est\u00e1 perdida hasta que la halla?\u201d Hace a\u00f1os all\u00e1 en Guatemala escuch\u00e9 a mi pastor dar una ense\u00f1anza muy curiosa sobre el pastoreo de ovejas.&nbsp; [&hellip;]\" \/>\n<meta property=\"og:url\" content=\"https:\/\/laprensacristiana.com\/?p=12653\" \/>\n<meta property=\"og:site_name\" content=\"La Prensa Cristiana\" \/>\n<meta property=\"article:published_time\" content=\"2021-10-18T16:56:34+00:00\" \/>\n<meta property=\"article:modified_time\" content=\"2021-10-18T16:56:35+00:00\" \/>\n<meta property=\"og:image\" content=\"https:\/\/laprensacristiana.com\/wp-content\/uploads\/2021\/02\/IMG_20210215_163352_769.jpg\" \/>\n\t<meta property=\"og:image:width\" content=\"1280\" \/>\n\t<meta property=\"og:image:height\" content=\"714\" \/>\n\t<meta property=\"og:image:type\" content=\"image\/jpeg\" \/>\n<meta name=\"author\" content=\"EDITOR\" \/>\n<meta name=\"twitter:card\" content=\"summary_large_image\" \/>\n<meta name=\"twitter:label1\" content=\"Escrito por\" \/>\n\t<meta name=\"twitter:data1\" content=\"EDITOR\" \/>\n\t<meta name=\"twitter:label2\" content=\"Tiempo de lectura\" \/>\n\t<meta name=\"twitter:data2\" content=\"4 minutos\" \/>\n<script type=\"application\/ld+json\" class=\"yoast-schema-graph\">{\"@context\":\"https:\/\/schema.org\",\"@graph\":[{\"@type\":\"WebPage\",\"@id\":\"https:\/\/laprensacristiana.com\/?p=12653\",\"url\":\"https:\/\/laprensacristiana.com\/?p=12653\",\"name\":\"Oveja perdida - La Prensa Cristiana\",\"isPartOf\":{\"@id\":\"https:\/\/laprensacristiana.com\/#website\"},\"datePublished\":\"2021-10-18T16:56:34+00:00\",\"dateModified\":\"2021-10-18T16:56:35+00:00\",\"author\":{\"@id\":\"https:\/\/laprensacristiana.com\/#\/schema\/person\/3e7d82c6bfd6b1fa67010f8f7cd5256e\"},\"breadcrumb\":{\"@id\":\"https:\/\/laprensacristiana.com\/?p=12653#breadcrumb\"},\"inLanguage\":\"es\",\"potentialAction\":[{\"@type\":\"ReadAction\",\"target\":[\"https:\/\/laprensacristiana.com\/?p=12653\"]}]},{\"@type\":\"BreadcrumbList\",\"@id\":\"https:\/\/laprensacristiana.com\/?p=12653#breadcrumb\",\"itemListElement\":[{\"@type\":\"ListItem\",\"position\":1,\"name\":\"Portada\",\"item\":\"https:\/\/laprensacristiana.com\/\"},{\"@type\":\"ListItem\",\"position\":2,\"name\":\"Oveja perdida\"}]},{\"@type\":\"WebSite\",\"@id\":\"https:\/\/laprensacristiana.com\/#website\",\"url\":\"https:\/\/laprensacristiana.com\/\",\"name\":\"La Prensa Cristiana\",\"description\":\"Anunciando Las Buenas Nuevas\",\"potentialAction\":[{\"@type\":\"SearchAction\",\"target\":{\"@type\":\"EntryPoint\",\"urlTemplate\":\"https:\/\/laprensacristiana.com\/?s={search_term_string}\"},\"query-input\":\"required name=search_term_string\"}],\"inLanguage\":\"es\"},{\"@type\":\"Person\",\"@id\":\"https:\/\/laprensacristiana.com\/#\/schema\/person\/3e7d82c6bfd6b1fa67010f8f7cd5256e\",\"name\":\"EDITOR\",\"image\":{\"@type\":\"ImageObject\",\"inLanguage\":\"es\",\"@id\":\"https:\/\/laprensacristiana.com\/#\/schema\/person\/image\/\",\"url\":\"https:\/\/secure.gravatar.com\/avatar\/72069dfb6c13772d9e8381e3638666d2?s=96&d=mm&r=g\",\"contentUrl\":\"https:\/\/secure.gravatar.com\/avatar\/72069dfb6c13772d9e8381e3638666d2?s=96&d=mm&r=g\",\"caption\":\"EDITOR\"},\"url\":\"https:\/\/laprensacristiana.com\/?author=3\"}]}<\/script>\n<!-- \/ Yoast SEO plugin. -->","yoast_head_json":{"title":"Oveja perdida - La Prensa Cristiana","robots":{"index":"index","follow":"follow","max-snippet":"max-snippet:-1","max-image-preview":"max-image-preview:large","max-video-preview":"max-video-preview:-1"},"canonical":"https:\/\/laprensacristiana.com\/?p=12653","og_locale":"es_ES","og_type":"article","og_title":"Oveja perdida - La Prensa Cristiana","og_description":"Lucas 15:4 \u201c\u00bfQu\u00e9 hombre de vosotros, si tiene cien ovejas y una de ellas se pierde, no deja las noventa y nueve en el campo y va tras la que est\u00e1 perdida hasta que la halla?\u201d Hace a\u00f1os all\u00e1 en Guatemala escuch\u00e9 a mi pastor dar una ense\u00f1anza muy curiosa sobre el pastoreo de ovejas.&nbsp; [&hellip;]","og_url":"https:\/\/laprensacristiana.com\/?p=12653","og_site_name":"La Prensa Cristiana","article_published_time":"2021-10-18T16:56:34+00:00","article_modified_time":"2021-10-18T16:56:35+00:00","og_image":[{"width":1280,"height":714,"url":"https:\/\/laprensacristiana.com\/wp-content\/uploads\/2021\/02\/IMG_20210215_163352_769.jpg","type":"image\/jpeg"}],"author":"EDITOR","twitter_card":"summary_large_image","twitter_misc":{"Escrito por":"EDITOR","Tiempo de lectura":"4 minutos"},"schema":{"@context":"https:\/\/schema.org","@graph":[{"@type":"WebPage","@id":"https:\/\/laprensacristiana.com\/?p=12653","url":"https:\/\/laprensacristiana.com\/?p=12653","name":"Oveja perdida - La Prensa Cristiana","isPartOf":{"@id":"https:\/\/laprensacristiana.com\/#website"},"datePublished":"2021-10-18T16:56:34+00:00","dateModified":"2021-10-18T16:56:35+00:00","author":{"@id":"https:\/\/laprensacristiana.com\/#\/schema\/person\/3e7d82c6bfd6b1fa67010f8f7cd5256e"},"breadcrumb":{"@id":"https:\/\/laprensacristiana.com\/?p=12653#breadcrumb"},"inLanguage":"es","potentialAction":[{"@type":"ReadAction","target":["https:\/\/laprensacristiana.com\/?p=12653"]}]},{"@type":"BreadcrumbList","@id":"https:\/\/laprensacristiana.com\/?p=12653#breadcrumb","itemListElement":[{"@type":"ListItem","position":1,"name":"Portada","item":"https:\/\/laprensacristiana.com\/"},{"@type":"ListItem","position":2,"name":"Oveja perdida"}]},{"@type":"WebSite","@id":"https:\/\/laprensacristiana.com\/#website","url":"https:\/\/laprensacristiana.com\/","name":"La Prensa Cristiana","description":"Anunciando Las Buenas Nuevas","potentialAction":[{"@type":"SearchAction","target":{"@type":"EntryPoint","urlTemplate":"https:\/\/laprensacristiana.com\/?s={search_term_string}"},"query-input":"required name=search_term_string"}],"inLanguage":"es"},{"@type":"Person","@id":"https:\/\/laprensacristiana.com\/#\/schema\/person\/3e7d82c6bfd6b1fa67010f8f7cd5256e","name":"EDITOR","image":{"@type":"ImageObject","inLanguage":"es","@id":"https:\/\/laprensacristiana.com\/#\/schema\/person\/image\/","url":"https:\/\/secure.gravatar.com\/avatar\/72069dfb6c13772d9e8381e3638666d2?s=96&d=mm&r=g","contentUrl":"https:\/\/secure.gravatar.com\/avatar\/72069dfb6c13772d9e8381e3638666d2?s=96&d=mm&r=g","caption":"EDITOR"},"url":"https:\/\/laprensacristiana.com\/?author=3"}]}},"_links":{"self":[{"href":"https:\/\/laprensacristiana.com\/index.php?rest_route=\/wp\/v2\/posts\/12653"}],"collection":[{"href":"https:\/\/laprensacristiana.com\/index.php?rest_route=\/wp\/v2\/posts"}],"about":[{"href":"https:\/\/laprensacristiana.com\/index.php?rest_route=\/wp\/v2\/types\/post"}],"author":[{"embeddable":true,"href":"https:\/\/laprensacristiana.com\/index.php?rest_route=\/wp\/v2\/users\/3"}],"replies":[{"embeddable":true,"href":"https:\/\/laprensacristiana.com\/index.php?rest_route=%2Fwp%2Fv2%2Fcomments&post=12653"}],"version-history":[{"count":1,"href":"https:\/\/laprensacristiana.com\/index.php?rest_route=\/wp\/v2\/posts\/12653\/revisions"}],"predecessor-version":[{"id":12654,"href":"https:\/\/laprensacristiana.com\/index.php?rest_route=\/wp\/v2\/posts\/12653\/revisions\/12654"}],"wp:featuredmedia":[{"embeddable":true,"href":"https:\/\/laprensacristiana.com\/index.php?rest_route=\/wp\/v2\/media\/11327"}],"wp:attachment":[{"href":"https:\/\/laprensacristiana.com\/index.php?rest_route=%2Fwp%2Fv2%2Fmedia&parent=12653"}],"wp:term":[{"taxonomy":"category","embeddable":true,"href":"https:\/\/laprensacristiana.com\/index.php?rest_route=%2Fwp%2Fv2%2Fcategories&post=12653"},{"taxonomy":"post_tag","embeddable":true,"href":"https:\/\/laprensacristiana.com\/index.php?rest_route=%2Fwp%2Fv2%2Ftags&post=12653"}],"curies":[{"name":"wp","href":"https:\/\/api.w.org\/{rel}","templated":true}]}}