{"id":12726,"date":"2021-11-08T15:44:55","date_gmt":"2021-11-08T15:44:55","guid":{"rendered":"https:\/\/laprensacristiana.com\/?p=12726"},"modified":"2021-11-08T15:44:56","modified_gmt":"2021-11-08T15:44:56","slug":"por-poco","status":"publish","type":"post","link":"https:\/\/laprensacristiana.com\/?p=12726","title":{"rendered":"Por poco&#8230;"},"content":{"rendered":"\n<p>Hechos 26:28&nbsp; \u201cY Agripa respondi\u00f3 a Pablo: En poco tiempo me persuadir\u00e1s a que me haga cristiano\u201d<\/p>\n\n\n\n<p>L\u00e1stima\u2026<\/p>\n\n\n\n<p>Si hubiera seguido escuchando lo que Pablo ten\u00eda que decirle, ahora estuviera gozando de las Delicias del Se\u00f1or junto a todos aquellos que lo aceptaron como su Se\u00f1or.<\/p>\n\n\n\n<p>Pero Agripa ya ten\u00eda un se\u00f1or y no pensaba cambiarlo.&nbsp; No sab\u00eda que sobre un se\u00f1or siempre hay un Se\u00f1or sobre \u00e9l.&nbsp; Y ese Se\u00f1or era el que Pablo le estaba presentando.<\/p>\n\n\n\n<p>El se\u00f1or de Agripa era el C\u00e9sar.&nbsp; El Se\u00f1or que Pablo le estaba presentando era al Se\u00f1or Jesus. Pero cambiar los paradigmas id\u00f3latras de tanto tiempo arraigados en un coraz\u00f3n humano es tan dif\u00edcil que a menos que el Esp\u00edritu Santo convenza, nadie es capaz de convencer.<\/p>\n\n\n\n<p>Y Agripa, a\u00fan siendo un rey con poder, con influencia y con libre albedr\u00edo rechaz\u00f3 el ofrecimiento que Pablo le estaba haciendo.&nbsp; Prefiri\u00f3 a C\u00e9sar antes que a Jesus.<\/p>\n\n\n\n<p>Hoy las cosas no han cambiado en nada.<\/p>\n\n\n\n<p>Tristemente, sentados en las sillas de las Iglesias cristianas hay muchas personas con el esp\u00edritu de Agripa.&nbsp; Prefieren seguir con sus \u00eddolos de barro y de madera antes que inclinarse ante el se\u00f1or\u00edo de Jesus.<\/p>\n\n\n\n<p>Es decir, prefieren al C\u00e9sar que les ofrece todo lo material, todo lo perecedero y lo trascendente antes que aceptar al Se\u00f1or de los Cielos que no solo les dar\u00e1 lo material, lo perecedero y trascendente, pero en primer lugar les dar\u00e1 lo inmaterial, lo espiritual, lo intrascendente y lo eterno.<\/p>\n\n\n\n<p>Cuando uno logra entender esto entonces entrar\u00e1 de lleno en la b\u00fasqueda de lo que dijo Jesu que debemos hacer: Buscar primero el Reino de Dios y su Justicia y todas las dem\u00e1s cosas ser\u00e1n a\u00f1adidas.<\/p>\n\n\n\n<p>\u00bfCuales son esas \u201cdem\u00e1s cosas\u201d?<\/p>\n\n\n\n<p>Precisamente lo que Agripa no quer\u00eda soltar. Jesus lo declar\u00f3 cuando nos dice en su Palabra que nuestro Padre sabe que tenemos necesidad de las mismas cosas que buscan los gentiles pero con nosotros debe haber una diferencia: buscar primero su Reino. La expresi\u00f3n \u201cprimero\u201d significa que antes de buscar lo material que es lo que buscan los gentiles, los incr\u00e9dulos, nosotros, si, nosotros sus hijos, los hijos de la Luz, debemos buscar primero su reinado.<\/p>\n\n\n\n<p>Porque, mis amigos, resulta que as\u00ed como los gentiles o incr\u00e9dulos necesitan pagar sus recibos de luz nosotros tambi\u00e9n. Ellos necesitan pagar sus recibos de agua y nosotros tambi\u00e9n. Ellos necesitan vestirse con elegancia y nosotros tambi\u00e9n. \u00bfEn donde reside entonces la diferencia entre ellos y nosotros?<\/p>\n\n\n\n<p>En que somos diferentes. Que nuestras prioridades est\u00e1n en el debido orden del Se\u00f1or: primero su Reino. Y con el Reino ya no tendremos necesidad de buscar nada de lo dem\u00e1s porque el mismo Reino lo trae. Eso est\u00e1 claro cuando dice: \u201c\u2026y todo lo dem\u00e1s ser\u00e1 a\u00f1adido\u201d.<\/p>\n\n\n\n<p>Por poco Agripa se convence de estas realidades. Por poco se anota su nombre en el Libro de la vida. Por poco hubiera sido transformado en otro hombre. Por poco el C\u00e9sar hubiera dejado de ser su dios.&nbsp; Por poco\u2026 por poco\u2026<\/p>\n\n\n\n<p>\u00bfY nosotros? No tenemos excusa. Porque muchos de nosotros, mientras no aprendamos lo que nos pide el Se\u00f1or seguiremos esperando que el C\u00e9sar de este tiempo nos llene los bolsillos, las billeteras, que pague nuestros recibos y supla nuestras necesidades.&nbsp; Que cancele el colegio de los hijos y que nos llene la refri de todo lo que necesitamos, mientras unos pocos disfrutan de todo eso pero por a\u00f1adidura.<\/p>\n\n\n\n<p>Porque son pocos, dice Jesus, los que entran a la Vida Eterna. Y la vida eterna empieza en esta tierra. Si somos como Agripa, por poco nos convencemos que esta verdad es tangible pero escaparemos como \u00e9l, junto con sus amigos Festo y Berenice, a refugiarnos bajo la sombra imperfecta del C\u00e9sar, gobernador de este mundo<\/p>\n","protected":false},"excerpt":{"rendered":"<p>Hechos 26:28&nbsp; \u201cY Agripa respondi\u00f3 a Pablo: En poco tiempo me persuadir\u00e1s a que me haga cristiano\u201d L\u00e1stima\u2026 Si hubiera seguido escuchando lo que Pablo ten\u00eda que decirle, ahora estuviera gozando de las Delicias del Se\u00f1or junto a todos aquellos que lo aceptaron como su Se\u00f1or. Pero Agripa ya ten\u00eda un se\u00f1or y no pensaba [&hellip;]<\/p>\n","protected":false},"author":3,"featured_media":11327,"comment_status":"open","ping_status":"open","sticky":false,"template":"","format":"standard","meta":[],"categories":[36],"tags":[],"yoast_head":"<!-- This site is optimized with the Yoast SEO plugin v20.8 - https:\/\/yoast.com\/wordpress\/plugins\/seo\/ -->\n<title>Por poco... - La Prensa Cristiana<\/title>\n<meta name=\"robots\" content=\"index, follow, max-snippet:-1, max-image-preview:large, max-video-preview:-1\" \/>\n<link rel=\"canonical\" href=\"https:\/\/laprensacristiana.com\/?p=12726\" \/>\n<meta property=\"og:locale\" content=\"es_ES\" \/>\n<meta property=\"og:type\" content=\"article\" \/>\n<meta property=\"og:title\" content=\"Por poco... - La Prensa Cristiana\" \/>\n<meta property=\"og:description\" content=\"Hechos 26:28&nbsp; \u201cY Agripa respondi\u00f3 a Pablo: En poco tiempo me persuadir\u00e1s a que me haga cristiano\u201d L\u00e1stima\u2026 Si hubiera seguido escuchando lo que Pablo ten\u00eda que decirle, ahora estuviera gozando de las Delicias del Se\u00f1or junto a todos aquellos que lo aceptaron como su Se\u00f1or. Pero Agripa ya ten\u00eda un se\u00f1or y no pensaba [&hellip;]\" \/>\n<meta property=\"og:url\" content=\"https:\/\/laprensacristiana.com\/?p=12726\" \/>\n<meta property=\"og:site_name\" content=\"La Prensa Cristiana\" \/>\n<meta property=\"article:published_time\" content=\"2021-11-08T15:44:55+00:00\" \/>\n<meta property=\"article:modified_time\" content=\"2021-11-08T15:44:56+00:00\" \/>\n<meta property=\"og:image\" content=\"https:\/\/laprensacristiana.com\/wp-content\/uploads\/2021\/02\/IMG_20210215_163352_769.jpg\" \/>\n\t<meta property=\"og:image:width\" content=\"1280\" \/>\n\t<meta property=\"og:image:height\" content=\"714\" \/>\n\t<meta property=\"og:image:type\" content=\"image\/jpeg\" \/>\n<meta name=\"author\" content=\"EDITOR\" \/>\n<meta name=\"twitter:card\" content=\"summary_large_image\" \/>\n<meta name=\"twitter:label1\" content=\"Escrito por\" \/>\n\t<meta name=\"twitter:data1\" content=\"EDITOR\" \/>\n\t<meta name=\"twitter:label2\" content=\"Tiempo de lectura\" \/>\n\t<meta name=\"twitter:data2\" content=\"3 minutos\" \/>\n<script type=\"application\/ld+json\" class=\"yoast-schema-graph\">{\"@context\":\"https:\/\/schema.org\",\"@graph\":[{\"@type\":\"WebPage\",\"@id\":\"https:\/\/laprensacristiana.com\/?p=12726\",\"url\":\"https:\/\/laprensacristiana.com\/?p=12726\",\"name\":\"Por poco... - La Prensa Cristiana\",\"isPartOf\":{\"@id\":\"https:\/\/laprensacristiana.com\/#website\"},\"datePublished\":\"2021-11-08T15:44:55+00:00\",\"dateModified\":\"2021-11-08T15:44:56+00:00\",\"author\":{\"@id\":\"https:\/\/laprensacristiana.com\/#\/schema\/person\/3e7d82c6bfd6b1fa67010f8f7cd5256e\"},\"breadcrumb\":{\"@id\":\"https:\/\/laprensacristiana.com\/?p=12726#breadcrumb\"},\"inLanguage\":\"es\",\"potentialAction\":[{\"@type\":\"ReadAction\",\"target\":[\"https:\/\/laprensacristiana.com\/?p=12726\"]}]},{\"@type\":\"BreadcrumbList\",\"@id\":\"https:\/\/laprensacristiana.com\/?p=12726#breadcrumb\",\"itemListElement\":[{\"@type\":\"ListItem\",\"position\":1,\"name\":\"Portada\",\"item\":\"https:\/\/laprensacristiana.com\/\"},{\"@type\":\"ListItem\",\"position\":2,\"name\":\"Por poco&#8230;\"}]},{\"@type\":\"WebSite\",\"@id\":\"https:\/\/laprensacristiana.com\/#website\",\"url\":\"https:\/\/laprensacristiana.com\/\",\"name\":\"La Prensa Cristiana\",\"description\":\"Anunciando Las Buenas Nuevas\",\"potentialAction\":[{\"@type\":\"SearchAction\",\"target\":{\"@type\":\"EntryPoint\",\"urlTemplate\":\"https:\/\/laprensacristiana.com\/?s={search_term_string}\"},\"query-input\":\"required name=search_term_string\"}],\"inLanguage\":\"es\"},{\"@type\":\"Person\",\"@id\":\"https:\/\/laprensacristiana.com\/#\/schema\/person\/3e7d82c6bfd6b1fa67010f8f7cd5256e\",\"name\":\"EDITOR\",\"image\":{\"@type\":\"ImageObject\",\"inLanguage\":\"es\",\"@id\":\"https:\/\/laprensacristiana.com\/#\/schema\/person\/image\/\",\"url\":\"https:\/\/secure.gravatar.com\/avatar\/72069dfb6c13772d9e8381e3638666d2?s=96&d=mm&r=g\",\"contentUrl\":\"https:\/\/secure.gravatar.com\/avatar\/72069dfb6c13772d9e8381e3638666d2?s=96&d=mm&r=g\",\"caption\":\"EDITOR\"},\"url\":\"https:\/\/laprensacristiana.com\/?author=3\"}]}<\/script>\n<!-- \/ Yoast SEO plugin. -->","yoast_head_json":{"title":"Por poco... - La Prensa Cristiana","robots":{"index":"index","follow":"follow","max-snippet":"max-snippet:-1","max-image-preview":"max-image-preview:large","max-video-preview":"max-video-preview:-1"},"canonical":"https:\/\/laprensacristiana.com\/?p=12726","og_locale":"es_ES","og_type":"article","og_title":"Por poco... - La Prensa Cristiana","og_description":"Hechos 26:28&nbsp; \u201cY Agripa respondi\u00f3 a Pablo: En poco tiempo me persuadir\u00e1s a que me haga cristiano\u201d L\u00e1stima\u2026 Si hubiera seguido escuchando lo que Pablo ten\u00eda que decirle, ahora estuviera gozando de las Delicias del Se\u00f1or junto a todos aquellos que lo aceptaron como su Se\u00f1or. Pero Agripa ya ten\u00eda un se\u00f1or y no pensaba [&hellip;]","og_url":"https:\/\/laprensacristiana.com\/?p=12726","og_site_name":"La Prensa Cristiana","article_published_time":"2021-11-08T15:44:55+00:00","article_modified_time":"2021-11-08T15:44:56+00:00","og_image":[{"width":1280,"height":714,"url":"https:\/\/laprensacristiana.com\/wp-content\/uploads\/2021\/02\/IMG_20210215_163352_769.jpg","type":"image\/jpeg"}],"author":"EDITOR","twitter_card":"summary_large_image","twitter_misc":{"Escrito por":"EDITOR","Tiempo de lectura":"3 minutos"},"schema":{"@context":"https:\/\/schema.org","@graph":[{"@type":"WebPage","@id":"https:\/\/laprensacristiana.com\/?p=12726","url":"https:\/\/laprensacristiana.com\/?p=12726","name":"Por poco... - La Prensa Cristiana","isPartOf":{"@id":"https:\/\/laprensacristiana.com\/#website"},"datePublished":"2021-11-08T15:44:55+00:00","dateModified":"2021-11-08T15:44:56+00:00","author":{"@id":"https:\/\/laprensacristiana.com\/#\/schema\/person\/3e7d82c6bfd6b1fa67010f8f7cd5256e"},"breadcrumb":{"@id":"https:\/\/laprensacristiana.com\/?p=12726#breadcrumb"},"inLanguage":"es","potentialAction":[{"@type":"ReadAction","target":["https:\/\/laprensacristiana.com\/?p=12726"]}]},{"@type":"BreadcrumbList","@id":"https:\/\/laprensacristiana.com\/?p=12726#breadcrumb","itemListElement":[{"@type":"ListItem","position":1,"name":"Portada","item":"https:\/\/laprensacristiana.com\/"},{"@type":"ListItem","position":2,"name":"Por poco&#8230;"}]},{"@type":"WebSite","@id":"https:\/\/laprensacristiana.com\/#website","url":"https:\/\/laprensacristiana.com\/","name":"La Prensa Cristiana","description":"Anunciando Las Buenas Nuevas","potentialAction":[{"@type":"SearchAction","target":{"@type":"EntryPoint","urlTemplate":"https:\/\/laprensacristiana.com\/?s={search_term_string}"},"query-input":"required name=search_term_string"}],"inLanguage":"es"},{"@type":"Person","@id":"https:\/\/laprensacristiana.com\/#\/schema\/person\/3e7d82c6bfd6b1fa67010f8f7cd5256e","name":"EDITOR","image":{"@type":"ImageObject","inLanguage":"es","@id":"https:\/\/laprensacristiana.com\/#\/schema\/person\/image\/","url":"https:\/\/secure.gravatar.com\/avatar\/72069dfb6c13772d9e8381e3638666d2?s=96&d=mm&r=g","contentUrl":"https:\/\/secure.gravatar.com\/avatar\/72069dfb6c13772d9e8381e3638666d2?s=96&d=mm&r=g","caption":"EDITOR"},"url":"https:\/\/laprensacristiana.com\/?author=3"}]}},"_links":{"self":[{"href":"https:\/\/laprensacristiana.com\/index.php?rest_route=\/wp\/v2\/posts\/12726"}],"collection":[{"href":"https:\/\/laprensacristiana.com\/index.php?rest_route=\/wp\/v2\/posts"}],"about":[{"href":"https:\/\/laprensacristiana.com\/index.php?rest_route=\/wp\/v2\/types\/post"}],"author":[{"embeddable":true,"href":"https:\/\/laprensacristiana.com\/index.php?rest_route=\/wp\/v2\/users\/3"}],"replies":[{"embeddable":true,"href":"https:\/\/laprensacristiana.com\/index.php?rest_route=%2Fwp%2Fv2%2Fcomments&post=12726"}],"version-history":[{"count":1,"href":"https:\/\/laprensacristiana.com\/index.php?rest_route=\/wp\/v2\/posts\/12726\/revisions"}],"predecessor-version":[{"id":12727,"href":"https:\/\/laprensacristiana.com\/index.php?rest_route=\/wp\/v2\/posts\/12726\/revisions\/12727"}],"wp:featuredmedia":[{"embeddable":true,"href":"https:\/\/laprensacristiana.com\/index.php?rest_route=\/wp\/v2\/media\/11327"}],"wp:attachment":[{"href":"https:\/\/laprensacristiana.com\/index.php?rest_route=%2Fwp%2Fv2%2Fmedia&parent=12726"}],"wp:term":[{"taxonomy":"category","embeddable":true,"href":"https:\/\/laprensacristiana.com\/index.php?rest_route=%2Fwp%2Fv2%2Fcategories&post=12726"},{"taxonomy":"post_tag","embeddable":true,"href":"https:\/\/laprensacristiana.com\/index.php?rest_route=%2Fwp%2Fv2%2Ftags&post=12726"}],"curies":[{"name":"wp","href":"https:\/\/api.w.org\/{rel}","templated":true}]}}