{"id":12744,"date":"2021-11-15T15:24:10","date_gmt":"2021-11-15T15:24:10","guid":{"rendered":"https:\/\/laprensacristiana.com\/?p=12744"},"modified":"2021-11-15T15:24:11","modified_gmt":"2021-11-15T15:24:11","slug":"y-hasta-cuando","status":"publish","type":"post","link":"https:\/\/laprensacristiana.com\/?p=12744","title":{"rendered":"Y&#8230; \u00bfHasta cuando?"},"content":{"rendered":"\n<p>Romanos 13:7&nbsp; \u201cPagad a todos lo que deb\u00e1is\u2026 al que honor, honor\u201d<\/p>\n\n\n\n<p>Como todo pastor que se jacta de amar y cuidar el reba\u00f1o que el Se\u00f1or nos ha encargado, he cometido el error de creerme el Mes\u00edas de mi congregaci\u00f3n.<\/p>\n\n\n\n<p>He cre\u00eddo que estoy obligado a honrar a personas que realmente no desean ser honradas.&nbsp; Primero porque no responden a esa honra.&nbsp; Luego porque con sus actitudes me hacen saber que no necesitan esa honra.&nbsp; Que quiz\u00e1 ya tienen suficiente como para agregarle un poco m\u00e1s a sus vidas.<\/p>\n\n\n\n<p>Pero me ha llevado a\u00f1os comprender ese s\u00edndrome mesi\u00e1nico que nos ataca a nosotros los que estamos a cargo de una congregaci\u00f3n.&nbsp;<\/p>\n\n\n\n<p>Hoy he aprendido a respetarlos, amarlos y dejarlos libres. Que sea el Se\u00f1or Jesus a trav\u00e9s de su Esp\u00edritu Santo quien se encargue de llevarlos sanos y salvos a su destino.<\/p>\n\n\n\n<p>Es decir, llegu\u00e9 al v\u00e9rtice de los caminos en donde se dividen las rutas. Y me surgi\u00f3 la pregunta que utilizo para este escrito: Y, \u00bfhasta cuando tengo que honrarte?<\/p>\n\n\n\n<p>Porque Pablo nos dice en Romanos 13 que no le debamos nada a nadie. Eso me ense\u00f1a que no debo ser deudor de nadie que me haya ayudado en alg\u00fan momento de mi ministerio o labor dentro de la vida.<\/p>\n\n\n\n<p>Y es que pagarle al Gobierno lo que debo pagarle es f\u00e1cil. Pagar deudas tambi\u00e9n es f\u00e1cil porque llegar\u00e1 un momento en que ya no deber\u00e9 pagar nada cuando todo est\u00e9 cancelado\u2026<\/p>\n\n\n\n<p>Pero \u00bfa aquellos que alguna vez me ayudaron en mis momentos duros? \u00bfAquellos que estuvieron conmigo en las buenas y en las malas pero que con el tiempo se fueron apartando de mi?&nbsp; \u00bfLos que en la jerga evang\u00e9lica se les dice que se \u201cenfriaron\u201d?<\/p>\n\n\n\n<p>\u00bfHasta cuando debo seguir tratando de darles la honra por su ayuda o por su compa\u00f1\u00eda? Porque si las deudas financieras, hipotecas y pr\u00e9stamos terminan por cancelarse, \u00bfcuando debo dejar de pagar por las deudas morales?<\/p>\n\n\n\n<p>Hablo de una madre que reclama constantemente a su hijo ya mayor de edad que no olvide que ella lo amamant\u00f3 cuando era peque\u00f1o y que eso lo obliga a hacer por ella lo que solo Jesus puede hacer.<\/p>\n\n\n\n<p>Hablo de un padre que le pide a sus hijos que lo mantengan totalmente porque gracias a \u00e9l ellos est\u00e1n vivos. Y que adem\u00e1s la Palabra dice que no lo deben dejar sin honra.<\/p>\n\n\n\n<p>Hablo de una esposa que cuid\u00f3 al esposo en una enfermedad que atac\u00f3 su cuerpo y ahora le pide cosas que est\u00e1n fuera de su alcance solo porque est\u00e1 en deuda con ella. Escuchar esa famosa frase de \u201cacu\u00e9rdate lo que hice por ti\u2026\u201d<\/p>\n\n\n\n<p>O de un esposo que se cas\u00f3 con aquella jovencita hace 40 a\u00f1os y a\u00fan le sigue recordando su pasado, que se recuerde \u201cde donde la sac\u00f3\u201d.<\/p>\n\n\n\n<p>O la madre que cuando est\u00e1 en un estado de alta tensi\u00f3n le reclama a su familia diciendo que sin ella esa casa se derrumbar\u00eda y que cuando se muera todos se van a quedar sin su apoyo.<\/p>\n\n\n\n<p>Son cobros insoportables.&nbsp; Son cobros que asfixian. Cobros que ya no tienen vigencia porque no solo Jesus los ha cancelado pero tambi\u00e9n nosotros hemos rendido todos los pagos que deb\u00edamos en su tiempo.<\/p>\n\n\n\n<p>Pero no son las deudas en si, sino las personas que nos ayudaron, que nos apoyaron en nuestros momentos duros y que no alcanza una vida para cancelar esas deudas.&nbsp; Y es cuando el matrimonio empieza a ir cuesta abajo porque uno de los dos se cansar\u00e1 de tratar de pagar lo que ya qued\u00f3 en el pasado.&nbsp; Es cuando la amistad m\u00e1s hermosa empieza a ser t\u00f3xica porque el \u201camigo\u201d o \u201camiga\u201d nos sigue cobrando por alg\u00fan favor que nos hizo en alguna ocasi\u00f3n que le pedimos algo.<\/p>\n\n\n\n<p>Mi esposa estuvo a mi lado cuando el Covid me atac\u00f3. D\u00eda y noche no se apart\u00f3 de mi lado. Estuvo sufriendo conmigo, estuvo atenta a los medicamentos que orden\u00f3 la Doctora, colocando la mascarilla para oxigenar mis pulmones cada dos horas para no asfixiarme. Fue un mes en donde no qued\u00e9 solo ni un momento. De eso le estoy eternamente agradecido, pero si ella un d\u00eda me recordara lo que hizo por m\u00ed todo ese mes, le preguntar\u00e9: Y, \u00bfhasta cuando terminar\u00e9 de pagarte esa compa\u00f1\u00eda, amor m\u00edo?<\/p>\n","protected":false},"excerpt":{"rendered":"<p>Romanos 13:7&nbsp; \u201cPagad a todos lo que deb\u00e1is\u2026 al que honor, honor\u201d Como todo pastor que se jacta de amar y cuidar el reba\u00f1o que el Se\u00f1or nos ha encargado, he cometido el error de creerme el Mes\u00edas de mi congregaci\u00f3n. He cre\u00eddo que estoy obligado a honrar a personas que realmente no desean ser [&hellip;]<\/p>\n","protected":false},"author":3,"featured_media":11327,"comment_status":"open","ping_status":"open","sticky":false,"template":"","format":"standard","meta":[],"categories":[36],"tags":[],"yoast_head":"<!-- This site is optimized with the Yoast SEO plugin v20.8 - https:\/\/yoast.com\/wordpress\/plugins\/seo\/ -->\n<title>Y... \u00bfHasta cuando? - La Prensa Cristiana<\/title>\n<meta name=\"robots\" content=\"index, follow, max-snippet:-1, max-image-preview:large, max-video-preview:-1\" \/>\n<link rel=\"canonical\" href=\"https:\/\/laprensacristiana.com\/?p=12744\" \/>\n<meta property=\"og:locale\" content=\"es_ES\" \/>\n<meta property=\"og:type\" content=\"article\" \/>\n<meta property=\"og:title\" content=\"Y... \u00bfHasta cuando? - La Prensa Cristiana\" \/>\n<meta property=\"og:description\" content=\"Romanos 13:7&nbsp; \u201cPagad a todos lo que deb\u00e1is\u2026 al que honor, honor\u201d Como todo pastor que se jacta de amar y cuidar el reba\u00f1o que el Se\u00f1or nos ha encargado, he cometido el error de creerme el Mes\u00edas de mi congregaci\u00f3n. He cre\u00eddo que estoy obligado a honrar a personas que realmente no desean ser [&hellip;]\" \/>\n<meta property=\"og:url\" content=\"https:\/\/laprensacristiana.com\/?p=12744\" \/>\n<meta property=\"og:site_name\" content=\"La Prensa Cristiana\" \/>\n<meta property=\"article:published_time\" content=\"2021-11-15T15:24:10+00:00\" \/>\n<meta property=\"article:modified_time\" content=\"2021-11-15T15:24:11+00:00\" \/>\n<meta property=\"og:image\" content=\"https:\/\/laprensacristiana.com\/wp-content\/uploads\/2021\/02\/IMG_20210215_163352_769.jpg\" \/>\n\t<meta property=\"og:image:width\" content=\"1280\" \/>\n\t<meta property=\"og:image:height\" content=\"714\" \/>\n\t<meta property=\"og:image:type\" content=\"image\/jpeg\" \/>\n<meta name=\"author\" content=\"EDITOR\" \/>\n<meta name=\"twitter:card\" content=\"summary_large_image\" \/>\n<meta name=\"twitter:label1\" content=\"Escrito por\" \/>\n\t<meta name=\"twitter:data1\" content=\"EDITOR\" \/>\n\t<meta name=\"twitter:label2\" content=\"Tiempo de lectura\" \/>\n\t<meta name=\"twitter:data2\" content=\"4 minutos\" \/>\n<script type=\"application\/ld+json\" class=\"yoast-schema-graph\">{\"@context\":\"https:\/\/schema.org\",\"@graph\":[{\"@type\":\"WebPage\",\"@id\":\"https:\/\/laprensacristiana.com\/?p=12744\",\"url\":\"https:\/\/laprensacristiana.com\/?p=12744\",\"name\":\"Y... \u00bfHasta cuando? - La Prensa Cristiana\",\"isPartOf\":{\"@id\":\"https:\/\/laprensacristiana.com\/#website\"},\"datePublished\":\"2021-11-15T15:24:10+00:00\",\"dateModified\":\"2021-11-15T15:24:11+00:00\",\"author\":{\"@id\":\"https:\/\/laprensacristiana.com\/#\/schema\/person\/3e7d82c6bfd6b1fa67010f8f7cd5256e\"},\"breadcrumb\":{\"@id\":\"https:\/\/laprensacristiana.com\/?p=12744#breadcrumb\"},\"inLanguage\":\"es\",\"potentialAction\":[{\"@type\":\"ReadAction\",\"target\":[\"https:\/\/laprensacristiana.com\/?p=12744\"]}]},{\"@type\":\"BreadcrumbList\",\"@id\":\"https:\/\/laprensacristiana.com\/?p=12744#breadcrumb\",\"itemListElement\":[{\"@type\":\"ListItem\",\"position\":1,\"name\":\"Portada\",\"item\":\"https:\/\/laprensacristiana.com\/\"},{\"@type\":\"ListItem\",\"position\":2,\"name\":\"Y&#8230; \u00bfHasta cuando?\"}]},{\"@type\":\"WebSite\",\"@id\":\"https:\/\/laprensacristiana.com\/#website\",\"url\":\"https:\/\/laprensacristiana.com\/\",\"name\":\"La Prensa Cristiana\",\"description\":\"Anunciando Las Buenas Nuevas\",\"potentialAction\":[{\"@type\":\"SearchAction\",\"target\":{\"@type\":\"EntryPoint\",\"urlTemplate\":\"https:\/\/laprensacristiana.com\/?s={search_term_string}\"},\"query-input\":\"required name=search_term_string\"}],\"inLanguage\":\"es\"},{\"@type\":\"Person\",\"@id\":\"https:\/\/laprensacristiana.com\/#\/schema\/person\/3e7d82c6bfd6b1fa67010f8f7cd5256e\",\"name\":\"EDITOR\",\"image\":{\"@type\":\"ImageObject\",\"inLanguage\":\"es\",\"@id\":\"https:\/\/laprensacristiana.com\/#\/schema\/person\/image\/\",\"url\":\"https:\/\/secure.gravatar.com\/avatar\/72069dfb6c13772d9e8381e3638666d2?s=96&d=mm&r=g\",\"contentUrl\":\"https:\/\/secure.gravatar.com\/avatar\/72069dfb6c13772d9e8381e3638666d2?s=96&d=mm&r=g\",\"caption\":\"EDITOR\"},\"url\":\"https:\/\/laprensacristiana.com\/?author=3\"}]}<\/script>\n<!-- \/ Yoast SEO plugin. -->","yoast_head_json":{"title":"Y... \u00bfHasta cuando? - La Prensa Cristiana","robots":{"index":"index","follow":"follow","max-snippet":"max-snippet:-1","max-image-preview":"max-image-preview:large","max-video-preview":"max-video-preview:-1"},"canonical":"https:\/\/laprensacristiana.com\/?p=12744","og_locale":"es_ES","og_type":"article","og_title":"Y... \u00bfHasta cuando? - La Prensa Cristiana","og_description":"Romanos 13:7&nbsp; \u201cPagad a todos lo que deb\u00e1is\u2026 al que honor, honor\u201d Como todo pastor que se jacta de amar y cuidar el reba\u00f1o que el Se\u00f1or nos ha encargado, he cometido el error de creerme el Mes\u00edas de mi congregaci\u00f3n. He cre\u00eddo que estoy obligado a honrar a personas que realmente no desean ser [&hellip;]","og_url":"https:\/\/laprensacristiana.com\/?p=12744","og_site_name":"La Prensa Cristiana","article_published_time":"2021-11-15T15:24:10+00:00","article_modified_time":"2021-11-15T15:24:11+00:00","og_image":[{"width":1280,"height":714,"url":"https:\/\/laprensacristiana.com\/wp-content\/uploads\/2021\/02\/IMG_20210215_163352_769.jpg","type":"image\/jpeg"}],"author":"EDITOR","twitter_card":"summary_large_image","twitter_misc":{"Escrito por":"EDITOR","Tiempo de lectura":"4 minutos"},"schema":{"@context":"https:\/\/schema.org","@graph":[{"@type":"WebPage","@id":"https:\/\/laprensacristiana.com\/?p=12744","url":"https:\/\/laprensacristiana.com\/?p=12744","name":"Y... \u00bfHasta cuando? - La Prensa Cristiana","isPartOf":{"@id":"https:\/\/laprensacristiana.com\/#website"},"datePublished":"2021-11-15T15:24:10+00:00","dateModified":"2021-11-15T15:24:11+00:00","author":{"@id":"https:\/\/laprensacristiana.com\/#\/schema\/person\/3e7d82c6bfd6b1fa67010f8f7cd5256e"},"breadcrumb":{"@id":"https:\/\/laprensacristiana.com\/?p=12744#breadcrumb"},"inLanguage":"es","potentialAction":[{"@type":"ReadAction","target":["https:\/\/laprensacristiana.com\/?p=12744"]}]},{"@type":"BreadcrumbList","@id":"https:\/\/laprensacristiana.com\/?p=12744#breadcrumb","itemListElement":[{"@type":"ListItem","position":1,"name":"Portada","item":"https:\/\/laprensacristiana.com\/"},{"@type":"ListItem","position":2,"name":"Y&#8230; \u00bfHasta cuando?"}]},{"@type":"WebSite","@id":"https:\/\/laprensacristiana.com\/#website","url":"https:\/\/laprensacristiana.com\/","name":"La Prensa Cristiana","description":"Anunciando Las Buenas Nuevas","potentialAction":[{"@type":"SearchAction","target":{"@type":"EntryPoint","urlTemplate":"https:\/\/laprensacristiana.com\/?s={search_term_string}"},"query-input":"required name=search_term_string"}],"inLanguage":"es"},{"@type":"Person","@id":"https:\/\/laprensacristiana.com\/#\/schema\/person\/3e7d82c6bfd6b1fa67010f8f7cd5256e","name":"EDITOR","image":{"@type":"ImageObject","inLanguage":"es","@id":"https:\/\/laprensacristiana.com\/#\/schema\/person\/image\/","url":"https:\/\/secure.gravatar.com\/avatar\/72069dfb6c13772d9e8381e3638666d2?s=96&d=mm&r=g","contentUrl":"https:\/\/secure.gravatar.com\/avatar\/72069dfb6c13772d9e8381e3638666d2?s=96&d=mm&r=g","caption":"EDITOR"},"url":"https:\/\/laprensacristiana.com\/?author=3"}]}},"_links":{"self":[{"href":"https:\/\/laprensacristiana.com\/index.php?rest_route=\/wp\/v2\/posts\/12744"}],"collection":[{"href":"https:\/\/laprensacristiana.com\/index.php?rest_route=\/wp\/v2\/posts"}],"about":[{"href":"https:\/\/laprensacristiana.com\/index.php?rest_route=\/wp\/v2\/types\/post"}],"author":[{"embeddable":true,"href":"https:\/\/laprensacristiana.com\/index.php?rest_route=\/wp\/v2\/users\/3"}],"replies":[{"embeddable":true,"href":"https:\/\/laprensacristiana.com\/index.php?rest_route=%2Fwp%2Fv2%2Fcomments&post=12744"}],"version-history":[{"count":1,"href":"https:\/\/laprensacristiana.com\/index.php?rest_route=\/wp\/v2\/posts\/12744\/revisions"}],"predecessor-version":[{"id":12745,"href":"https:\/\/laprensacristiana.com\/index.php?rest_route=\/wp\/v2\/posts\/12744\/revisions\/12745"}],"wp:featuredmedia":[{"embeddable":true,"href":"https:\/\/laprensacristiana.com\/index.php?rest_route=\/wp\/v2\/media\/11327"}],"wp:attachment":[{"href":"https:\/\/laprensacristiana.com\/index.php?rest_route=%2Fwp%2Fv2%2Fmedia&parent=12744"}],"wp:term":[{"taxonomy":"category","embeddable":true,"href":"https:\/\/laprensacristiana.com\/index.php?rest_route=%2Fwp%2Fv2%2Fcategories&post=12744"},{"taxonomy":"post_tag","embeddable":true,"href":"https:\/\/laprensacristiana.com\/index.php?rest_route=%2Fwp%2Fv2%2Ftags&post=12744"}],"curies":[{"name":"wp","href":"https:\/\/api.w.org\/{rel}","templated":true}]}}