{"id":12761,"date":"2021-11-16T23:26:51","date_gmt":"2021-11-16T23:26:51","guid":{"rendered":"https:\/\/laprensacristiana.com\/?p=12761"},"modified":"2021-11-16T23:26:52","modified_gmt":"2021-11-16T23:26:52","slug":"ministerio-pan-y-chocolate-del-taber-comparte-alimentos-y-palabra-de-dios","status":"publish","type":"post","link":"https:\/\/laprensacristiana.com\/?p=12761","title":{"rendered":"Ministerio Pan y Chocolate del Taber comparte alimentos y palabra de Dios"},"content":{"rendered":"\n<p>Diferentes servidores del Tabern\u00e1culo B\u00edblico Bautista Amigos de Israel, se desplegaron este d\u00eda por San Salvador, para compartir alimentos con personas que se encuentran en situaci\u00f3n de calle, en compa\u00f1\u00eda de personal de Cruz Verde El Salvador, a su vez oraron por sus vidas.<\/p>\n\n\n\n<p>La iglesia tambi\u00e9n hizo un alto para interceder por los reos en fase de confianza que se encuentran haciendo trabajos en diferentes partes de la capital.&nbsp;<\/p>\n\n\n\n<p>El pastor Edgar L\u00f3pez Bertrand Jr. comparti\u00f3 las im\u00e1genes a trav\u00e9s de sus redes sociales, acompa\u00f1ado de este mensaje: \u00bb Amaras a tu pr\u00f3jimo como a tu mismo\u00bb, concluy\u00f3.<\/p>\n\n\n\n<figure class=\"wp-block-image size-large\"><img decoding=\"async\" loading=\"lazy\" width=\"1024\" height=\"768\" src=\"https:\/\/laprensacristiana.com\/wp-content\/uploads\/2021\/11\/C7E6EA3A-B6E6-4598-B1C9-D0A109D2EB51.jpeg\" alt=\"\" class=\"wp-image-12762\" srcset=\"https:\/\/laprensacristiana.com\/wp-content\/uploads\/2021\/11\/C7E6EA3A-B6E6-4598-B1C9-D0A109D2EB51.jpeg 1024w, https:\/\/laprensacristiana.com\/wp-content\/uploads\/2021\/11\/C7E6EA3A-B6E6-4598-B1C9-D0A109D2EB51-300x225.jpeg 300w, https:\/\/laprensacristiana.com\/wp-content\/uploads\/2021\/11\/C7E6EA3A-B6E6-4598-B1C9-D0A109D2EB51-768x576.jpeg 768w, https:\/\/laprensacristiana.com\/wp-content\/uploads\/2021\/11\/C7E6EA3A-B6E6-4598-B1C9-D0A109D2EB51-696x522.jpeg 696w, https:\/\/laprensacristiana.com\/wp-content\/uploads\/2021\/11\/C7E6EA3A-B6E6-4598-B1C9-D0A109D2EB51-600x450.jpeg 600w\" sizes=\"(max-width: 1024px) 100vw, 1024px\" \/><\/figure>\n\n\n\n<figure class=\"wp-block-image size-large\"><img decoding=\"async\" loading=\"lazy\" width=\"1024\" height=\"768\" src=\"https:\/\/laprensacristiana.com\/wp-content\/uploads\/2021\/11\/F93B9608-6A35-463F-BB15-2055752C3082.jpeg\" alt=\"\" class=\"wp-image-12763\" srcset=\"https:\/\/laprensacristiana.com\/wp-content\/uploads\/2021\/11\/F93B9608-6A35-463F-BB15-2055752C3082.jpeg 1024w, https:\/\/laprensacristiana.com\/wp-content\/uploads\/2021\/11\/F93B9608-6A35-463F-BB15-2055752C3082-300x225.jpeg 300w, https:\/\/laprensacristiana.com\/wp-content\/uploads\/2021\/11\/F93B9608-6A35-463F-BB15-2055752C3082-768x576.jpeg 768w, https:\/\/laprensacristiana.com\/wp-content\/uploads\/2021\/11\/F93B9608-6A35-463F-BB15-2055752C3082-696x522.jpeg 696w, https:\/\/laprensacristiana.com\/wp-content\/uploads\/2021\/11\/F93B9608-6A35-463F-BB15-2055752C3082-600x450.jpeg 600w\" sizes=\"(max-width: 1024px) 100vw, 1024px\" \/><\/figure>\n","protected":false},"excerpt":{"rendered":"<p>Diferentes servidores del Tabern\u00e1culo B\u00edblico Bautista Amigos de Israel, se desplegaron este d\u00eda por San Salvador, para compartir alimentos con personas que se encuentran en situaci\u00f3n de calle, en compa\u00f1\u00eda de personal de Cruz Verde El Salvador, a su vez oraron por sus vidas. La iglesia tambi\u00e9n hizo un alto para interceder por los reos [&hellip;]<\/p>\n","protected":false},"author":3,"featured_media":12760,"comment_status":"open","ping_status":"open","sticky":false,"template":"","format":"standard","meta":[],"categories":[56],"tags":[],"yoast_head":"<!-- This site is optimized with the Yoast SEO plugin v20.8 - https:\/\/yoast.com\/wordpress\/plugins\/seo\/ -->\n<title>Ministerio Pan y Chocolate del Taber comparte alimentos y palabra de Dios - La Prensa Cristiana<\/title>\n<meta name=\"robots\" content=\"index, follow, max-snippet:-1, max-image-preview:large, max-video-preview:-1\" \/>\n<link rel=\"canonical\" href=\"https:\/\/laprensacristiana.com\/?p=12761\" \/>\n<meta property=\"og:locale\" content=\"es_ES\" \/>\n<meta property=\"og:type\" content=\"article\" \/>\n<meta property=\"og:title\" content=\"Ministerio Pan y Chocolate del Taber comparte alimentos y palabra de Dios - La Prensa Cristiana\" \/>\n<meta property=\"og:description\" content=\"Diferentes servidores del Tabern\u00e1culo B\u00edblico Bautista Amigos de Israel, se desplegaron este d\u00eda por San Salvador, para compartir alimentos con personas que se encuentran en situaci\u00f3n de calle, en compa\u00f1\u00eda de personal de Cruz Verde El Salvador, a su vez oraron por sus vidas. La iglesia tambi\u00e9n hizo un alto para interceder por los reos [&hellip;]\" \/>\n<meta property=\"og:url\" content=\"https:\/\/laprensacristiana.com\/?p=12761\" \/>\n<meta property=\"og:site_name\" content=\"La Prensa Cristiana\" \/>\n<meta property=\"article:published_time\" content=\"2021-11-16T23:26:51+00:00\" \/>\n<meta property=\"article:modified_time\" content=\"2021-11-16T23:26:52+00:00\" \/>\n<meta property=\"og:image\" content=\"https:\/\/laprensacristiana.com\/wp-content\/uploads\/2021\/11\/2A48D959-E23A-40E9-9F29-0F05C0FF1E42.jpeg\" \/>\n\t<meta property=\"og:image:width\" content=\"1024\" \/>\n\t<meta property=\"og:image:height\" content=\"768\" \/>\n\t<meta property=\"og:image:type\" content=\"image\/jpeg\" \/>\n<meta name=\"author\" content=\"EDITOR\" \/>\n<meta name=\"twitter:card\" content=\"summary_large_image\" \/>\n<meta name=\"twitter:label1\" content=\"Escrito por\" \/>\n\t<meta name=\"twitter:data1\" content=\"EDITOR\" \/>\n\t<meta name=\"twitter:label2\" content=\"Tiempo de lectura\" \/>\n\t<meta name=\"twitter:data2\" content=\"1 minuto\" \/>\n<script type=\"application\/ld+json\" class=\"yoast-schema-graph\">{\"@context\":\"https:\/\/schema.org\",\"@graph\":[{\"@type\":\"WebPage\",\"@id\":\"https:\/\/laprensacristiana.com\/?p=12761\",\"url\":\"https:\/\/laprensacristiana.com\/?p=12761\",\"name\":\"Ministerio Pan y Chocolate del Taber comparte alimentos y palabra de Dios - La Prensa Cristiana\",\"isPartOf\":{\"@id\":\"https:\/\/laprensacristiana.com\/#website\"},\"datePublished\":\"2021-11-16T23:26:51+00:00\",\"dateModified\":\"2021-11-16T23:26:52+00:00\",\"author\":{\"@id\":\"https:\/\/laprensacristiana.com\/#\/schema\/person\/3e7d82c6bfd6b1fa67010f8f7cd5256e\"},\"breadcrumb\":{\"@id\":\"https:\/\/laprensacristiana.com\/?p=12761#breadcrumb\"},\"inLanguage\":\"es\",\"potentialAction\":[{\"@type\":\"ReadAction\",\"target\":[\"https:\/\/laprensacristiana.com\/?p=12761\"]}]},{\"@type\":\"BreadcrumbList\",\"@id\":\"https:\/\/laprensacristiana.com\/?p=12761#breadcrumb\",\"itemListElement\":[{\"@type\":\"ListItem\",\"position\":1,\"name\":\"Portada\",\"item\":\"https:\/\/laprensacristiana.com\/\"},{\"@type\":\"ListItem\",\"position\":2,\"name\":\"Ministerio Pan y Chocolate del Taber comparte alimentos y palabra de Dios\"}]},{\"@type\":\"WebSite\",\"@id\":\"https:\/\/laprensacristiana.com\/#website\",\"url\":\"https:\/\/laprensacristiana.com\/\",\"name\":\"La Prensa Cristiana\",\"description\":\"Anunciando Las Buenas Nuevas\",\"potentialAction\":[{\"@type\":\"SearchAction\",\"target\":{\"@type\":\"EntryPoint\",\"urlTemplate\":\"https:\/\/laprensacristiana.com\/?s={search_term_string}\"},\"query-input\":\"required name=search_term_string\"}],\"inLanguage\":\"es\"},{\"@type\":\"Person\",\"@id\":\"https:\/\/laprensacristiana.com\/#\/schema\/person\/3e7d82c6bfd6b1fa67010f8f7cd5256e\",\"name\":\"EDITOR\",\"image\":{\"@type\":\"ImageObject\",\"inLanguage\":\"es\",\"@id\":\"https:\/\/laprensacristiana.com\/#\/schema\/person\/image\/\",\"url\":\"https:\/\/secure.gravatar.com\/avatar\/72069dfb6c13772d9e8381e3638666d2?s=96&d=mm&r=g\",\"contentUrl\":\"https:\/\/secure.gravatar.com\/avatar\/72069dfb6c13772d9e8381e3638666d2?s=96&d=mm&r=g\",\"caption\":\"EDITOR\"},\"url\":\"https:\/\/laprensacristiana.com\/?author=3\"}]}<\/script>\n<!-- \/ Yoast SEO plugin. -->","yoast_head_json":{"title":"Ministerio Pan y Chocolate del Taber comparte alimentos y palabra de Dios - La Prensa Cristiana","robots":{"index":"index","follow":"follow","max-snippet":"max-snippet:-1","max-image-preview":"max-image-preview:large","max-video-preview":"max-video-preview:-1"},"canonical":"https:\/\/laprensacristiana.com\/?p=12761","og_locale":"es_ES","og_type":"article","og_title":"Ministerio Pan y Chocolate del Taber comparte alimentos y palabra de Dios - La Prensa Cristiana","og_description":"Diferentes servidores del Tabern\u00e1culo B\u00edblico Bautista Amigos de Israel, se desplegaron este d\u00eda por San Salvador, para compartir alimentos con personas que se encuentran en situaci\u00f3n de calle, en compa\u00f1\u00eda de personal de Cruz Verde El Salvador, a su vez oraron por sus vidas. La iglesia tambi\u00e9n hizo un alto para interceder por los reos [&hellip;]","og_url":"https:\/\/laprensacristiana.com\/?p=12761","og_site_name":"La Prensa Cristiana","article_published_time":"2021-11-16T23:26:51+00:00","article_modified_time":"2021-11-16T23:26:52+00:00","og_image":[{"width":1024,"height":768,"url":"https:\/\/laprensacristiana.com\/wp-content\/uploads\/2021\/11\/2A48D959-E23A-40E9-9F29-0F05C0FF1E42.jpeg","type":"image\/jpeg"}],"author":"EDITOR","twitter_card":"summary_large_image","twitter_misc":{"Escrito por":"EDITOR","Tiempo de lectura":"1 minuto"},"schema":{"@context":"https:\/\/schema.org","@graph":[{"@type":"WebPage","@id":"https:\/\/laprensacristiana.com\/?p=12761","url":"https:\/\/laprensacristiana.com\/?p=12761","name":"Ministerio Pan y Chocolate del Taber comparte alimentos y palabra de Dios - La Prensa Cristiana","isPartOf":{"@id":"https:\/\/laprensacristiana.com\/#website"},"datePublished":"2021-11-16T23:26:51+00:00","dateModified":"2021-11-16T23:26:52+00:00","author":{"@id":"https:\/\/laprensacristiana.com\/#\/schema\/person\/3e7d82c6bfd6b1fa67010f8f7cd5256e"},"breadcrumb":{"@id":"https:\/\/laprensacristiana.com\/?p=12761#breadcrumb"},"inLanguage":"es","potentialAction":[{"@type":"ReadAction","target":["https:\/\/laprensacristiana.com\/?p=12761"]}]},{"@type":"BreadcrumbList","@id":"https:\/\/laprensacristiana.com\/?p=12761#breadcrumb","itemListElement":[{"@type":"ListItem","position":1,"name":"Portada","item":"https:\/\/laprensacristiana.com\/"},{"@type":"ListItem","position":2,"name":"Ministerio Pan y Chocolate del Taber comparte alimentos y palabra de Dios"}]},{"@type":"WebSite","@id":"https:\/\/laprensacristiana.com\/#website","url":"https:\/\/laprensacristiana.com\/","name":"La Prensa Cristiana","description":"Anunciando Las Buenas Nuevas","potentialAction":[{"@type":"SearchAction","target":{"@type":"EntryPoint","urlTemplate":"https:\/\/laprensacristiana.com\/?s={search_term_string}"},"query-input":"required name=search_term_string"}],"inLanguage":"es"},{"@type":"Person","@id":"https:\/\/laprensacristiana.com\/#\/schema\/person\/3e7d82c6bfd6b1fa67010f8f7cd5256e","name":"EDITOR","image":{"@type":"ImageObject","inLanguage":"es","@id":"https:\/\/laprensacristiana.com\/#\/schema\/person\/image\/","url":"https:\/\/secure.gravatar.com\/avatar\/72069dfb6c13772d9e8381e3638666d2?s=96&d=mm&r=g","contentUrl":"https:\/\/secure.gravatar.com\/avatar\/72069dfb6c13772d9e8381e3638666d2?s=96&d=mm&r=g","caption":"EDITOR"},"url":"https:\/\/laprensacristiana.com\/?author=3"}]}},"_links":{"self":[{"href":"https:\/\/laprensacristiana.com\/index.php?rest_route=\/wp\/v2\/posts\/12761"}],"collection":[{"href":"https:\/\/laprensacristiana.com\/index.php?rest_route=\/wp\/v2\/posts"}],"about":[{"href":"https:\/\/laprensacristiana.com\/index.php?rest_route=\/wp\/v2\/types\/post"}],"author":[{"embeddable":true,"href":"https:\/\/laprensacristiana.com\/index.php?rest_route=\/wp\/v2\/users\/3"}],"replies":[{"embeddable":true,"href":"https:\/\/laprensacristiana.com\/index.php?rest_route=%2Fwp%2Fv2%2Fcomments&post=12761"}],"version-history":[{"count":1,"href":"https:\/\/laprensacristiana.com\/index.php?rest_route=\/wp\/v2\/posts\/12761\/revisions"}],"predecessor-version":[{"id":12764,"href":"https:\/\/laprensacristiana.com\/index.php?rest_route=\/wp\/v2\/posts\/12761\/revisions\/12764"}],"wp:featuredmedia":[{"embeddable":true,"href":"https:\/\/laprensacristiana.com\/index.php?rest_route=\/wp\/v2\/media\/12760"}],"wp:attachment":[{"href":"https:\/\/laprensacristiana.com\/index.php?rest_route=%2Fwp%2Fv2%2Fmedia&parent=12761"}],"wp:term":[{"taxonomy":"category","embeddable":true,"href":"https:\/\/laprensacristiana.com\/index.php?rest_route=%2Fwp%2Fv2%2Fcategories&post=12761"},{"taxonomy":"post_tag","embeddable":true,"href":"https:\/\/laprensacristiana.com\/index.php?rest_route=%2Fwp%2Fv2%2Ftags&post=12761"}],"curies":[{"name":"wp","href":"https:\/\/api.w.org\/{rel}","templated":true}]}}