{"id":12765,"date":"2021-11-17T00:21:52","date_gmt":"2021-11-17T00:21:52","guid":{"rendered":"https:\/\/laprensacristiana.com\/?p=12765"},"modified":"2021-11-17T00:21:53","modified_gmt":"2021-11-17T00:21:53","slug":"estacion-de-bomberos-en-san-miguel-abre-sus-puertas-al-equipo-de-capellanes-unidos-ny-el-salvador","status":"publish","type":"post","link":"https:\/\/laprensacristiana.com\/?p=12765","title":{"rendered":"Estaci\u00f3n de bomberos en San Miguel abre sus puertas al equipo de Capellanes Unidos NY El Salvador"},"content":{"rendered":"\n<p>Este d\u00eda Capellanes Unidos NY El Salvador present\u00f3 al equipo que brindar\u00e1 asistencia en La estaci\u00f3n de bomberos en San Miguel.<\/p>\n\n\n\n<p>El sub director nacional de Capellanes Unidos NY El Salvador Pedro Alarcon hizo entrega de libro como un incentivo para los queridos bomberos de dicha estaci\u00f3n, tambi\u00e9n compartieron la palabra de Dios.<\/p>\n\n\n\n<figure class=\"wp-block-gallery columns-3 is-cropped wp-block-gallery-1 is-layout-flex\"><ul class=\"blocks-gallery-grid\"><li class=\"blocks-gallery-item\"><figure><img decoding=\"async\" loading=\"lazy\" width=\"720\" height=\"324\" src=\"https:\/\/laprensacristiana.com\/wp-content\/uploads\/2021\/11\/FB_IMG_1637103537274.jpg\" alt=\"\" data-id=\"12767\" data-link=\"https:\/\/laprensacristiana.com\/?attachment_id=12767\" class=\"wp-image-12767\" srcset=\"https:\/\/laprensacristiana.com\/wp-content\/uploads\/2021\/11\/FB_IMG_1637103537274.jpg 720w, https:\/\/laprensacristiana.com\/wp-content\/uploads\/2021\/11\/FB_IMG_1637103537274-300x135.jpg 300w, https:\/\/laprensacristiana.com\/wp-content\/uploads\/2021\/11\/FB_IMG_1637103537274-696x313.jpg 696w, https:\/\/laprensacristiana.com\/wp-content\/uploads\/2021\/11\/FB_IMG_1637103537274-600x270.jpg 600w\" sizes=\"(max-width: 720px) 100vw, 720px\" \/><\/figure><\/li><li class=\"blocks-gallery-item\"><figure><img decoding=\"async\" loading=\"lazy\" width=\"720\" height=\"540\" src=\"https:\/\/laprensacristiana.com\/wp-content\/uploads\/2021\/11\/FB_IMG_1637103555316.jpg\" alt=\"\" data-id=\"12768\" data-link=\"https:\/\/laprensacristiana.com\/?attachment_id=12768\" class=\"wp-image-12768\" srcset=\"https:\/\/laprensacristiana.com\/wp-content\/uploads\/2021\/11\/FB_IMG_1637103555316.jpg 720w, https:\/\/laprensacristiana.com\/wp-content\/uploads\/2021\/11\/FB_IMG_1637103555316-300x225.jpg 300w, https:\/\/laprensacristiana.com\/wp-content\/uploads\/2021\/11\/FB_IMG_1637103555316-696x522.jpg 696w, https:\/\/laprensacristiana.com\/wp-content\/uploads\/2021\/11\/FB_IMG_1637103555316-600x450.jpg 600w\" sizes=\"(max-width: 720px) 100vw, 720px\" \/><\/figure><\/li><li class=\"blocks-gallery-item\"><figure><img decoding=\"async\" loading=\"lazy\" width=\"720\" height=\"960\" src=\"https:\/\/laprensacristiana.com\/wp-content\/uploads\/2021\/11\/FB_IMG_1637103550484.jpg\" alt=\"\" data-id=\"12769\" data-full-url=\"https:\/\/laprensacristiana.com\/wp-content\/uploads\/2021\/11\/FB_IMG_1637103550484.jpg\" data-link=\"https:\/\/laprensacristiana.com\/?attachment_id=12769\" class=\"wp-image-12769\" srcset=\"https:\/\/laprensacristiana.com\/wp-content\/uploads\/2021\/11\/FB_IMG_1637103550484.jpg 720w, https:\/\/laprensacristiana.com\/wp-content\/uploads\/2021\/11\/FB_IMG_1637103550484-225x300.jpg 225w, https:\/\/laprensacristiana.com\/wp-content\/uploads\/2021\/11\/FB_IMG_1637103550484-696x928.jpg 696w, https:\/\/laprensacristiana.com\/wp-content\/uploads\/2021\/11\/FB_IMG_1637103550484-600x800.jpg 600w\" sizes=\"(max-width: 720px) 100vw, 720px\" \/><\/figure><\/li><\/ul><figcaption class=\"blocks-gallery-caption\">Im\u00e1genes cortes\u00eda Capellanes Unidos NY El Salvador <\/figcaption><\/figure>\n\n\n\n<p><\/p>\n","protected":false},"excerpt":{"rendered":"<p>Este d\u00eda Capellanes Unidos NY El Salvador present\u00f3 al equipo que brindar\u00e1 asistencia en La estaci\u00f3n de bomberos en San Miguel. El sub director nacional de Capellanes Unidos NY El Salvador Pedro Alarcon hizo entrega de libro como un incentivo para los queridos bomberos de dicha estaci\u00f3n, tambi\u00e9n compartieron la palabra de Dios.<\/p>\n","protected":false},"author":3,"featured_media":12766,"comment_status":"open","ping_status":"open","sticky":false,"template":"","format":"standard","meta":[],"categories":[56],"tags":[],"yoast_head":"<!-- This site is optimized with the Yoast SEO plugin v20.8 - https:\/\/yoast.com\/wordpress\/plugins\/seo\/ -->\n<title>Estaci\u00f3n de bomberos en San Miguel abre sus puertas al equipo de Capellanes Unidos NY El Salvador - La Prensa Cristiana<\/title>\n<meta name=\"robots\" content=\"index, follow, max-snippet:-1, max-image-preview:large, max-video-preview:-1\" \/>\n<link rel=\"canonical\" href=\"https:\/\/laprensacristiana.com\/?p=12765\" \/>\n<meta property=\"og:locale\" content=\"es_ES\" \/>\n<meta property=\"og:type\" content=\"article\" \/>\n<meta property=\"og:title\" content=\"Estaci\u00f3n de bomberos en San Miguel abre sus puertas al equipo de Capellanes Unidos NY El Salvador - La Prensa Cristiana\" \/>\n<meta property=\"og:description\" content=\"Este d\u00eda Capellanes Unidos NY El Salvador present\u00f3 al equipo que brindar\u00e1 asistencia en La estaci\u00f3n de bomberos en San Miguel. El sub director nacional de Capellanes Unidos NY El Salvador Pedro Alarcon hizo entrega de libro como un incentivo para los queridos bomberos de dicha estaci\u00f3n, tambi\u00e9n compartieron la palabra de Dios.\" \/>\n<meta property=\"og:url\" content=\"https:\/\/laprensacristiana.com\/?p=12765\" \/>\n<meta property=\"og:site_name\" content=\"La Prensa Cristiana\" \/>\n<meta property=\"article:published_time\" content=\"2021-11-17T00:21:52+00:00\" \/>\n<meta property=\"article:modified_time\" content=\"2021-11-17T00:21:53+00:00\" \/>\n<meta property=\"og:image\" content=\"https:\/\/laprensacristiana.com\/wp-content\/uploads\/2021\/11\/FB_IMG_1637103542552.jpg\" \/>\n\t<meta property=\"og:image:width\" content=\"720\" \/>\n\t<meta property=\"og:image:height\" content=\"324\" \/>\n\t<meta property=\"og:image:type\" content=\"image\/jpeg\" \/>\n<meta name=\"author\" content=\"EDITOR\" \/>\n<meta name=\"twitter:card\" content=\"summary_large_image\" \/>\n<meta name=\"twitter:label1\" content=\"Escrito por\" \/>\n\t<meta name=\"twitter:data1\" content=\"EDITOR\" \/>\n<script type=\"application\/ld+json\" class=\"yoast-schema-graph\">{\"@context\":\"https:\/\/schema.org\",\"@graph\":[{\"@type\":\"WebPage\",\"@id\":\"https:\/\/laprensacristiana.com\/?p=12765\",\"url\":\"https:\/\/laprensacristiana.com\/?p=12765\",\"name\":\"Estaci\u00f3n de bomberos en San Miguel abre sus puertas al equipo de Capellanes Unidos NY El Salvador - La Prensa Cristiana\",\"isPartOf\":{\"@id\":\"https:\/\/laprensacristiana.com\/#website\"},\"datePublished\":\"2021-11-17T00:21:52+00:00\",\"dateModified\":\"2021-11-17T00:21:53+00:00\",\"author\":{\"@id\":\"https:\/\/laprensacristiana.com\/#\/schema\/person\/3e7d82c6bfd6b1fa67010f8f7cd5256e\"},\"breadcrumb\":{\"@id\":\"https:\/\/laprensacristiana.com\/?p=12765#breadcrumb\"},\"inLanguage\":\"es\",\"potentialAction\":[{\"@type\":\"ReadAction\",\"target\":[\"https:\/\/laprensacristiana.com\/?p=12765\"]}]},{\"@type\":\"BreadcrumbList\",\"@id\":\"https:\/\/laprensacristiana.com\/?p=12765#breadcrumb\",\"itemListElement\":[{\"@type\":\"ListItem\",\"position\":1,\"name\":\"Portada\",\"item\":\"https:\/\/laprensacristiana.com\/\"},{\"@type\":\"ListItem\",\"position\":2,\"name\":\"Estaci\u00f3n de bomberos en San Miguel abre sus puertas al equipo de Capellanes Unidos NY El Salvador\"}]},{\"@type\":\"WebSite\",\"@id\":\"https:\/\/laprensacristiana.com\/#website\",\"url\":\"https:\/\/laprensacristiana.com\/\",\"name\":\"La Prensa Cristiana\",\"description\":\"Anunciando Las Buenas Nuevas\",\"potentialAction\":[{\"@type\":\"SearchAction\",\"target\":{\"@type\":\"EntryPoint\",\"urlTemplate\":\"https:\/\/laprensacristiana.com\/?s={search_term_string}\"},\"query-input\":\"required name=search_term_string\"}],\"inLanguage\":\"es\"},{\"@type\":\"Person\",\"@id\":\"https:\/\/laprensacristiana.com\/#\/schema\/person\/3e7d82c6bfd6b1fa67010f8f7cd5256e\",\"name\":\"EDITOR\",\"image\":{\"@type\":\"ImageObject\",\"inLanguage\":\"es\",\"@id\":\"https:\/\/laprensacristiana.com\/#\/schema\/person\/image\/\",\"url\":\"https:\/\/secure.gravatar.com\/avatar\/72069dfb6c13772d9e8381e3638666d2?s=96&d=mm&r=g\",\"contentUrl\":\"https:\/\/secure.gravatar.com\/avatar\/72069dfb6c13772d9e8381e3638666d2?s=96&d=mm&r=g\",\"caption\":\"EDITOR\"},\"url\":\"https:\/\/laprensacristiana.com\/?author=3\"}]}<\/script>\n<!-- \/ Yoast SEO plugin. -->","yoast_head_json":{"title":"Estaci\u00f3n de bomberos en San Miguel abre sus puertas al equipo de Capellanes Unidos NY El Salvador - La Prensa Cristiana","robots":{"index":"index","follow":"follow","max-snippet":"max-snippet:-1","max-image-preview":"max-image-preview:large","max-video-preview":"max-video-preview:-1"},"canonical":"https:\/\/laprensacristiana.com\/?p=12765","og_locale":"es_ES","og_type":"article","og_title":"Estaci\u00f3n de bomberos en San Miguel abre sus puertas al equipo de Capellanes Unidos NY El Salvador - La Prensa Cristiana","og_description":"Este d\u00eda Capellanes Unidos NY El Salvador present\u00f3 al equipo que brindar\u00e1 asistencia en La estaci\u00f3n de bomberos en San Miguel. El sub director nacional de Capellanes Unidos NY El Salvador Pedro Alarcon hizo entrega de libro como un incentivo para los queridos bomberos de dicha estaci\u00f3n, tambi\u00e9n compartieron la palabra de Dios.","og_url":"https:\/\/laprensacristiana.com\/?p=12765","og_site_name":"La Prensa Cristiana","article_published_time":"2021-11-17T00:21:52+00:00","article_modified_time":"2021-11-17T00:21:53+00:00","og_image":[{"width":720,"height":324,"url":"https:\/\/laprensacristiana.com\/wp-content\/uploads\/2021\/11\/FB_IMG_1637103542552.jpg","type":"image\/jpeg"}],"author":"EDITOR","twitter_card":"summary_large_image","twitter_misc":{"Escrito por":"EDITOR"},"schema":{"@context":"https:\/\/schema.org","@graph":[{"@type":"WebPage","@id":"https:\/\/laprensacristiana.com\/?p=12765","url":"https:\/\/laprensacristiana.com\/?p=12765","name":"Estaci\u00f3n de bomberos en San Miguel abre sus puertas al equipo de Capellanes Unidos NY El Salvador - La Prensa Cristiana","isPartOf":{"@id":"https:\/\/laprensacristiana.com\/#website"},"datePublished":"2021-11-17T00:21:52+00:00","dateModified":"2021-11-17T00:21:53+00:00","author":{"@id":"https:\/\/laprensacristiana.com\/#\/schema\/person\/3e7d82c6bfd6b1fa67010f8f7cd5256e"},"breadcrumb":{"@id":"https:\/\/laprensacristiana.com\/?p=12765#breadcrumb"},"inLanguage":"es","potentialAction":[{"@type":"ReadAction","target":["https:\/\/laprensacristiana.com\/?p=12765"]}]},{"@type":"BreadcrumbList","@id":"https:\/\/laprensacristiana.com\/?p=12765#breadcrumb","itemListElement":[{"@type":"ListItem","position":1,"name":"Portada","item":"https:\/\/laprensacristiana.com\/"},{"@type":"ListItem","position":2,"name":"Estaci\u00f3n de bomberos en San Miguel abre sus puertas al equipo de Capellanes Unidos NY El Salvador"}]},{"@type":"WebSite","@id":"https:\/\/laprensacristiana.com\/#website","url":"https:\/\/laprensacristiana.com\/","name":"La Prensa Cristiana","description":"Anunciando Las Buenas Nuevas","potentialAction":[{"@type":"SearchAction","target":{"@type":"EntryPoint","urlTemplate":"https:\/\/laprensacristiana.com\/?s={search_term_string}"},"query-input":"required name=search_term_string"}],"inLanguage":"es"},{"@type":"Person","@id":"https:\/\/laprensacristiana.com\/#\/schema\/person\/3e7d82c6bfd6b1fa67010f8f7cd5256e","name":"EDITOR","image":{"@type":"ImageObject","inLanguage":"es","@id":"https:\/\/laprensacristiana.com\/#\/schema\/person\/image\/","url":"https:\/\/secure.gravatar.com\/avatar\/72069dfb6c13772d9e8381e3638666d2?s=96&d=mm&r=g","contentUrl":"https:\/\/secure.gravatar.com\/avatar\/72069dfb6c13772d9e8381e3638666d2?s=96&d=mm&r=g","caption":"EDITOR"},"url":"https:\/\/laprensacristiana.com\/?author=3"}]}},"_links":{"self":[{"href":"https:\/\/laprensacristiana.com\/index.php?rest_route=\/wp\/v2\/posts\/12765"}],"collection":[{"href":"https:\/\/laprensacristiana.com\/index.php?rest_route=\/wp\/v2\/posts"}],"about":[{"href":"https:\/\/laprensacristiana.com\/index.php?rest_route=\/wp\/v2\/types\/post"}],"author":[{"embeddable":true,"href":"https:\/\/laprensacristiana.com\/index.php?rest_route=\/wp\/v2\/users\/3"}],"replies":[{"embeddable":true,"href":"https:\/\/laprensacristiana.com\/index.php?rest_route=%2Fwp%2Fv2%2Fcomments&post=12765"}],"version-history":[{"count":1,"href":"https:\/\/laprensacristiana.com\/index.php?rest_route=\/wp\/v2\/posts\/12765\/revisions"}],"predecessor-version":[{"id":12770,"href":"https:\/\/laprensacristiana.com\/index.php?rest_route=\/wp\/v2\/posts\/12765\/revisions\/12770"}],"wp:featuredmedia":[{"embeddable":true,"href":"https:\/\/laprensacristiana.com\/index.php?rest_route=\/wp\/v2\/media\/12766"}],"wp:attachment":[{"href":"https:\/\/laprensacristiana.com\/index.php?rest_route=%2Fwp%2Fv2%2Fmedia&parent=12765"}],"wp:term":[{"taxonomy":"category","embeddable":true,"href":"https:\/\/laprensacristiana.com\/index.php?rest_route=%2Fwp%2Fv2%2Fcategories&post=12765"},{"taxonomy":"post_tag","embeddable":true,"href":"https:\/\/laprensacristiana.com\/index.php?rest_route=%2Fwp%2Fv2%2Ftags&post=12765"}],"curies":[{"name":"wp","href":"https:\/\/api.w.org\/{rel}","templated":true}]}}